{"id":15366,"date":"2023-09-22T01:47:06","date_gmt":"2023-09-22T01:47:06","guid":{"rendered":"https:\/\/laprensacristiana.com\/?p=15366"},"modified":"2023-09-22T01:47:07","modified_gmt":"2023-09-22T01:47:07","slug":"la-oracion-una-herramienta-divina-para-superar-desafios","status":"publish","type":"post","link":"https:\/\/laprensacristiana.com\/?p=15366","title":{"rendered":"La oraci\u00f3n, una herramienta divina para superar desaf\u00edos"},"content":{"rendered":"\n<p>Alianza Evang\u00e9lica de El Salvador llev\u00f3 a cabo su conferencia del mes de septiembre titulada: \u00abLa oraci\u00f3n, una herramienta divina para superar desaf\u00edos\u00bb impartida por Rev. Jos\u00e9 Vidal Alvarado Moreno. Presidente de IMECRET (Iglesia Ministerio Evangel\u00edstico Cristo Refugio en la Tempestad).<\/p>\n\n\n\n<p>\u201cDebemos de luchar, esforzarnos, es tiempo de unir fuerzas orar&nbsp; unos por los otros y no debemos olvidar eso, la oraci\u00f3n es lo que m\u00e1s necesitamos\u201d nos expres\u00f3 el Rev. Jos\u00e9 Vidal Alvarado, quien exhort\u00f3 a los presentes a mantener una s\u00f3lida y firme vida de oraci\u00f3n.&nbsp;<\/p>\n\n\n\n<p>A lo largo de la conferencia, a la luz del libro de Reyes,&nbsp; se desarrollaron diferentes temas acerca de la importancia de la vida de oraci\u00f3n para todos los creyentes y mucho m\u00e1s, para aquellos que son llamados para llevar a cabo la obra del Se\u00f1or.<\/p>\n\n\n\n<p>Los asistentes fueron animados a persistir en la oraci\u00f3n a nuestro Se\u00f1or y ser hombres y mujeres humildes y dependientes del Se\u00f1or en su servicio a \u00c9l.<\/p>\n\n\n\n<p>Alianza Evang\u00e9lica de El Salvador desarrolla sus conferencias cada mes,&nbsp; con la intenci\u00f3n de brindar recursos, en diferentes temas, a la iglesia evang\u00e9lica de nuestro pa\u00eds.&nbsp; Adem\u00e1s de ser un espacio de edificaci\u00f3n, formaci\u00f3n y comuni\u00f3n entre miembros del cuerpo de Cristo,&nbsp; se brinda la oportunidad&nbsp; para&nbsp; que ministerios e instituciones al servicio de la iglesia, den a conocer a los asistentes sus servicios o eventos futuros.<\/p>\n\n\n\n<p>Te invitamos a ser parte de estas actividades. Puedes estar atento a las siguientes conferencias a trav\u00e9s de las redes sociales de Alianza Evang\u00e9lica de El Salvador.<\/p>\n\n\n\n<figure class=\"wp-block-gallery has-nested-images columns-default is-cropped wp-block-gallery-1 is-layout-flex\">\n<figure class=\"wp-block-image size-large\"><img decoding=\"async\" loading=\"lazy\" width=\"1024\" height=\"663\" data-id=\"15368\"  src=\"https:\/\/laprensacristiana.com\/wp-content\/uploads\/2023\/09\/AEES-sept-2-1024x663.jpg\" alt=\"\" class=\"wp-image-15368\" srcset=\"https:\/\/laprensacristiana.com\/wp-content\/uploads\/2023\/09\/AEES-sept-2-1024x663.jpg 1024w, https:\/\/laprensacristiana.com\/wp-content\/uploads\/2023\/09\/AEES-sept-2-300x194.jpg 300w, https:\/\/laprensacristiana.com\/wp-content\/uploads\/2023\/09\/AEES-sept-2-768x497.jpg 768w, https:\/\/laprensacristiana.com\/wp-content\/uploads\/2023\/09\/AEES-sept-2-1536x995.jpg 1536w, https:\/\/laprensacristiana.com\/wp-content\/uploads\/2023\/09\/AEES-sept-2-696x451.jpg 696w, https:\/\/laprensacristiana.com\/wp-content\/uploads\/2023\/09\/AEES-sept-2-1068x692.jpg 1068w, https:\/\/laprensacristiana.com\/wp-content\/uploads\/2023\/09\/AEES-sept-2-600x389.jpg 600w, https:\/\/laprensacristiana.com\/wp-content\/uploads\/2023\/09\/AEES-sept-2.jpg 1600w\" sizes=\"(max-width: 1024px) 100vw, 1024px\" \/><\/figure>\n\n\n\n<figure class=\"wp-block-image size-large\"><img decoding=\"async\" loading=\"lazy\" width=\"1024\" height=\"618\" data-id=\"15370\"  src=\"https:\/\/laprensacristiana.com\/wp-content\/uploads\/2023\/09\/AEES-sept-3-1024x618.jpg\" alt=\"\" class=\"wp-image-15370\" srcset=\"https:\/\/laprensacristiana.com\/wp-content\/uploads\/2023\/09\/AEES-sept-3-1024x618.jpg 1024w, https:\/\/laprensacristiana.com\/wp-content\/uploads\/2023\/09\/AEES-sept-3-300x181.jpg 300w, https:\/\/laprensacristiana.com\/wp-content\/uploads\/2023\/09\/AEES-sept-3-768x464.jpg 768w, https:\/\/laprensacristiana.com\/wp-content\/uploads\/2023\/09\/AEES-sept-3-1536x927.jpg 1536w, https:\/\/laprensacristiana.com\/wp-content\/uploads\/2023\/09\/AEES-sept-3-696x420.jpg 696w, https:\/\/laprensacristiana.com\/wp-content\/uploads\/2023\/09\/AEES-sept-3-1068x645.jpg 1068w, https:\/\/laprensacristiana.com\/wp-content\/uploads\/2023\/09\/AEES-sept-3-600x362.jpg 600w, https:\/\/laprensacristiana.com\/wp-content\/uploads\/2023\/09\/AEES-sept-3.jpg 1600w\" sizes=\"(max-width: 1024px) 100vw, 1024px\" \/><\/figure>\n\n\n\n<figure class=\"wp-block-image size-large\"><img decoding=\"async\" loading=\"lazy\" width=\"1024\" height=\"705\" data-id=\"15369\"  src=\"https:\/\/laprensacristiana.com\/wp-content\/uploads\/2023\/09\/AEES-sept-4-1024x705.jpg\" alt=\"\" class=\"wp-image-15369\" srcset=\"https:\/\/laprensacristiana.com\/wp-content\/uploads\/2023\/09\/AEES-sept-4-1024x705.jpg 1024w, https:\/\/laprensacristiana.com\/wp-content\/uploads\/2023\/09\/AEES-sept-4-300x207.jpg 300w, https:\/\/laprensacristiana.com\/wp-content\/uploads\/2023\/09\/AEES-sept-4-768x529.jpg 768w, https:\/\/laprensacristiana.com\/wp-content\/uploads\/2023\/09\/AEES-sept-4-1536x1058.jpg 1536w, https:\/\/laprensacristiana.com\/wp-content\/uploads\/2023\/09\/AEES-sept-4-218x150.jpg 218w, https:\/\/laprensacristiana.com\/wp-content\/uploads\/2023\/09\/AEES-sept-4-696x479.jpg 696w, https:\/\/laprensacristiana.com\/wp-content\/uploads\/2023\/09\/AEES-sept-4-1068x736.jpg 1068w, https:\/\/laprensacristiana.com\/wp-content\/uploads\/2023\/09\/AEES-sept-4-600x413.jpg 600w, https:\/\/laprensacristiana.com\/wp-content\/uploads\/2023\/09\/AEES-sept-4.jpg 1600w\" sizes=\"(max-width: 1024px) 100vw, 1024px\" \/><\/figure>\n<\/figure>\n","protected":false},"excerpt":{"rendered":"<p>Alianza Evang\u00e9lica de El Salvador llev\u00f3 a cabo su conferencia del mes de septiembre titulada: \u00abLa oraci\u00f3n, una herramienta divina para superar desaf\u00edos\u00bb impartida por Rev. Jos\u00e9 Vidal Alvarado Moreno. Presidente de IMECRET (Iglesia Ministerio Evangel\u00edstico Cristo Refugio en la Tempestad). \u201cDebemos de luchar, esforzarnos, es tiempo de unir fuerzas orar&nbsp; unos por los otros [&hellip;]<\/p>\n","protected":false},"author":3,"featured_media":15367,"comment_status":"open","ping_status":"open","sticky":false,"template":"","format":"standard","meta":[],"categories":[56],"tags":[],"yoast_head":"<!-- This site is optimized with the Yoast SEO plugin v20.8 - https:\/\/yoast.com\/wordpress\/plugins\/seo\/ -->\n<title>La oraci\u00f3n, una herramienta divina para superar desaf\u00edos - La Prensa Cristiana<\/title>\n<meta name=\"robots\" content=\"index, follow, max-snippet:-1, max-image-preview:large, max-video-preview:-1\" \/>\n<link rel=\"canonical\" href=\"https:\/\/laprensacristiana.com\/?p=15366\" \/>\n<meta property=\"og:locale\" content=\"es_ES\" \/>\n<meta property=\"og:type\" content=\"article\" \/>\n<meta property=\"og:title\" content=\"La oraci\u00f3n, una herramienta divina para superar desaf\u00edos - La Prensa Cristiana\" \/>\n<meta property=\"og:description\" content=\"Alianza Evang\u00e9lica de El Salvador llev\u00f3 a cabo su conferencia del mes de septiembre titulada: \u00abLa oraci\u00f3n, una herramienta divina para superar desaf\u00edos\u00bb impartida por Rev. Jos\u00e9 Vidal Alvarado Moreno. Presidente de IMECRET (Iglesia Ministerio Evangel\u00edstico Cristo Refugio en la Tempestad). \u201cDebemos de luchar, esforzarnos, es tiempo de unir fuerzas orar&nbsp; unos por los otros [&hellip;]\" \/>\n<meta property=\"og:url\" content=\"https:\/\/laprensacristiana.com\/?p=15366\" \/>\n<meta property=\"og:site_name\" content=\"La Prensa Cristiana\" \/>\n<meta property=\"article:published_time\" content=\"2023-09-22T01:47:06+00:00\" \/>\n<meta property=\"article:modified_time\" content=\"2023-09-22T01:47:07+00:00\" \/>\n<meta property=\"og:image\" content=\"https:\/\/laprensacristiana.com\/wp-content\/uploads\/2023\/09\/AEES-sept-1.jpg\" \/>\n\t<meta property=\"og:image:width\" content=\"1600\" \/>\n\t<meta property=\"og:image:height\" content=\"978\" \/>\n\t<meta property=\"og:image:type\" content=\"image\/jpeg\" \/>\n<meta name=\"author\" content=\"EDITOR\" \/>\n<meta name=\"twitter:card\" content=\"summary_large_image\" \/>\n<meta name=\"twitter:label1\" content=\"Escrito por\" \/>\n\t<meta name=\"twitter:data1\" content=\"EDITOR\" \/>\n\t<meta name=\"twitter:label2\" content=\"Tiempo de lectura\" \/>\n\t<meta name=\"twitter:data2\" content=\"2 minutos\" \/>\n<script type=\"application\/ld+json\" class=\"yoast-schema-graph\">{\"@context\":\"https:\/\/schema.org\",\"@graph\":[{\"@type\":\"WebPage\",\"@id\":\"https:\/\/laprensacristiana.com\/?p=15366\",\"url\":\"https:\/\/laprensacristiana.com\/?p=15366\",\"name\":\"La oraci\u00f3n, una herramienta divina para superar desaf\u00edos - La Prensa Cristiana\",\"isPartOf\":{\"@id\":\"https:\/\/laprensacristiana.com\/#website\"},\"datePublished\":\"2023-09-22T01:47:06+00:00\",\"dateModified\":\"2023-09-22T01:47:07+00:00\",\"author\":{\"@id\":\"https:\/\/laprensacristiana.com\/#\/schema\/person\/3e7d82c6bfd6b1fa67010f8f7cd5256e\"},\"breadcrumb\":{\"@id\":\"https:\/\/laprensacristiana.com\/?p=15366#breadcrumb\"},\"inLanguage\":\"es\",\"potentialAction\":[{\"@type\":\"ReadAction\",\"target\":[\"https:\/\/laprensacristiana.com\/?p=15366\"]}]},{\"@type\":\"BreadcrumbList\",\"@id\":\"https:\/\/laprensacristiana.com\/?p=15366#breadcrumb\",\"itemListElement\":[{\"@type\":\"ListItem\",\"position\":1,\"name\":\"Portada\",\"item\":\"https:\/\/laprensacristiana.com\/\"},{\"@type\":\"ListItem\",\"position\":2,\"name\":\"La oraci\u00f3n, una herramienta divina para superar desaf\u00edos\"}]},{\"@type\":\"WebSite\",\"@id\":\"https:\/\/laprensacristiana.com\/#website\",\"url\":\"https:\/\/laprensacristiana.com\/\",\"name\":\"La Prensa Cristiana\",\"description\":\"Anunciando Las Buenas Nuevas\",\"potentialAction\":[{\"@type\":\"SearchAction\",\"target\":{\"@type\":\"EntryPoint\",\"urlTemplate\":\"https:\/\/laprensacristiana.com\/?s={search_term_string}\"},\"query-input\":\"required name=search_term_string\"}],\"inLanguage\":\"es\"},{\"@type\":\"Person\",\"@id\":\"https:\/\/laprensacristiana.com\/#\/schema\/person\/3e7d82c6bfd6b1fa67010f8f7cd5256e\",\"name\":\"EDITOR\",\"image\":{\"@type\":\"ImageObject\",\"inLanguage\":\"es\",\"@id\":\"https:\/\/laprensacristiana.com\/#\/schema\/person\/image\/\",\"url\":\"https:\/\/secure.gravatar.com\/avatar\/72069dfb6c13772d9e8381e3638666d2?s=96&d=mm&r=g\",\"contentUrl\":\"https:\/\/secure.gravatar.com\/avatar\/72069dfb6c13772d9e8381e3638666d2?s=96&d=mm&r=g\",\"caption\":\"EDITOR\"},\"url\":\"https:\/\/laprensacristiana.com\/?author=3\"}]}<\/script>\n<!-- \/ Yoast SEO plugin. -->","yoast_head_json":{"title":"La oraci\u00f3n, una herramienta divina para superar desaf\u00edos - La Prensa Cristiana","robots":{"index":"index","follow":"follow","max-snippet":"max-snippet:-1","max-image-preview":"max-image-preview:large","max-video-preview":"max-video-preview:-1"},"canonical":"https:\/\/laprensacristiana.com\/?p=15366","og_locale":"es_ES","og_type":"article","og_title":"La oraci\u00f3n, una herramienta divina para superar desaf\u00edos - La Prensa Cristiana","og_description":"Alianza Evang\u00e9lica de El Salvador llev\u00f3 a cabo su conferencia del mes de septiembre titulada: \u00abLa oraci\u00f3n, una herramienta divina para superar desaf\u00edos\u00bb impartida por Rev. Jos\u00e9 Vidal Alvarado Moreno. Presidente de IMECRET (Iglesia Ministerio Evangel\u00edstico Cristo Refugio en la Tempestad). \u201cDebemos de luchar, esforzarnos, es tiempo de unir fuerzas orar&nbsp; unos por los otros [&hellip;]","og_url":"https:\/\/laprensacristiana.com\/?p=15366","og_site_name":"La Prensa Cristiana","article_published_time":"2023-09-22T01:47:06+00:00","article_modified_time":"2023-09-22T01:47:07+00:00","og_image":[{"width":1600,"height":978,"url":"https:\/\/laprensacristiana.com\/wp-content\/uploads\/2023\/09\/AEES-sept-1.jpg","type":"image\/jpeg"}],"author":"EDITOR","twitter_card":"summary_large_image","twitter_misc":{"Escrito por":"EDITOR","Tiempo de lectura":"2 minutos"},"schema":{"@context":"https:\/\/schema.org","@graph":[{"@type":"WebPage","@id":"https:\/\/laprensacristiana.com\/?p=15366","url":"https:\/\/laprensacristiana.com\/?p=15366","name":"La oraci\u00f3n, una herramienta divina para superar desaf\u00edos - La Prensa Cristiana","isPartOf":{"@id":"https:\/\/laprensacristiana.com\/#website"},"datePublished":"2023-09-22T01:47:06+00:00","dateModified":"2023-09-22T01:47:07+00:00","author":{"@id":"https:\/\/laprensacristiana.com\/#\/schema\/person\/3e7d82c6bfd6b1fa67010f8f7cd5256e"},"breadcrumb":{"@id":"https:\/\/laprensacristiana.com\/?p=15366#breadcrumb"},"inLanguage":"es","potentialAction":[{"@type":"ReadAction","target":["https:\/\/laprensacristiana.com\/?p=15366"]}]},{"@type":"BreadcrumbList","@id":"https:\/\/laprensacristiana.com\/?p=15366#breadcrumb","itemListElement":[{"@type":"ListItem","position":1,"name":"Portada","item":"https:\/\/laprensacristiana.com\/"},{"@type":"ListItem","position":2,"name":"La oraci\u00f3n, una herramienta divina para superar desaf\u00edos"}]},{"@type":"WebSite","@id":"https:\/\/laprensacristiana.com\/#website","url":"https:\/\/laprensacristiana.com\/","name":"La Prensa Cristiana","description":"Anunciando Las Buenas Nuevas","potentialAction":[{"@type":"SearchAction","target":{"@type":"EntryPoint","urlTemplate":"https:\/\/laprensacristiana.com\/?s={search_term_string}"},"query-input":"required name=search_term_string"}],"inLanguage":"es"},{"@type":"Person","@id":"https:\/\/laprensacristiana.com\/#\/schema\/person\/3e7d82c6bfd6b1fa67010f8f7cd5256e","name":"EDITOR","image":{"@type":"ImageObject","inLanguage":"es","@id":"https:\/\/laprensacristiana.com\/#\/schema\/person\/image\/","url":"https:\/\/secure.gravatar.com\/avatar\/72069dfb6c13772d9e8381e3638666d2?s=96&d=mm&r=g","contentUrl":"https:\/\/secure.gravatar.com\/avatar\/72069dfb6c13772d9e8381e3638666d2?s=96&d=mm&r=g","caption":"EDITOR"},"url":"https:\/\/laprensacristiana.com\/?author=3"}]}},"_links":{"self":[{"href":"https:\/\/laprensacristiana.com\/index.php?rest_route=\/wp\/v2\/posts\/15366"}],"collection":[{"href":"https:\/\/laprensacristiana.com\/index.php?rest_route=\/wp\/v2\/posts"}],"about":[{"href":"https:\/\/laprensacristiana.com\/index.php?rest_route=\/wp\/v2\/types\/post"}],"author":[{"embeddable":true,"href":"https:\/\/laprensacristiana.com\/index.php?rest_route=\/wp\/v2\/users\/3"}],"replies":[{"embeddable":true,"href":"https:\/\/laprensacristiana.com\/index.php?rest_route=%2Fwp%2Fv2%2Fcomments&post=15366"}],"version-history":[{"count":1,"href":"https:\/\/laprensacristiana.com\/index.php?rest_route=\/wp\/v2\/posts\/15366\/revisions"}],"predecessor-version":[{"id":15371,"href":"https:\/\/laprensacristiana.com\/index.php?rest_route=\/wp\/v2\/posts\/15366\/revisions\/15371"}],"wp:featuredmedia":[{"embeddable":true,"href":"https:\/\/laprensacristiana.com\/index.php?rest_route=\/wp\/v2\/media\/15367"}],"wp:attachment":[{"href":"https:\/\/laprensacristiana.com\/index.php?rest_route=%2Fwp%2Fv2%2Fmedia&parent=15366"}],"wp:term":[{"taxonomy":"category","embeddable":true,"href":"https:\/\/laprensacristiana.com\/index.php?rest_route=%2Fwp%2Fv2%2Fcategories&post=15366"},{"taxonomy":"post_tag","embeddable":true,"href":"https:\/\/laprensacristiana.com\/index.php?rest_route=%2Fwp%2Fv2%2Ftags&post=15366"}],"curies":[{"name":"wp","href":"https:\/\/api.w.org\/{rel}","templated":true}]}}