{"id":1537,"date":"2016-09-29T19:16:26","date_gmt":"2016-09-29T19:16:26","guid":{"rendered":"https:\/\/laprensacristiana.com\/?p=1537"},"modified":"2020-07-02T01:44:27","modified_gmt":"2020-07-02T01:44:27","slug":"1537","status":"publish","type":"post","link":"https:\/\/laprensacristiana.com\/?p=1537","title":{"rendered":"Coicom esta vez ser\u00e1 M\u00e9xico"},"content":{"rendered":"<p><em>Por: Guillermo Serrano<\/em><\/p>\n<p>La Confederaci\u00f3n de Comunicadores Cristianos de Iberoam\u00e9rica se re\u00fanen en Ciudad de M\u00e9xico.<\/p>\n<p>La cita ser\u00e1 del 5 al 8 de Octubre. Y all\u00ed concurrir\u00e1n miles de personas que podr\u00e1n asistir a una conferencia que tendr\u00e1 plenarias y cursos de diferentes \u00e1reas, as\u00ed como talleres en t\u00f3picos muy diversos.<\/p>\n<p>De su declaraci\u00f3n<strong>\u00a0<\/strong><strong>de Santa Cruz destacamos el esp\u00edritu que anima a esta conferencia:<\/strong><\/p>\n<p>\u201cLos Comunicadores Cristianos de Am\u00e9rica Latina, reunidos en el 1er Encuentro Latinoamericano de Comunicadores Cristianos\u201d, en la ciudad de Santa Cruz de la Sierra \u2013 Bolivia, (1992) con el objetivo supremo de glorificar a Dios con nuestro servicio, permitiendo que el evangelio de Jesucristo llegue a todos los rincones de nuestro amado continente, resolvemos:<\/p>\n<p>\u201cBuscar la capacitaci\u00f3n, el perfeccionamiento, el estudio y la investigaci\u00f3n que nos impulsen a lograr el nivel de excelencia que la hora requiere y erradicar definitivamente la mediocridad\u201d.<\/p>\n<p>Trabajar siempre en un esp\u00edritu de unidad, cooperaci\u00f3n y entrega generosa, dejando de lado para siempre los sectarismos e individualismos que tanto da\u00f1o han provocado al cuerpo de Cristo. No queremos que este pecado de ego\u00edsmo ministerial afecte la naturaleza intr\u00ednseca, abierta y universal de la Comunicaci\u00f3n Social Cristiana. Este esp\u00edritu de unidad y cooperaci\u00f3n lo pondremos en pr\u00e1ctica para estimular proyectos conjuntos a nivel nacional, regional y continental\u201d.<\/p>\n<p>En el programa de este a\u00f1o se destacan 6 \u00e1reas que buscan llenar las necesidades que se conocen en el vasto mundo de iglesias, liderazgo y comunicadores a nivel continental. As\u00ed se presentan:<\/p>\n<p>TELEVISI\u00d3N Y CINE<\/p>\n<ul>\n<li>T\u00e9cnicas de producci\u00f3n de documentales<\/li>\n<li>Produciendo video musicales y conciertos<\/li>\n<li>7 T\u00e1cticas de c\u00e1mara para excelentes videos y TV<\/li>\n<li>Maquillaje o make up profesional\u2026 si quieres que tu video se vea bien<\/li>\n<li>Crear cortometrajes<\/li>\n<li>Habilidades vitales de video<\/li>\n<\/ul>\n<p>RADIO<\/p>\n<ul>\n<li>Haciendo radio fuera de la cabina<\/li>\n<li>Haciendo radio para no cristianos<\/li>\n<li>Levantamiento de fondos para radioemisoras<\/li>\n<li>Contenido planificado y estudiado, vale por dos<\/li>\n<li>La radio del siglo 21 como instrumento evangelizador<\/li>\n<\/ul>\n<p>MEDIOS DIGITALES EN LA IGLESIA<\/p>\n<ul>\n<li>Paradigmas y estrategias para llegar a una audiencia multimedia<\/li>\n<li>Uniendo todos los elementos para tener presencia de tu iglesia en los medios<\/li>\n<li>Fundamentos para medios en la Iglesia<\/li>\n<\/ul>\n<p>INTERNET<\/p>\n<ul>\n<li>C\u00f3mo construir un sitio web eficaz para su Ministerio<\/li>\n<li>Redes sociales \u00bfEvangelizan?<\/li>\n<li>C\u00f3mo lograr que su Ministerio tenga un mayor alcance usando video con Livestream<\/li>\n<li>5 Herramientas en la Internet que cada Ministerio deber\u00eda estar usando<\/li>\n<li>El uso de Facebook para Evangelismo masivo<\/li>\n<\/ul>\n<p>LIDERAZGO<\/p>\n<ul>\n<li>C\u00f3mo llevarse bien con gente dif\u00edcil<\/li>\n<li>\u00bfQu\u00e9 es el coaching, la mentor\u00eda y la consultor\u00eda?<\/li>\n<li>El desarrollo del l\u00edder, el liderazgo y la organizaci\u00f3n<\/li>\n<li>El desarrollo del car\u00e1cter del l\u00edder<\/li>\n<li>El llamado del L\u00edder<\/li>\n<li>Las competencias del l\u00edder<\/li>\n<li>La capacidad organizacional<\/li>\n<li>El manejo del cambio<\/li>\n<li>Transformaci\u00f3n es sue\u00f1o, equipo y proceso de Dios<\/li>\n<\/ul>\n<p>PASTORES<\/p>\n<ul>\n<li>El secreto de una predicaci\u00f3n que transforma vidas<\/li>\n<li>Cuesti\u00f3n de g\u00e9nero: homosexualidad, travestismo y transexualidad<\/li>\n<li>Paradigma para evangelizar inconversos<\/li>\n<li>Iglesia y cambio generacional<\/li>\n<li>Desatando el poder de una iglesia con prop\u00f3sito<\/li>\n<li>El llamado de los gentiles hacia la restauraci\u00f3n de Israel<\/li>\n<li>Derribando el concepto sacro\/secular para transformar naciones<\/li>\n<li>Como desarrollar y multiplicar los L\u00edderes en tu Iglesia<\/li>\n<li>La Iglesia en la naci\u00f3n: responsabilidad y transformaci\u00f3n.<\/li>\n<\/ul>\n<p>&nbsp;<\/p>\n","protected":false},"excerpt":{"rendered":"<p>Por: Guillermo Serrano La Confederaci\u00f3n de Comunicadores Cristianos de Iberoam\u00e9rica se re\u00fanen en Ciudad de M\u00e9xico. La cita ser\u00e1 del 5 al 8 de Octubre. Y all\u00ed concurrir\u00e1n miles de personas que podr\u00e1n asistir a una conferencia que tendr\u00e1 plenarias y cursos de diferentes \u00e1reas, as\u00ed como talleres en t\u00f3picos muy diversos. De su declaraci\u00f3n\u00a0de [&hellip;]<\/p>\n","protected":false},"author":3,"featured_media":1534,"comment_status":"open","ping_status":"open","sticky":false,"template":"","format":"standard","meta":[],"categories":[56],"tags":[],"yoast_head":"<!-- This site is optimized with the Yoast SEO plugin v20.8 - https:\/\/yoast.com\/wordpress\/plugins\/seo\/ -->\n<title>Coicom esta vez ser\u00e1 M\u00e9xico - La Prensa Cristiana<\/title>\n<meta name=\"robots\" content=\"index, follow, max-snippet:-1, max-image-preview:large, max-video-preview:-1\" \/>\n<link rel=\"canonical\" href=\"https:\/\/laprensacristiana.com\/?p=1537\" \/>\n<meta property=\"og:locale\" content=\"es_ES\" \/>\n<meta property=\"og:type\" content=\"article\" \/>\n<meta property=\"og:title\" content=\"Coicom esta vez ser\u00e1 M\u00e9xico - La Prensa Cristiana\" \/>\n<meta property=\"og:description\" content=\"Por: Guillermo Serrano La Confederaci\u00f3n de Comunicadores Cristianos de Iberoam\u00e9rica se re\u00fanen en Ciudad de M\u00e9xico. La cita ser\u00e1 del 5 al 8 de Octubre. Y all\u00ed concurrir\u00e1n miles de personas que podr\u00e1n asistir a una conferencia que tendr\u00e1 plenarias y cursos de diferentes \u00e1reas, as\u00ed como talleres en t\u00f3picos muy diversos. De su declaraci\u00f3n\u00a0de [&hellip;]\" \/>\n<meta property=\"og:url\" content=\"https:\/\/laprensacristiana.com\/?p=1537\" \/>\n<meta property=\"og:site_name\" content=\"La Prensa Cristiana\" \/>\n<meta property=\"article:published_time\" content=\"2016-09-29T19:16:26+00:00\" \/>\n<meta property=\"article:modified_time\" content=\"2020-07-02T01:44:27+00:00\" \/>\n<meta property=\"og:image\" content=\"https:\/\/laprensacristiana.com\/wp-content\/uploads\/2016\/09\/coicom2016-scaled.jpg\" \/>\n\t<meta property=\"og:image:width\" content=\"2560\" \/>\n\t<meta property=\"og:image:height\" content=\"2115\" \/>\n\t<meta property=\"og:image:type\" content=\"image\/jpeg\" \/>\n<meta name=\"author\" content=\"EDITOR\" \/>\n<meta name=\"twitter:card\" content=\"summary_large_image\" \/>\n<meta name=\"twitter:label1\" content=\"Escrito por\" \/>\n\t<meta name=\"twitter:data1\" content=\"EDITOR\" \/>\n\t<meta name=\"twitter:label2\" content=\"Tiempo de lectura\" \/>\n\t<meta name=\"twitter:data2\" content=\"3 minutos\" \/>\n<script type=\"application\/ld+json\" class=\"yoast-schema-graph\">{\"@context\":\"https:\/\/schema.org\",\"@graph\":[{\"@type\":\"WebPage\",\"@id\":\"https:\/\/laprensacristiana.com\/?p=1537\",\"url\":\"https:\/\/laprensacristiana.com\/?p=1537\",\"name\":\"Coicom esta vez ser\u00e1 M\u00e9xico - La Prensa Cristiana\",\"isPartOf\":{\"@id\":\"https:\/\/laprensacristiana.com\/#website\"},\"datePublished\":\"2016-09-29T19:16:26+00:00\",\"dateModified\":\"2020-07-02T01:44:27+00:00\",\"author\":{\"@id\":\"https:\/\/laprensacristiana.com\/#\/schema\/person\/3e7d82c6bfd6b1fa67010f8f7cd5256e\"},\"breadcrumb\":{\"@id\":\"https:\/\/laprensacristiana.com\/?p=1537#breadcrumb\"},\"inLanguage\":\"es\",\"potentialAction\":[{\"@type\":\"ReadAction\",\"target\":[\"https:\/\/laprensacristiana.com\/?p=1537\"]}]},{\"@type\":\"BreadcrumbList\",\"@id\":\"https:\/\/laprensacristiana.com\/?p=1537#breadcrumb\",\"itemListElement\":[{\"@type\":\"ListItem\",\"position\":1,\"name\":\"Portada\",\"item\":\"https:\/\/laprensacristiana.com\/\"},{\"@type\":\"ListItem\",\"position\":2,\"name\":\"Coicom esta vez ser\u00e1 M\u00e9xico\"}]},{\"@type\":\"WebSite\",\"@id\":\"https:\/\/laprensacristiana.com\/#website\",\"url\":\"https:\/\/laprensacristiana.com\/\",\"name\":\"La Prensa Cristiana\",\"description\":\"Anunciando Las Buenas Nuevas\",\"potentialAction\":[{\"@type\":\"SearchAction\",\"target\":{\"@type\":\"EntryPoint\",\"urlTemplate\":\"https:\/\/laprensacristiana.com\/?s={search_term_string}\"},\"query-input\":\"required name=search_term_string\"}],\"inLanguage\":\"es\"},{\"@type\":\"Person\",\"@id\":\"https:\/\/laprensacristiana.com\/#\/schema\/person\/3e7d82c6bfd6b1fa67010f8f7cd5256e\",\"name\":\"EDITOR\",\"image\":{\"@type\":\"ImageObject\",\"inLanguage\":\"es\",\"@id\":\"https:\/\/laprensacristiana.com\/#\/schema\/person\/image\/\",\"url\":\"https:\/\/secure.gravatar.com\/avatar\/72069dfb6c13772d9e8381e3638666d2?s=96&d=mm&r=g\",\"contentUrl\":\"https:\/\/secure.gravatar.com\/avatar\/72069dfb6c13772d9e8381e3638666d2?s=96&d=mm&r=g\",\"caption\":\"EDITOR\"},\"url\":\"https:\/\/laprensacristiana.com\/?author=3\"}]}<\/script>\n<!-- \/ Yoast SEO plugin. -->","yoast_head_json":{"title":"Coicom esta vez ser\u00e1 M\u00e9xico - La Prensa Cristiana","robots":{"index":"index","follow":"follow","max-snippet":"max-snippet:-1","max-image-preview":"max-image-preview:large","max-video-preview":"max-video-preview:-1"},"canonical":"https:\/\/laprensacristiana.com\/?p=1537","og_locale":"es_ES","og_type":"article","og_title":"Coicom esta vez ser\u00e1 M\u00e9xico - La Prensa Cristiana","og_description":"Por: Guillermo Serrano La Confederaci\u00f3n de Comunicadores Cristianos de Iberoam\u00e9rica se re\u00fanen en Ciudad de M\u00e9xico. La cita ser\u00e1 del 5 al 8 de Octubre. Y all\u00ed concurrir\u00e1n miles de personas que podr\u00e1n asistir a una conferencia que tendr\u00e1 plenarias y cursos de diferentes \u00e1reas, as\u00ed como talleres en t\u00f3picos muy diversos. De su declaraci\u00f3n\u00a0de [&hellip;]","og_url":"https:\/\/laprensacristiana.com\/?p=1537","og_site_name":"La Prensa Cristiana","article_published_time":"2016-09-29T19:16:26+00:00","article_modified_time":"2020-07-02T01:44:27+00:00","og_image":[{"width":2560,"height":2115,"url":"https:\/\/laprensacristiana.com\/wp-content\/uploads\/2016\/09\/coicom2016-scaled.jpg","type":"image\/jpeg"}],"author":"EDITOR","twitter_card":"summary_large_image","twitter_misc":{"Escrito por":"EDITOR","Tiempo de lectura":"3 minutos"},"schema":{"@context":"https:\/\/schema.org","@graph":[{"@type":"WebPage","@id":"https:\/\/laprensacristiana.com\/?p=1537","url":"https:\/\/laprensacristiana.com\/?p=1537","name":"Coicom esta vez ser\u00e1 M\u00e9xico - La Prensa Cristiana","isPartOf":{"@id":"https:\/\/laprensacristiana.com\/#website"},"datePublished":"2016-09-29T19:16:26+00:00","dateModified":"2020-07-02T01:44:27+00:00","author":{"@id":"https:\/\/laprensacristiana.com\/#\/schema\/person\/3e7d82c6bfd6b1fa67010f8f7cd5256e"},"breadcrumb":{"@id":"https:\/\/laprensacristiana.com\/?p=1537#breadcrumb"},"inLanguage":"es","potentialAction":[{"@type":"ReadAction","target":["https:\/\/laprensacristiana.com\/?p=1537"]}]},{"@type":"BreadcrumbList","@id":"https:\/\/laprensacristiana.com\/?p=1537#breadcrumb","itemListElement":[{"@type":"ListItem","position":1,"name":"Portada","item":"https:\/\/laprensacristiana.com\/"},{"@type":"ListItem","position":2,"name":"Coicom esta vez ser\u00e1 M\u00e9xico"}]},{"@type":"WebSite","@id":"https:\/\/laprensacristiana.com\/#website","url":"https:\/\/laprensacristiana.com\/","name":"La Prensa Cristiana","description":"Anunciando Las Buenas Nuevas","potentialAction":[{"@type":"SearchAction","target":{"@type":"EntryPoint","urlTemplate":"https:\/\/laprensacristiana.com\/?s={search_term_string}"},"query-input":"required name=search_term_string"}],"inLanguage":"es"},{"@type":"Person","@id":"https:\/\/laprensacristiana.com\/#\/schema\/person\/3e7d82c6bfd6b1fa67010f8f7cd5256e","name":"EDITOR","image":{"@type":"ImageObject","inLanguage":"es","@id":"https:\/\/laprensacristiana.com\/#\/schema\/person\/image\/","url":"https:\/\/secure.gravatar.com\/avatar\/72069dfb6c13772d9e8381e3638666d2?s=96&d=mm&r=g","contentUrl":"https:\/\/secure.gravatar.com\/avatar\/72069dfb6c13772d9e8381e3638666d2?s=96&d=mm&r=g","caption":"EDITOR"},"url":"https:\/\/laprensacristiana.com\/?author=3"}]}},"_links":{"self":[{"href":"https:\/\/laprensacristiana.com\/index.php?rest_route=\/wp\/v2\/posts\/1537"}],"collection":[{"href":"https:\/\/laprensacristiana.com\/index.php?rest_route=\/wp\/v2\/posts"}],"about":[{"href":"https:\/\/laprensacristiana.com\/index.php?rest_route=\/wp\/v2\/types\/post"}],"author":[{"embeddable":true,"href":"https:\/\/laprensacristiana.com\/index.php?rest_route=\/wp\/v2\/users\/3"}],"replies":[{"embeddable":true,"href":"https:\/\/laprensacristiana.com\/index.php?rest_route=%2Fwp%2Fv2%2Fcomments&post=1537"}],"version-history":[{"count":2,"href":"https:\/\/laprensacristiana.com\/index.php?rest_route=\/wp\/v2\/posts\/1537\/revisions"}],"predecessor-version":[{"id":1539,"href":"https:\/\/laprensacristiana.com\/index.php?rest_route=\/wp\/v2\/posts\/1537\/revisions\/1539"}],"wp:featuredmedia":[{"embeddable":true,"href":"https:\/\/laprensacristiana.com\/index.php?rest_route=\/wp\/v2\/media\/1534"}],"wp:attachment":[{"href":"https:\/\/laprensacristiana.com\/index.php?rest_route=%2Fwp%2Fv2%2Fmedia&parent=1537"}],"wp:term":[{"taxonomy":"category","embeddable":true,"href":"https:\/\/laprensacristiana.com\/index.php?rest_route=%2Fwp%2Fv2%2Fcategories&post=1537"},{"taxonomy":"post_tag","embeddable":true,"href":"https:\/\/laprensacristiana.com\/index.php?rest_route=%2Fwp%2Fv2%2Ftags&post=1537"}],"curies":[{"name":"wp","href":"https:\/\/api.w.org\/{rel}","templated":true}]}}