{"id":15372,"date":"2023-09-23T06:48:00","date_gmt":"2023-09-23T06:48:00","guid":{"rendered":"https:\/\/laprensacristiana.com\/?p=15372"},"modified":"2023-09-23T06:48:01","modified_gmt":"2023-09-23T06:48:01","slug":"alianza-evangelica-de-el-salvador-presente-en-el-congreso-regional-del-movimiento-lausana","status":"publish","type":"post","link":"https:\/\/laprensacristiana.com\/?p=15372","title":{"rendered":"Alianza Evang\u00e9lica de El Salvador presente en el Congreso Regional del Movimiento Lausana."},"content":{"rendered":"\n<p>Esta semana se llev\u00f3 a cabo en Montevideo, Uruguay, el Congreso Regional del Movimiento Lausana, el cual cont\u00f3 con la participaci\u00f3n de Juan Galdamez, en representaci\u00f3n de la Junta Directiva de Alianza Evang\u00e9lica de El Salvador.<\/p>\n\n\n\n<p>El prop\u00f3sito del encuentro ha sido hacer una revisi\u00f3n de los documentos y enunciados de Lausana, Manila&nbsp; y Ciudad del Cabo; para luego hacer una proyecci\u00f3n acerca del mundo que viene, el liderazgo que viene, la iglesia que viene, y la misi\u00f3n que viene para estar preparados de cara hacia el futuro.<\/p>\n\n\n\n<p>El evento cont\u00f3 con la participaci\u00f3n de 130 l\u00edderes de la mayor parte de los pa\u00edses de Am\u00e9rica Latina m\u00e1s un representante de Europa.<\/p>\n\n\n\n<p>Esta actividad es parte de la preparaci\u00f3n para el congreso n\u00famero IV del Movimiento de Lausana que se realizar\u00e1 en Corea del Sur en el mes de septiembre del pr\u00f3ximo a\u00f1o.<\/p>\n\n\n\n<p>Esta participaci\u00f3n forma parte de la labor que Alianza Evang\u00e9lica de El Salvador realiza para tener presencia activa y buscar acercamientos con diferentes l\u00edderes, movimientos y organizaciones regionales y mundiales, cuyo trabajo pueda representar un apoyo y beneficio al trabajo de la iglesia evang\u00e9lica de nuestro pa\u00eds.<\/p>\n\n\n\n<figure class=\"wp-block-image size-large\"><img decoding=\"async\" loading=\"lazy\" width=\"1024\" height=\"768\" src=\"https:\/\/laprensacristiana.com\/wp-content\/uploads\/2023\/09\/IMG_2695-1024x768.jpg\" alt=\"\" class=\"wp-image-15374\" srcset=\"https:\/\/laprensacristiana.com\/wp-content\/uploads\/2023\/09\/IMG_2695-1024x768.jpg 1024w, https:\/\/laprensacristiana.com\/wp-content\/uploads\/2023\/09\/IMG_2695-300x225.jpg 300w, https:\/\/laprensacristiana.com\/wp-content\/uploads\/2023\/09\/IMG_2695-768x576.jpg 768w, https:\/\/laprensacristiana.com\/wp-content\/uploads\/2023\/09\/IMG_2695-1536x1152.jpg 1536w, https:\/\/laprensacristiana.com\/wp-content\/uploads\/2023\/09\/IMG_2695-696x522.jpg 696w, https:\/\/laprensacristiana.com\/wp-content\/uploads\/2023\/09\/IMG_2695-1068x801.jpg 1068w, https:\/\/laprensacristiana.com\/wp-content\/uploads\/2023\/09\/IMG_2695-1920x1440.jpg 1920w, https:\/\/laprensacristiana.com\/wp-content\/uploads\/2023\/09\/IMG_2695-600x450.jpg 600w, https:\/\/laprensacristiana.com\/wp-content\/uploads\/2023\/09\/IMG_2695.jpg 2048w\" sizes=\"(max-width: 1024px) 100vw, 1024px\" \/><\/figure>\n","protected":false},"excerpt":{"rendered":"<p>Esta semana se llev\u00f3 a cabo en Montevideo, Uruguay, el Congreso Regional del Movimiento Lausana, el cual cont\u00f3 con la participaci\u00f3n de Juan Galdamez, en representaci\u00f3n de la Junta Directiva de Alianza Evang\u00e9lica de El Salvador. El prop\u00f3sito del encuentro ha sido hacer una revisi\u00f3n de los documentos y enunciados de Lausana, Manila&nbsp; y Ciudad [&hellip;]<\/p>\n","protected":false},"author":3,"featured_media":15373,"comment_status":"open","ping_status":"open","sticky":false,"template":"","format":"standard","meta":[],"categories":[56],"tags":[],"yoast_head":"<!-- This site is optimized with the Yoast SEO plugin v20.8 - https:\/\/yoast.com\/wordpress\/plugins\/seo\/ -->\n<title>Alianza Evang\u00e9lica de El Salvador presente en el Congreso Regional del Movimiento Lausana. - La Prensa Cristiana<\/title>\n<meta name=\"robots\" content=\"index, follow, max-snippet:-1, max-image-preview:large, max-video-preview:-1\" \/>\n<link rel=\"canonical\" href=\"https:\/\/laprensacristiana.com\/?p=15372\" \/>\n<meta property=\"og:locale\" content=\"es_ES\" \/>\n<meta property=\"og:type\" content=\"article\" \/>\n<meta property=\"og:title\" content=\"Alianza Evang\u00e9lica de El Salvador presente en el Congreso Regional del Movimiento Lausana. - La Prensa Cristiana\" \/>\n<meta property=\"og:description\" content=\"Esta semana se llev\u00f3 a cabo en Montevideo, Uruguay, el Congreso Regional del Movimiento Lausana, el cual cont\u00f3 con la participaci\u00f3n de Juan Galdamez, en representaci\u00f3n de la Junta Directiva de Alianza Evang\u00e9lica de El Salvador. El prop\u00f3sito del encuentro ha sido hacer una revisi\u00f3n de los documentos y enunciados de Lausana, Manila&nbsp; y Ciudad [&hellip;]\" \/>\n<meta property=\"og:url\" content=\"https:\/\/laprensacristiana.com\/?p=15372\" \/>\n<meta property=\"og:site_name\" content=\"La Prensa Cristiana\" \/>\n<meta property=\"article:published_time\" content=\"2023-09-23T06:48:00+00:00\" \/>\n<meta property=\"article:modified_time\" content=\"2023-09-23T06:48:01+00:00\" \/>\n<meta property=\"og:image\" content=\"https:\/\/laprensacristiana.com\/wp-content\/uploads\/2023\/09\/IMG_2690.jpg\" \/>\n\t<meta property=\"og:image:width\" content=\"1600\" \/>\n\t<meta property=\"og:image:height\" content=\"1200\" \/>\n\t<meta property=\"og:image:type\" content=\"image\/jpeg\" \/>\n<meta name=\"author\" content=\"EDITOR\" \/>\n<meta name=\"twitter:card\" content=\"summary_large_image\" \/>\n<meta name=\"twitter:label1\" content=\"Escrito por\" \/>\n\t<meta name=\"twitter:data1\" content=\"EDITOR\" \/>\n\t<meta name=\"twitter:label2\" content=\"Tiempo de lectura\" \/>\n\t<meta name=\"twitter:data2\" content=\"2 minutos\" \/>\n<script type=\"application\/ld+json\" class=\"yoast-schema-graph\">{\"@context\":\"https:\/\/schema.org\",\"@graph\":[{\"@type\":\"WebPage\",\"@id\":\"https:\/\/laprensacristiana.com\/?p=15372\",\"url\":\"https:\/\/laprensacristiana.com\/?p=15372\",\"name\":\"Alianza Evang\u00e9lica de El Salvador presente en el Congreso Regional del Movimiento Lausana. - La Prensa Cristiana\",\"isPartOf\":{\"@id\":\"https:\/\/laprensacristiana.com\/#website\"},\"datePublished\":\"2023-09-23T06:48:00+00:00\",\"dateModified\":\"2023-09-23T06:48:01+00:00\",\"author\":{\"@id\":\"https:\/\/laprensacristiana.com\/#\/schema\/person\/3e7d82c6bfd6b1fa67010f8f7cd5256e\"},\"breadcrumb\":{\"@id\":\"https:\/\/laprensacristiana.com\/?p=15372#breadcrumb\"},\"inLanguage\":\"es\",\"potentialAction\":[{\"@type\":\"ReadAction\",\"target\":[\"https:\/\/laprensacristiana.com\/?p=15372\"]}]},{\"@type\":\"BreadcrumbList\",\"@id\":\"https:\/\/laprensacristiana.com\/?p=15372#breadcrumb\",\"itemListElement\":[{\"@type\":\"ListItem\",\"position\":1,\"name\":\"Portada\",\"item\":\"https:\/\/laprensacristiana.com\/\"},{\"@type\":\"ListItem\",\"position\":2,\"name\":\"Alianza Evang\u00e9lica de El Salvador presente en el Congreso Regional del Movimiento Lausana.\"}]},{\"@type\":\"WebSite\",\"@id\":\"https:\/\/laprensacristiana.com\/#website\",\"url\":\"https:\/\/laprensacristiana.com\/\",\"name\":\"La Prensa Cristiana\",\"description\":\"Anunciando Las Buenas Nuevas\",\"potentialAction\":[{\"@type\":\"SearchAction\",\"target\":{\"@type\":\"EntryPoint\",\"urlTemplate\":\"https:\/\/laprensacristiana.com\/?s={search_term_string}\"},\"query-input\":\"required name=search_term_string\"}],\"inLanguage\":\"es\"},{\"@type\":\"Person\",\"@id\":\"https:\/\/laprensacristiana.com\/#\/schema\/person\/3e7d82c6bfd6b1fa67010f8f7cd5256e\",\"name\":\"EDITOR\",\"image\":{\"@type\":\"ImageObject\",\"inLanguage\":\"es\",\"@id\":\"https:\/\/laprensacristiana.com\/#\/schema\/person\/image\/\",\"url\":\"https:\/\/secure.gravatar.com\/avatar\/72069dfb6c13772d9e8381e3638666d2?s=96&d=mm&r=g\",\"contentUrl\":\"https:\/\/secure.gravatar.com\/avatar\/72069dfb6c13772d9e8381e3638666d2?s=96&d=mm&r=g\",\"caption\":\"EDITOR\"},\"url\":\"https:\/\/laprensacristiana.com\/?author=3\"}]}<\/script>\n<!-- \/ Yoast SEO plugin. -->","yoast_head_json":{"title":"Alianza Evang\u00e9lica de El Salvador presente en el Congreso Regional del Movimiento Lausana. - La Prensa Cristiana","robots":{"index":"index","follow":"follow","max-snippet":"max-snippet:-1","max-image-preview":"max-image-preview:large","max-video-preview":"max-video-preview:-1"},"canonical":"https:\/\/laprensacristiana.com\/?p=15372","og_locale":"es_ES","og_type":"article","og_title":"Alianza Evang\u00e9lica de El Salvador presente en el Congreso Regional del Movimiento Lausana. - La Prensa Cristiana","og_description":"Esta semana se llev\u00f3 a cabo en Montevideo, Uruguay, el Congreso Regional del Movimiento Lausana, el cual cont\u00f3 con la participaci\u00f3n de Juan Galdamez, en representaci\u00f3n de la Junta Directiva de Alianza Evang\u00e9lica de El Salvador. El prop\u00f3sito del encuentro ha sido hacer una revisi\u00f3n de los documentos y enunciados de Lausana, Manila&nbsp; y Ciudad [&hellip;]","og_url":"https:\/\/laprensacristiana.com\/?p=15372","og_site_name":"La Prensa Cristiana","article_published_time":"2023-09-23T06:48:00+00:00","article_modified_time":"2023-09-23T06:48:01+00:00","og_image":[{"width":1600,"height":1200,"url":"https:\/\/laprensacristiana.com\/wp-content\/uploads\/2023\/09\/IMG_2690.jpg","type":"image\/jpeg"}],"author":"EDITOR","twitter_card":"summary_large_image","twitter_misc":{"Escrito por":"EDITOR","Tiempo de lectura":"2 minutos"},"schema":{"@context":"https:\/\/schema.org","@graph":[{"@type":"WebPage","@id":"https:\/\/laprensacristiana.com\/?p=15372","url":"https:\/\/laprensacristiana.com\/?p=15372","name":"Alianza Evang\u00e9lica de El Salvador presente en el Congreso Regional del Movimiento Lausana. - La Prensa Cristiana","isPartOf":{"@id":"https:\/\/laprensacristiana.com\/#website"},"datePublished":"2023-09-23T06:48:00+00:00","dateModified":"2023-09-23T06:48:01+00:00","author":{"@id":"https:\/\/laprensacristiana.com\/#\/schema\/person\/3e7d82c6bfd6b1fa67010f8f7cd5256e"},"breadcrumb":{"@id":"https:\/\/laprensacristiana.com\/?p=15372#breadcrumb"},"inLanguage":"es","potentialAction":[{"@type":"ReadAction","target":["https:\/\/laprensacristiana.com\/?p=15372"]}]},{"@type":"BreadcrumbList","@id":"https:\/\/laprensacristiana.com\/?p=15372#breadcrumb","itemListElement":[{"@type":"ListItem","position":1,"name":"Portada","item":"https:\/\/laprensacristiana.com\/"},{"@type":"ListItem","position":2,"name":"Alianza Evang\u00e9lica de El Salvador presente en el Congreso Regional del Movimiento Lausana."}]},{"@type":"WebSite","@id":"https:\/\/laprensacristiana.com\/#website","url":"https:\/\/laprensacristiana.com\/","name":"La Prensa Cristiana","description":"Anunciando Las Buenas Nuevas","potentialAction":[{"@type":"SearchAction","target":{"@type":"EntryPoint","urlTemplate":"https:\/\/laprensacristiana.com\/?s={search_term_string}"},"query-input":"required name=search_term_string"}],"inLanguage":"es"},{"@type":"Person","@id":"https:\/\/laprensacristiana.com\/#\/schema\/person\/3e7d82c6bfd6b1fa67010f8f7cd5256e","name":"EDITOR","image":{"@type":"ImageObject","inLanguage":"es","@id":"https:\/\/laprensacristiana.com\/#\/schema\/person\/image\/","url":"https:\/\/secure.gravatar.com\/avatar\/72069dfb6c13772d9e8381e3638666d2?s=96&d=mm&r=g","contentUrl":"https:\/\/secure.gravatar.com\/avatar\/72069dfb6c13772d9e8381e3638666d2?s=96&d=mm&r=g","caption":"EDITOR"},"url":"https:\/\/laprensacristiana.com\/?author=3"}]}},"_links":{"self":[{"href":"https:\/\/laprensacristiana.com\/index.php?rest_route=\/wp\/v2\/posts\/15372"}],"collection":[{"href":"https:\/\/laprensacristiana.com\/index.php?rest_route=\/wp\/v2\/posts"}],"about":[{"href":"https:\/\/laprensacristiana.com\/index.php?rest_route=\/wp\/v2\/types\/post"}],"author":[{"embeddable":true,"href":"https:\/\/laprensacristiana.com\/index.php?rest_route=\/wp\/v2\/users\/3"}],"replies":[{"embeddable":true,"href":"https:\/\/laprensacristiana.com\/index.php?rest_route=%2Fwp%2Fv2%2Fcomments&post=15372"}],"version-history":[{"count":1,"href":"https:\/\/laprensacristiana.com\/index.php?rest_route=\/wp\/v2\/posts\/15372\/revisions"}],"predecessor-version":[{"id":15375,"href":"https:\/\/laprensacristiana.com\/index.php?rest_route=\/wp\/v2\/posts\/15372\/revisions\/15375"}],"wp:featuredmedia":[{"embeddable":true,"href":"https:\/\/laprensacristiana.com\/index.php?rest_route=\/wp\/v2\/media\/15373"}],"wp:attachment":[{"href":"https:\/\/laprensacristiana.com\/index.php?rest_route=%2Fwp%2Fv2%2Fmedia&parent=15372"}],"wp:term":[{"taxonomy":"category","embeddable":true,"href":"https:\/\/laprensacristiana.com\/index.php?rest_route=%2Fwp%2Fv2%2Fcategories&post=15372"},{"taxonomy":"post_tag","embeddable":true,"href":"https:\/\/laprensacristiana.com\/index.php?rest_route=%2Fwp%2Fv2%2Ftags&post=15372"}],"curies":[{"name":"wp","href":"https:\/\/api.w.org\/{rel}","templated":true}]}}