{"id":15430,"date":"2023-11-08T22:28:45","date_gmt":"2023-11-08T22:28:45","guid":{"rendered":"https:\/\/laprensacristiana.com\/?p=15430"},"modified":"2023-11-08T22:35:43","modified_gmt":"2023-11-08T22:35:43","slug":"jose-andres-hernandez-la-politica-es-un-ministerio-de-servicio-para-honrar-a-dios","status":"publish","type":"post","link":"https:\/\/laprensacristiana.com\/?p=15430","title":{"rendered":"Jos\u00e9 Andr\u00e9s Hern\u00e1ndez: \u00abLa pol\u00edtica es un ministerio de servicio para honrar a Dios\u00bb"},"content":{"rendered":"\n<p><strong>Jos\u00e9 Andr\u00e9s, \u00bfpor qu\u00e9 crees que la pol\u00edtica ha adquirido una imagen tan negativa en la mente de las personas?<\/strong><\/p>\n\n\n\n<p>Lamentablemente la pol\u00edtica ha perdido credibilidad en los ojos del ciudadano promedio. Esto se debe a una serie de factores, como los continuos casos de defraudaci\u00f3n de fondos p\u00fablicos, la falta de transparencia, rendici\u00f3n de cuentas y pr\u00e1cticas como el nepotismo que se practic\u00f3 por m\u00e1s de 20 a\u00f1os, pero, en lugar de desencantarnos, deber\u00edamos reflexionar sobre c\u00f3mo podemos involucrarnos para luchar por mejorar la forma de hacer pol\u00edtica donde debemos llegar a servir a la poblaci\u00f3n y no servirnos de ella.<\/p>\n\n\n\n<p><strong>\u00bfQu\u00e9 te motiv\u00f3 a involucrarte en la pol\u00edtica?<\/strong><\/p>\n\n\n\n<p>El esp\u00edritu de servicio inculcado por mis padres, ellos me ense\u00f1aron principios y valores donde principalmente debemos honrar a DIOS sirviendo al pr\u00f3jimo y es por eso que continu\u00e9 con ese legado, visitando&nbsp; comunidades, diferentes sectores de la sociedad como los hermanos emprendedores, trabajadores por cuenta propia, peque\u00f1os y medianos agricultores que hoy por hoy siguen y seguir\u00e1n siendo por los pr\u00f3ximos a\u00f1os la mayor fuente generadora de empleos y mayores dinamizadores de la econom\u00eda nacional, en su gran mayor\u00eda mujeres madres solteras y pilares de hogar, que no buscan privilegios sino mejores condiciones y oportunidades para superarse, he ido aprendiendo con ellos y tratando de construir alternativas de soluci\u00f3n a sus&nbsp; necesidades, ellos representan la famosa y verdadera f\u00e1brica de empleos que tantos pol\u00edticos mencionaron pero poco o nada hicieron&nbsp; por ayudarles a mejorar sus condiciones construyendo con ellos verdaderas pol\u00edticas p\u00fablicas que les ayuden a superarse y realizar sus sue\u00f1os, ellos representan nuestro talento humano y recurso m\u00e1s valioso para sacar a nuestro pa\u00eds adelante, no deben buscar emigrar a otros pa\u00edses (esto ha causado mucha desintegraci\u00f3n familiar), por a\u00f1os han estado&nbsp; en el abandono sufriendo&nbsp; por parte de las autoridades municipales que han pasado por diferentes gobiernos municipales y ninguno atend\u00eda sus necesidades y nos dimos cuenta que ten\u00edamos algo en com\u00fan, est\u00e1bamos desencantados y decepcionados con los pol\u00edticos que solo se acercaban a la poblaci\u00f3n en \u00e9poca de campa\u00f1a a pedir el voto y pasadas las elecciones brillaban por su ausencia y en las comunidades solo quedaban las promesas mas no las obras. Fue entonces que pens\u00e9 tengo que involucrarme para que existan cambios y en el 2014 tom\u00e9 el reto y me lance como candidato alcalde por Mejicanos, un reto grande por que exist\u00eda una gran cantidad de problemas en el municipio, pero de los problemas vimos oportunidades para demostrar que pod\u00edamos hacer la diferencia, que la pol\u00edtica es servicio y no buscar servirse de ella.<\/p>\n\n\n\n<p><strong>En ese sentido, \u00bfqu\u00e9 deber\u00edamos considerar para dar nuestro respaldo pol\u00edtico a un candidato?<\/strong><\/p>\n\n\n\n<p>Primero y, ante todo, debemos buscar pol\u00edticos que promuevan la dignidad de las personas, la justicia social y el bien com\u00fan. Esto deber\u00eda ser nuestro norte. Al elegir a nuestros representantes, debemos evaluar si practican principios y valores que nos identifican como cristianos como personas temerosas de DIOS que practiquen la justicia, la solidaridad y demuestren con sus testimonios de vida sus acciones, obras y velen por el bien com\u00fan de la sociedad, estas deben ser parte de sus caracter\u00edsticas principales.<\/p>\n\n\n\n<p><strong>Mencionaste la importancia de la justicia. \u00bfQu\u00e9 opinas sobre los modelos pol\u00edticos predominantes en el mundo, como el populismo y el liberalismo?<\/strong><\/p>\n\n\n\n<p>Es esencial entender que ni el populismo ni el liberalismo son la soluci\u00f3n. Tanto el populismo como el liberalismo pueden dar cabida al desprecio de los m\u00e1s vulnerables.<\/p>\n\n\n\n<p>Debemos buscar un equilibrio que asegure el bienestar de todos los ciudadanos, especialmente los m\u00e1s necesitados.<\/p>\n\n\n\n<p><strong>\u00bfA lo largo de tu trayectoria en la pol\u00edtica has sido objeto de cr\u00edtica y confrontaciones por tus creencias religiosas?<\/strong><\/p>\n\n\n\n<p>Claro que si en varias ocasiones, pero esas cr\u00edticas me impulsan mucho m\u00e1s a seguir trabajando por mejorar las condiciones de la poblaci\u00f3n, esas cr\u00edticas no me van a detener para seguir apoyando a los m\u00e1s desprotegidos. y en cuanto a las confrontaciones, como lo dice Mateo 5:9; &lt;Bienaventurados los pacificadores, porque ellos ser\u00e1n llamados hijos de Dios.&gt; todo lo tomo con la mejor aptitud y me impulsa a trabajar m\u00e1s por la justicia social, por la defensa de la vida, la familia, la clase trabajadora y buscar siempre la resoluci\u00f3n pac\u00edfica de los conflictos pol\u00edticos, sociales<\/p>\n\n\n\n<p><strong>\u00bfQu\u00e9 mensaje puedes darle a la Iglesia Cristiana en El Salvador?<\/strong><\/p>\n\n\n\n<p>La Iglesia Cristiana en El Salvador debe unirse m\u00e1s, puede influir en la creaci\u00f3n de pol\u00edticas p\u00fablicas que protejan los valores que compartimos. Dado que los cristianos evang\u00e9licos representamos m\u00e1s del 52% de la poblaci\u00f3n, tenemos una oportunidad hist\u00f3rica para influir en pol\u00edticas que protejan la familia, la ni\u00f1ez, las personas adultas mayores y con discapacidad, y erradiquen la violencia de g\u00e9nero. Estos deben ser nuestros primeros pasos para una participaci\u00f3n activa y efectiva.<\/p>\n\n\n\n<p><strong>\u00bfEn qu\u00e9 consideras que la Iglesia Cristiana deber\u00eda incidir?<\/strong><\/p>\n\n\n\n<p>Despu\u00e9s de abordar los temas sociales, la Iglesia debe trabajar en la generaci\u00f3n de transformaciones en asuntos econ\u00f3micos, laborales, ambientales y de gesti\u00f3n p\u00fablica. La pol\u00edtica es un servicio hacia los m\u00e1s vulnerables y una herramienta para alcanzar la plena dignidad de la persona humana. Buscamos el bien com\u00fan en todos los aspectos de la sociedad para lograr una verdadera justicia social.<\/p>\n\n\n\n<p><strong>Finalmente,<\/strong> <strong>\u00bfc\u00f3mo defines la pol\u00edtica en una frase?<\/strong><\/p>\n\n\n\n<p>La pol\u00edtica es servicio, el bien com\u00fan en todos los campos de la sociedad y una verdadera justicia social.<\/p>\n\n\n\n<p><em>Jos\u00e9 Andr\u00e9s Hern\u00e1ndez brinda una perspectiva sobre la importancia de integrar los principios y valores cristianos en la pol\u00edtica para construir un futuro m\u00e1s justo y digno. Su llamado a la acci\u00f3n es un recordatorio que cada uno tiene un papel que desempe\u00f1ar en la transformaci\u00f3n de la pol\u00edtica y la sociedad.<\/em><\/p>\n\n\n\n<figure class=\"wp-block-gallery has-nested-images columns-default is-cropped wp-block-gallery-1 is-layout-flex\">\n<figure class=\"wp-block-image size-large\"><img decoding=\"async\" loading=\"lazy\" width=\"768\" height=\"1024\" data-id=\"15431\"  src=\"https:\/\/laprensacristiana.com\/wp-content\/uploads\/2023\/11\/WhatsApp-Image-2023-10-20-at-21.19.56-1.jpeg\" alt=\"\" class=\"wp-image-15431\" srcset=\"https:\/\/laprensacristiana.com\/wp-content\/uploads\/2023\/11\/WhatsApp-Image-2023-10-20-at-21.19.56-1.jpeg 768w, https:\/\/laprensacristiana.com\/wp-content\/uploads\/2023\/11\/WhatsApp-Image-2023-10-20-at-21.19.56-1-225x300.jpeg 225w, https:\/\/laprensacristiana.com\/wp-content\/uploads\/2023\/11\/WhatsApp-Image-2023-10-20-at-21.19.56-1-696x928.jpeg 696w, https:\/\/laprensacristiana.com\/wp-content\/uploads\/2023\/11\/WhatsApp-Image-2023-10-20-at-21.19.56-1-600x800.jpeg 600w\" sizes=\"(max-width: 768px) 100vw, 768px\" \/><\/figure>\n\n\n\n<figure class=\"wp-block-image size-large\"><img decoding=\"async\" loading=\"lazy\" width=\"768\" height=\"1024\" data-id=\"15432\"  src=\"https:\/\/laprensacristiana.com\/wp-content\/uploads\/2023\/11\/WhatsApp-Image-2023-10-20-at-21.19.56.jpeg\" alt=\"\" class=\"wp-image-15432\" srcset=\"https:\/\/laprensacristiana.com\/wp-content\/uploads\/2023\/11\/WhatsApp-Image-2023-10-20-at-21.19.56.jpeg 768w, https:\/\/laprensacristiana.com\/wp-content\/uploads\/2023\/11\/WhatsApp-Image-2023-10-20-at-21.19.56-225x300.jpeg 225w, https:\/\/laprensacristiana.com\/wp-content\/uploads\/2023\/11\/WhatsApp-Image-2023-10-20-at-21.19.56-696x928.jpeg 696w, https:\/\/laprensacristiana.com\/wp-content\/uploads\/2023\/11\/WhatsApp-Image-2023-10-20-at-21.19.56-600x800.jpeg 600w\" sizes=\"(max-width: 768px) 100vw, 768px\" \/><\/figure>\n<\/figure>\n","protected":false},"excerpt":{"rendered":"<p>Jos\u00e9 Andr\u00e9s, \u00bfpor qu\u00e9 crees que la pol\u00edtica ha adquirido una imagen tan negativa en la mente de las personas? Lamentablemente la pol\u00edtica ha perdido credibilidad en los ojos del ciudadano promedio. Esto se debe a una serie de factores, como los continuos casos de defraudaci\u00f3n de fondos p\u00fablicos, la falta de transparencia, rendici\u00f3n de [&hellip;]<\/p>\n","protected":false},"author":3,"featured_media":15435,"comment_status":"open","ping_status":"open","sticky":false,"template":"","format":"standard","meta":[],"categories":[103],"tags":[],"yoast_head":"<!-- This site is optimized with the Yoast SEO plugin v20.8 - https:\/\/yoast.com\/wordpress\/plugins\/seo\/ -->\n<title>Jos\u00e9 Andr\u00e9s Hern\u00e1ndez: \u00abLa pol\u00edtica es un ministerio de servicio para honrar a Dios\u00bb - La Prensa Cristiana<\/title>\n<meta name=\"robots\" content=\"index, follow, max-snippet:-1, max-image-preview:large, max-video-preview:-1\" \/>\n<link rel=\"canonical\" href=\"https:\/\/laprensacristiana.com\/?p=15430\" \/>\n<meta property=\"og:locale\" content=\"es_ES\" \/>\n<meta property=\"og:type\" content=\"article\" \/>\n<meta property=\"og:title\" content=\"Jos\u00e9 Andr\u00e9s Hern\u00e1ndez: \u00abLa pol\u00edtica es un ministerio de servicio para honrar a Dios\u00bb - La Prensa Cristiana\" \/>\n<meta property=\"og:description\" content=\"Jos\u00e9 Andr\u00e9s, \u00bfpor qu\u00e9 crees que la pol\u00edtica ha adquirido una imagen tan negativa en la mente de las personas? Lamentablemente la pol\u00edtica ha perdido credibilidad en los ojos del ciudadano promedio. Esto se debe a una serie de factores, como los continuos casos de defraudaci\u00f3n de fondos p\u00fablicos, la falta de transparencia, rendici\u00f3n de [&hellip;]\" \/>\n<meta property=\"og:url\" content=\"https:\/\/laprensacristiana.com\/?p=15430\" \/>\n<meta property=\"og:site_name\" content=\"La Prensa Cristiana\" \/>\n<meta property=\"article:published_time\" content=\"2023-11-08T22:28:45+00:00\" \/>\n<meta property=\"article:modified_time\" content=\"2023-11-08T22:35:43+00:00\" \/>\n<meta property=\"og:image\" content=\"https:\/\/laprensacristiana.com\/wp-content\/uploads\/2023\/11\/PORTADA-JOSE-ANDRES-1024x614.png\" \/>\n\t<meta property=\"og:image:width\" content=\"1024\" \/>\n\t<meta property=\"og:image:height\" content=\"614\" \/>\n\t<meta property=\"og:image:type\" content=\"image\/png\" \/>\n<meta name=\"author\" content=\"EDITOR\" \/>\n<meta name=\"twitter:card\" content=\"summary_large_image\" \/>\n<meta name=\"twitter:label1\" content=\"Escrito por\" \/>\n\t<meta name=\"twitter:data1\" content=\"EDITOR\" \/>\n\t<meta name=\"twitter:label2\" content=\"Tiempo de lectura\" \/>\n\t<meta name=\"twitter:data2\" content=\"5 minutos\" \/>\n<script type=\"application\/ld+json\" class=\"yoast-schema-graph\">{\"@context\":\"https:\/\/schema.org\",\"@graph\":[{\"@type\":\"WebPage\",\"@id\":\"https:\/\/laprensacristiana.com\/?p=15430\",\"url\":\"https:\/\/laprensacristiana.com\/?p=15430\",\"name\":\"Jos\u00e9 Andr\u00e9s Hern\u00e1ndez: \u00abLa pol\u00edtica es un ministerio de servicio para honrar a Dios\u00bb - La Prensa Cristiana\",\"isPartOf\":{\"@id\":\"https:\/\/laprensacristiana.com\/#website\"},\"datePublished\":\"2023-11-08T22:28:45+00:00\",\"dateModified\":\"2023-11-08T22:35:43+00:00\",\"author\":{\"@id\":\"https:\/\/laprensacristiana.com\/#\/schema\/person\/3e7d82c6bfd6b1fa67010f8f7cd5256e\"},\"breadcrumb\":{\"@id\":\"https:\/\/laprensacristiana.com\/?p=15430#breadcrumb\"},\"inLanguage\":\"es\",\"potentialAction\":[{\"@type\":\"ReadAction\",\"target\":[\"https:\/\/laprensacristiana.com\/?p=15430\"]}]},{\"@type\":\"BreadcrumbList\",\"@id\":\"https:\/\/laprensacristiana.com\/?p=15430#breadcrumb\",\"itemListElement\":[{\"@type\":\"ListItem\",\"position\":1,\"name\":\"Portada\",\"item\":\"https:\/\/laprensacristiana.com\/\"},{\"@type\":\"ListItem\",\"position\":2,\"name\":\"Jos\u00e9 Andr\u00e9s Hern\u00e1ndez: \u00abLa pol\u00edtica es un ministerio de servicio para honrar a Dios\u00bb\"}]},{\"@type\":\"WebSite\",\"@id\":\"https:\/\/laprensacristiana.com\/#website\",\"url\":\"https:\/\/laprensacristiana.com\/\",\"name\":\"La Prensa Cristiana\",\"description\":\"Anunciando Las Buenas Nuevas\",\"potentialAction\":[{\"@type\":\"SearchAction\",\"target\":{\"@type\":\"EntryPoint\",\"urlTemplate\":\"https:\/\/laprensacristiana.com\/?s={search_term_string}\"},\"query-input\":\"required name=search_term_string\"}],\"inLanguage\":\"es\"},{\"@type\":\"Person\",\"@id\":\"https:\/\/laprensacristiana.com\/#\/schema\/person\/3e7d82c6bfd6b1fa67010f8f7cd5256e\",\"name\":\"EDITOR\",\"image\":{\"@type\":\"ImageObject\",\"inLanguage\":\"es\",\"@id\":\"https:\/\/laprensacristiana.com\/#\/schema\/person\/image\/\",\"url\":\"https:\/\/secure.gravatar.com\/avatar\/72069dfb6c13772d9e8381e3638666d2?s=96&d=mm&r=g\",\"contentUrl\":\"https:\/\/secure.gravatar.com\/avatar\/72069dfb6c13772d9e8381e3638666d2?s=96&d=mm&r=g\",\"caption\":\"EDITOR\"},\"url\":\"https:\/\/laprensacristiana.com\/?author=3\"}]}<\/script>\n<!-- \/ Yoast SEO plugin. -->","yoast_head_json":{"title":"Jos\u00e9 Andr\u00e9s Hern\u00e1ndez: \u00abLa pol\u00edtica es un ministerio de servicio para honrar a Dios\u00bb - La Prensa Cristiana","robots":{"index":"index","follow":"follow","max-snippet":"max-snippet:-1","max-image-preview":"max-image-preview:large","max-video-preview":"max-video-preview:-1"},"canonical":"https:\/\/laprensacristiana.com\/?p=15430","og_locale":"es_ES","og_type":"article","og_title":"Jos\u00e9 Andr\u00e9s Hern\u00e1ndez: \u00abLa pol\u00edtica es un ministerio de servicio para honrar a Dios\u00bb - La Prensa Cristiana","og_description":"Jos\u00e9 Andr\u00e9s, \u00bfpor qu\u00e9 crees que la pol\u00edtica ha adquirido una imagen tan negativa en la mente de las personas? Lamentablemente la pol\u00edtica ha perdido credibilidad en los ojos del ciudadano promedio. Esto se debe a una serie de factores, como los continuos casos de defraudaci\u00f3n de fondos p\u00fablicos, la falta de transparencia, rendici\u00f3n de [&hellip;]","og_url":"https:\/\/laprensacristiana.com\/?p=15430","og_site_name":"La Prensa Cristiana","article_published_time":"2023-11-08T22:28:45+00:00","article_modified_time":"2023-11-08T22:35:43+00:00","og_image":[{"width":1024,"height":614,"url":"https:\/\/laprensacristiana.com\/wp-content\/uploads\/2023\/11\/PORTADA-JOSE-ANDRES-1024x614.png","type":"image\/png"}],"author":"EDITOR","twitter_card":"summary_large_image","twitter_misc":{"Escrito por":"EDITOR","Tiempo de lectura":"5 minutos"},"schema":{"@context":"https:\/\/schema.org","@graph":[{"@type":"WebPage","@id":"https:\/\/laprensacristiana.com\/?p=15430","url":"https:\/\/laprensacristiana.com\/?p=15430","name":"Jos\u00e9 Andr\u00e9s Hern\u00e1ndez: \u00abLa pol\u00edtica es un ministerio de servicio para honrar a Dios\u00bb - La Prensa Cristiana","isPartOf":{"@id":"https:\/\/laprensacristiana.com\/#website"},"datePublished":"2023-11-08T22:28:45+00:00","dateModified":"2023-11-08T22:35:43+00:00","author":{"@id":"https:\/\/laprensacristiana.com\/#\/schema\/person\/3e7d82c6bfd6b1fa67010f8f7cd5256e"},"breadcrumb":{"@id":"https:\/\/laprensacristiana.com\/?p=15430#breadcrumb"},"inLanguage":"es","potentialAction":[{"@type":"ReadAction","target":["https:\/\/laprensacristiana.com\/?p=15430"]}]},{"@type":"BreadcrumbList","@id":"https:\/\/laprensacristiana.com\/?p=15430#breadcrumb","itemListElement":[{"@type":"ListItem","position":1,"name":"Portada","item":"https:\/\/laprensacristiana.com\/"},{"@type":"ListItem","position":2,"name":"Jos\u00e9 Andr\u00e9s Hern\u00e1ndez: \u00abLa pol\u00edtica es un ministerio de servicio para honrar a Dios\u00bb"}]},{"@type":"WebSite","@id":"https:\/\/laprensacristiana.com\/#website","url":"https:\/\/laprensacristiana.com\/","name":"La Prensa Cristiana","description":"Anunciando Las Buenas Nuevas","potentialAction":[{"@type":"SearchAction","target":{"@type":"EntryPoint","urlTemplate":"https:\/\/laprensacristiana.com\/?s={search_term_string}"},"query-input":"required name=search_term_string"}],"inLanguage":"es"},{"@type":"Person","@id":"https:\/\/laprensacristiana.com\/#\/schema\/person\/3e7d82c6bfd6b1fa67010f8f7cd5256e","name":"EDITOR","image":{"@type":"ImageObject","inLanguage":"es","@id":"https:\/\/laprensacristiana.com\/#\/schema\/person\/image\/","url":"https:\/\/secure.gravatar.com\/avatar\/72069dfb6c13772d9e8381e3638666d2?s=96&d=mm&r=g","contentUrl":"https:\/\/secure.gravatar.com\/avatar\/72069dfb6c13772d9e8381e3638666d2?s=96&d=mm&r=g","caption":"EDITOR"},"url":"https:\/\/laprensacristiana.com\/?author=3"}]}},"_links":{"self":[{"href":"https:\/\/laprensacristiana.com\/index.php?rest_route=\/wp\/v2\/posts\/15430"}],"collection":[{"href":"https:\/\/laprensacristiana.com\/index.php?rest_route=\/wp\/v2\/posts"}],"about":[{"href":"https:\/\/laprensacristiana.com\/index.php?rest_route=\/wp\/v2\/types\/post"}],"author":[{"embeddable":true,"href":"https:\/\/laprensacristiana.com\/index.php?rest_route=\/wp\/v2\/users\/3"}],"replies":[{"embeddable":true,"href":"https:\/\/laprensacristiana.com\/index.php?rest_route=%2Fwp%2Fv2%2Fcomments&post=15430"}],"version-history":[{"count":1,"href":"https:\/\/laprensacristiana.com\/index.php?rest_route=\/wp\/v2\/posts\/15430\/revisions"}],"predecessor-version":[{"id":15433,"href":"https:\/\/laprensacristiana.com\/index.php?rest_route=\/wp\/v2\/posts\/15430\/revisions\/15433"}],"wp:featuredmedia":[{"embeddable":true,"href":"https:\/\/laprensacristiana.com\/index.php?rest_route=\/wp\/v2\/media\/15435"}],"wp:attachment":[{"href":"https:\/\/laprensacristiana.com\/index.php?rest_route=%2Fwp%2Fv2%2Fmedia&parent=15430"}],"wp:term":[{"taxonomy":"category","embeddable":true,"href":"https:\/\/laprensacristiana.com\/index.php?rest_route=%2Fwp%2Fv2%2Fcategories&post=15430"},{"taxonomy":"post_tag","embeddable":true,"href":"https:\/\/laprensacristiana.com\/index.php?rest_route=%2Fwp%2Fv2%2Ftags&post=15430"}],"curies":[{"name":"wp","href":"https:\/\/api.w.org\/{rel}","templated":true}]}}