{"id":15445,"date":"2023-11-21T19:48:16","date_gmt":"2023-11-21T19:48:16","guid":{"rendered":"https:\/\/laprensacristiana.com\/?p=15445"},"modified":"2023-11-21T19:48:17","modified_gmt":"2023-11-21T19:48:17","slug":"diputados-proponen-dia-nacional-del-pastor-evangelico-salvadoreno","status":"publish","type":"post","link":"https:\/\/laprensacristiana.com\/?p=15445","title":{"rendered":"Diputados proponen: \u201cD\u00eda Nacional del Pastor Evang\u00e9lico Salvadore\u00f1o\u201d"},"content":{"rendered":"\n<p><span style=\"background-color:#919494\" class=\"td_text_highlight_marker\">Por: Luis Medina | La Prensa Cristiana <\/span><\/p>\n\n\n\n<p>En el marco del Dia Nacional de la Oraci\u00f3n, decretado el 17 de noviembre del a\u00f1o 2020, por el presidente de la Republica de El Salvador, Nayib Bukele, ante la amenaza de la tormenta Iota, quedo establecido esta fecha como un d\u00eda especial de oraci\u00f3n por el pa\u00eds, bajo esa perspectiva el d\u00eda de hoy en la sesi\u00f3n plenaria #133 de la Asamblea Legislativa, la primera parte fue dedicada a Dios, a trav\u00e9s de la asistencia de pastores de distintas denominaciones al sal\u00f3n azul.<\/p>\n\n\n\n<p>Con un amplio grupo de representantes de la Iglesia Cristiana Evang\u00e9lica, el presidente de la Asamblea Legislativa, Ernesto Castro dio un anuncio en favor de la iglesia: \u201cCon mucha admiraci\u00f3n y agradecimiento a ese trabajo, anuncio que, por iniciativa de los legisladores de Nuevas Ideas, solicitaremos que se declare el 5 de diciembre D\u00eda Nacional del Pastor Evang\u00e9lico Salvadore\u00f1o\u201d.<\/p>\n\n\n\n<figure class=\"wp-block-image size-large is-resized\"><img decoding=\"async\" loading=\"lazy\" src=\"https:\/\/laprensacristiana.com\/wp-content\/uploads\/2023\/11\/F_et4dsXQAAffJR-1024x683.jpg\" alt=\"\" class=\"wp-image-15447\" width=\"748\" height=\"498\" srcset=\"https:\/\/laprensacristiana.com\/wp-content\/uploads\/2023\/11\/F_et4dsXQAAffJR-1024x683.jpg 1024w, https:\/\/laprensacristiana.com\/wp-content\/uploads\/2023\/11\/F_et4dsXQAAffJR-300x200.jpg 300w, https:\/\/laprensacristiana.com\/wp-content\/uploads\/2023\/11\/F_et4dsXQAAffJR-768x512.jpg 768w, https:\/\/laprensacristiana.com\/wp-content\/uploads\/2023\/11\/F_et4dsXQAAffJR-1536x1025.jpg 1536w, https:\/\/laprensacristiana.com\/wp-content\/uploads\/2023\/11\/F_et4dsXQAAffJR-696x464.jpg 696w, https:\/\/laprensacristiana.com\/wp-content\/uploads\/2023\/11\/F_et4dsXQAAffJR-1068x712.jpg 1068w, https:\/\/laprensacristiana.com\/wp-content\/uploads\/2023\/11\/F_et4dsXQAAffJR-1920x1281.jpg 1920w, https:\/\/laprensacristiana.com\/wp-content\/uploads\/2023\/11\/F_et4dsXQAAffJR-600x400.jpg 600w, https:\/\/laprensacristiana.com\/wp-content\/uploads\/2023\/11\/F_et4dsXQAAffJR.jpg 2048w\" sizes=\"(max-width: 748px) 100vw, 748px\" \/><figcaption class=\"wp-element-caption\">Ernesto Castro, presidente Asamblea Legislativa | Foto cortes\u00eda: Asamblea Legislativa de El Salvador <\/figcaption><\/figure>\n\n\n\n<p>Seg\u00fan los parlamentarios, el trabajo desarrollado por la iglesia evang\u00e9lica durante d\u00e9cadas merece ser reconocida, un trabajo que ha estado presente en las comunidades a lo largo y ancho del territorio nacional.<\/p>\n\n\n\n<p>\u201cLas oraciones han salvado la vida de muchos salvadore\u00f1os, sobre todo cuando el Estado no ofrec\u00eda las m\u00ednimas condiciones de seguridad. La iglesia ha aportado mucho en el tema de prevenci\u00f3n de la violencia\u201d, se\u00f1al\u00f3 la diputada de Nuevas Ideas, Dania Gonz\u00e1lez. &nbsp;<\/p>\n\n\n\n<p>Tambi\u00e9n mediante la pieza de correspondencia 1A, homologaron el decreto #161, en el que se declaraba el 23 de noviembre el D\u00eda Nacional de la Oraci\u00f3n aprobado en 2003, y el 17 de noviembre decretado por el presidente de la Rep\u00fablica en el a\u00f1o 2020, con esta piza se establece una sola fecha que ser\u00eda: el 17 de noviembre de cada a\u00f1o como: \u201cD\u00eda Nacional de la Oraci\u00f3n\u201d.<\/p>\n\n\n\n<figure class=\"wp-block-image size-large\"><img decoding=\"async\" loading=\"lazy\" width=\"1024\" height=\"703\" src=\"https:\/\/laprensacristiana.com\/wp-content\/uploads\/2023\/11\/F_et4dtXcAATp-o-1024x703.jpg\" alt=\"\" class=\"wp-image-15448\" srcset=\"https:\/\/laprensacristiana.com\/wp-content\/uploads\/2023\/11\/F_et4dtXcAATp-o-1024x703.jpg 1024w, https:\/\/laprensacristiana.com\/wp-content\/uploads\/2023\/11\/F_et4dtXcAATp-o-300x206.jpg 300w, https:\/\/laprensacristiana.com\/wp-content\/uploads\/2023\/11\/F_et4dtXcAATp-o-768x527.jpg 768w, https:\/\/laprensacristiana.com\/wp-content\/uploads\/2023\/11\/F_et4dtXcAATp-o-1536x1055.jpg 1536w, https:\/\/laprensacristiana.com\/wp-content\/uploads\/2023\/11\/F_et4dtXcAATp-o-218x150.jpg 218w, https:\/\/laprensacristiana.com\/wp-content\/uploads\/2023\/11\/F_et4dtXcAATp-o-696x478.jpg 696w, https:\/\/laprensacristiana.com\/wp-content\/uploads\/2023\/11\/F_et4dtXcAATp-o-1068x733.jpg 1068w, https:\/\/laprensacristiana.com\/wp-content\/uploads\/2023\/11\/F_et4dtXcAATp-o-1920x1318.jpg 1920w, https:\/\/laprensacristiana.com\/wp-content\/uploads\/2023\/11\/F_et4dtXcAATp-o-600x412.jpg 600w, https:\/\/laprensacristiana.com\/wp-content\/uploads\/2023\/11\/F_et4dtXcAATp-o.jpg 2048w\" sizes=\"(max-width: 1024px) 100vw, 1024px\" \/><figcaption class=\"wp-element-caption\">Pastores de distintas denominaciones del pa\u00eds en Asamblea Legislativa | Foto cortes\u00eda: Asamblea Legislativa de El Salvador <\/figcaption><\/figure>\n","protected":false},"excerpt":{"rendered":"<p>Por: Luis Medina | La Prensa Cristiana En el marco del Dia Nacional de la Oraci\u00f3n, decretado el 17 de noviembre del a\u00f1o 2020, por el presidente de la Republica de El Salvador, Nayib Bukele, ante la amenaza de la tormenta Iota, quedo establecido esta fecha como un d\u00eda especial de oraci\u00f3n por el pa\u00eds, [&hellip;]<\/p>\n","protected":false},"author":3,"featured_media":15446,"comment_status":"open","ping_status":"open","sticky":false,"template":"","format":"standard","meta":[],"categories":[56],"tags":[],"yoast_head":"<!-- This site is optimized with the Yoast SEO plugin v20.8 - https:\/\/yoast.com\/wordpress\/plugins\/seo\/ -->\n<title>Diputados proponen: \u201cD\u00eda Nacional del Pastor Evang\u00e9lico Salvadore\u00f1o\u201d - La Prensa Cristiana<\/title>\n<meta name=\"robots\" content=\"index, follow, max-snippet:-1, max-image-preview:large, max-video-preview:-1\" \/>\n<link rel=\"canonical\" href=\"https:\/\/laprensacristiana.com\/?p=15445\" \/>\n<meta property=\"og:locale\" content=\"es_ES\" \/>\n<meta property=\"og:type\" content=\"article\" \/>\n<meta property=\"og:title\" content=\"Diputados proponen: \u201cD\u00eda Nacional del Pastor Evang\u00e9lico Salvadore\u00f1o\u201d - La Prensa Cristiana\" \/>\n<meta property=\"og:description\" content=\"Por: Luis Medina | La Prensa Cristiana En el marco del Dia Nacional de la Oraci\u00f3n, decretado el 17 de noviembre del a\u00f1o 2020, por el presidente de la Republica de El Salvador, Nayib Bukele, ante la amenaza de la tormenta Iota, quedo establecido esta fecha como un d\u00eda especial de oraci\u00f3n por el pa\u00eds, [&hellip;]\" \/>\n<meta property=\"og:url\" content=\"https:\/\/laprensacristiana.com\/?p=15445\" \/>\n<meta property=\"og:site_name\" content=\"La Prensa Cristiana\" \/>\n<meta property=\"article:published_time\" content=\"2023-11-21T19:48:16+00:00\" \/>\n<meta property=\"article:modified_time\" content=\"2023-11-21T19:48:17+00:00\" \/>\n<meta property=\"og:image\" content=\"https:\/\/laprensacristiana.com\/wp-content\/uploads\/2023\/11\/F_emSs8WUAAn-17.jpg\" \/>\n\t<meta property=\"og:image:width\" content=\"1024\" \/>\n\t<meta property=\"og:image:height\" content=\"628\" \/>\n\t<meta property=\"og:image:type\" content=\"image\/jpeg\" \/>\n<meta name=\"author\" content=\"EDITOR\" \/>\n<meta name=\"twitter:card\" content=\"summary_large_image\" \/>\n<meta name=\"twitter:label1\" content=\"Escrito por\" \/>\n\t<meta name=\"twitter:data1\" content=\"EDITOR\" \/>\n\t<meta name=\"twitter:label2\" content=\"Tiempo de lectura\" \/>\n\t<meta name=\"twitter:data2\" content=\"2 minutos\" \/>\n<script type=\"application\/ld+json\" class=\"yoast-schema-graph\">{\"@context\":\"https:\/\/schema.org\",\"@graph\":[{\"@type\":\"WebPage\",\"@id\":\"https:\/\/laprensacristiana.com\/?p=15445\",\"url\":\"https:\/\/laprensacristiana.com\/?p=15445\",\"name\":\"Diputados proponen: \u201cD\u00eda Nacional del Pastor Evang\u00e9lico Salvadore\u00f1o\u201d - La Prensa Cristiana\",\"isPartOf\":{\"@id\":\"https:\/\/laprensacristiana.com\/#website\"},\"datePublished\":\"2023-11-21T19:48:16+00:00\",\"dateModified\":\"2023-11-21T19:48:17+00:00\",\"author\":{\"@id\":\"https:\/\/laprensacristiana.com\/#\/schema\/person\/3e7d82c6bfd6b1fa67010f8f7cd5256e\"},\"breadcrumb\":{\"@id\":\"https:\/\/laprensacristiana.com\/?p=15445#breadcrumb\"},\"inLanguage\":\"es\",\"potentialAction\":[{\"@type\":\"ReadAction\",\"target\":[\"https:\/\/laprensacristiana.com\/?p=15445\"]}]},{\"@type\":\"BreadcrumbList\",\"@id\":\"https:\/\/laprensacristiana.com\/?p=15445#breadcrumb\",\"itemListElement\":[{\"@type\":\"ListItem\",\"position\":1,\"name\":\"Portada\",\"item\":\"https:\/\/laprensacristiana.com\/\"},{\"@type\":\"ListItem\",\"position\":2,\"name\":\"Diputados proponen: \u201cD\u00eda Nacional del Pastor Evang\u00e9lico Salvadore\u00f1o\u201d\"}]},{\"@type\":\"WebSite\",\"@id\":\"https:\/\/laprensacristiana.com\/#website\",\"url\":\"https:\/\/laprensacristiana.com\/\",\"name\":\"La Prensa Cristiana\",\"description\":\"Anunciando Las Buenas Nuevas\",\"potentialAction\":[{\"@type\":\"SearchAction\",\"target\":{\"@type\":\"EntryPoint\",\"urlTemplate\":\"https:\/\/laprensacristiana.com\/?s={search_term_string}\"},\"query-input\":\"required name=search_term_string\"}],\"inLanguage\":\"es\"},{\"@type\":\"Person\",\"@id\":\"https:\/\/laprensacristiana.com\/#\/schema\/person\/3e7d82c6bfd6b1fa67010f8f7cd5256e\",\"name\":\"EDITOR\",\"image\":{\"@type\":\"ImageObject\",\"inLanguage\":\"es\",\"@id\":\"https:\/\/laprensacristiana.com\/#\/schema\/person\/image\/\",\"url\":\"https:\/\/secure.gravatar.com\/avatar\/72069dfb6c13772d9e8381e3638666d2?s=96&d=mm&r=g\",\"contentUrl\":\"https:\/\/secure.gravatar.com\/avatar\/72069dfb6c13772d9e8381e3638666d2?s=96&d=mm&r=g\",\"caption\":\"EDITOR\"},\"url\":\"https:\/\/laprensacristiana.com\/?author=3\"}]}<\/script>\n<!-- \/ Yoast SEO plugin. -->","yoast_head_json":{"title":"Diputados proponen: \u201cD\u00eda Nacional del Pastor Evang\u00e9lico Salvadore\u00f1o\u201d - La Prensa Cristiana","robots":{"index":"index","follow":"follow","max-snippet":"max-snippet:-1","max-image-preview":"max-image-preview:large","max-video-preview":"max-video-preview:-1"},"canonical":"https:\/\/laprensacristiana.com\/?p=15445","og_locale":"es_ES","og_type":"article","og_title":"Diputados proponen: \u201cD\u00eda Nacional del Pastor Evang\u00e9lico Salvadore\u00f1o\u201d - La Prensa Cristiana","og_description":"Por: Luis Medina | La Prensa Cristiana En el marco del Dia Nacional de la Oraci\u00f3n, decretado el 17 de noviembre del a\u00f1o 2020, por el presidente de la Republica de El Salvador, Nayib Bukele, ante la amenaza de la tormenta Iota, quedo establecido esta fecha como un d\u00eda especial de oraci\u00f3n por el pa\u00eds, [&hellip;]","og_url":"https:\/\/laprensacristiana.com\/?p=15445","og_site_name":"La Prensa Cristiana","article_published_time":"2023-11-21T19:48:16+00:00","article_modified_time":"2023-11-21T19:48:17+00:00","og_image":[{"width":1024,"height":628,"url":"https:\/\/laprensacristiana.com\/wp-content\/uploads\/2023\/11\/F_emSs8WUAAn-17.jpg","type":"image\/jpeg"}],"author":"EDITOR","twitter_card":"summary_large_image","twitter_misc":{"Escrito por":"EDITOR","Tiempo de lectura":"2 minutos"},"schema":{"@context":"https:\/\/schema.org","@graph":[{"@type":"WebPage","@id":"https:\/\/laprensacristiana.com\/?p=15445","url":"https:\/\/laprensacristiana.com\/?p=15445","name":"Diputados proponen: \u201cD\u00eda Nacional del Pastor Evang\u00e9lico Salvadore\u00f1o\u201d - La Prensa Cristiana","isPartOf":{"@id":"https:\/\/laprensacristiana.com\/#website"},"datePublished":"2023-11-21T19:48:16+00:00","dateModified":"2023-11-21T19:48:17+00:00","author":{"@id":"https:\/\/laprensacristiana.com\/#\/schema\/person\/3e7d82c6bfd6b1fa67010f8f7cd5256e"},"breadcrumb":{"@id":"https:\/\/laprensacristiana.com\/?p=15445#breadcrumb"},"inLanguage":"es","potentialAction":[{"@type":"ReadAction","target":["https:\/\/laprensacristiana.com\/?p=15445"]}]},{"@type":"BreadcrumbList","@id":"https:\/\/laprensacristiana.com\/?p=15445#breadcrumb","itemListElement":[{"@type":"ListItem","position":1,"name":"Portada","item":"https:\/\/laprensacristiana.com\/"},{"@type":"ListItem","position":2,"name":"Diputados proponen: \u201cD\u00eda Nacional del Pastor Evang\u00e9lico Salvadore\u00f1o\u201d"}]},{"@type":"WebSite","@id":"https:\/\/laprensacristiana.com\/#website","url":"https:\/\/laprensacristiana.com\/","name":"La Prensa Cristiana","description":"Anunciando Las Buenas Nuevas","potentialAction":[{"@type":"SearchAction","target":{"@type":"EntryPoint","urlTemplate":"https:\/\/laprensacristiana.com\/?s={search_term_string}"},"query-input":"required name=search_term_string"}],"inLanguage":"es"},{"@type":"Person","@id":"https:\/\/laprensacristiana.com\/#\/schema\/person\/3e7d82c6bfd6b1fa67010f8f7cd5256e","name":"EDITOR","image":{"@type":"ImageObject","inLanguage":"es","@id":"https:\/\/laprensacristiana.com\/#\/schema\/person\/image\/","url":"https:\/\/secure.gravatar.com\/avatar\/72069dfb6c13772d9e8381e3638666d2?s=96&d=mm&r=g","contentUrl":"https:\/\/secure.gravatar.com\/avatar\/72069dfb6c13772d9e8381e3638666d2?s=96&d=mm&r=g","caption":"EDITOR"},"url":"https:\/\/laprensacristiana.com\/?author=3"}]}},"_links":{"self":[{"href":"https:\/\/laprensacristiana.com\/index.php?rest_route=\/wp\/v2\/posts\/15445"}],"collection":[{"href":"https:\/\/laprensacristiana.com\/index.php?rest_route=\/wp\/v2\/posts"}],"about":[{"href":"https:\/\/laprensacristiana.com\/index.php?rest_route=\/wp\/v2\/types\/post"}],"author":[{"embeddable":true,"href":"https:\/\/laprensacristiana.com\/index.php?rest_route=\/wp\/v2\/users\/3"}],"replies":[{"embeddable":true,"href":"https:\/\/laprensacristiana.com\/index.php?rest_route=%2Fwp%2Fv2%2Fcomments&post=15445"}],"version-history":[{"count":1,"href":"https:\/\/laprensacristiana.com\/index.php?rest_route=\/wp\/v2\/posts\/15445\/revisions"}],"predecessor-version":[{"id":15449,"href":"https:\/\/laprensacristiana.com\/index.php?rest_route=\/wp\/v2\/posts\/15445\/revisions\/15449"}],"wp:featuredmedia":[{"embeddable":true,"href":"https:\/\/laprensacristiana.com\/index.php?rest_route=\/wp\/v2\/media\/15446"}],"wp:attachment":[{"href":"https:\/\/laprensacristiana.com\/index.php?rest_route=%2Fwp%2Fv2%2Fmedia&parent=15445"}],"wp:term":[{"taxonomy":"category","embeddable":true,"href":"https:\/\/laprensacristiana.com\/index.php?rest_route=%2Fwp%2Fv2%2Fcategories&post=15445"},{"taxonomy":"post_tag","embeddable":true,"href":"https:\/\/laprensacristiana.com\/index.php?rest_route=%2Fwp%2Fv2%2Ftags&post=15445"}],"curies":[{"name":"wp","href":"https:\/\/api.w.org\/{rel}","templated":true}]}}