{"id":15452,"date":"2023-12-02T01:07:32","date_gmt":"2023-12-02T01:07:32","guid":{"rendered":"https:\/\/laprensacristiana.com\/?p=15452"},"modified":"2023-12-02T01:07:33","modified_gmt":"2023-12-02T01:07:33","slug":"forjando-el-cambio-con-valores","status":"publish","type":"post","link":"https:\/\/laprensacristiana.com\/?p=15452","title":{"rendered":"Forjando el cambio con valores"},"content":{"rendered":"\n<p>Su trabajo de apoyo a los diferentes sectores y de ayuda a las comunidades es algo<br>que caracterizan a Jos\u00e9 Andr\u00e9s Hern\u00e1ndez, por siempre estar pendiente de las<br>necesidades de su pr\u00f3jimo y por trabajar e impulsar el desarrollo econ\u00f3mico,<br>humano y social.<br>Pero<strong><em> \u00bfQui\u00e9n es Jos\u00e9 Andr\u00e9s Hern\u00e1ndez?<\/em><\/strong> La Prensa Cristiana realiz\u00f3 una entrevista<br>para conocer m\u00e1s de cerca su vida, a qu\u00e9 se dedica y cu\u00e1l ha sido su papel en la palestra p\u00fablica.<br>Nacido en Santa Rosa de Lima un 13 de marzo, hijo de Jos\u00e9 Silverio Hern\u00e1ndez<br>(QEPD) y Victorina Ventura de Hern\u00e1ndez, licenciado en Administraci\u00f3n de<br>empresa, padre de 2 hijos (Jos\u00e9 y V\u00edctor) quienes son su inspiraci\u00f3n para ser una<br>mejor persona y buscar un mejor pa\u00eds. Un hombre emprendedor que viene de una<br>familia muy trabajadora, que dentro del municipio de Mejicanos su padre fund\u00f3<br>una de las empresas m\u00e1s reconocidas a nivel Regional en la elaboraci\u00f3n de productos<br>alimenticios, que actualmente genera aproximadamente 400 empleos directos,<br>impulsando el desarrollo econ\u00f3mico, humano y siendo de apoyo a emprendedores.<br><\/p>\n\n\n\n<p><strong>\u00bfDe d\u00f3nde nace su esp\u00edritu de servicio?<\/strong> Pues uno siempre sigue las ense\u00f1anzas<br>que le dan sus padres, lo que uno ve es lo que replica y el servir es el ejemplo que<br>me dieron mis padres, yo solo continuo con el legado de lo que ellos siempre nos<br>inculcaron poder ayudar y servir a nuestro pr\u00f3jimo.<\/p>\n\n\n\n<p><br><strong>\u00bfUsted fue funcionario p\u00fablico, que lo llev\u00f3 aceptar ese reto?<\/strong><br>Si, nunca pens\u00e9 que llegar\u00eda a ser funcionario p\u00fablico, ya que al igual que la<br>mayor\u00eda de salvadore\u00f1os me sent\u00eda decepcionando de la clase pol\u00edtica que<br>tradicionalmente han buscado servirse y no servir al pa\u00eds; y despu\u00e9s de recibir<br>invitaciones de diferentes partidos pol\u00edticos y de haber rechazado estas invitaciones<br>en el 2009 y en 2012 tome la decisi\u00f3n de aceptar el reto. Yo soy un hombre de retos<br>grandes y en a\u00f1o 2014 me buscaron para ser candidato alcalde del municipio que<br>me vio crecer, que en ese momento atravesaba un serio problema con la basura. Y<br>fue ah\u00ed que de ese problema vi una oportunidad y aunque muchos me dec\u00edan que<br>era muy mala idea, el amor hacia el municipio y su gente me impulso a aceptar ese<br>reto; sab\u00eda que de la mano de Dios pod\u00edamos salir adelante. Trabajamos<br>arduamente, pusimos de moda las jornadas nocturnas de recolecci\u00f3n de basura,<br>entre otras cosas. Aun as\u00ed, no logramos quedar como alcaldes, pero contra todo<br>pron\u00f3stico la sorpresa fue que logramos sacar casi 24 mil votos algo que nunca<br>antes un candidato del partido con el que particip\u00e9 hab\u00eda logrado, quedando, as\u00ed como<br>miembros del concejo plural de Mejicanos.<\/p>\n\n\n\n<p><br>Desde el primer d\u00eda despu\u00e9s de la elecci\u00f3n en el a\u00f1o 2015 continuamos en territorio<br>y las visitas constantes a las comunidades, a seguir apoyando y escuchando de<br>primera mano las necesidades. Pero como dice su palabra \u201cDios tiene su propio<br>sentido del tiempo: \u00ab\u2026 para el Se\u00f1or un d\u00eda es como mil a\u00f1os, y mil a\u00f1os como un<br>d\u00eda\u00bb (2 Pedro 3:8). Tiene un tiempo perfecto: nunca es temprano ni nunca es tarde.<br>Dios nunca tiene prisa, pero siempre llega a tiempo\u201d. Y fue as\u00ed como en el a\u00f1o 2018<br>qued\u00e9 como diputado de la Asamblea Legislativa, una gran experiencia y<br>responsabilidad en la que tienes que fortalecer tus principios y valores, honrando a<br>Dios con tu trabajo, manteniendo la \u00e9tica, y sobre todo trabajar a beneficio de las<br>mayor\u00edas.<\/p>\n\n\n\n<p><br><strong>\u00bfC\u00f3mo fue su experiencia siendo funcionario?<\/strong><br>Desde el primer momento que fui electo en un cargo p\u00fablico, <strong>TRAT\u00c9 DE MARCAR<br>LA DIFERENCIA<\/strong>, porque un funcionario p\u00fablico tiene que estar al servicio de las<br>personas, actuar con rectitud y transparencia. Mantuve siempre mi contacto con<br>las comunidades y al servicio de ellas, no aparec\u00ed solo en \u00e9poca de campa\u00f1a a pedir<br>el voto como suelen hacer, ni me sub\u00ed a obras de los gobiernos municipales o<br>centrales haciendo ver como que eran mis proyectos como muchos acostumbran.<br>Siempre trat\u00e9 de Transparentar y rendir cuentas de todo lo que recib\u00eda, durante<br>ese tiempo todo mis ingresos como funcionario y m\u00e1s fueron regresados en obras,<br>paviment\u00e9 7 calles dentro del municipio de Mejicanos y apoy\u00e9 con la reparaci\u00f3n de<br>muchas calles en otros municipios, apoyamos a los ni\u00f1os y j\u00f3venes en el deporte,<br>a las comunidades con pipas con agua, colaboramos constante con las iglesias cristianas, nunca acept\u00e9 vi\u00e1ticos para viajes oficiales, mis permisos fueron siempre<br>sin goce de sueldo, renunci\u00e9 al seguro de vida, tuve un solo PPI de cuatro<br>permitidos, no tuve pasaporte diplom\u00e1tico y mi presupuesto fue de los menores<br>que ha tenido asignando un diputado, no me pregunte \u00bfpor qu\u00e9? Pero as\u00ed fue.<br>Pero eso nunca me detuvo, yo ten\u00eda muy claro a lo que hab\u00eda llegado y contra viento<br>y marea, Dios nunca me dej\u00f3 a pesar que muchas veces la gente del partido al que<br>representaba me daba la espalda; \u00c9l siempre pon\u00eda \u00e1ngeles que me apoyaban, fue<br>as\u00ed como logr\u00e9 durante los 3 a\u00f1os que estuve en la asamblea que se realizara el D\u00eda<br>Nacional de la Oraci\u00f3n dentro del palacio Legislativo, logrando as\u00ed la participaci\u00f3n<br>de la mayor\u00eda de pastores de casi todas las denominaciones cristianas, logre que se<br>aprobara la Reforma a la Ley de Seguro Social para cobertura m\u00e9dica de los hijos<br>de nuestros hermanos trabajadores hasta los 18 a\u00f1os, visibilizamos a nuestros<br>hermanos con esclerosis m\u00faltiple, entre otras iniciativas que en total fueron 121<br>las presentadas por este servidor todas a beneficio de la poblaci\u00f3n salvadore\u00f1a.<\/p>\n\n\n\n<p><br><strong>\u00bfQu\u00e9 consejo le podr\u00eda dar usted a los funcionarios p\u00fablicos?<\/strong><br>Que mantengan la humildad, la \u00e9tica, los principios y valores, que siempre est\u00e9n<br>al servicio del pueblo, que gobiernen en beneficio del bien com\u00fan, que sean<br>propositivos y transparentes; que recuerden que un gobernante no debe elevar su<br>coraz\u00f3n sobre sus hermanos (no debe enaltecerse, no debe ser egoc\u00e9ntrico,<br>orgulloso, soberbio, prepotente y arrogante). Cuando un gobernante hace eso<br>deja de servir a su pueblo y esa misma actitud que tenga un gobernante es la que<br>van a tener sus servidores (Prov. 29:12). Pero sobre todo que tengan a Dios como<br>centro de sus proyectos.<\/p>\n\n\n\n<figure class=\"wp-block-gallery has-nested-images columns-default is-cropped wp-block-gallery-1 is-layout-flex\">\n<figure class=\"wp-block-image size-large\"><img decoding=\"async\" loading=\"lazy\" width=\"1024\" height=\"1024\" data-id=\"15458\"  src=\"https:\/\/laprensacristiana.com\/wp-content\/uploads\/2023\/12\/JA6-1024x1024.jpeg\" alt=\"\" class=\"wp-image-15458\" srcset=\"https:\/\/laprensacristiana.com\/wp-content\/uploads\/2023\/12\/JA6-1024x1024.jpeg 1024w, https:\/\/laprensacristiana.com\/wp-content\/uploads\/2023\/12\/JA6-300x300.jpeg 300w, https:\/\/laprensacristiana.com\/wp-content\/uploads\/2023\/12\/JA6-150x150.jpeg 150w, https:\/\/laprensacristiana.com\/wp-content\/uploads\/2023\/12\/JA6-768x768.jpeg 768w, https:\/\/laprensacristiana.com\/wp-content\/uploads\/2023\/12\/JA6-696x696.jpeg 696w, https:\/\/laprensacristiana.com\/wp-content\/uploads\/2023\/12\/JA6-1068x1068.jpeg 1068w, https:\/\/laprensacristiana.com\/wp-content\/uploads\/2023\/12\/JA6-600x600.jpeg 600w, https:\/\/laprensacristiana.com\/wp-content\/uploads\/2023\/12\/JA6-100x100.jpeg 100w, https:\/\/laprensacristiana.com\/wp-content\/uploads\/2023\/12\/JA6.jpeg 1280w\" sizes=\"(max-width: 1024px) 100vw, 1024px\" \/><\/figure>\n\n\n\n<figure class=\"wp-block-image size-large\"><img decoding=\"async\" loading=\"lazy\" width=\"845\" height=\"793\" data-id=\"15454\"  src=\"https:\/\/laprensacristiana.com\/wp-content\/uploads\/2023\/12\/JA5.jpeg\" alt=\"\" class=\"wp-image-15454\" srcset=\"https:\/\/laprensacristiana.com\/wp-content\/uploads\/2023\/12\/JA5.jpeg 845w, https:\/\/laprensacristiana.com\/wp-content\/uploads\/2023\/12\/JA5-300x282.jpeg 300w, https:\/\/laprensacristiana.com\/wp-content\/uploads\/2023\/12\/JA5-768x721.jpeg 768w, https:\/\/laprensacristiana.com\/wp-content\/uploads\/2023\/12\/JA5-696x653.jpeg 696w, https:\/\/laprensacristiana.com\/wp-content\/uploads\/2023\/12\/JA5-600x563.jpeg 600w\" sizes=\"(max-width: 845px) 100vw, 845px\" \/><\/figure>\n\n\n\n<figure class=\"wp-block-image size-large\"><img decoding=\"async\" loading=\"lazy\" width=\"1024\" height=\"499\" data-id=\"15456\"  src=\"https:\/\/laprensacristiana.com\/wp-content\/uploads\/2023\/12\/JA4-1024x499.jpeg\" alt=\"\" class=\"wp-image-15456\" srcset=\"https:\/\/laprensacristiana.com\/wp-content\/uploads\/2023\/12\/JA4-1024x499.jpeg 1024w, https:\/\/laprensacristiana.com\/wp-content\/uploads\/2023\/12\/JA4-300x146.jpeg 300w, https:\/\/laprensacristiana.com\/wp-content\/uploads\/2023\/12\/JA4-768x374.jpeg 768w, https:\/\/laprensacristiana.com\/wp-content\/uploads\/2023\/12\/JA4-696x339.jpeg 696w, https:\/\/laprensacristiana.com\/wp-content\/uploads\/2023\/12\/JA4-1068x520.jpeg 1068w, https:\/\/laprensacristiana.com\/wp-content\/uploads\/2023\/12\/JA4-600x292.jpeg 600w, https:\/\/laprensacristiana.com\/wp-content\/uploads\/2023\/12\/JA4.jpeg 1080w\" sizes=\"(max-width: 1024px) 100vw, 1024px\" \/><\/figure>\n\n\n\n<figure class=\"wp-block-image size-large\"><img decoding=\"async\" loading=\"lazy\" width=\"848\" height=\"813\" data-id=\"15455\"  src=\"https:\/\/laprensacristiana.com\/wp-content\/uploads\/2023\/12\/JA3.jpeg\" alt=\"\" class=\"wp-image-15455\" srcset=\"https:\/\/laprensacristiana.com\/wp-content\/uploads\/2023\/12\/JA3.jpeg 848w, https:\/\/laprensacristiana.com\/wp-content\/uploads\/2023\/12\/JA3-300x288.jpeg 300w, https:\/\/laprensacristiana.com\/wp-content\/uploads\/2023\/12\/JA3-768x736.jpeg 768w, https:\/\/laprensacristiana.com\/wp-content\/uploads\/2023\/12\/JA3-696x667.jpeg 696w, https:\/\/laprensacristiana.com\/wp-content\/uploads\/2023\/12\/JA3-600x575.jpeg 600w\" sizes=\"(max-width: 848px) 100vw, 848px\" \/><\/figure>\n\n\n\n<figure class=\"wp-block-image size-large\"><img decoding=\"async\" loading=\"lazy\" width=\"1024\" height=\"766\" data-id=\"15457\"  src=\"https:\/\/laprensacristiana.com\/wp-content\/uploads\/2023\/12\/JA2-1024x766.jpeg\" alt=\"\" class=\"wp-image-15457\" srcset=\"https:\/\/laprensacristiana.com\/wp-content\/uploads\/2023\/12\/JA2-1024x766.jpeg 1024w, https:\/\/laprensacristiana.com\/wp-content\/uploads\/2023\/12\/JA2-300x224.jpeg 300w, https:\/\/laprensacristiana.com\/wp-content\/uploads\/2023\/12\/JA2-768x575.jpeg 768w, https:\/\/laprensacristiana.com\/wp-content\/uploads\/2023\/12\/JA2-696x521.jpeg 696w, https:\/\/laprensacristiana.com\/wp-content\/uploads\/2023\/12\/JA2-1068x799.jpeg 1068w, https:\/\/laprensacristiana.com\/wp-content\/uploads\/2023\/12\/JA2-600x449.jpeg 600w, https:\/\/laprensacristiana.com\/wp-content\/uploads\/2023\/12\/JA2.jpeg 1080w\" sizes=\"(max-width: 1024px) 100vw, 1024px\" \/><\/figure>\n<\/figure>\n","protected":false},"excerpt":{"rendered":"<p>Su trabajo de apoyo a los diferentes sectores y de ayuda a las comunidades es algoque caracterizan a Jos\u00e9 Andr\u00e9s Hern\u00e1ndez, por siempre estar pendiente de lasnecesidades de su pr\u00f3jimo y por trabajar e impulsar el desarrollo econ\u00f3mico,humano y social.Pero \u00bfQui\u00e9n es Jos\u00e9 Andr\u00e9s Hern\u00e1ndez? La Prensa Cristiana realiz\u00f3 una entrevistapara conocer m\u00e1s de cerca [&hellip;]<\/p>\n","protected":false},"author":3,"featured_media":15453,"comment_status":"open","ping_status":"open","sticky":false,"template":"","format":"standard","meta":[],"categories":[103],"tags":[],"yoast_head":"<!-- This site is optimized with the Yoast SEO plugin v20.8 - https:\/\/yoast.com\/wordpress\/plugins\/seo\/ -->\n<title>Forjando el cambio con valores - La Prensa Cristiana<\/title>\n<meta name=\"robots\" content=\"index, follow, max-snippet:-1, max-image-preview:large, max-video-preview:-1\" \/>\n<link rel=\"canonical\" href=\"https:\/\/laprensacristiana.com\/?p=15452\" \/>\n<meta property=\"og:locale\" content=\"es_ES\" \/>\n<meta property=\"og:type\" content=\"article\" \/>\n<meta property=\"og:title\" content=\"Forjando el cambio con valores - La Prensa Cristiana\" \/>\n<meta property=\"og:description\" content=\"Su trabajo de apoyo a los diferentes sectores y de ayuda a las comunidades es algoque caracterizan a Jos\u00e9 Andr\u00e9s Hern\u00e1ndez, por siempre estar pendiente de lasnecesidades de su pr\u00f3jimo y por trabajar e impulsar el desarrollo econ\u00f3mico,humano y social.Pero \u00bfQui\u00e9n es Jos\u00e9 Andr\u00e9s Hern\u00e1ndez? La Prensa Cristiana realiz\u00f3 una entrevistapara conocer m\u00e1s de cerca [&hellip;]\" \/>\n<meta property=\"og:url\" content=\"https:\/\/laprensacristiana.com\/?p=15452\" \/>\n<meta property=\"og:site_name\" content=\"La Prensa Cristiana\" \/>\n<meta property=\"article:published_time\" content=\"2023-12-02T01:07:32+00:00\" \/>\n<meta property=\"article:modified_time\" content=\"2023-12-02T01:07:33+00:00\" \/>\n<meta property=\"og:image\" content=\"https:\/\/laprensacristiana.com\/wp-content\/uploads\/2023\/12\/JA1.jpeg\" \/>\n\t<meta property=\"og:image:width\" content=\"1024\" \/>\n\t<meta property=\"og:image:height\" content=\"768\" \/>\n\t<meta property=\"og:image:type\" content=\"image\/jpeg\" \/>\n<meta name=\"author\" content=\"EDITOR\" \/>\n<meta name=\"twitter:card\" content=\"summary_large_image\" \/>\n<meta name=\"twitter:label1\" content=\"Escrito por\" \/>\n\t<meta name=\"twitter:data1\" content=\"EDITOR\" \/>\n\t<meta name=\"twitter:label2\" content=\"Tiempo de lectura\" \/>\n\t<meta name=\"twitter:data2\" content=\"6 minutos\" \/>\n<script type=\"application\/ld+json\" class=\"yoast-schema-graph\">{\"@context\":\"https:\/\/schema.org\",\"@graph\":[{\"@type\":\"WebPage\",\"@id\":\"https:\/\/laprensacristiana.com\/?p=15452\",\"url\":\"https:\/\/laprensacristiana.com\/?p=15452\",\"name\":\"Forjando el cambio con valores - La Prensa Cristiana\",\"isPartOf\":{\"@id\":\"https:\/\/laprensacristiana.com\/#website\"},\"datePublished\":\"2023-12-02T01:07:32+00:00\",\"dateModified\":\"2023-12-02T01:07:33+00:00\",\"author\":{\"@id\":\"https:\/\/laprensacristiana.com\/#\/schema\/person\/3e7d82c6bfd6b1fa67010f8f7cd5256e\"},\"breadcrumb\":{\"@id\":\"https:\/\/laprensacristiana.com\/?p=15452#breadcrumb\"},\"inLanguage\":\"es\",\"potentialAction\":[{\"@type\":\"ReadAction\",\"target\":[\"https:\/\/laprensacristiana.com\/?p=15452\"]}]},{\"@type\":\"BreadcrumbList\",\"@id\":\"https:\/\/laprensacristiana.com\/?p=15452#breadcrumb\",\"itemListElement\":[{\"@type\":\"ListItem\",\"position\":1,\"name\":\"Portada\",\"item\":\"https:\/\/laprensacristiana.com\/\"},{\"@type\":\"ListItem\",\"position\":2,\"name\":\"Forjando el cambio con valores\"}]},{\"@type\":\"WebSite\",\"@id\":\"https:\/\/laprensacristiana.com\/#website\",\"url\":\"https:\/\/laprensacristiana.com\/\",\"name\":\"La Prensa Cristiana\",\"description\":\"Anunciando Las Buenas Nuevas\",\"potentialAction\":[{\"@type\":\"SearchAction\",\"target\":{\"@type\":\"EntryPoint\",\"urlTemplate\":\"https:\/\/laprensacristiana.com\/?s={search_term_string}\"},\"query-input\":\"required name=search_term_string\"}],\"inLanguage\":\"es\"},{\"@type\":\"Person\",\"@id\":\"https:\/\/laprensacristiana.com\/#\/schema\/person\/3e7d82c6bfd6b1fa67010f8f7cd5256e\",\"name\":\"EDITOR\",\"image\":{\"@type\":\"ImageObject\",\"inLanguage\":\"es\",\"@id\":\"https:\/\/laprensacristiana.com\/#\/schema\/person\/image\/\",\"url\":\"https:\/\/secure.gravatar.com\/avatar\/72069dfb6c13772d9e8381e3638666d2?s=96&d=mm&r=g\",\"contentUrl\":\"https:\/\/secure.gravatar.com\/avatar\/72069dfb6c13772d9e8381e3638666d2?s=96&d=mm&r=g\",\"caption\":\"EDITOR\"},\"url\":\"https:\/\/laprensacristiana.com\/?author=3\"}]}<\/script>\n<!-- \/ Yoast SEO plugin. -->","yoast_head_json":{"title":"Forjando el cambio con valores - La Prensa Cristiana","robots":{"index":"index","follow":"follow","max-snippet":"max-snippet:-1","max-image-preview":"max-image-preview:large","max-video-preview":"max-video-preview:-1"},"canonical":"https:\/\/laprensacristiana.com\/?p=15452","og_locale":"es_ES","og_type":"article","og_title":"Forjando el cambio con valores - La Prensa Cristiana","og_description":"Su trabajo de apoyo a los diferentes sectores y de ayuda a las comunidades es algoque caracterizan a Jos\u00e9 Andr\u00e9s Hern\u00e1ndez, por siempre estar pendiente de lasnecesidades de su pr\u00f3jimo y por trabajar e impulsar el desarrollo econ\u00f3mico,humano y social.Pero \u00bfQui\u00e9n es Jos\u00e9 Andr\u00e9s Hern\u00e1ndez? La Prensa Cristiana realiz\u00f3 una entrevistapara conocer m\u00e1s de cerca [&hellip;]","og_url":"https:\/\/laprensacristiana.com\/?p=15452","og_site_name":"La Prensa Cristiana","article_published_time":"2023-12-02T01:07:32+00:00","article_modified_time":"2023-12-02T01:07:33+00:00","og_image":[{"width":1024,"height":768,"url":"https:\/\/laprensacristiana.com\/wp-content\/uploads\/2023\/12\/JA1.jpeg","type":"image\/jpeg"}],"author":"EDITOR","twitter_card":"summary_large_image","twitter_misc":{"Escrito por":"EDITOR","Tiempo de lectura":"6 minutos"},"schema":{"@context":"https:\/\/schema.org","@graph":[{"@type":"WebPage","@id":"https:\/\/laprensacristiana.com\/?p=15452","url":"https:\/\/laprensacristiana.com\/?p=15452","name":"Forjando el cambio con valores - La Prensa Cristiana","isPartOf":{"@id":"https:\/\/laprensacristiana.com\/#website"},"datePublished":"2023-12-02T01:07:32+00:00","dateModified":"2023-12-02T01:07:33+00:00","author":{"@id":"https:\/\/laprensacristiana.com\/#\/schema\/person\/3e7d82c6bfd6b1fa67010f8f7cd5256e"},"breadcrumb":{"@id":"https:\/\/laprensacristiana.com\/?p=15452#breadcrumb"},"inLanguage":"es","potentialAction":[{"@type":"ReadAction","target":["https:\/\/laprensacristiana.com\/?p=15452"]}]},{"@type":"BreadcrumbList","@id":"https:\/\/laprensacristiana.com\/?p=15452#breadcrumb","itemListElement":[{"@type":"ListItem","position":1,"name":"Portada","item":"https:\/\/laprensacristiana.com\/"},{"@type":"ListItem","position":2,"name":"Forjando el cambio con valores"}]},{"@type":"WebSite","@id":"https:\/\/laprensacristiana.com\/#website","url":"https:\/\/laprensacristiana.com\/","name":"La Prensa Cristiana","description":"Anunciando Las Buenas Nuevas","potentialAction":[{"@type":"SearchAction","target":{"@type":"EntryPoint","urlTemplate":"https:\/\/laprensacristiana.com\/?s={search_term_string}"},"query-input":"required name=search_term_string"}],"inLanguage":"es"},{"@type":"Person","@id":"https:\/\/laprensacristiana.com\/#\/schema\/person\/3e7d82c6bfd6b1fa67010f8f7cd5256e","name":"EDITOR","image":{"@type":"ImageObject","inLanguage":"es","@id":"https:\/\/laprensacristiana.com\/#\/schema\/person\/image\/","url":"https:\/\/secure.gravatar.com\/avatar\/72069dfb6c13772d9e8381e3638666d2?s=96&d=mm&r=g","contentUrl":"https:\/\/secure.gravatar.com\/avatar\/72069dfb6c13772d9e8381e3638666d2?s=96&d=mm&r=g","caption":"EDITOR"},"url":"https:\/\/laprensacristiana.com\/?author=3"}]}},"_links":{"self":[{"href":"https:\/\/laprensacristiana.com\/index.php?rest_route=\/wp\/v2\/posts\/15452"}],"collection":[{"href":"https:\/\/laprensacristiana.com\/index.php?rest_route=\/wp\/v2\/posts"}],"about":[{"href":"https:\/\/laprensacristiana.com\/index.php?rest_route=\/wp\/v2\/types\/post"}],"author":[{"embeddable":true,"href":"https:\/\/laprensacristiana.com\/index.php?rest_route=\/wp\/v2\/users\/3"}],"replies":[{"embeddable":true,"href":"https:\/\/laprensacristiana.com\/index.php?rest_route=%2Fwp%2Fv2%2Fcomments&post=15452"}],"version-history":[{"count":1,"href":"https:\/\/laprensacristiana.com\/index.php?rest_route=\/wp\/v2\/posts\/15452\/revisions"}],"predecessor-version":[{"id":15459,"href":"https:\/\/laprensacristiana.com\/index.php?rest_route=\/wp\/v2\/posts\/15452\/revisions\/15459"}],"wp:featuredmedia":[{"embeddable":true,"href":"https:\/\/laprensacristiana.com\/index.php?rest_route=\/wp\/v2\/media\/15453"}],"wp:attachment":[{"href":"https:\/\/laprensacristiana.com\/index.php?rest_route=%2Fwp%2Fv2%2Fmedia&parent=15452"}],"wp:term":[{"taxonomy":"category","embeddable":true,"href":"https:\/\/laprensacristiana.com\/index.php?rest_route=%2Fwp%2Fv2%2Fcategories&post=15452"},{"taxonomy":"post_tag","embeddable":true,"href":"https:\/\/laprensacristiana.com\/index.php?rest_route=%2Fwp%2Fv2%2Ftags&post=15452"}],"curies":[{"name":"wp","href":"https:\/\/api.w.org\/{rel}","templated":true}]}}