{"id":15482,"date":"2023-12-05T12:37:51","date_gmt":"2023-12-05T12:37:51","guid":{"rendered":"https:\/\/laprensacristiana.com\/?p=15482"},"modified":"2023-12-09T20:23:15","modified_gmt":"2023-12-09T20:23:15","slug":"promulgar-la-palabra-de-dios-no-se-detiene-y-hacerlo-en-el-salvador-es-cada-vez-mas-fuerte","status":"publish","type":"post","link":"https:\/\/laprensacristiana.com\/?p=15482","title":{"rendered":"Promulgar la palabra de Dios no se detiene y hacerlo en El Salvador es cada vez m\u00e1s fuerte"},"content":{"rendered":"\n<p><span style=\"background-color:#9d9c9f\" class=\"td_text_highlight_marker\">Por: Edwin Gongora | La Prensa Cristiana<\/span><\/p>\n\n\n\n<p>Esta es la&nbsp;tarea que durante&nbsp;los \u00faltimos siete a\u00f1os de forma consecutiva&nbsp;ha realizado El Ministerio Internacional&nbsp;\u00abSacudiendo las Naciones\u00bb&nbsp;en combinaci\u00f3n con las Asambleas de Dios.<\/p>\n\n\n\n<p>Santa Ana, al occidente del pa\u00eds ha sido el escenario donde la palabra de Dios se ha manifestado con milagros y prodigios y donde miles de personas han sido impactadas.&nbsp;<\/p>\n\n\n\n<p>Las&nbsp;campa\u00f1as han estado a cargo del evangelista de origen Ingles&nbsp;Nathan Morris, quien asegura que su mensaje est\u00e1&nbsp;fundamentado en el evangelio de Jesucristo, el evangelio&nbsp;de salvaci\u00f3n, el evangelio de sanidad, de perd\u00f3n&nbsp;y restauraci\u00f3n.<\/p>\n\n\n\n<p>El evangelista Morris destaca que, si bien El Salvador pas\u00f3 momentos muy&nbsp;duros, hoy en&nbsp;d\u00eda viven una nueva experiencia que asegura se fundamenta en Cr\u00f3nicas&nbsp;7:14, que dice: \u00abSi se humillare mi pueblo, sobre el cual mi nombre es invocado, y oraren, y buscaren mi rostro, y se convirtieren de sus malos caminos; entonces yo oir\u00e9 desde los cielos, y perdonar\u00e9 sus pecados, y sanar\u00e9 su tierra\u00bb.<\/p>\n\n\n\n<p>Morris no duda que esta promesa de la palabra de Dios se est\u00e1&nbsp;cumpliendo&nbsp;y \u00e9l ha escuchado las oraciones del pueblo salvadore\u00f1o, por lo que ahora sana su tierra.<\/p>\n\n\n\n<p>\u00abEs tiempo&nbsp;para El Salvador, es tiempo para que esta generaci\u00f3n vea como Dios se mueve\u00bb, enfatizo.<\/p>\n\n\n\n<p>As\u00ed&nbsp;mismo dijo que Dios nunca cambia&nbsp;y \u00e9l siempre espera en nosotros.<\/p>\n\n\n\n<figure class=\"wp-block-image size-large\"><img decoding=\"async\" loading=\"lazy\" width=\"1024\" height=\"683\" src=\"https:\/\/laprensacristiana.com\/wp-content\/uploads\/2023\/12\/WhatsApp-Image-2023-12-05-at-06.23.43-1-1024x683.jpeg\" alt=\"\" class=\"wp-image-15483\" srcset=\"https:\/\/laprensacristiana.com\/wp-content\/uploads\/2023\/12\/WhatsApp-Image-2023-12-05-at-06.23.43-1-1024x683.jpeg 1024w, https:\/\/laprensacristiana.com\/wp-content\/uploads\/2023\/12\/WhatsApp-Image-2023-12-05-at-06.23.43-1-300x200.jpeg 300w, https:\/\/laprensacristiana.com\/wp-content\/uploads\/2023\/12\/WhatsApp-Image-2023-12-05-at-06.23.43-1-768x512.jpeg 768w, https:\/\/laprensacristiana.com\/wp-content\/uploads\/2023\/12\/WhatsApp-Image-2023-12-05-at-06.23.43-1-696x464.jpeg 696w, https:\/\/laprensacristiana.com\/wp-content\/uploads\/2023\/12\/WhatsApp-Image-2023-12-05-at-06.23.43-1-1068x712.jpeg 1068w, https:\/\/laprensacristiana.com\/wp-content\/uploads\/2023\/12\/WhatsApp-Image-2023-12-05-at-06.23.43-1-600x400.jpeg 600w, https:\/\/laprensacristiana.com\/wp-content\/uploads\/2023\/12\/WhatsApp-Image-2023-12-05-at-06.23.43-1.jpeg 1080w\" sizes=\"(max-width: 1024px) 100vw, 1024px\" \/><figcaption class=\"wp-element-caption\"><em>Foto cortes\u00eda: Asambleas de Dios El Salvador<\/em><\/figcaption><\/figure>\n\n\n\n<p>Nathan Morris&nbsp;anunci\u00f3 adem\u00e1s que durante el 2024 varios evangelistas llegar\u00e1n a El Salvador para predicar la palabra en barrios, colonias, c\u00e1rceles, plazas p\u00fablicas y en cada rinc\u00f3n&nbsp;del pa\u00eds, de tal manera que nadie se quede sin escuchar las buenas nuevas.<\/p>\n\n\n\n<p>Esta actividad forma parte de una Mega Campa\u00f1a que la Alianza Global de Evangelistas ejecutar\u00e1n en un plazo de 10 a\u00f1os, donde pretenden compartir la palabra en todo el mundo.&nbsp;<\/p>\n\n\n\n<p>&nbsp;El pastor Arturo Barraza Piche, Vice Superintendente de las Asambleas de Dios, destac\u00f3 que El Salvador est\u00e1 por convertirse en el \u00abcatalizador\u00bb para que en Am\u00e9rica Latina&nbsp;tenga lugar&nbsp;un inminente \u00abavivamiento\u00bb, por lo que&nbsp;las condiciones que hoy experimentamos son las que anteceden a este maravilloso suceso.<\/p>\n\n\n\n<p>La jornada del evangelista realizada este 1 y 2 de diciembre en Santa Ana fue denominada ESPERANZA Y TRANSFORMACI\u00d3N PARA EL SALVADOR y seg\u00fan sus organizadores logr\u00f3 reunir una buena cantidad de personas de diferentes puntos del pa\u00eds&nbsp;<\/p>\n\n\n\n<p><br>No hay duda de que cuando leemos y compartimos la palabra aceptamos las promesas de Dios y damos lugar para que el Esp\u00edritu Santo haga la obra de instruirnos en lo correcto.<\/p>\n\n\n\n<figure class=\"wp-block-image size-large\"><img decoding=\"async\" loading=\"lazy\" width=\"1024\" height=\"683\" src=\"https:\/\/laprensacristiana.com\/wp-content\/uploads\/2023\/12\/WhatsApp-Image-2023-12-05-at-06.23.44-1-1024x683.jpeg\" alt=\"\" class=\"wp-image-15474\" srcset=\"https:\/\/laprensacristiana.com\/wp-content\/uploads\/2023\/12\/WhatsApp-Image-2023-12-05-at-06.23.44-1-1024x683.jpeg 1024w, https:\/\/laprensacristiana.com\/wp-content\/uploads\/2023\/12\/WhatsApp-Image-2023-12-05-at-06.23.44-1-300x200.jpeg 300w, https:\/\/laprensacristiana.com\/wp-content\/uploads\/2023\/12\/WhatsApp-Image-2023-12-05-at-06.23.44-1-768x512.jpeg 768w, https:\/\/laprensacristiana.com\/wp-content\/uploads\/2023\/12\/WhatsApp-Image-2023-12-05-at-06.23.44-1-696x464.jpeg 696w, https:\/\/laprensacristiana.com\/wp-content\/uploads\/2023\/12\/WhatsApp-Image-2023-12-05-at-06.23.44-1-1068x712.jpeg 1068w, https:\/\/laprensacristiana.com\/wp-content\/uploads\/2023\/12\/WhatsApp-Image-2023-12-05-at-06.23.44-1-600x400.jpeg 600w, https:\/\/laprensacristiana.com\/wp-content\/uploads\/2023\/12\/WhatsApp-Image-2023-12-05-at-06.23.44-1.jpeg 1080w\" sizes=\"(max-width: 1024px) 100vw, 1024px\" \/><figcaption class=\"wp-element-caption\"><em>Foto cortes\u00eda: Asambleas de Dios El Salvador<\/em><\/figcaption><\/figure>\n","protected":false},"excerpt":{"rendered":"<p>Por: Edwin Gongora | La Prensa Cristiana Esta es la&nbsp;tarea que durante&nbsp;los \u00faltimos siete a\u00f1os de forma consecutiva&nbsp;ha realizado El Ministerio Internacional&nbsp;\u00abSacudiendo las Naciones\u00bb&nbsp;en combinaci\u00f3n con las Asambleas de Dios. Santa Ana, al occidente del pa\u00eds ha sido el escenario donde la palabra de Dios se ha manifestado con milagros y prodigios y donde miles [&hellip;]<\/p>\n","protected":false},"author":3,"featured_media":15484,"comment_status":"open","ping_status":"open","sticky":false,"template":"","format":"standard","meta":[],"categories":[56],"tags":[],"yoast_head":"<!-- This site is optimized with the Yoast SEO plugin v20.8 - https:\/\/yoast.com\/wordpress\/plugins\/seo\/ -->\n<title>Promulgar la palabra de Dios no se detiene y hacerlo en El Salvador es cada vez m\u00e1s fuerte - La Prensa Cristiana<\/title>\n<meta name=\"robots\" content=\"index, follow, max-snippet:-1, max-image-preview:large, max-video-preview:-1\" \/>\n<link rel=\"canonical\" href=\"https:\/\/laprensacristiana.com\/?p=15482\" \/>\n<meta property=\"og:locale\" content=\"es_ES\" \/>\n<meta property=\"og:type\" content=\"article\" \/>\n<meta property=\"og:title\" content=\"Promulgar la palabra de Dios no se detiene y hacerlo en El Salvador es cada vez m\u00e1s fuerte - La Prensa Cristiana\" \/>\n<meta property=\"og:description\" content=\"Por: Edwin Gongora | La Prensa Cristiana Esta es la&nbsp;tarea que durante&nbsp;los \u00faltimos siete a\u00f1os de forma consecutiva&nbsp;ha realizado El Ministerio Internacional&nbsp;\u00abSacudiendo las Naciones\u00bb&nbsp;en combinaci\u00f3n con las Asambleas de Dios. Santa Ana, al occidente del pa\u00eds ha sido el escenario donde la palabra de Dios se ha manifestado con milagros y prodigios y donde miles [&hellip;]\" \/>\n<meta property=\"og:url\" content=\"https:\/\/laprensacristiana.com\/?p=15482\" \/>\n<meta property=\"og:site_name\" content=\"La Prensa Cristiana\" \/>\n<meta property=\"article:published_time\" content=\"2023-12-05T12:37:51+00:00\" \/>\n<meta property=\"article:modified_time\" content=\"2023-12-09T20:23:15+00:00\" \/>\n<meta property=\"og:image\" content=\"https:\/\/laprensacristiana.com\/wp-content\/uploads\/2023\/12\/WhatsApp-Image-2023-12-05-at-06.23.44-3.jpeg\" \/>\n\t<meta property=\"og:image:width\" content=\"1080\" \/>\n\t<meta property=\"og:image:height\" content=\"720\" \/>\n\t<meta property=\"og:image:type\" content=\"image\/jpeg\" \/>\n<meta name=\"author\" content=\"EDITOR\" \/>\n<meta name=\"twitter:card\" content=\"summary_large_image\" \/>\n<meta name=\"twitter:label1\" content=\"Escrito por\" \/>\n\t<meta name=\"twitter:data1\" content=\"EDITOR\" \/>\n\t<meta name=\"twitter:label2\" content=\"Tiempo de lectura\" \/>\n\t<meta name=\"twitter:data2\" content=\"3 minutos\" \/>\n<script type=\"application\/ld+json\" class=\"yoast-schema-graph\">{\"@context\":\"https:\/\/schema.org\",\"@graph\":[{\"@type\":\"WebPage\",\"@id\":\"https:\/\/laprensacristiana.com\/?p=15482\",\"url\":\"https:\/\/laprensacristiana.com\/?p=15482\",\"name\":\"Promulgar la palabra de Dios no se detiene y hacerlo en El Salvador es cada vez m\u00e1s fuerte - La Prensa Cristiana\",\"isPartOf\":{\"@id\":\"https:\/\/laprensacristiana.com\/#website\"},\"datePublished\":\"2023-12-05T12:37:51+00:00\",\"dateModified\":\"2023-12-09T20:23:15+00:00\",\"author\":{\"@id\":\"https:\/\/laprensacristiana.com\/#\/schema\/person\/3e7d82c6bfd6b1fa67010f8f7cd5256e\"},\"breadcrumb\":{\"@id\":\"https:\/\/laprensacristiana.com\/?p=15482#breadcrumb\"},\"inLanguage\":\"es\",\"potentialAction\":[{\"@type\":\"ReadAction\",\"target\":[\"https:\/\/laprensacristiana.com\/?p=15482\"]}]},{\"@type\":\"BreadcrumbList\",\"@id\":\"https:\/\/laprensacristiana.com\/?p=15482#breadcrumb\",\"itemListElement\":[{\"@type\":\"ListItem\",\"position\":1,\"name\":\"Portada\",\"item\":\"https:\/\/laprensacristiana.com\/\"},{\"@type\":\"ListItem\",\"position\":2,\"name\":\"Promulgar la palabra de Dios no se detiene y hacerlo en El Salvador es cada vez m\u00e1s fuerte\"}]},{\"@type\":\"WebSite\",\"@id\":\"https:\/\/laprensacristiana.com\/#website\",\"url\":\"https:\/\/laprensacristiana.com\/\",\"name\":\"La Prensa Cristiana\",\"description\":\"Anunciando Las Buenas Nuevas\",\"potentialAction\":[{\"@type\":\"SearchAction\",\"target\":{\"@type\":\"EntryPoint\",\"urlTemplate\":\"https:\/\/laprensacristiana.com\/?s={search_term_string}\"},\"query-input\":\"required name=search_term_string\"}],\"inLanguage\":\"es\"},{\"@type\":\"Person\",\"@id\":\"https:\/\/laprensacristiana.com\/#\/schema\/person\/3e7d82c6bfd6b1fa67010f8f7cd5256e\",\"name\":\"EDITOR\",\"image\":{\"@type\":\"ImageObject\",\"inLanguage\":\"es\",\"@id\":\"https:\/\/laprensacristiana.com\/#\/schema\/person\/image\/\",\"url\":\"https:\/\/secure.gravatar.com\/avatar\/72069dfb6c13772d9e8381e3638666d2?s=96&d=mm&r=g\",\"contentUrl\":\"https:\/\/secure.gravatar.com\/avatar\/72069dfb6c13772d9e8381e3638666d2?s=96&d=mm&r=g\",\"caption\":\"EDITOR\"},\"url\":\"https:\/\/laprensacristiana.com\/?author=3\"}]}<\/script>\n<!-- \/ Yoast SEO plugin. -->","yoast_head_json":{"title":"Promulgar la palabra de Dios no se detiene y hacerlo en El Salvador es cada vez m\u00e1s fuerte - La Prensa Cristiana","robots":{"index":"index","follow":"follow","max-snippet":"max-snippet:-1","max-image-preview":"max-image-preview:large","max-video-preview":"max-video-preview:-1"},"canonical":"https:\/\/laprensacristiana.com\/?p=15482","og_locale":"es_ES","og_type":"article","og_title":"Promulgar la palabra de Dios no se detiene y hacerlo en El Salvador es cada vez m\u00e1s fuerte - La Prensa Cristiana","og_description":"Por: Edwin Gongora | La Prensa Cristiana Esta es la&nbsp;tarea que durante&nbsp;los \u00faltimos siete a\u00f1os de forma consecutiva&nbsp;ha realizado El Ministerio Internacional&nbsp;\u00abSacudiendo las Naciones\u00bb&nbsp;en combinaci\u00f3n con las Asambleas de Dios. Santa Ana, al occidente del pa\u00eds ha sido el escenario donde la palabra de Dios se ha manifestado con milagros y prodigios y donde miles [&hellip;]","og_url":"https:\/\/laprensacristiana.com\/?p=15482","og_site_name":"La Prensa Cristiana","article_published_time":"2023-12-05T12:37:51+00:00","article_modified_time":"2023-12-09T20:23:15+00:00","og_image":[{"width":1080,"height":720,"url":"https:\/\/laprensacristiana.com\/wp-content\/uploads\/2023\/12\/WhatsApp-Image-2023-12-05-at-06.23.44-3.jpeg","type":"image\/jpeg"}],"author":"EDITOR","twitter_card":"summary_large_image","twitter_misc":{"Escrito por":"EDITOR","Tiempo de lectura":"3 minutos"},"schema":{"@context":"https:\/\/schema.org","@graph":[{"@type":"WebPage","@id":"https:\/\/laprensacristiana.com\/?p=15482","url":"https:\/\/laprensacristiana.com\/?p=15482","name":"Promulgar la palabra de Dios no se detiene y hacerlo en El Salvador es cada vez m\u00e1s fuerte - La Prensa Cristiana","isPartOf":{"@id":"https:\/\/laprensacristiana.com\/#website"},"datePublished":"2023-12-05T12:37:51+00:00","dateModified":"2023-12-09T20:23:15+00:00","author":{"@id":"https:\/\/laprensacristiana.com\/#\/schema\/person\/3e7d82c6bfd6b1fa67010f8f7cd5256e"},"breadcrumb":{"@id":"https:\/\/laprensacristiana.com\/?p=15482#breadcrumb"},"inLanguage":"es","potentialAction":[{"@type":"ReadAction","target":["https:\/\/laprensacristiana.com\/?p=15482"]}]},{"@type":"BreadcrumbList","@id":"https:\/\/laprensacristiana.com\/?p=15482#breadcrumb","itemListElement":[{"@type":"ListItem","position":1,"name":"Portada","item":"https:\/\/laprensacristiana.com\/"},{"@type":"ListItem","position":2,"name":"Promulgar la palabra de Dios no se detiene y hacerlo en El Salvador es cada vez m\u00e1s fuerte"}]},{"@type":"WebSite","@id":"https:\/\/laprensacristiana.com\/#website","url":"https:\/\/laprensacristiana.com\/","name":"La Prensa Cristiana","description":"Anunciando Las Buenas Nuevas","potentialAction":[{"@type":"SearchAction","target":{"@type":"EntryPoint","urlTemplate":"https:\/\/laprensacristiana.com\/?s={search_term_string}"},"query-input":"required name=search_term_string"}],"inLanguage":"es"},{"@type":"Person","@id":"https:\/\/laprensacristiana.com\/#\/schema\/person\/3e7d82c6bfd6b1fa67010f8f7cd5256e","name":"EDITOR","image":{"@type":"ImageObject","inLanguage":"es","@id":"https:\/\/laprensacristiana.com\/#\/schema\/person\/image\/","url":"https:\/\/secure.gravatar.com\/avatar\/72069dfb6c13772d9e8381e3638666d2?s=96&d=mm&r=g","contentUrl":"https:\/\/secure.gravatar.com\/avatar\/72069dfb6c13772d9e8381e3638666d2?s=96&d=mm&r=g","caption":"EDITOR"},"url":"https:\/\/laprensacristiana.com\/?author=3"}]}},"_links":{"self":[{"href":"https:\/\/laprensacristiana.com\/index.php?rest_route=\/wp\/v2\/posts\/15482"}],"collection":[{"href":"https:\/\/laprensacristiana.com\/index.php?rest_route=\/wp\/v2\/posts"}],"about":[{"href":"https:\/\/laprensacristiana.com\/index.php?rest_route=\/wp\/v2\/types\/post"}],"author":[{"embeddable":true,"href":"https:\/\/laprensacristiana.com\/index.php?rest_route=\/wp\/v2\/users\/3"}],"replies":[{"embeddable":true,"href":"https:\/\/laprensacristiana.com\/index.php?rest_route=%2Fwp%2Fv2%2Fcomments&post=15482"}],"version-history":[{"count":2,"href":"https:\/\/laprensacristiana.com\/index.php?rest_route=\/wp\/v2\/posts\/15482\/revisions"}],"predecessor-version":[{"id":15486,"href":"https:\/\/laprensacristiana.com\/index.php?rest_route=\/wp\/v2\/posts\/15482\/revisions\/15486"}],"wp:featuredmedia":[{"embeddable":true,"href":"https:\/\/laprensacristiana.com\/index.php?rest_route=\/wp\/v2\/media\/15484"}],"wp:attachment":[{"href":"https:\/\/laprensacristiana.com\/index.php?rest_route=%2Fwp%2Fv2%2Fmedia&parent=15482"}],"wp:term":[{"taxonomy":"category","embeddable":true,"href":"https:\/\/laprensacristiana.com\/index.php?rest_route=%2Fwp%2Fv2%2Fcategories&post=15482"},{"taxonomy":"post_tag","embeddable":true,"href":"https:\/\/laprensacristiana.com\/index.php?rest_route=%2Fwp%2Fv2%2Ftags&post=15482"}],"curies":[{"name":"wp","href":"https:\/\/api.w.org\/{rel}","templated":true}]}}