{"id":15497,"date":"2023-12-14T01:46:14","date_gmt":"2023-12-14T01:46:14","guid":{"rendered":"https:\/\/laprensacristiana.com\/?p=15497"},"modified":"2023-12-14T01:46:15","modified_gmt":"2023-12-14T01:46:15","slug":"jesus-y-su-palabra-no-le-faltaran-a-el-salvador-durante-el-2024","status":"publish","type":"post","link":"https:\/\/laprensacristiana.com\/?p=15497","title":{"rendered":"Jes\u00fas y su palabra no le faltar\u00e1n a El Salvador durante el 2024"},"content":{"rendered":"\n<p><em><span style=\"background-color:#808081\" class=\"td_text_highlight_marker\">Por: Edwin G\u00f3ngora | La Prensa Cristiana<\/span><\/em><\/p>\n\n\n\n<p>Iniciamos una nueva temporada y la palabra de Dios siempre estar\u00e1&nbsp;lista para cada uno de nosotros, cuando la necesitemos, de tal manera encontremos en ella el apoyo que realmente nos fortalezca.&nbsp;<\/p>\n\n\n\n<p>Siete cruzadas evangel\u00edsticas&nbsp;tendr\u00e1n&nbsp;lugar en todo el pa\u00eds durante los meses de marzo y abril de 2024, confirmaron miembros de la Alianza Global de Evangelismo (GEA)&nbsp;y el Ministerio Sacudiendo las Naciones.&nbsp;<\/p>\n\n\n\n<p>Estas campa\u00f1as forman parte de las actividades que tendr\u00e1n&nbsp;lugar a lo largo de todo el a\u00f1o, donde varios evangelistas llegar\u00e1n&nbsp;al pa\u00eds para predicar en plazas, colonias, c\u00e1rceles y barrios.<\/p>\n\n\n\n<p>Las cruzadas evangel\u00edsticas iniciaran con UNA NOCHE ESPECIAL para Dios el 9 de marzo en Sonsonate, el 15 y 16, Ahuachap\u00e1n ser\u00e1 impactado&nbsp;por el poder de la palabra, mientras que en Santa Ana est\u00e1 programada para el 22 y 23.&nbsp;&nbsp;<\/p>\n\n\n\n<p>En abril las jornadas tendr\u00e1n lugar el 5 y 6 en Zacatecoluca, 12 y 13 en San Francisco Gotera, Moraz\u00e1n,19 y 20 en la c\u00e1lida&nbsp;San Miguel, para cerrar con broche de oro en San Salvador el 26 y 27 de abril, donde se espera la participaci\u00f3n&nbsp;de una gama de predicadores de diferentes partes del mundo encabezados por el evangelista Nathan Morris.<\/p>\n\n\n\n<p>Para la Alianza Global de Evangelismo (GEA)&nbsp;y el Ministerio Sacudiendo las Naciones estas siete jornadas tendr\u00e1n un&nbsp;impacto sin precedentes en El Salvador pues como naci\u00f3n, nuestro \u00abpulgarcito\u00bb se convertir\u00e1 en la punta de lanza para un avivamiento en Am\u00e9rica&nbsp;Latina.<\/p>\n\n\n\n<p>Mauricio Canales, salvadore\u00f1o, que reside en Estados Unidos y que forma parte del Ministerio Sacudiendo&nbsp;las Naciones, se\u00f1ala que: \u201cEstamos creyendo que ha llegado la hora donde el Esp\u00edritu Santo va a derramar m\u00e1s de su gloria sobre El Salvador\u00bb, y uso la palabra \u00abm\u00e1s\u00bb porque hemos visto la gloria del Se\u00f1or aqu\u00ed en la naci\u00f3n de El Salvador, pero hay mucho m\u00e1s que el Esp\u00edritu Santo quiere hacer en nuestra naci\u00f3n, puntualiz\u00f3.<\/p>\n\n\n\n<p>Para el Vice Superintendente de las Asambleas de Dios, Pastor Arturo Barraza Piche, actividades como las cruzadas y la evangelizaci\u00f3n que el pa\u00eds recibir\u00e1 durante el 2024, s\u00f3lo anticipa que: \u00abEstamos rumbo a una transformaci\u00f3n de la sociedad, donde Jesucristo es el \u00fanico&nbsp;que transforma, porque si Cristo toma el control de la familia y de las nuevas generaciones no dudamos que El Salvador a mediano plazo tendr\u00e1 un perfil diferente y ser\u00e1 bendecido, porque pa\u00eds que honra al Se\u00f1or. el Se\u00f1or lo honra y los bendice\u00bb.<\/p>\n\n\n\n<p>Y es que el 2024 augura ser un\u00a0a\u00f1o en el que la palabra de Dios se promulgar\u00e1 por todo El Salvador, ya que est\u00e1n previstas actividades que servir\u00e1n para capacitar y fortalecer el conocimiento b\u00edblico de pastores, predicadores y l\u00edderes de diferentes iglesias.\u00a0\u00a0<\/p>\n\n\n\n<figure class=\"wp-block-image size-large\"><img decoding=\"async\" loading=\"lazy\" width=\"1024\" height=\"768\" src=\"https:\/\/laprensacristiana.com\/wp-content\/uploads\/2023\/12\/410415607_6562553927187726_534982244556210455_n-1024x768.jpg\" alt=\"\" class=\"wp-image-15498\" srcset=\"https:\/\/laprensacristiana.com\/wp-content\/uploads\/2023\/12\/410415607_6562553927187726_534982244556210455_n-1024x768.jpg 1024w, https:\/\/laprensacristiana.com\/wp-content\/uploads\/2023\/12\/410415607_6562553927187726_534982244556210455_n-300x225.jpg 300w, https:\/\/laprensacristiana.com\/wp-content\/uploads\/2023\/12\/410415607_6562553927187726_534982244556210455_n-768x576.jpg 768w, https:\/\/laprensacristiana.com\/wp-content\/uploads\/2023\/12\/410415607_6562553927187726_534982244556210455_n-1536x1152.jpg 1536w, https:\/\/laprensacristiana.com\/wp-content\/uploads\/2023\/12\/410415607_6562553927187726_534982244556210455_n-696x522.jpg 696w, https:\/\/laprensacristiana.com\/wp-content\/uploads\/2023\/12\/410415607_6562553927187726_534982244556210455_n-1068x801.jpg 1068w, https:\/\/laprensacristiana.com\/wp-content\/uploads\/2023\/12\/410415607_6562553927187726_534982244556210455_n-1920x1440.jpg 1920w, https:\/\/laprensacristiana.com\/wp-content\/uploads\/2023\/12\/410415607_6562553927187726_534982244556210455_n-600x450.jpg 600w, https:\/\/laprensacristiana.com\/wp-content\/uploads\/2023\/12\/410415607_6562553927187726_534982244556210455_n.jpg 2048w\" sizes=\"(max-width: 1024px) 100vw, 1024px\" \/><\/figure>\n\n\n\n<p>Nathan Morris quien tambi\u00e9n funge como Co presidente de la GEA, destaca que el trabajo que realizan en el pa\u00eds es complementario al que como cuerpo de Cristo los diferentes ministerios lo vienen haciendo. Morris asegura que un fruto muy grande vendr\u00e1 y que las iglesias evang\u00e9licas&nbsp;ser\u00e1n fortalecidas, motivadas y que Dios est\u00e1 por levantar una nueva generaci\u00f3n de evangelistas en El Salvador.<\/p>\n\n\n\n<p>\u00abEs momento de unirnos mano a mano y que juntos podamos levantar los brazos cada uno y que el Esp\u00edritu Santo pueda ver a la iglesia de El Salvador y que pueda decir, son uno y en unidad y amor el uno por el otro, Dios va a derramar de su Esp\u00edritu sobre la naci\u00f3n de El Salvador\u00bb.<\/p>\n\n\n\n<p>Debemos predicar como nunca se ha hecho, debemos sonar la alarma, como&nbsp;nunca se hizo, hay que pararnos&nbsp;firmes en las verdades de Dios sin&nbsp;titubear, destac\u00f3.<\/p>\n\n\n\n<p>En el 2024 la fe en Dios es el medio que nos permitir\u00e1 a los creyentes eliminar todo tipo de obst\u00e1culo que intenten bloquear&nbsp;nuestro camino.&nbsp;<\/p>\n\n\n\n<p>Hoy El Salvador debe creer, pero actuar, pues al hacerlo resolveremos aun lo que nos parece imposible.\u00a0 <\/p>\n\n\n\n<figure class=\"wp-block-image size-large\"><img decoding=\"async\" loading=\"lazy\" width=\"1024\" height=\"768\" src=\"https:\/\/laprensacristiana.com\/wp-content\/uploads\/2023\/12\/410427607_6562554050521047_6701086867981085963_n-1024x768.jpg\" alt=\"\" class=\"wp-image-15499\" srcset=\"https:\/\/laprensacristiana.com\/wp-content\/uploads\/2023\/12\/410427607_6562554050521047_6701086867981085963_n-1024x768.jpg 1024w, https:\/\/laprensacristiana.com\/wp-content\/uploads\/2023\/12\/410427607_6562554050521047_6701086867981085963_n-300x225.jpg 300w, https:\/\/laprensacristiana.com\/wp-content\/uploads\/2023\/12\/410427607_6562554050521047_6701086867981085963_n-768x576.jpg 768w, https:\/\/laprensacristiana.com\/wp-content\/uploads\/2023\/12\/410427607_6562554050521047_6701086867981085963_n-1536x1152.jpg 1536w, https:\/\/laprensacristiana.com\/wp-content\/uploads\/2023\/12\/410427607_6562554050521047_6701086867981085963_n-696x522.jpg 696w, https:\/\/laprensacristiana.com\/wp-content\/uploads\/2023\/12\/410427607_6562554050521047_6701086867981085963_n-1068x801.jpg 1068w, https:\/\/laprensacristiana.com\/wp-content\/uploads\/2023\/12\/410427607_6562554050521047_6701086867981085963_n-1920x1440.jpg 1920w, https:\/\/laprensacristiana.com\/wp-content\/uploads\/2023\/12\/410427607_6562554050521047_6701086867981085963_n-600x450.jpg 600w, https:\/\/laprensacristiana.com\/wp-content\/uploads\/2023\/12\/410427607_6562554050521047_6701086867981085963_n.jpg 2048w\" sizes=\"(max-width: 1024px) 100vw, 1024px\" \/><\/figure>\n\n\n\n<p>\u00a0<\/p>\n","protected":false},"excerpt":{"rendered":"<p>Por: Edwin G\u00f3ngora | La Prensa Cristiana Iniciamos una nueva temporada y la palabra de Dios siempre estar\u00e1&nbsp;lista para cada uno de nosotros, cuando la necesitemos, de tal manera encontremos en ella el apoyo que realmente nos fortalezca.&nbsp; Siete cruzadas evangel\u00edsticas&nbsp;tendr\u00e1n&nbsp;lugar en todo el pa\u00eds durante los meses de marzo y abril de 2024, confirmaron [&hellip;]<\/p>\n","protected":false},"author":3,"featured_media":15500,"comment_status":"open","ping_status":"open","sticky":false,"template":"","format":"standard","meta":[],"categories":[56],"tags":[],"yoast_head":"<!-- This site is optimized with the Yoast SEO plugin v20.8 - https:\/\/yoast.com\/wordpress\/plugins\/seo\/ -->\n<title>Jes\u00fas y su palabra no le faltar\u00e1n a El Salvador durante el 2024 - La Prensa Cristiana<\/title>\n<meta name=\"robots\" content=\"index, follow, max-snippet:-1, max-image-preview:large, max-video-preview:-1\" \/>\n<link rel=\"canonical\" href=\"https:\/\/laprensacristiana.com\/?p=15497\" \/>\n<meta property=\"og:locale\" content=\"es_ES\" \/>\n<meta property=\"og:type\" content=\"article\" \/>\n<meta property=\"og:title\" content=\"Jes\u00fas y su palabra no le faltar\u00e1n a El Salvador durante el 2024 - La Prensa Cristiana\" \/>\n<meta property=\"og:description\" content=\"Por: Edwin G\u00f3ngora | La Prensa Cristiana Iniciamos una nueva temporada y la palabra de Dios siempre estar\u00e1&nbsp;lista para cada uno de nosotros, cuando la necesitemos, de tal manera encontremos en ella el apoyo que realmente nos fortalezca.&nbsp; Siete cruzadas evangel\u00edsticas&nbsp;tendr\u00e1n&nbsp;lugar en todo el pa\u00eds durante los meses de marzo y abril de 2024, confirmaron [&hellip;]\" \/>\n<meta property=\"og:url\" content=\"https:\/\/laprensacristiana.com\/?p=15497\" \/>\n<meta property=\"og:site_name\" content=\"La Prensa Cristiana\" \/>\n<meta property=\"article:published_time\" content=\"2023-12-14T01:46:14+00:00\" \/>\n<meta property=\"article:modified_time\" content=\"2023-12-14T01:46:15+00:00\" \/>\n<meta property=\"og:image\" content=\"https:\/\/laprensacristiana.com\/wp-content\/uploads\/2023\/12\/IMG_7694-scaled.jpg\" \/>\n\t<meta property=\"og:image:width\" content=\"2560\" \/>\n\t<meta property=\"og:image:height\" content=\"1920\" \/>\n\t<meta property=\"og:image:type\" content=\"image\/jpeg\" \/>\n<meta name=\"author\" content=\"EDITOR\" \/>\n<meta name=\"twitter:card\" content=\"summary_large_image\" \/>\n<meta name=\"twitter:label1\" content=\"Escrito por\" \/>\n\t<meta name=\"twitter:data1\" content=\"EDITOR\" \/>\n\t<meta name=\"twitter:label2\" content=\"Tiempo de lectura\" \/>\n\t<meta name=\"twitter:data2\" content=\"4 minutos\" \/>\n<script type=\"application\/ld+json\" class=\"yoast-schema-graph\">{\"@context\":\"https:\/\/schema.org\",\"@graph\":[{\"@type\":\"WebPage\",\"@id\":\"https:\/\/laprensacristiana.com\/?p=15497\",\"url\":\"https:\/\/laprensacristiana.com\/?p=15497\",\"name\":\"Jes\u00fas y su palabra no le faltar\u00e1n a El Salvador durante el 2024 - La Prensa Cristiana\",\"isPartOf\":{\"@id\":\"https:\/\/laprensacristiana.com\/#website\"},\"datePublished\":\"2023-12-14T01:46:14+00:00\",\"dateModified\":\"2023-12-14T01:46:15+00:00\",\"author\":{\"@id\":\"https:\/\/laprensacristiana.com\/#\/schema\/person\/3e7d82c6bfd6b1fa67010f8f7cd5256e\"},\"breadcrumb\":{\"@id\":\"https:\/\/laprensacristiana.com\/?p=15497#breadcrumb\"},\"inLanguage\":\"es\",\"potentialAction\":[{\"@type\":\"ReadAction\",\"target\":[\"https:\/\/laprensacristiana.com\/?p=15497\"]}]},{\"@type\":\"BreadcrumbList\",\"@id\":\"https:\/\/laprensacristiana.com\/?p=15497#breadcrumb\",\"itemListElement\":[{\"@type\":\"ListItem\",\"position\":1,\"name\":\"Portada\",\"item\":\"https:\/\/laprensacristiana.com\/\"},{\"@type\":\"ListItem\",\"position\":2,\"name\":\"Jes\u00fas y su palabra no le faltar\u00e1n a El Salvador durante el 2024\"}]},{\"@type\":\"WebSite\",\"@id\":\"https:\/\/laprensacristiana.com\/#website\",\"url\":\"https:\/\/laprensacristiana.com\/\",\"name\":\"La Prensa Cristiana\",\"description\":\"Anunciando Las Buenas Nuevas\",\"potentialAction\":[{\"@type\":\"SearchAction\",\"target\":{\"@type\":\"EntryPoint\",\"urlTemplate\":\"https:\/\/laprensacristiana.com\/?s={search_term_string}\"},\"query-input\":\"required name=search_term_string\"}],\"inLanguage\":\"es\"},{\"@type\":\"Person\",\"@id\":\"https:\/\/laprensacristiana.com\/#\/schema\/person\/3e7d82c6bfd6b1fa67010f8f7cd5256e\",\"name\":\"EDITOR\",\"image\":{\"@type\":\"ImageObject\",\"inLanguage\":\"es\",\"@id\":\"https:\/\/laprensacristiana.com\/#\/schema\/person\/image\/\",\"url\":\"https:\/\/secure.gravatar.com\/avatar\/72069dfb6c13772d9e8381e3638666d2?s=96&d=mm&r=g\",\"contentUrl\":\"https:\/\/secure.gravatar.com\/avatar\/72069dfb6c13772d9e8381e3638666d2?s=96&d=mm&r=g\",\"caption\":\"EDITOR\"},\"url\":\"https:\/\/laprensacristiana.com\/?author=3\"}]}<\/script>\n<!-- \/ Yoast SEO plugin. -->","yoast_head_json":{"title":"Jes\u00fas y su palabra no le faltar\u00e1n a El Salvador durante el 2024 - La Prensa Cristiana","robots":{"index":"index","follow":"follow","max-snippet":"max-snippet:-1","max-image-preview":"max-image-preview:large","max-video-preview":"max-video-preview:-1"},"canonical":"https:\/\/laprensacristiana.com\/?p=15497","og_locale":"es_ES","og_type":"article","og_title":"Jes\u00fas y su palabra no le faltar\u00e1n a El Salvador durante el 2024 - La Prensa Cristiana","og_description":"Por: Edwin G\u00f3ngora | La Prensa Cristiana Iniciamos una nueva temporada y la palabra de Dios siempre estar\u00e1&nbsp;lista para cada uno de nosotros, cuando la necesitemos, de tal manera encontremos en ella el apoyo que realmente nos fortalezca.&nbsp; Siete cruzadas evangel\u00edsticas&nbsp;tendr\u00e1n&nbsp;lugar en todo el pa\u00eds durante los meses de marzo y abril de 2024, confirmaron [&hellip;]","og_url":"https:\/\/laprensacristiana.com\/?p=15497","og_site_name":"La Prensa Cristiana","article_published_time":"2023-12-14T01:46:14+00:00","article_modified_time":"2023-12-14T01:46:15+00:00","og_image":[{"width":2560,"height":1920,"url":"https:\/\/laprensacristiana.com\/wp-content\/uploads\/2023\/12\/IMG_7694-scaled.jpg","type":"image\/jpeg"}],"author":"EDITOR","twitter_card":"summary_large_image","twitter_misc":{"Escrito por":"EDITOR","Tiempo de lectura":"4 minutos"},"schema":{"@context":"https:\/\/schema.org","@graph":[{"@type":"WebPage","@id":"https:\/\/laprensacristiana.com\/?p=15497","url":"https:\/\/laprensacristiana.com\/?p=15497","name":"Jes\u00fas y su palabra no le faltar\u00e1n a El Salvador durante el 2024 - La Prensa Cristiana","isPartOf":{"@id":"https:\/\/laprensacristiana.com\/#website"},"datePublished":"2023-12-14T01:46:14+00:00","dateModified":"2023-12-14T01:46:15+00:00","author":{"@id":"https:\/\/laprensacristiana.com\/#\/schema\/person\/3e7d82c6bfd6b1fa67010f8f7cd5256e"},"breadcrumb":{"@id":"https:\/\/laprensacristiana.com\/?p=15497#breadcrumb"},"inLanguage":"es","potentialAction":[{"@type":"ReadAction","target":["https:\/\/laprensacristiana.com\/?p=15497"]}]},{"@type":"BreadcrumbList","@id":"https:\/\/laprensacristiana.com\/?p=15497#breadcrumb","itemListElement":[{"@type":"ListItem","position":1,"name":"Portada","item":"https:\/\/laprensacristiana.com\/"},{"@type":"ListItem","position":2,"name":"Jes\u00fas y su palabra no le faltar\u00e1n a El Salvador durante el 2024"}]},{"@type":"WebSite","@id":"https:\/\/laprensacristiana.com\/#website","url":"https:\/\/laprensacristiana.com\/","name":"La Prensa Cristiana","description":"Anunciando Las Buenas Nuevas","potentialAction":[{"@type":"SearchAction","target":{"@type":"EntryPoint","urlTemplate":"https:\/\/laprensacristiana.com\/?s={search_term_string}"},"query-input":"required name=search_term_string"}],"inLanguage":"es"},{"@type":"Person","@id":"https:\/\/laprensacristiana.com\/#\/schema\/person\/3e7d82c6bfd6b1fa67010f8f7cd5256e","name":"EDITOR","image":{"@type":"ImageObject","inLanguage":"es","@id":"https:\/\/laprensacristiana.com\/#\/schema\/person\/image\/","url":"https:\/\/secure.gravatar.com\/avatar\/72069dfb6c13772d9e8381e3638666d2?s=96&d=mm&r=g","contentUrl":"https:\/\/secure.gravatar.com\/avatar\/72069dfb6c13772d9e8381e3638666d2?s=96&d=mm&r=g","caption":"EDITOR"},"url":"https:\/\/laprensacristiana.com\/?author=3"}]}},"_links":{"self":[{"href":"https:\/\/laprensacristiana.com\/index.php?rest_route=\/wp\/v2\/posts\/15497"}],"collection":[{"href":"https:\/\/laprensacristiana.com\/index.php?rest_route=\/wp\/v2\/posts"}],"about":[{"href":"https:\/\/laprensacristiana.com\/index.php?rest_route=\/wp\/v2\/types\/post"}],"author":[{"embeddable":true,"href":"https:\/\/laprensacristiana.com\/index.php?rest_route=\/wp\/v2\/users\/3"}],"replies":[{"embeddable":true,"href":"https:\/\/laprensacristiana.com\/index.php?rest_route=%2Fwp%2Fv2%2Fcomments&post=15497"}],"version-history":[{"count":1,"href":"https:\/\/laprensacristiana.com\/index.php?rest_route=\/wp\/v2\/posts\/15497\/revisions"}],"predecessor-version":[{"id":15501,"href":"https:\/\/laprensacristiana.com\/index.php?rest_route=\/wp\/v2\/posts\/15497\/revisions\/15501"}],"wp:featuredmedia":[{"embeddable":true,"href":"https:\/\/laprensacristiana.com\/index.php?rest_route=\/wp\/v2\/media\/15500"}],"wp:attachment":[{"href":"https:\/\/laprensacristiana.com\/index.php?rest_route=%2Fwp%2Fv2%2Fmedia&parent=15497"}],"wp:term":[{"taxonomy":"category","embeddable":true,"href":"https:\/\/laprensacristiana.com\/index.php?rest_route=%2Fwp%2Fv2%2Fcategories&post=15497"},{"taxonomy":"post_tag","embeddable":true,"href":"https:\/\/laprensacristiana.com\/index.php?rest_route=%2Fwp%2Fv2%2Ftags&post=15497"}],"curies":[{"name":"wp","href":"https:\/\/api.w.org\/{rel}","templated":true}]}}