{"id":15503,"date":"2023-12-15T20:58:03","date_gmt":"2023-12-15T20:58:03","guid":{"rendered":"https:\/\/laprensacristiana.com\/?p=15503"},"modified":"2023-12-15T21:34:32","modified_gmt":"2023-12-15T21:34:32","slug":"operacion-alegria-el-regalo-de-navidad-de-fundacion-el-gran-yo-soy","status":"publish","type":"post","link":"https:\/\/laprensacristiana.com\/?p=15503","title":{"rendered":"\u00abOperaci\u00f3n alegr\u00eda\u00bb el regalo de navidad de Fundaci\u00f3n El Gran Yo Soy"},"content":{"rendered":"\n<p>Como es caracter\u00edstico de la Fundaci\u00f3n El Gran Yo Soy, cada cierre de a\u00f1o, como un regalo de navidad, desarroll\u00f3 la gira: \u201cOperaci\u00f3n Alegr\u00eda\u201d, llevando juguetes a cientos de ni\u00f1os en el municipio de San Juan Nonualco, en el departamento de La Paz.<\/p>\n\n\n\n<figure class=\"wp-block-image size-large\"><img decoding=\"async\" loading=\"lazy\" width=\"1024\" height=\"683\" src=\"https:\/\/laprensacristiana.com\/wp-content\/uploads\/2023\/12\/DSC06178-1024x683.jpg\" alt=\"\" class=\"wp-image-15504\" srcset=\"https:\/\/laprensacristiana.com\/wp-content\/uploads\/2023\/12\/DSC06178-1024x683.jpg 1024w, https:\/\/laprensacristiana.com\/wp-content\/uploads\/2023\/12\/DSC06178-300x200.jpg 300w, https:\/\/laprensacristiana.com\/wp-content\/uploads\/2023\/12\/DSC06178-768x512.jpg 768w, https:\/\/laprensacristiana.com\/wp-content\/uploads\/2023\/12\/DSC06178-1536x1024.jpg 1536w, https:\/\/laprensacristiana.com\/wp-content\/uploads\/2023\/12\/DSC06178-2048x1365.jpg 2048w, https:\/\/laprensacristiana.com\/wp-content\/uploads\/2023\/12\/DSC06178-696x464.jpg 696w, https:\/\/laprensacristiana.com\/wp-content\/uploads\/2023\/12\/DSC06178-1068x712.jpg 1068w, https:\/\/laprensacristiana.com\/wp-content\/uploads\/2023\/12\/DSC06178-1920x1280.jpg 1920w, https:\/\/laprensacristiana.com\/wp-content\/uploads\/2023\/12\/DSC06178-600x400.jpg 600w\" sizes=\"(max-width: 1024px) 100vw, 1024px\" \/><\/figure>\n\n\n\n<p>El evento en el que se otorg\u00f3 los juguetes a los ni\u00f1os era la segunda graduaci\u00f3n de los: \u201cC\u00edrculos familiares\u201d, donde los ni\u00f1os desde la primera infancia est\u00e1n aprendiendo a cultivar sus cualidades, programa del despacho de la primera dama de la Rep\u00fablica de El Salvador, Gabriela de Bukele. \u00a0\u00a0<\/p>\n\n\n\n<p>\u201cQueremos dar gracias a la Fundaci\u00f3n El Gran Yo Soy, por el donativo que nos brind\u00f3 para los c\u00edrculos familiares, les deseamos muchas bendiciones\u201d, indic\u00f3 Mirna Pineda, colaboradora del equipo de Bienestar Social.<\/p>\n\n\n\n<p>El presidente de la Fundaci\u00f3n El Gran Yo Soy, Jefferson Flores, reside en Estados Unidos, es hijo de padres salvadore\u00f1os, con un coraz\u00f3n altruista, tiene un vinculo especial con El Salvador, y en diferentes \u00e9pocas del a\u00f1o est\u00e1 sembrando alegr\u00eda en el coraz\u00f3n de los ni\u00f1os.<\/p>\n\n\n\n<figure class=\"wp-block-image size-large\"><img decoding=\"async\" loading=\"lazy\" width=\"1024\" height=\"683\" src=\"https:\/\/laprensacristiana.com\/wp-content\/uploads\/2023\/12\/DSC06285-1024x683.jpg\" alt=\"\" class=\"wp-image-15505\" srcset=\"https:\/\/laprensacristiana.com\/wp-content\/uploads\/2023\/12\/DSC06285-1024x683.jpg 1024w, https:\/\/laprensacristiana.com\/wp-content\/uploads\/2023\/12\/DSC06285-300x200.jpg 300w, https:\/\/laprensacristiana.com\/wp-content\/uploads\/2023\/12\/DSC06285-768x512.jpg 768w, https:\/\/laprensacristiana.com\/wp-content\/uploads\/2023\/12\/DSC06285-1536x1024.jpg 1536w, https:\/\/laprensacristiana.com\/wp-content\/uploads\/2023\/12\/DSC06285-2048x1365.jpg 2048w, https:\/\/laprensacristiana.com\/wp-content\/uploads\/2023\/12\/DSC06285-696x464.jpg 696w, https:\/\/laprensacristiana.com\/wp-content\/uploads\/2023\/12\/DSC06285-1068x712.jpg 1068w, https:\/\/laprensacristiana.com\/wp-content\/uploads\/2023\/12\/DSC06285-1920x1280.jpg 1920w, https:\/\/laprensacristiana.com\/wp-content\/uploads\/2023\/12\/DSC06285-600x400.jpg 600w\" sizes=\"(max-width: 1024px) 100vw, 1024px\" \/><\/figure>\n\n\n\n<p><em><strong>Gracias a Dios y a cada persona que realiz\u00f3 su donaci\u00f3n, hicimos esta navidad especial para muchos ni\u00f1os. Tuvimos la oportunidad de bendecir a ni\u00f1os de El Salvador con regalos. \u00a1Esta navidad ser\u00e1 especial para ellos! Esto es la iglesia \u00bfHay otra manera?, puntualiz\u00f3 Jefferson Flores.<\/strong><\/em><\/p>\n\n\n\n<p>Las muestras de agradecimiento por parte de los padres de familia no se hicieron esperar, en expresiones distintas: \u201cNos sentimos muy agradecidos por la donaci\u00f3n que han dado a nuestros ni\u00f1os, ellos se sienten muy felices cuando reciben un regalo\u201d, acot\u00f3 una madre de familia.<\/p>\n\n\n\n<p>As\u00ed como los ni\u00f1os, que con alegr\u00eda abr\u00edan sus regalos, desbordando felicidad, en su genuina forma de ser, escondido entre sonrisas: \u201cGracias a mi gente, siento un gran orgullo de todo el trabajo que se est\u00e1 realizando, siento un gran amor entre nosotros\u201d, concluy\u00f3 una de las ni\u00f1as beneficiarias por parte de Fundaci\u00f3n El Gran Yo Soy en esta navidad. &nbsp;<\/p>\n\n\n\n<figure class=\"wp-block-gallery has-nested-images columns-default is-cropped wp-block-gallery-1 is-layout-flex\">\n<figure class=\"wp-block-image size-large\"><img decoding=\"async\" loading=\"lazy\" width=\"1024\" height=\"683\" data-id=\"15514\"  src=\"https:\/\/laprensacristiana.com\/wp-content\/uploads\/2023\/12\/DSC06229-1024x683.jpg\" alt=\"\" class=\"wp-image-15514\" srcset=\"https:\/\/laprensacristiana.com\/wp-content\/uploads\/2023\/12\/DSC06229-1024x683.jpg 1024w, https:\/\/laprensacristiana.com\/wp-content\/uploads\/2023\/12\/DSC06229-300x200.jpg 300w, https:\/\/laprensacristiana.com\/wp-content\/uploads\/2023\/12\/DSC06229-768x512.jpg 768w, https:\/\/laprensacristiana.com\/wp-content\/uploads\/2023\/12\/DSC06229-1536x1024.jpg 1536w, https:\/\/laprensacristiana.com\/wp-content\/uploads\/2023\/12\/DSC06229-2048x1365.jpg 2048w, https:\/\/laprensacristiana.com\/wp-content\/uploads\/2023\/12\/DSC06229-696x464.jpg 696w, https:\/\/laprensacristiana.com\/wp-content\/uploads\/2023\/12\/DSC06229-1068x712.jpg 1068w, https:\/\/laprensacristiana.com\/wp-content\/uploads\/2023\/12\/DSC06229-1920x1280.jpg 1920w, https:\/\/laprensacristiana.com\/wp-content\/uploads\/2023\/12\/DSC06229-600x400.jpg 600w\" sizes=\"(max-width: 1024px) 100vw, 1024px\" \/><\/figure>\n\n\n\n<figure class=\"wp-block-image size-large\"><img decoding=\"async\" loading=\"lazy\" width=\"1024\" height=\"683\" data-id=\"15510\"  src=\"https:\/\/laprensacristiana.com\/wp-content\/uploads\/2023\/12\/DSC06169-1024x683.jpg\" alt=\"\" class=\"wp-image-15510\" srcset=\"https:\/\/laprensacristiana.com\/wp-content\/uploads\/2023\/12\/DSC06169-1024x683.jpg 1024w, https:\/\/laprensacristiana.com\/wp-content\/uploads\/2023\/12\/DSC06169-300x200.jpg 300w, https:\/\/laprensacristiana.com\/wp-content\/uploads\/2023\/12\/DSC06169-768x512.jpg 768w, https:\/\/laprensacristiana.com\/wp-content\/uploads\/2023\/12\/DSC06169-1536x1024.jpg 1536w, https:\/\/laprensacristiana.com\/wp-content\/uploads\/2023\/12\/DSC06169-2048x1365.jpg 2048w, https:\/\/laprensacristiana.com\/wp-content\/uploads\/2023\/12\/DSC06169-696x464.jpg 696w, https:\/\/laprensacristiana.com\/wp-content\/uploads\/2023\/12\/DSC06169-1068x712.jpg 1068w, https:\/\/laprensacristiana.com\/wp-content\/uploads\/2023\/12\/DSC06169-1920x1280.jpg 1920w, https:\/\/laprensacristiana.com\/wp-content\/uploads\/2023\/12\/DSC06169-600x400.jpg 600w\" sizes=\"(max-width: 1024px) 100vw, 1024px\" \/><\/figure>\n\n\n\n<figure class=\"wp-block-image size-large\"><img decoding=\"async\" loading=\"lazy\" width=\"1024\" height=\"683\" data-id=\"15508\"  src=\"https:\/\/laprensacristiana.com\/wp-content\/uploads\/2023\/12\/DSC06173-1024x683.jpg\" alt=\"\" class=\"wp-image-15508\" srcset=\"https:\/\/laprensacristiana.com\/wp-content\/uploads\/2023\/12\/DSC06173-1024x683.jpg 1024w, https:\/\/laprensacristiana.com\/wp-content\/uploads\/2023\/12\/DSC06173-300x200.jpg 300w, https:\/\/laprensacristiana.com\/wp-content\/uploads\/2023\/12\/DSC06173-768x512.jpg 768w, https:\/\/laprensacristiana.com\/wp-content\/uploads\/2023\/12\/DSC06173-1536x1024.jpg 1536w, https:\/\/laprensacristiana.com\/wp-content\/uploads\/2023\/12\/DSC06173-2048x1365.jpg 2048w, https:\/\/laprensacristiana.com\/wp-content\/uploads\/2023\/12\/DSC06173-696x464.jpg 696w, https:\/\/laprensacristiana.com\/wp-content\/uploads\/2023\/12\/DSC06173-1068x712.jpg 1068w, https:\/\/laprensacristiana.com\/wp-content\/uploads\/2023\/12\/DSC06173-1920x1280.jpg 1920w, https:\/\/laprensacristiana.com\/wp-content\/uploads\/2023\/12\/DSC06173-600x400.jpg 600w\" sizes=\"(max-width: 1024px) 100vw, 1024px\" \/><\/figure>\n\n\n\n<figure class=\"wp-block-image size-large\"><img decoding=\"async\" loading=\"lazy\" width=\"1024\" height=\"683\" data-id=\"15509\"  src=\"https:\/\/laprensacristiana.com\/wp-content\/uploads\/2023\/12\/DSC06191-1024x683.jpg\" alt=\"\" class=\"wp-image-15509\" srcset=\"https:\/\/laprensacristiana.com\/wp-content\/uploads\/2023\/12\/DSC06191-1024x683.jpg 1024w, https:\/\/laprensacristiana.com\/wp-content\/uploads\/2023\/12\/DSC06191-300x200.jpg 300w, https:\/\/laprensacristiana.com\/wp-content\/uploads\/2023\/12\/DSC06191-768x512.jpg 768w, https:\/\/laprensacristiana.com\/wp-content\/uploads\/2023\/12\/DSC06191-1536x1024.jpg 1536w, https:\/\/laprensacristiana.com\/wp-content\/uploads\/2023\/12\/DSC06191-2048x1365.jpg 2048w, https:\/\/laprensacristiana.com\/wp-content\/uploads\/2023\/12\/DSC06191-696x464.jpg 696w, https:\/\/laprensacristiana.com\/wp-content\/uploads\/2023\/12\/DSC06191-1068x712.jpg 1068w, https:\/\/laprensacristiana.com\/wp-content\/uploads\/2023\/12\/DSC06191-1920x1280.jpg 1920w, https:\/\/laprensacristiana.com\/wp-content\/uploads\/2023\/12\/DSC06191-600x400.jpg 600w\" sizes=\"(max-width: 1024px) 100vw, 1024px\" \/><\/figure>\n\n\n\n<figure class=\"wp-block-image size-large\"><img decoding=\"async\" loading=\"lazy\" width=\"1024\" height=\"683\" data-id=\"15506\"  src=\"https:\/\/laprensacristiana.com\/wp-content\/uploads\/2023\/12\/DSC06194-1024x683.jpg\" alt=\"\" class=\"wp-image-15506\" srcset=\"https:\/\/laprensacristiana.com\/wp-content\/uploads\/2023\/12\/DSC06194-1024x683.jpg 1024w, https:\/\/laprensacristiana.com\/wp-content\/uploads\/2023\/12\/DSC06194-300x200.jpg 300w, https:\/\/laprensacristiana.com\/wp-content\/uploads\/2023\/12\/DSC06194-768x512.jpg 768w, https:\/\/laprensacristiana.com\/wp-content\/uploads\/2023\/12\/DSC06194-1536x1024.jpg 1536w, https:\/\/laprensacristiana.com\/wp-content\/uploads\/2023\/12\/DSC06194-2048x1365.jpg 2048w, https:\/\/laprensacristiana.com\/wp-content\/uploads\/2023\/12\/DSC06194-696x464.jpg 696w, https:\/\/laprensacristiana.com\/wp-content\/uploads\/2023\/12\/DSC06194-1068x712.jpg 1068w, https:\/\/laprensacristiana.com\/wp-content\/uploads\/2023\/12\/DSC06194-1920x1280.jpg 1920w, https:\/\/laprensacristiana.com\/wp-content\/uploads\/2023\/12\/DSC06194-600x400.jpg 600w\" sizes=\"(max-width: 1024px) 100vw, 1024px\" \/><\/figure>\n\n\n\n<figure class=\"wp-block-image size-large\"><img decoding=\"async\" loading=\"lazy\" width=\"1024\" height=\"683\" data-id=\"15511\"  src=\"https:\/\/laprensacristiana.com\/wp-content\/uploads\/2023\/12\/DSC06200-1024x683.jpg\" alt=\"\" class=\"wp-image-15511\" srcset=\"https:\/\/laprensacristiana.com\/wp-content\/uploads\/2023\/12\/DSC06200-1024x683.jpg 1024w, https:\/\/laprensacristiana.com\/wp-content\/uploads\/2023\/12\/DSC06200-300x200.jpg 300w, https:\/\/laprensacristiana.com\/wp-content\/uploads\/2023\/12\/DSC06200-768x512.jpg 768w, https:\/\/laprensacristiana.com\/wp-content\/uploads\/2023\/12\/DSC06200-1536x1024.jpg 1536w, https:\/\/laprensacristiana.com\/wp-content\/uploads\/2023\/12\/DSC06200-2048x1365.jpg 2048w, https:\/\/laprensacristiana.com\/wp-content\/uploads\/2023\/12\/DSC06200-696x464.jpg 696w, https:\/\/laprensacristiana.com\/wp-content\/uploads\/2023\/12\/DSC06200-1068x712.jpg 1068w, https:\/\/laprensacristiana.com\/wp-content\/uploads\/2023\/12\/DSC06200-1920x1280.jpg 1920w, https:\/\/laprensacristiana.com\/wp-content\/uploads\/2023\/12\/DSC06200-600x400.jpg 600w\" sizes=\"(max-width: 1024px) 100vw, 1024px\" \/><\/figure>\n\n\n\n<figure class=\"wp-block-image size-large\"><img decoding=\"async\" loading=\"lazy\" width=\"1024\" height=\"683\" data-id=\"15513\"  src=\"https:\/\/laprensacristiana.com\/wp-content\/uploads\/2023\/12\/DSC06207-1024x683.jpg\" alt=\"\" class=\"wp-image-15513\" srcset=\"https:\/\/laprensacristiana.com\/wp-content\/uploads\/2023\/12\/DSC06207-1024x683.jpg 1024w, https:\/\/laprensacristiana.com\/wp-content\/uploads\/2023\/12\/DSC06207-300x200.jpg 300w, https:\/\/laprensacristiana.com\/wp-content\/uploads\/2023\/12\/DSC06207-768x512.jpg 768w, https:\/\/laprensacristiana.com\/wp-content\/uploads\/2023\/12\/DSC06207-1536x1024.jpg 1536w, https:\/\/laprensacristiana.com\/wp-content\/uploads\/2023\/12\/DSC06207-2048x1365.jpg 2048w, https:\/\/laprensacristiana.com\/wp-content\/uploads\/2023\/12\/DSC06207-696x464.jpg 696w, https:\/\/laprensacristiana.com\/wp-content\/uploads\/2023\/12\/DSC06207-1068x712.jpg 1068w, https:\/\/laprensacristiana.com\/wp-content\/uploads\/2023\/12\/DSC06207-1920x1280.jpg 1920w, https:\/\/laprensacristiana.com\/wp-content\/uploads\/2023\/12\/DSC06207-600x400.jpg 600w\" sizes=\"(max-width: 1024px) 100vw, 1024px\" \/><\/figure>\n\n\n\n<figure class=\"wp-block-image size-large\"><img decoding=\"async\" loading=\"lazy\" width=\"1024\" height=\"683\" data-id=\"15512\"  src=\"https:\/\/laprensacristiana.com\/wp-content\/uploads\/2023\/12\/DSC06256-1024x683.jpg\" alt=\"\" class=\"wp-image-15512\" srcset=\"https:\/\/laprensacristiana.com\/wp-content\/uploads\/2023\/12\/DSC06256-1024x683.jpg 1024w, https:\/\/laprensacristiana.com\/wp-content\/uploads\/2023\/12\/DSC06256-300x200.jpg 300w, https:\/\/laprensacristiana.com\/wp-content\/uploads\/2023\/12\/DSC06256-768x512.jpg 768w, https:\/\/laprensacristiana.com\/wp-content\/uploads\/2023\/12\/DSC06256-1536x1024.jpg 1536w, https:\/\/laprensacristiana.com\/wp-content\/uploads\/2023\/12\/DSC06256-2048x1365.jpg 2048w, https:\/\/laprensacristiana.com\/wp-content\/uploads\/2023\/12\/DSC06256-696x464.jpg 696w, https:\/\/laprensacristiana.com\/wp-content\/uploads\/2023\/12\/DSC06256-1068x712.jpg 1068w, https:\/\/laprensacristiana.com\/wp-content\/uploads\/2023\/12\/DSC06256-1920x1280.jpg 1920w, https:\/\/laprensacristiana.com\/wp-content\/uploads\/2023\/12\/DSC06256-600x400.jpg 600w\" sizes=\"(max-width: 1024px) 100vw, 1024px\" \/><\/figure>\n<\/figure>\n\n\n\n<p><\/p>\n","protected":false},"excerpt":{"rendered":"<p>Como es caracter\u00edstico de la Fundaci\u00f3n El Gran Yo Soy, cada cierre de a\u00f1o, como un regalo de navidad, desarroll\u00f3 la gira: \u201cOperaci\u00f3n Alegr\u00eda\u201d, llevando juguetes a cientos de ni\u00f1os en el municipio de San Juan Nonualco, en el departamento de La Paz. El evento en el que se otorg\u00f3 los juguetes a los ni\u00f1os [&hellip;]<\/p>\n","protected":false},"author":3,"featured_media":15507,"comment_status":"open","ping_status":"open","sticky":false,"template":"","format":"standard","meta":[],"categories":[56],"tags":[],"yoast_head":"<!-- This site is optimized with the Yoast SEO plugin v20.8 - https:\/\/yoast.com\/wordpress\/plugins\/seo\/ -->\n<title>\u00abOperaci\u00f3n alegr\u00eda\u00bb el regalo de navidad de Fundaci\u00f3n El Gran Yo Soy - La Prensa Cristiana<\/title>\n<meta name=\"robots\" content=\"index, follow, max-snippet:-1, max-image-preview:large, max-video-preview:-1\" \/>\n<link rel=\"canonical\" href=\"https:\/\/laprensacristiana.com\/?p=15503\" \/>\n<meta property=\"og:locale\" content=\"es_ES\" \/>\n<meta property=\"og:type\" content=\"article\" \/>\n<meta property=\"og:title\" content=\"\u00abOperaci\u00f3n alegr\u00eda\u00bb el regalo de navidad de Fundaci\u00f3n El Gran Yo Soy - La Prensa Cristiana\" \/>\n<meta property=\"og:description\" content=\"Como es caracter\u00edstico de la Fundaci\u00f3n El Gran Yo Soy, cada cierre de a\u00f1o, como un regalo de navidad, desarroll\u00f3 la gira: \u201cOperaci\u00f3n Alegr\u00eda\u201d, llevando juguetes a cientos de ni\u00f1os en el municipio de San Juan Nonualco, en el departamento de La Paz. El evento en el que se otorg\u00f3 los juguetes a los ni\u00f1os [&hellip;]\" \/>\n<meta property=\"og:url\" content=\"https:\/\/laprensacristiana.com\/?p=15503\" \/>\n<meta property=\"og:site_name\" content=\"La Prensa Cristiana\" \/>\n<meta property=\"article:published_time\" content=\"2023-12-15T20:58:03+00:00\" \/>\n<meta property=\"article:modified_time\" content=\"2023-12-15T21:34:32+00:00\" \/>\n<meta property=\"og:image\" content=\"https:\/\/laprensacristiana.com\/wp-content\/uploads\/2023\/12\/DSC06166-scaled.jpg\" \/>\n\t<meta property=\"og:image:width\" content=\"2560\" \/>\n\t<meta property=\"og:image:height\" content=\"1707\" \/>\n\t<meta property=\"og:image:type\" content=\"image\/jpeg\" \/>\n<meta name=\"author\" content=\"EDITOR\" \/>\n<meta name=\"twitter:card\" content=\"summary_large_image\" \/>\n<meta name=\"twitter:label1\" content=\"Escrito por\" \/>\n\t<meta name=\"twitter:data1\" content=\"EDITOR\" \/>\n\t<meta name=\"twitter:label2\" content=\"Tiempo de lectura\" \/>\n\t<meta name=\"twitter:data2\" content=\"4 minutos\" \/>\n<script type=\"application\/ld+json\" class=\"yoast-schema-graph\">{\"@context\":\"https:\/\/schema.org\",\"@graph\":[{\"@type\":\"WebPage\",\"@id\":\"https:\/\/laprensacristiana.com\/?p=15503\",\"url\":\"https:\/\/laprensacristiana.com\/?p=15503\",\"name\":\"\u00abOperaci\u00f3n alegr\u00eda\u00bb el regalo de navidad de Fundaci\u00f3n El Gran Yo Soy - La Prensa Cristiana\",\"isPartOf\":{\"@id\":\"https:\/\/laprensacristiana.com\/#website\"},\"datePublished\":\"2023-12-15T20:58:03+00:00\",\"dateModified\":\"2023-12-15T21:34:32+00:00\",\"author\":{\"@id\":\"https:\/\/laprensacristiana.com\/#\/schema\/person\/3e7d82c6bfd6b1fa67010f8f7cd5256e\"},\"breadcrumb\":{\"@id\":\"https:\/\/laprensacristiana.com\/?p=15503#breadcrumb\"},\"inLanguage\":\"es\",\"potentialAction\":[{\"@type\":\"ReadAction\",\"target\":[\"https:\/\/laprensacristiana.com\/?p=15503\"]}]},{\"@type\":\"BreadcrumbList\",\"@id\":\"https:\/\/laprensacristiana.com\/?p=15503#breadcrumb\",\"itemListElement\":[{\"@type\":\"ListItem\",\"position\":1,\"name\":\"Portada\",\"item\":\"https:\/\/laprensacristiana.com\/\"},{\"@type\":\"ListItem\",\"position\":2,\"name\":\"\u00abOperaci\u00f3n alegr\u00eda\u00bb el regalo de navidad de Fundaci\u00f3n El Gran Yo Soy\"}]},{\"@type\":\"WebSite\",\"@id\":\"https:\/\/laprensacristiana.com\/#website\",\"url\":\"https:\/\/laprensacristiana.com\/\",\"name\":\"La Prensa Cristiana\",\"description\":\"Anunciando Las Buenas Nuevas\",\"potentialAction\":[{\"@type\":\"SearchAction\",\"target\":{\"@type\":\"EntryPoint\",\"urlTemplate\":\"https:\/\/laprensacristiana.com\/?s={search_term_string}\"},\"query-input\":\"required name=search_term_string\"}],\"inLanguage\":\"es\"},{\"@type\":\"Person\",\"@id\":\"https:\/\/laprensacristiana.com\/#\/schema\/person\/3e7d82c6bfd6b1fa67010f8f7cd5256e\",\"name\":\"EDITOR\",\"image\":{\"@type\":\"ImageObject\",\"inLanguage\":\"es\",\"@id\":\"https:\/\/laprensacristiana.com\/#\/schema\/person\/image\/\",\"url\":\"https:\/\/secure.gravatar.com\/avatar\/72069dfb6c13772d9e8381e3638666d2?s=96&d=mm&r=g\",\"contentUrl\":\"https:\/\/secure.gravatar.com\/avatar\/72069dfb6c13772d9e8381e3638666d2?s=96&d=mm&r=g\",\"caption\":\"EDITOR\"},\"url\":\"https:\/\/laprensacristiana.com\/?author=3\"}]}<\/script>\n<!-- \/ Yoast SEO plugin. -->","yoast_head_json":{"title":"\u00abOperaci\u00f3n alegr\u00eda\u00bb el regalo de navidad de Fundaci\u00f3n El Gran Yo Soy - La Prensa Cristiana","robots":{"index":"index","follow":"follow","max-snippet":"max-snippet:-1","max-image-preview":"max-image-preview:large","max-video-preview":"max-video-preview:-1"},"canonical":"https:\/\/laprensacristiana.com\/?p=15503","og_locale":"es_ES","og_type":"article","og_title":"\u00abOperaci\u00f3n alegr\u00eda\u00bb el regalo de navidad de Fundaci\u00f3n El Gran Yo Soy - La Prensa Cristiana","og_description":"Como es caracter\u00edstico de la Fundaci\u00f3n El Gran Yo Soy, cada cierre de a\u00f1o, como un regalo de navidad, desarroll\u00f3 la gira: \u201cOperaci\u00f3n Alegr\u00eda\u201d, llevando juguetes a cientos de ni\u00f1os en el municipio de San Juan Nonualco, en el departamento de La Paz. El evento en el que se otorg\u00f3 los juguetes a los ni\u00f1os [&hellip;]","og_url":"https:\/\/laprensacristiana.com\/?p=15503","og_site_name":"La Prensa Cristiana","article_published_time":"2023-12-15T20:58:03+00:00","article_modified_time":"2023-12-15T21:34:32+00:00","og_image":[{"width":2560,"height":1707,"url":"https:\/\/laprensacristiana.com\/wp-content\/uploads\/2023\/12\/DSC06166-scaled.jpg","type":"image\/jpeg"}],"author":"EDITOR","twitter_card":"summary_large_image","twitter_misc":{"Escrito por":"EDITOR","Tiempo de lectura":"4 minutos"},"schema":{"@context":"https:\/\/schema.org","@graph":[{"@type":"WebPage","@id":"https:\/\/laprensacristiana.com\/?p=15503","url":"https:\/\/laprensacristiana.com\/?p=15503","name":"\u00abOperaci\u00f3n alegr\u00eda\u00bb el regalo de navidad de Fundaci\u00f3n El Gran Yo Soy - La Prensa Cristiana","isPartOf":{"@id":"https:\/\/laprensacristiana.com\/#website"},"datePublished":"2023-12-15T20:58:03+00:00","dateModified":"2023-12-15T21:34:32+00:00","author":{"@id":"https:\/\/laprensacristiana.com\/#\/schema\/person\/3e7d82c6bfd6b1fa67010f8f7cd5256e"},"breadcrumb":{"@id":"https:\/\/laprensacristiana.com\/?p=15503#breadcrumb"},"inLanguage":"es","potentialAction":[{"@type":"ReadAction","target":["https:\/\/laprensacristiana.com\/?p=15503"]}]},{"@type":"BreadcrumbList","@id":"https:\/\/laprensacristiana.com\/?p=15503#breadcrumb","itemListElement":[{"@type":"ListItem","position":1,"name":"Portada","item":"https:\/\/laprensacristiana.com\/"},{"@type":"ListItem","position":2,"name":"\u00abOperaci\u00f3n alegr\u00eda\u00bb el regalo de navidad de Fundaci\u00f3n El Gran Yo Soy"}]},{"@type":"WebSite","@id":"https:\/\/laprensacristiana.com\/#website","url":"https:\/\/laprensacristiana.com\/","name":"La Prensa Cristiana","description":"Anunciando Las Buenas Nuevas","potentialAction":[{"@type":"SearchAction","target":{"@type":"EntryPoint","urlTemplate":"https:\/\/laprensacristiana.com\/?s={search_term_string}"},"query-input":"required name=search_term_string"}],"inLanguage":"es"},{"@type":"Person","@id":"https:\/\/laprensacristiana.com\/#\/schema\/person\/3e7d82c6bfd6b1fa67010f8f7cd5256e","name":"EDITOR","image":{"@type":"ImageObject","inLanguage":"es","@id":"https:\/\/laprensacristiana.com\/#\/schema\/person\/image\/","url":"https:\/\/secure.gravatar.com\/avatar\/72069dfb6c13772d9e8381e3638666d2?s=96&d=mm&r=g","contentUrl":"https:\/\/secure.gravatar.com\/avatar\/72069dfb6c13772d9e8381e3638666d2?s=96&d=mm&r=g","caption":"EDITOR"},"url":"https:\/\/laprensacristiana.com\/?author=3"}]}},"_links":{"self":[{"href":"https:\/\/laprensacristiana.com\/index.php?rest_route=\/wp\/v2\/posts\/15503"}],"collection":[{"href":"https:\/\/laprensacristiana.com\/index.php?rest_route=\/wp\/v2\/posts"}],"about":[{"href":"https:\/\/laprensacristiana.com\/index.php?rest_route=\/wp\/v2\/types\/post"}],"author":[{"embeddable":true,"href":"https:\/\/laprensacristiana.com\/index.php?rest_route=\/wp\/v2\/users\/3"}],"replies":[{"embeddable":true,"href":"https:\/\/laprensacristiana.com\/index.php?rest_route=%2Fwp%2Fv2%2Fcomments&post=15503"}],"version-history":[{"count":2,"href":"https:\/\/laprensacristiana.com\/index.php?rest_route=\/wp\/v2\/posts\/15503\/revisions"}],"predecessor-version":[{"id":15516,"href":"https:\/\/laprensacristiana.com\/index.php?rest_route=\/wp\/v2\/posts\/15503\/revisions\/15516"}],"wp:featuredmedia":[{"embeddable":true,"href":"https:\/\/laprensacristiana.com\/index.php?rest_route=\/wp\/v2\/media\/15507"}],"wp:attachment":[{"href":"https:\/\/laprensacristiana.com\/index.php?rest_route=%2Fwp%2Fv2%2Fmedia&parent=15503"}],"wp:term":[{"taxonomy":"category","embeddable":true,"href":"https:\/\/laprensacristiana.com\/index.php?rest_route=%2Fwp%2Fv2%2Fcategories&post=15503"},{"taxonomy":"post_tag","embeddable":true,"href":"https:\/\/laprensacristiana.com\/index.php?rest_route=%2Fwp%2Fv2%2Ftags&post=15503"}],"curies":[{"name":"wp","href":"https:\/\/api.w.org\/{rel}","templated":true}]}}