{"id":1552,"date":"2016-09-29T21:06:39","date_gmt":"2016-09-29T21:06:39","guid":{"rendered":"https:\/\/laprensacristiana.com\/?p=1552"},"modified":"2020-07-02T01:44:10","modified_gmt":"2020-07-02T01:44:10","slug":"iglesia-cristiana-huellas-de-uncion-celebro-su-10mo-aniversario","status":"publish","type":"post","link":"https:\/\/laprensacristiana.com\/?p=1552","title":{"rendered":"Iglesia Cristiana Huellas de Unci\u00f3n celebr\u00f3 su 10mo. aniversario"},"content":{"rendered":"<p>Iglesia Cristiana Huellas de Unci\u00f3n, celebr\u00f3 durante el mes de septiembre su d\u00e9cimo aniversario con diversas actividades, todas con el prop\u00f3sito de exaltar el nombre de Jes\u00fas y de agradecer al Se\u00f1or por su respaldo durante todo este tiempo que les ha permitido predicar la Buenas Nuevas de salvaci\u00f3n y restauraci\u00f3n.<\/p>\n<p>Con un mover\u00a0 glorioso de alabanza, danzas, adoraci\u00f3n, predicaci\u00f3n y palabra prof\u00e9tica\u00a0 se desarrollaron cada una de las celebraciones, siendo preparados y equipados por el Esp\u00edritu Santo para el nuevo tiempo que se ha proclamado a nuestras vidas.<\/p>\n<p>Todo inicio siendo un Ministerio de Oraci\u00f3n, el cual se realizaba los d\u00edas lunes en la sala de la familia Picariello, fue hasta un 3 de septiembre del a\u00f1o 2006, que el hermano Alberto Picariello fue establecido como Pastor, bajo la cobertura del Pastor General Eduardo Rodr\u00edguez de Iglesia Misi\u00f3n Cristiana Jud\u00e1. Empezaron en un peque\u00f1o local en esquina opuesta al hospital Militar estando ah\u00ed solamente tres meses, pero el Se\u00f1or los bendijo movi\u00e9ndolos hacia donde est\u00e1n actualmente en Montebello Poniente.<\/p>\n<p>La iglesia, nace con el vers\u00edculo de Isa\u00edas 10:27 <em>\u201cY el Yugo se podrir\u00e1 a causa de la unci\u00f3n\u201d<\/em>, palabras que han estado marcadas durante los diez a\u00f1os de existencia de este templo, en donde han visto vidas restauradas, libres de enfermedad, entre otros milagros. Los pilares base para la iglesia han sido: la palabra de Dios, la alabanza restaurada y el mover del Esp\u00edritu Santo.<\/p>\n<p>A lo largo de esta historia se han renovado para evangelizar a todas las almas posibles, para poder glorificar el nombre de Jesucristo, es por ello que sus lemas lo dejan claro: 2007 a\u00f1o de restauraci\u00f3n, 2008 a\u00f1o de la cosecha, 2009 a\u00f1o de la conquista, 2010 a\u00f1o de multiplicaci\u00f3n, 2011 a\u00f1o de la gracia, 2012 a\u00f1o de ensanchamiento, 2013 a\u00f1o de los prospectico, 2014 a\u00f1o de expansi\u00f3n, 2015 a\u00f1o de la libertad, 2016 a\u00f1o de lo sobrenatural<\/p>\n<p>Es una Iglesia que NO se conforma y es por ello que han decidido seguir adelante y\u00a0 creyendo al Se\u00f1or que la gloria postrera que viene para esta casa ser\u00e1 mayor que la primera. Est\u00e1n a la expectativa de un mover glorioso, lleno de maravillas, milagros, prodigios y hechos poderosos que marcar\u00e1n la vida de muchos.<\/p>\n<p>Como iglesia est\u00e1n agradecidos con quienes\u00a0 los han visitado para exaltar \u00a0al Se\u00f1or\u00a0 durante esta celebraci\u00f3n y dejar una palabra de bendici\u00f3n sobre este ministerio que Dios ha levantado. Y como su lema lo dice: <em>\u201cUn lugar para los que no se conforman\u201d, <\/em>como templo quieren alcanzar m\u00e1s de la gracia de Dios.<\/p>\n","protected":false},"excerpt":{"rendered":"<p>Iglesia Cristiana Huellas de Unci\u00f3n, celebr\u00f3 durante el mes de septiembre su d\u00e9cimo aniversario con diversas actividades, todas con el prop\u00f3sito de exaltar el nombre de Jes\u00fas y de agradecer al Se\u00f1or por su respaldo durante todo este tiempo que les ha permitido predicar la Buenas Nuevas de salvaci\u00f3n y restauraci\u00f3n. Con un mover\u00a0 glorioso [&hellip;]<\/p>\n","protected":false},"author":3,"featured_media":1556,"comment_status":"open","ping_status":"open","sticky":false,"template":"","format":"standard","meta":[],"categories":[56],"tags":[],"yoast_head":"<!-- This site is optimized with the Yoast SEO plugin v20.8 - https:\/\/yoast.com\/wordpress\/plugins\/seo\/ -->\n<title>Iglesia Cristiana Huellas de Unci\u00f3n celebr\u00f3 su 10mo. aniversario - La Prensa Cristiana<\/title>\n<meta name=\"robots\" content=\"index, follow, max-snippet:-1, max-image-preview:large, max-video-preview:-1\" \/>\n<link rel=\"canonical\" href=\"https:\/\/laprensacristiana.com\/?p=1552\" \/>\n<meta property=\"og:locale\" content=\"es_ES\" \/>\n<meta property=\"og:type\" content=\"article\" \/>\n<meta property=\"og:title\" content=\"Iglesia Cristiana Huellas de Unci\u00f3n celebr\u00f3 su 10mo. aniversario - La Prensa Cristiana\" \/>\n<meta property=\"og:description\" content=\"Iglesia Cristiana Huellas de Unci\u00f3n, celebr\u00f3 durante el mes de septiembre su d\u00e9cimo aniversario con diversas actividades, todas con el prop\u00f3sito de exaltar el nombre de Jes\u00fas y de agradecer al Se\u00f1or por su respaldo durante todo este tiempo que les ha permitido predicar la Buenas Nuevas de salvaci\u00f3n y restauraci\u00f3n. Con un mover\u00a0 glorioso [&hellip;]\" \/>\n<meta property=\"og:url\" content=\"https:\/\/laprensacristiana.com\/?p=1552\" \/>\n<meta property=\"og:site_name\" content=\"La Prensa Cristiana\" \/>\n<meta property=\"article:published_time\" content=\"2016-09-29T21:06:39+00:00\" \/>\n<meta property=\"article:modified_time\" content=\"2020-07-02T01:44:10+00:00\" \/>\n<meta property=\"og:image\" content=\"https:\/\/laprensacristiana.com\/wp-content\/uploads\/2016\/09\/HUELLAS.png\" \/>\n\t<meta property=\"og:image:width\" content=\"820\" \/>\n\t<meta property=\"og:image:height\" content=\"820\" \/>\n\t<meta property=\"og:image:type\" content=\"image\/png\" \/>\n<meta name=\"author\" content=\"EDITOR\" \/>\n<meta name=\"twitter:card\" content=\"summary_large_image\" \/>\n<meta name=\"twitter:label1\" content=\"Escrito por\" \/>\n\t<meta name=\"twitter:data1\" content=\"EDITOR\" \/>\n\t<meta name=\"twitter:label2\" content=\"Tiempo de lectura\" \/>\n\t<meta name=\"twitter:data2\" content=\"2 minutos\" \/>\n<script type=\"application\/ld+json\" class=\"yoast-schema-graph\">{\"@context\":\"https:\/\/schema.org\",\"@graph\":[{\"@type\":\"WebPage\",\"@id\":\"https:\/\/laprensacristiana.com\/?p=1552\",\"url\":\"https:\/\/laprensacristiana.com\/?p=1552\",\"name\":\"Iglesia Cristiana Huellas de Unci\u00f3n celebr\u00f3 su 10mo. aniversario - La Prensa Cristiana\",\"isPartOf\":{\"@id\":\"https:\/\/laprensacristiana.com\/#website\"},\"datePublished\":\"2016-09-29T21:06:39+00:00\",\"dateModified\":\"2020-07-02T01:44:10+00:00\",\"author\":{\"@id\":\"https:\/\/laprensacristiana.com\/#\/schema\/person\/3e7d82c6bfd6b1fa67010f8f7cd5256e\"},\"breadcrumb\":{\"@id\":\"https:\/\/laprensacristiana.com\/?p=1552#breadcrumb\"},\"inLanguage\":\"es\",\"potentialAction\":[{\"@type\":\"ReadAction\",\"target\":[\"https:\/\/laprensacristiana.com\/?p=1552\"]}]},{\"@type\":\"BreadcrumbList\",\"@id\":\"https:\/\/laprensacristiana.com\/?p=1552#breadcrumb\",\"itemListElement\":[{\"@type\":\"ListItem\",\"position\":1,\"name\":\"Portada\",\"item\":\"https:\/\/laprensacristiana.com\/\"},{\"@type\":\"ListItem\",\"position\":2,\"name\":\"Iglesia Cristiana Huellas de Unci\u00f3n celebr\u00f3 su 10mo. aniversario\"}]},{\"@type\":\"WebSite\",\"@id\":\"https:\/\/laprensacristiana.com\/#website\",\"url\":\"https:\/\/laprensacristiana.com\/\",\"name\":\"La Prensa Cristiana\",\"description\":\"Anunciando Las Buenas Nuevas\",\"potentialAction\":[{\"@type\":\"SearchAction\",\"target\":{\"@type\":\"EntryPoint\",\"urlTemplate\":\"https:\/\/laprensacristiana.com\/?s={search_term_string}\"},\"query-input\":\"required name=search_term_string\"}],\"inLanguage\":\"es\"},{\"@type\":\"Person\",\"@id\":\"https:\/\/laprensacristiana.com\/#\/schema\/person\/3e7d82c6bfd6b1fa67010f8f7cd5256e\",\"name\":\"EDITOR\",\"image\":{\"@type\":\"ImageObject\",\"inLanguage\":\"es\",\"@id\":\"https:\/\/laprensacristiana.com\/#\/schema\/person\/image\/\",\"url\":\"https:\/\/secure.gravatar.com\/avatar\/72069dfb6c13772d9e8381e3638666d2?s=96&d=mm&r=g\",\"contentUrl\":\"https:\/\/secure.gravatar.com\/avatar\/72069dfb6c13772d9e8381e3638666d2?s=96&d=mm&r=g\",\"caption\":\"EDITOR\"},\"url\":\"https:\/\/laprensacristiana.com\/?author=3\"}]}<\/script>\n<!-- \/ Yoast SEO plugin. -->","yoast_head_json":{"title":"Iglesia Cristiana Huellas de Unci\u00f3n celebr\u00f3 su 10mo. aniversario - La Prensa Cristiana","robots":{"index":"index","follow":"follow","max-snippet":"max-snippet:-1","max-image-preview":"max-image-preview:large","max-video-preview":"max-video-preview:-1"},"canonical":"https:\/\/laprensacristiana.com\/?p=1552","og_locale":"es_ES","og_type":"article","og_title":"Iglesia Cristiana Huellas de Unci\u00f3n celebr\u00f3 su 10mo. aniversario - La Prensa Cristiana","og_description":"Iglesia Cristiana Huellas de Unci\u00f3n, celebr\u00f3 durante el mes de septiembre su d\u00e9cimo aniversario con diversas actividades, todas con el prop\u00f3sito de exaltar el nombre de Jes\u00fas y de agradecer al Se\u00f1or por su respaldo durante todo este tiempo que les ha permitido predicar la Buenas Nuevas de salvaci\u00f3n y restauraci\u00f3n. Con un mover\u00a0 glorioso [&hellip;]","og_url":"https:\/\/laprensacristiana.com\/?p=1552","og_site_name":"La Prensa Cristiana","article_published_time":"2016-09-29T21:06:39+00:00","article_modified_time":"2020-07-02T01:44:10+00:00","og_image":[{"width":820,"height":820,"url":"https:\/\/laprensacristiana.com\/wp-content\/uploads\/2016\/09\/HUELLAS.png","type":"image\/png"}],"author":"EDITOR","twitter_card":"summary_large_image","twitter_misc":{"Escrito por":"EDITOR","Tiempo de lectura":"2 minutos"},"schema":{"@context":"https:\/\/schema.org","@graph":[{"@type":"WebPage","@id":"https:\/\/laprensacristiana.com\/?p=1552","url":"https:\/\/laprensacristiana.com\/?p=1552","name":"Iglesia Cristiana Huellas de Unci\u00f3n celebr\u00f3 su 10mo. aniversario - La Prensa Cristiana","isPartOf":{"@id":"https:\/\/laprensacristiana.com\/#website"},"datePublished":"2016-09-29T21:06:39+00:00","dateModified":"2020-07-02T01:44:10+00:00","author":{"@id":"https:\/\/laprensacristiana.com\/#\/schema\/person\/3e7d82c6bfd6b1fa67010f8f7cd5256e"},"breadcrumb":{"@id":"https:\/\/laprensacristiana.com\/?p=1552#breadcrumb"},"inLanguage":"es","potentialAction":[{"@type":"ReadAction","target":["https:\/\/laprensacristiana.com\/?p=1552"]}]},{"@type":"BreadcrumbList","@id":"https:\/\/laprensacristiana.com\/?p=1552#breadcrumb","itemListElement":[{"@type":"ListItem","position":1,"name":"Portada","item":"https:\/\/laprensacristiana.com\/"},{"@type":"ListItem","position":2,"name":"Iglesia Cristiana Huellas de Unci\u00f3n celebr\u00f3 su 10mo. aniversario"}]},{"@type":"WebSite","@id":"https:\/\/laprensacristiana.com\/#website","url":"https:\/\/laprensacristiana.com\/","name":"La Prensa Cristiana","description":"Anunciando Las Buenas Nuevas","potentialAction":[{"@type":"SearchAction","target":{"@type":"EntryPoint","urlTemplate":"https:\/\/laprensacristiana.com\/?s={search_term_string}"},"query-input":"required name=search_term_string"}],"inLanguage":"es"},{"@type":"Person","@id":"https:\/\/laprensacristiana.com\/#\/schema\/person\/3e7d82c6bfd6b1fa67010f8f7cd5256e","name":"EDITOR","image":{"@type":"ImageObject","inLanguage":"es","@id":"https:\/\/laprensacristiana.com\/#\/schema\/person\/image\/","url":"https:\/\/secure.gravatar.com\/avatar\/72069dfb6c13772d9e8381e3638666d2?s=96&d=mm&r=g","contentUrl":"https:\/\/secure.gravatar.com\/avatar\/72069dfb6c13772d9e8381e3638666d2?s=96&d=mm&r=g","caption":"EDITOR"},"url":"https:\/\/laprensacristiana.com\/?author=3"}]}},"_links":{"self":[{"href":"https:\/\/laprensacristiana.com\/index.php?rest_route=\/wp\/v2\/posts\/1552"}],"collection":[{"href":"https:\/\/laprensacristiana.com\/index.php?rest_route=\/wp\/v2\/posts"}],"about":[{"href":"https:\/\/laprensacristiana.com\/index.php?rest_route=\/wp\/v2\/types\/post"}],"author":[{"embeddable":true,"href":"https:\/\/laprensacristiana.com\/index.php?rest_route=\/wp\/v2\/users\/3"}],"replies":[{"embeddable":true,"href":"https:\/\/laprensacristiana.com\/index.php?rest_route=%2Fwp%2Fv2%2Fcomments&post=1552"}],"version-history":[{"count":1,"href":"https:\/\/laprensacristiana.com\/index.php?rest_route=\/wp\/v2\/posts\/1552\/revisions"}],"predecessor-version":[{"id":1554,"href":"https:\/\/laprensacristiana.com\/index.php?rest_route=\/wp\/v2\/posts\/1552\/revisions\/1554"}],"wp:featuredmedia":[{"embeddable":true,"href":"https:\/\/laprensacristiana.com\/index.php?rest_route=\/wp\/v2\/media\/1556"}],"wp:attachment":[{"href":"https:\/\/laprensacristiana.com\/index.php?rest_route=%2Fwp%2Fv2%2Fmedia&parent=1552"}],"wp:term":[{"taxonomy":"category","embeddable":true,"href":"https:\/\/laprensacristiana.com\/index.php?rest_route=%2Fwp%2Fv2%2Fcategories&post=1552"},{"taxonomy":"post_tag","embeddable":true,"href":"https:\/\/laprensacristiana.com\/index.php?rest_route=%2Fwp%2Fv2%2Ftags&post=1552"}],"curies":[{"name":"wp","href":"https:\/\/api.w.org\/{rel}","templated":true}]}}