{"id":15563,"date":"2023-12-20T16:36:49","date_gmt":"2023-12-20T16:36:49","guid":{"rendered":"https:\/\/laprensacristiana.com\/?p=15563"},"modified":"2023-12-20T16:36:51","modified_gmt":"2023-12-20T16:36:51","slug":"dante-gebel-anuncia","status":"publish","type":"post","link":"https:\/\/laprensacristiana.com\/?p=15563","title":{"rendered":"Dante Gebel anuncia"},"content":{"rendered":"\n<p>\u201cPlan Emergencia\u201d para afectados por lluvias en Argentina<\/p>\n\n\n\n<p>13 personas fallecidas, m\u00e1s de 300 evacuados, calles inundadas y la ca\u00edda de por lo menos 360 \u00e1rboles, as\u00ed como enormes p\u00e9rdidas materiales dej\u00f3 a su paso un fuerte \u201ctemporal\u201d que azot\u00f3 el fin de semana la capital Argentina de Buenos Aires y varias de sus ciudades aleda\u00f1as.<\/p>\n\n\n\n<p>Una de las m\u00e1s afectadas fue Bah\u00eda Blanca donde el techo de un gimnasio se desplom\u00f3, ocasionando los 13 fallecidos quienes asist\u00edan a un festival de patinaje.<\/p>\n\n\n\n<figure class=\"wp-block-image size-large\"><img decoding=\"async\" loading=\"lazy\" width=\"1024\" height=\"683\" src=\"https:\/\/laprensacristiana.com\/wp-content\/uploads\/2023\/12\/bahia-3-1024x683.jpg\" alt=\"\" class=\"wp-image-15565\" srcset=\"https:\/\/laprensacristiana.com\/wp-content\/uploads\/2023\/12\/bahia-3-1024x683.jpg 1024w, https:\/\/laprensacristiana.com\/wp-content\/uploads\/2023\/12\/bahia-3-300x200.jpg 300w, https:\/\/laprensacristiana.com\/wp-content\/uploads\/2023\/12\/bahia-3-768x512.jpg 768w, https:\/\/laprensacristiana.com\/wp-content\/uploads\/2023\/12\/bahia-3-1536x1024.jpg 1536w, https:\/\/laprensacristiana.com\/wp-content\/uploads\/2023\/12\/bahia-3-2048x1365.jpg 2048w, https:\/\/laprensacristiana.com\/wp-content\/uploads\/2023\/12\/bahia-3-696x464.jpg 696w, https:\/\/laprensacristiana.com\/wp-content\/uploads\/2023\/12\/bahia-3-1068x712.jpg 1068w, https:\/\/laprensacristiana.com\/wp-content\/uploads\/2023\/12\/bahia-3-1920x1280.jpg 1920w, https:\/\/laprensacristiana.com\/wp-content\/uploads\/2023\/12\/bahia-3-600x400.jpg 600w\" sizes=\"(max-width: 1024px) 100vw, 1024px\" \/><\/figure>\n\n\n\n<p>La situaci\u00f3n de desastre ya activ\u00f3 a las autoridades locales y el mismo presidente (reci\u00e9n juramentado) Javier Milei, quien se desplaz\u00f3 a la zona donde ocurri\u00f3 la desgracia para evaluar da\u00f1os e iniciar trabajos de retiro de escombros y brindar la ayuda y asistencia necesaria a los afectados.<\/p>\n\n\n\n<p>En ese contexto la iglesia RIVER que preside Dante Gebel, anunci\u00f3 en su cuenta de X que ha enviado TODOS los recursos financieros necesarios para los afectados en Bah\u00eda Blanca, de tal manera reconstruir todo lo que haga falta. &nbsp;<\/p>\n\n\n\n<figure class=\"wp-block-image size-full\"><img decoding=\"async\" loading=\"lazy\" width=\"790\" height=\"520\" src=\"https:\/\/laprensacristiana.com\/wp-content\/uploads\/2023\/12\/bahia-blanca-2.webp\" alt=\"\" class=\"wp-image-15566\" srcset=\"https:\/\/laprensacristiana.com\/wp-content\/uploads\/2023\/12\/bahia-blanca-2.webp 790w, https:\/\/laprensacristiana.com\/wp-content\/uploads\/2023\/12\/bahia-blanca-2-300x197.webp 300w, https:\/\/laprensacristiana.com\/wp-content\/uploads\/2023\/12\/bahia-blanca-2-768x506.webp 768w, https:\/\/laprensacristiana.com\/wp-content\/uploads\/2023\/12\/bahia-blanca-2-696x458.webp 696w, https:\/\/laprensacristiana.com\/wp-content\/uploads\/2023\/12\/bahia-blanca-2-600x395.webp 600w\" sizes=\"(max-width: 790px) 100vw, 790px\" \/><\/figure>\n\n\n\n<p>El Plan denominado Emergencia, Bah\u00eda Blanca, Buenos Aires Argentina, es la asistencia que desde su ministerio el pastor ya hizo efectiva.<\/p>\n\n\n\n<p>As\u00ed tambi\u00e9n se\u00f1al\u00f3 que se enfocaran en lo que ocurri\u00f3 en el Gimnasio del Club Olimpo, donde se reportaron personas fallecidas al caerles el techo.<\/p>\n\n\n\n<p>La asistencia se extender\u00e1 adem\u00e1s a los barrios m\u00e1s golpeados por la fuerte lluvia.<\/p>\n\n\n\n<figure class=\"wp-block-image size-full\"><img decoding=\"async\" loading=\"lazy\" width=\"987\" height=\"555\" src=\"https:\/\/laprensacristiana.com\/wp-content\/uploads\/2023\/12\/BAHIA-BLANCA-1.jpg\" alt=\"\" class=\"wp-image-15567\" srcset=\"https:\/\/laprensacristiana.com\/wp-content\/uploads\/2023\/12\/BAHIA-BLANCA-1.jpg 987w, https:\/\/laprensacristiana.com\/wp-content\/uploads\/2023\/12\/BAHIA-BLANCA-1-300x169.jpg 300w, https:\/\/laprensacristiana.com\/wp-content\/uploads\/2023\/12\/BAHIA-BLANCA-1-768x432.jpg 768w, https:\/\/laprensacristiana.com\/wp-content\/uploads\/2023\/12\/BAHIA-BLANCA-1-696x391.jpg 696w, https:\/\/laprensacristiana.com\/wp-content\/uploads\/2023\/12\/BAHIA-BLANCA-1-600x337.jpg 600w\" sizes=\"(max-width: 987px) 100vw, 987px\" \/><\/figure>\n\n\n\n<p>Y es con acciones como esta que se aplica lo expresado en la Biblia, en Mateo 7, vers\u00edculo 12: \u201cAs\u00ed pues, hagan ustedes con los dem\u00e1s como quieran que los dem\u00e1s hagan con ustedes; porque en eso se resumen la ley y los profetas\u201d.<\/p>\n","protected":false},"excerpt":{"rendered":"<p>\u201cPlan Emergencia\u201d para afectados por lluvias en Argentina 13 personas fallecidas, m\u00e1s de 300 evacuados, calles inundadas y la ca\u00edda de por lo menos 360 \u00e1rboles, as\u00ed como enormes p\u00e9rdidas materiales dej\u00f3 a su paso un fuerte \u201ctemporal\u201d que azot\u00f3 el fin de semana la capital Argentina de Buenos Aires y varias de sus ciudades [&hellip;]<\/p>\n","protected":false},"author":3,"featured_media":15564,"comment_status":"open","ping_status":"open","sticky":false,"template":"","format":"standard","meta":[],"categories":[56],"tags":[],"yoast_head":"<!-- This site is optimized with the Yoast SEO plugin v20.8 - https:\/\/yoast.com\/wordpress\/plugins\/seo\/ -->\n<title>Dante Gebel anuncia - La Prensa Cristiana<\/title>\n<meta name=\"robots\" content=\"index, follow, max-snippet:-1, max-image-preview:large, max-video-preview:-1\" \/>\n<link rel=\"canonical\" href=\"https:\/\/laprensacristiana.com\/?p=15563\" \/>\n<meta property=\"og:locale\" content=\"es_ES\" \/>\n<meta property=\"og:type\" content=\"article\" \/>\n<meta property=\"og:title\" content=\"Dante Gebel anuncia - La Prensa Cristiana\" \/>\n<meta property=\"og:description\" content=\"\u201cPlan Emergencia\u201d para afectados por lluvias en Argentina 13 personas fallecidas, m\u00e1s de 300 evacuados, calles inundadas y la ca\u00edda de por lo menos 360 \u00e1rboles, as\u00ed como enormes p\u00e9rdidas materiales dej\u00f3 a su paso un fuerte \u201ctemporal\u201d que azot\u00f3 el fin de semana la capital Argentina de Buenos Aires y varias de sus ciudades [&hellip;]\" \/>\n<meta property=\"og:url\" content=\"https:\/\/laprensacristiana.com\/?p=15563\" \/>\n<meta property=\"og:site_name\" content=\"La Prensa Cristiana\" \/>\n<meta property=\"article:published_time\" content=\"2023-12-20T16:36:49+00:00\" \/>\n<meta property=\"article:modified_time\" content=\"2023-12-20T16:36:51+00:00\" \/>\n<meta property=\"og:image\" content=\"https:\/\/laprensacristiana.com\/wp-content\/uploads\/2023\/12\/WhatsApp-Image-2023-12-20-at-10.28.18-AM.jpeg\" \/>\n\t<meta property=\"og:image:width\" content=\"1079\" \/>\n\t<meta property=\"og:image:height\" content=\"1088\" \/>\n\t<meta property=\"og:image:type\" content=\"image\/jpeg\" \/>\n<meta name=\"author\" content=\"EDITOR\" \/>\n<meta name=\"twitter:card\" content=\"summary_large_image\" \/>\n<meta name=\"twitter:label1\" content=\"Escrito por\" \/>\n\t<meta name=\"twitter:data1\" content=\"EDITOR\" \/>\n\t<meta name=\"twitter:label2\" content=\"Tiempo de lectura\" \/>\n\t<meta name=\"twitter:data2\" content=\"2 minutos\" \/>\n<script type=\"application\/ld+json\" class=\"yoast-schema-graph\">{\"@context\":\"https:\/\/schema.org\",\"@graph\":[{\"@type\":\"WebPage\",\"@id\":\"https:\/\/laprensacristiana.com\/?p=15563\",\"url\":\"https:\/\/laprensacristiana.com\/?p=15563\",\"name\":\"Dante Gebel anuncia - La Prensa Cristiana\",\"isPartOf\":{\"@id\":\"https:\/\/laprensacristiana.com\/#website\"},\"datePublished\":\"2023-12-20T16:36:49+00:00\",\"dateModified\":\"2023-12-20T16:36:51+00:00\",\"author\":{\"@id\":\"https:\/\/laprensacristiana.com\/#\/schema\/person\/3e7d82c6bfd6b1fa67010f8f7cd5256e\"},\"breadcrumb\":{\"@id\":\"https:\/\/laprensacristiana.com\/?p=15563#breadcrumb\"},\"inLanguage\":\"es\",\"potentialAction\":[{\"@type\":\"ReadAction\",\"target\":[\"https:\/\/laprensacristiana.com\/?p=15563\"]}]},{\"@type\":\"BreadcrumbList\",\"@id\":\"https:\/\/laprensacristiana.com\/?p=15563#breadcrumb\",\"itemListElement\":[{\"@type\":\"ListItem\",\"position\":1,\"name\":\"Portada\",\"item\":\"https:\/\/laprensacristiana.com\/\"},{\"@type\":\"ListItem\",\"position\":2,\"name\":\"Dante Gebel anuncia\"}]},{\"@type\":\"WebSite\",\"@id\":\"https:\/\/laprensacristiana.com\/#website\",\"url\":\"https:\/\/laprensacristiana.com\/\",\"name\":\"La Prensa Cristiana\",\"description\":\"Anunciando Las Buenas Nuevas\",\"potentialAction\":[{\"@type\":\"SearchAction\",\"target\":{\"@type\":\"EntryPoint\",\"urlTemplate\":\"https:\/\/laprensacristiana.com\/?s={search_term_string}\"},\"query-input\":\"required name=search_term_string\"}],\"inLanguage\":\"es\"},{\"@type\":\"Person\",\"@id\":\"https:\/\/laprensacristiana.com\/#\/schema\/person\/3e7d82c6bfd6b1fa67010f8f7cd5256e\",\"name\":\"EDITOR\",\"image\":{\"@type\":\"ImageObject\",\"inLanguage\":\"es\",\"@id\":\"https:\/\/laprensacristiana.com\/#\/schema\/person\/image\/\",\"url\":\"https:\/\/secure.gravatar.com\/avatar\/72069dfb6c13772d9e8381e3638666d2?s=96&d=mm&r=g\",\"contentUrl\":\"https:\/\/secure.gravatar.com\/avatar\/72069dfb6c13772d9e8381e3638666d2?s=96&d=mm&r=g\",\"caption\":\"EDITOR\"},\"url\":\"https:\/\/laprensacristiana.com\/?author=3\"}]}<\/script>\n<!-- \/ Yoast SEO plugin. -->","yoast_head_json":{"title":"Dante Gebel anuncia - La Prensa Cristiana","robots":{"index":"index","follow":"follow","max-snippet":"max-snippet:-1","max-image-preview":"max-image-preview:large","max-video-preview":"max-video-preview:-1"},"canonical":"https:\/\/laprensacristiana.com\/?p=15563","og_locale":"es_ES","og_type":"article","og_title":"Dante Gebel anuncia - La Prensa Cristiana","og_description":"\u201cPlan Emergencia\u201d para afectados por lluvias en Argentina 13 personas fallecidas, m\u00e1s de 300 evacuados, calles inundadas y la ca\u00edda de por lo menos 360 \u00e1rboles, as\u00ed como enormes p\u00e9rdidas materiales dej\u00f3 a su paso un fuerte \u201ctemporal\u201d que azot\u00f3 el fin de semana la capital Argentina de Buenos Aires y varias de sus ciudades [&hellip;]","og_url":"https:\/\/laprensacristiana.com\/?p=15563","og_site_name":"La Prensa Cristiana","article_published_time":"2023-12-20T16:36:49+00:00","article_modified_time":"2023-12-20T16:36:51+00:00","og_image":[{"width":1079,"height":1088,"url":"https:\/\/laprensacristiana.com\/wp-content\/uploads\/2023\/12\/WhatsApp-Image-2023-12-20-at-10.28.18-AM.jpeg","type":"image\/jpeg"}],"author":"EDITOR","twitter_card":"summary_large_image","twitter_misc":{"Escrito por":"EDITOR","Tiempo de lectura":"2 minutos"},"schema":{"@context":"https:\/\/schema.org","@graph":[{"@type":"WebPage","@id":"https:\/\/laprensacristiana.com\/?p=15563","url":"https:\/\/laprensacristiana.com\/?p=15563","name":"Dante Gebel anuncia - La Prensa Cristiana","isPartOf":{"@id":"https:\/\/laprensacristiana.com\/#website"},"datePublished":"2023-12-20T16:36:49+00:00","dateModified":"2023-12-20T16:36:51+00:00","author":{"@id":"https:\/\/laprensacristiana.com\/#\/schema\/person\/3e7d82c6bfd6b1fa67010f8f7cd5256e"},"breadcrumb":{"@id":"https:\/\/laprensacristiana.com\/?p=15563#breadcrumb"},"inLanguage":"es","potentialAction":[{"@type":"ReadAction","target":["https:\/\/laprensacristiana.com\/?p=15563"]}]},{"@type":"BreadcrumbList","@id":"https:\/\/laprensacristiana.com\/?p=15563#breadcrumb","itemListElement":[{"@type":"ListItem","position":1,"name":"Portada","item":"https:\/\/laprensacristiana.com\/"},{"@type":"ListItem","position":2,"name":"Dante Gebel anuncia"}]},{"@type":"WebSite","@id":"https:\/\/laprensacristiana.com\/#website","url":"https:\/\/laprensacristiana.com\/","name":"La Prensa Cristiana","description":"Anunciando Las Buenas Nuevas","potentialAction":[{"@type":"SearchAction","target":{"@type":"EntryPoint","urlTemplate":"https:\/\/laprensacristiana.com\/?s={search_term_string}"},"query-input":"required name=search_term_string"}],"inLanguage":"es"},{"@type":"Person","@id":"https:\/\/laprensacristiana.com\/#\/schema\/person\/3e7d82c6bfd6b1fa67010f8f7cd5256e","name":"EDITOR","image":{"@type":"ImageObject","inLanguage":"es","@id":"https:\/\/laprensacristiana.com\/#\/schema\/person\/image\/","url":"https:\/\/secure.gravatar.com\/avatar\/72069dfb6c13772d9e8381e3638666d2?s=96&d=mm&r=g","contentUrl":"https:\/\/secure.gravatar.com\/avatar\/72069dfb6c13772d9e8381e3638666d2?s=96&d=mm&r=g","caption":"EDITOR"},"url":"https:\/\/laprensacristiana.com\/?author=3"}]}},"_links":{"self":[{"href":"https:\/\/laprensacristiana.com\/index.php?rest_route=\/wp\/v2\/posts\/15563"}],"collection":[{"href":"https:\/\/laprensacristiana.com\/index.php?rest_route=\/wp\/v2\/posts"}],"about":[{"href":"https:\/\/laprensacristiana.com\/index.php?rest_route=\/wp\/v2\/types\/post"}],"author":[{"embeddable":true,"href":"https:\/\/laprensacristiana.com\/index.php?rest_route=\/wp\/v2\/users\/3"}],"replies":[{"embeddable":true,"href":"https:\/\/laprensacristiana.com\/index.php?rest_route=%2Fwp%2Fv2%2Fcomments&post=15563"}],"version-history":[{"count":1,"href":"https:\/\/laprensacristiana.com\/index.php?rest_route=\/wp\/v2\/posts\/15563\/revisions"}],"predecessor-version":[{"id":15568,"href":"https:\/\/laprensacristiana.com\/index.php?rest_route=\/wp\/v2\/posts\/15563\/revisions\/15568"}],"wp:featuredmedia":[{"embeddable":true,"href":"https:\/\/laprensacristiana.com\/index.php?rest_route=\/wp\/v2\/media\/15564"}],"wp:attachment":[{"href":"https:\/\/laprensacristiana.com\/index.php?rest_route=%2Fwp%2Fv2%2Fmedia&parent=15563"}],"wp:term":[{"taxonomy":"category","embeddable":true,"href":"https:\/\/laprensacristiana.com\/index.php?rest_route=%2Fwp%2Fv2%2Fcategories&post=15563"},{"taxonomy":"post_tag","embeddable":true,"href":"https:\/\/laprensacristiana.com\/index.php?rest_route=%2Fwp%2Fv2%2Ftags&post=15563"}],"curies":[{"name":"wp","href":"https:\/\/api.w.org\/{rel}","templated":true}]}}