{"id":15573,"date":"2023-12-20T20:33:05","date_gmt":"2023-12-20T20:33:05","guid":{"rendered":"https:\/\/laprensacristiana.com\/?p=15573"},"modified":"2023-12-20T20:33:07","modified_gmt":"2023-12-20T20:33:07","slug":"alianza-evangelica-latina-realiza-dia-de-oracion-por-los-migrantes","status":"publish","type":"post","link":"https:\/\/laprensacristiana.com\/?p=15573","title":{"rendered":"Alianza Evang\u00e9lica Latina realiza D\u00eda de oraci\u00f3n por los migrantes"},"content":{"rendered":"\n<p>Por: Edwin G\u00f3ngora <\/p>\n\n\n\n<p>La migraci\u00f3n es un fen\u00f3meno nada nuevo en la historia de la humanidad y describe b\u00e1sicamente la movilidad que el hombre ha tenido por diferentes razones. Entre las m\u00e1s acertadas, es la de encontrar un lugar donde junto a su familia pueda desarrollarse de la mejor manera.<\/p>\n\n\n\n<p>Sin embargo, la movilidad humana tiene sus costos, costos que en muchos de los casos pone en riesgo hasta su propia vida, pues encontrar un buen lugar donde asentarse definitivamente en varios de los casos significa luchar y ganarse su propio espacio.<\/p>\n\n\n\n<p>La migraci\u00f3n la viven un aproximado de 282 millones de personas, es decir un equivalente del 3.6% de la poblaci\u00f3n a nivel mundial.&nbsp;<\/p>\n\n\n\n<p>Elementos como estos llevo a la unidad de Asuntos Humanitarios y Di\u00e1logo Cooperativo de La Alianza Evang\u00e9lica Latinoamericana, (AEL), a realizar el 18 de diciembre el \u201cD\u00eda de Oraci\u00f3n por los Migrantes\u201d, como parte del D\u00eda Internacional del Migrantes que se celebra en esta fecha.<\/p>\n\n\n\n<p>La actividad que se realiz\u00f3 v\u00eda zoom, cont\u00f3 con la participaci\u00f3n de autoridades de la Alianza Evang\u00e9lica Latinoamericana y otras organizaciones cristianas, para clamar por que las personas migrantes sean comprendidas, ayudados y no maltratados o discriminados en los lugares donde llegan.<\/p>\n\n\n\n<p>Juan Cruz Cellammare, presidente de la Alianza Evang\u00e9lica Latina (AEL),elogi\u00f3 la labor de la comisi\u00f3n al organizar una jornada de oraci\u00f3n por estas personas puesto que ellos sufren mucho en su condici\u00f3n al tener que abandonar sus hogares en busca de mejores oportunidades.<\/p>\n\n\n\n<figure class=\"wp-block-image size-large\"><img decoding=\"async\" loading=\"lazy\" width=\"1024\" height=\"614\" src=\"https:\/\/laprensacristiana.com\/wp-content\/uploads\/2023\/12\/WhatsApp-Image-2023-12-20-at-2.10.23-PM-1024x614.jpeg\" alt=\"\" class=\"wp-image-15575\" srcset=\"https:\/\/laprensacristiana.com\/wp-content\/uploads\/2023\/12\/WhatsApp-Image-2023-12-20-at-2.10.23-PM-1024x614.jpeg 1024w, https:\/\/laprensacristiana.com\/wp-content\/uploads\/2023\/12\/WhatsApp-Image-2023-12-20-at-2.10.23-PM-300x180.jpeg 300w, https:\/\/laprensacristiana.com\/wp-content\/uploads\/2023\/12\/WhatsApp-Image-2023-12-20-at-2.10.23-PM-768x461.jpeg 768w, https:\/\/laprensacristiana.com\/wp-content\/uploads\/2023\/12\/WhatsApp-Image-2023-12-20-at-2.10.23-PM-1536x922.jpeg 1536w, https:\/\/laprensacristiana.com\/wp-content\/uploads\/2023\/12\/WhatsApp-Image-2023-12-20-at-2.10.23-PM-696x418.jpeg 696w, https:\/\/laprensacristiana.com\/wp-content\/uploads\/2023\/12\/WhatsApp-Image-2023-12-20-at-2.10.23-PM-1068x641.jpeg 1068w, https:\/\/laprensacristiana.com\/wp-content\/uploads\/2023\/12\/WhatsApp-Image-2023-12-20-at-2.10.23-PM-600x360.jpeg 600w, https:\/\/laprensacristiana.com\/wp-content\/uploads\/2023\/12\/WhatsApp-Image-2023-12-20-at-2.10.23-PM.jpeg 1600w\" sizes=\"(max-width: 1024px) 100vw, 1024px\" \/><\/figure>\n\n\n\n<p>Mientras tanto el coordinador de la comisi\u00f3n, Jos\u00e9 Pi\u00f1ero, especific\u00f3 que todas las personas merecen vivir dignamente sin importar si naci\u00f3 o no en el pa\u00eds en donde reside, es importante tambi\u00e9n aplicar la misericordia porque nuestro Dios es misericordioso.<\/p>\n\n\n\n<p>El Pastor Gerardo Vel\u00e1zquez or\u00f3 por cada ni\u00f1o que perdi\u00f3 la oportunidad de crecer con sus padres y coment\u00f3 que organizaciones como Samaritan Puse, (La Bolsa de Samaritano) una organizaci\u00f3n cristiana evang\u00e9lica de ayuda humanitaria a personas con necesidades f\u00edsicas como parte clave de su trabajo misionero cristiano y que se enfocan en la atenci\u00f3n integral de estos menores de edad.<\/p>\n\n\n\n<p>Rosa Camargo, quien particip\u00f3 en el evento resalt\u00f3 que el estar todos organizados para esta actividad es muy importante ya que la oraci\u00f3n produce resultados tangibles.<\/p>\n\n\n\n<p>Es vital sensibilizarse ante la situaci\u00f3n por la que pasa mucha gente, en especial los migrantes, no basta con simplemente pasar un plato de comida, lo vital es el acompa\u00f1amiento.<\/p>\n\n\n\n<p>Por su parte El Pastor Emilio Soto, quien preside la Mesa Ampliada de pastores en Chile, intercedi\u00f3 por las comunidades de acogida en los pa\u00edses que reciben inmigrantes, pidi\u00f3 para que cada d\u00eda puedan tener recursos y brindar una atenci\u00f3n integral. Adem\u00e1s, hizo referencia al pasaje Deuteronomio 10:18, que especifica: \u201c\u00c9l hace justicia al hu\u00e9rfano y a la viuda, y muestra su amor al extranjero d\u00e1ndole pan y vestido\u201d. Esto demuestra que es b\u00edblico brindar atenci\u00f3n a los migrantes.<\/p>\n\n\n\n<p>Finalmente, el presidente de la Asociaci\u00f3n Nacional de Evang\u00e9licos de Bolivia (ANDEB), Henry Nogales, intercedi\u00f3 por aquellos migrantes que est\u00e1n sometidos a trabajos esclavistas, aquellos que trabajan horas de m\u00e1s y tienen una paga \u00ednfima.<\/p>\n\n\n\n<p>Subray\u00f3 que es importante que ellos sean tratados como seres humanos de manera respetuosa, recibiendo lo justo por sus labores.<\/p>\n","protected":false},"excerpt":{"rendered":"<p>Por: Edwin G\u00f3ngora La migraci\u00f3n es un fen\u00f3meno nada nuevo en la historia de la humanidad y describe b\u00e1sicamente la movilidad que el hombre ha tenido por diferentes razones. Entre las m\u00e1s acertadas, es la de encontrar un lugar donde junto a su familia pueda desarrollarse de la mejor manera. Sin embargo, la movilidad humana [&hellip;]<\/p>\n","protected":false},"author":3,"featured_media":15574,"comment_status":"open","ping_status":"open","sticky":false,"template":"","format":"standard","meta":[],"categories":[56],"tags":[],"yoast_head":"<!-- This site is optimized with the Yoast SEO plugin v20.8 - https:\/\/yoast.com\/wordpress\/plugins\/seo\/ -->\n<title>Alianza Evang\u00e9lica Latina realiza D\u00eda de oraci\u00f3n por los migrantes - La Prensa Cristiana<\/title>\n<meta name=\"robots\" content=\"index, follow, max-snippet:-1, max-image-preview:large, max-video-preview:-1\" \/>\n<link rel=\"canonical\" href=\"https:\/\/laprensacristiana.com\/?p=15573\" \/>\n<meta property=\"og:locale\" content=\"es_ES\" \/>\n<meta property=\"og:type\" content=\"article\" \/>\n<meta property=\"og:title\" content=\"Alianza Evang\u00e9lica Latina realiza D\u00eda de oraci\u00f3n por los migrantes - La Prensa Cristiana\" \/>\n<meta property=\"og:description\" content=\"Por: Edwin G\u00f3ngora La migraci\u00f3n es un fen\u00f3meno nada nuevo en la historia de la humanidad y describe b\u00e1sicamente la movilidad que el hombre ha tenido por diferentes razones. Entre las m\u00e1s acertadas, es la de encontrar un lugar donde junto a su familia pueda desarrollarse de la mejor manera. Sin embargo, la movilidad humana [&hellip;]\" \/>\n<meta property=\"og:url\" content=\"https:\/\/laprensacristiana.com\/?p=15573\" \/>\n<meta property=\"og:site_name\" content=\"La Prensa Cristiana\" \/>\n<meta property=\"article:published_time\" content=\"2023-12-20T20:33:05+00:00\" \/>\n<meta property=\"article:modified_time\" content=\"2023-12-20T20:33:07+00:00\" \/>\n<meta property=\"og:image\" content=\"https:\/\/laprensacristiana.com\/wp-content\/uploads\/2023\/12\/WhatsApp-Image-2023-12-20-at-2.21.05-PM.jpeg\" \/>\n\t<meta property=\"og:image:width\" content=\"1600\" \/>\n\t<meta property=\"og:image:height\" content=\"960\" \/>\n\t<meta property=\"og:image:type\" content=\"image\/jpeg\" \/>\n<meta name=\"author\" content=\"EDITOR\" \/>\n<meta name=\"twitter:card\" content=\"summary_large_image\" \/>\n<meta name=\"twitter:label1\" content=\"Escrito por\" \/>\n\t<meta name=\"twitter:data1\" content=\"EDITOR\" \/>\n\t<meta name=\"twitter:label2\" content=\"Tiempo de lectura\" \/>\n\t<meta name=\"twitter:data2\" content=\"3 minutos\" \/>\n<script type=\"application\/ld+json\" class=\"yoast-schema-graph\">{\"@context\":\"https:\/\/schema.org\",\"@graph\":[{\"@type\":\"WebPage\",\"@id\":\"https:\/\/laprensacristiana.com\/?p=15573\",\"url\":\"https:\/\/laprensacristiana.com\/?p=15573\",\"name\":\"Alianza Evang\u00e9lica Latina realiza D\u00eda de oraci\u00f3n por los migrantes - La Prensa Cristiana\",\"isPartOf\":{\"@id\":\"https:\/\/laprensacristiana.com\/#website\"},\"datePublished\":\"2023-12-20T20:33:05+00:00\",\"dateModified\":\"2023-12-20T20:33:07+00:00\",\"author\":{\"@id\":\"https:\/\/laprensacristiana.com\/#\/schema\/person\/3e7d82c6bfd6b1fa67010f8f7cd5256e\"},\"breadcrumb\":{\"@id\":\"https:\/\/laprensacristiana.com\/?p=15573#breadcrumb\"},\"inLanguage\":\"es\",\"potentialAction\":[{\"@type\":\"ReadAction\",\"target\":[\"https:\/\/laprensacristiana.com\/?p=15573\"]}]},{\"@type\":\"BreadcrumbList\",\"@id\":\"https:\/\/laprensacristiana.com\/?p=15573#breadcrumb\",\"itemListElement\":[{\"@type\":\"ListItem\",\"position\":1,\"name\":\"Portada\",\"item\":\"https:\/\/laprensacristiana.com\/\"},{\"@type\":\"ListItem\",\"position\":2,\"name\":\"Alianza Evang\u00e9lica Latina realiza D\u00eda de oraci\u00f3n por los migrantes\"}]},{\"@type\":\"WebSite\",\"@id\":\"https:\/\/laprensacristiana.com\/#website\",\"url\":\"https:\/\/laprensacristiana.com\/\",\"name\":\"La Prensa Cristiana\",\"description\":\"Anunciando Las Buenas Nuevas\",\"potentialAction\":[{\"@type\":\"SearchAction\",\"target\":{\"@type\":\"EntryPoint\",\"urlTemplate\":\"https:\/\/laprensacristiana.com\/?s={search_term_string}\"},\"query-input\":\"required name=search_term_string\"}],\"inLanguage\":\"es\"},{\"@type\":\"Person\",\"@id\":\"https:\/\/laprensacristiana.com\/#\/schema\/person\/3e7d82c6bfd6b1fa67010f8f7cd5256e\",\"name\":\"EDITOR\",\"image\":{\"@type\":\"ImageObject\",\"inLanguage\":\"es\",\"@id\":\"https:\/\/laprensacristiana.com\/#\/schema\/person\/image\/\",\"url\":\"https:\/\/secure.gravatar.com\/avatar\/72069dfb6c13772d9e8381e3638666d2?s=96&d=mm&r=g\",\"contentUrl\":\"https:\/\/secure.gravatar.com\/avatar\/72069dfb6c13772d9e8381e3638666d2?s=96&d=mm&r=g\",\"caption\":\"EDITOR\"},\"url\":\"https:\/\/laprensacristiana.com\/?author=3\"}]}<\/script>\n<!-- \/ Yoast SEO plugin. -->","yoast_head_json":{"title":"Alianza Evang\u00e9lica Latina realiza D\u00eda de oraci\u00f3n por los migrantes - La Prensa Cristiana","robots":{"index":"index","follow":"follow","max-snippet":"max-snippet:-1","max-image-preview":"max-image-preview:large","max-video-preview":"max-video-preview:-1"},"canonical":"https:\/\/laprensacristiana.com\/?p=15573","og_locale":"es_ES","og_type":"article","og_title":"Alianza Evang\u00e9lica Latina realiza D\u00eda de oraci\u00f3n por los migrantes - La Prensa Cristiana","og_description":"Por: Edwin G\u00f3ngora La migraci\u00f3n es un fen\u00f3meno nada nuevo en la historia de la humanidad y describe b\u00e1sicamente la movilidad que el hombre ha tenido por diferentes razones. Entre las m\u00e1s acertadas, es la de encontrar un lugar donde junto a su familia pueda desarrollarse de la mejor manera. Sin embargo, la movilidad humana [&hellip;]","og_url":"https:\/\/laprensacristiana.com\/?p=15573","og_site_name":"La Prensa Cristiana","article_published_time":"2023-12-20T20:33:05+00:00","article_modified_time":"2023-12-20T20:33:07+00:00","og_image":[{"width":1600,"height":960,"url":"https:\/\/laprensacristiana.com\/wp-content\/uploads\/2023\/12\/WhatsApp-Image-2023-12-20-at-2.21.05-PM.jpeg","type":"image\/jpeg"}],"author":"EDITOR","twitter_card":"summary_large_image","twitter_misc":{"Escrito por":"EDITOR","Tiempo de lectura":"3 minutos"},"schema":{"@context":"https:\/\/schema.org","@graph":[{"@type":"WebPage","@id":"https:\/\/laprensacristiana.com\/?p=15573","url":"https:\/\/laprensacristiana.com\/?p=15573","name":"Alianza Evang\u00e9lica Latina realiza D\u00eda de oraci\u00f3n por los migrantes - La Prensa Cristiana","isPartOf":{"@id":"https:\/\/laprensacristiana.com\/#website"},"datePublished":"2023-12-20T20:33:05+00:00","dateModified":"2023-12-20T20:33:07+00:00","author":{"@id":"https:\/\/laprensacristiana.com\/#\/schema\/person\/3e7d82c6bfd6b1fa67010f8f7cd5256e"},"breadcrumb":{"@id":"https:\/\/laprensacristiana.com\/?p=15573#breadcrumb"},"inLanguage":"es","potentialAction":[{"@type":"ReadAction","target":["https:\/\/laprensacristiana.com\/?p=15573"]}]},{"@type":"BreadcrumbList","@id":"https:\/\/laprensacristiana.com\/?p=15573#breadcrumb","itemListElement":[{"@type":"ListItem","position":1,"name":"Portada","item":"https:\/\/laprensacristiana.com\/"},{"@type":"ListItem","position":2,"name":"Alianza Evang\u00e9lica Latina realiza D\u00eda de oraci\u00f3n por los migrantes"}]},{"@type":"WebSite","@id":"https:\/\/laprensacristiana.com\/#website","url":"https:\/\/laprensacristiana.com\/","name":"La Prensa Cristiana","description":"Anunciando Las Buenas Nuevas","potentialAction":[{"@type":"SearchAction","target":{"@type":"EntryPoint","urlTemplate":"https:\/\/laprensacristiana.com\/?s={search_term_string}"},"query-input":"required name=search_term_string"}],"inLanguage":"es"},{"@type":"Person","@id":"https:\/\/laprensacristiana.com\/#\/schema\/person\/3e7d82c6bfd6b1fa67010f8f7cd5256e","name":"EDITOR","image":{"@type":"ImageObject","inLanguage":"es","@id":"https:\/\/laprensacristiana.com\/#\/schema\/person\/image\/","url":"https:\/\/secure.gravatar.com\/avatar\/72069dfb6c13772d9e8381e3638666d2?s=96&d=mm&r=g","contentUrl":"https:\/\/secure.gravatar.com\/avatar\/72069dfb6c13772d9e8381e3638666d2?s=96&d=mm&r=g","caption":"EDITOR"},"url":"https:\/\/laprensacristiana.com\/?author=3"}]}},"_links":{"self":[{"href":"https:\/\/laprensacristiana.com\/index.php?rest_route=\/wp\/v2\/posts\/15573"}],"collection":[{"href":"https:\/\/laprensacristiana.com\/index.php?rest_route=\/wp\/v2\/posts"}],"about":[{"href":"https:\/\/laprensacristiana.com\/index.php?rest_route=\/wp\/v2\/types\/post"}],"author":[{"embeddable":true,"href":"https:\/\/laprensacristiana.com\/index.php?rest_route=\/wp\/v2\/users\/3"}],"replies":[{"embeddable":true,"href":"https:\/\/laprensacristiana.com\/index.php?rest_route=%2Fwp%2Fv2%2Fcomments&post=15573"}],"version-history":[{"count":1,"href":"https:\/\/laprensacristiana.com\/index.php?rest_route=\/wp\/v2\/posts\/15573\/revisions"}],"predecessor-version":[{"id":15576,"href":"https:\/\/laprensacristiana.com\/index.php?rest_route=\/wp\/v2\/posts\/15573\/revisions\/15576"}],"wp:featuredmedia":[{"embeddable":true,"href":"https:\/\/laprensacristiana.com\/index.php?rest_route=\/wp\/v2\/media\/15574"}],"wp:attachment":[{"href":"https:\/\/laprensacristiana.com\/index.php?rest_route=%2Fwp%2Fv2%2Fmedia&parent=15573"}],"wp:term":[{"taxonomy":"category","embeddable":true,"href":"https:\/\/laprensacristiana.com\/index.php?rest_route=%2Fwp%2Fv2%2Fcategories&post=15573"},{"taxonomy":"post_tag","embeddable":true,"href":"https:\/\/laprensacristiana.com\/index.php?rest_route=%2Fwp%2Fv2%2Ftags&post=15573"}],"curies":[{"name":"wp","href":"https:\/\/api.w.org\/{rel}","templated":true}]}}