{"id":15594,"date":"2023-12-21T18:02:25","date_gmt":"2023-12-21T18:02:25","guid":{"rendered":"https:\/\/laprensacristiana.com\/?p=15594"},"modified":"2023-12-21T18:02:26","modified_gmt":"2023-12-21T18:02:26","slug":"christian-bravo-presento-su-sencillo-emmanuel-dios-con-nosotros","status":"publish","type":"post","link":"https:\/\/laprensacristiana.com\/?p=15594","title":{"rendered":"Christian Bravo present\u00f3 su sencillo \u201cEmmanuel, Dios con Nosotros\u201d"},"content":{"rendered":"\n<p>Por: BNJ Medios<\/p>\n\n\n\n<p>\u201cEmmanuel, Dios con nosotros\u201d es el nuevo sencillo que nos presenta el pastor y cantante Christian Bravo, este tema trata de la Navidad, basado en Mateo 1:23. La letra de este tema surge de un tiempo de lectura b\u00edblica leyendo el pasaje de Mateo 1 donde habla de la genealog\u00eda de Jes\u00fas, qui\u00e9n era y quien seguir\u00e1 siendo.&nbsp;<\/p>\n\n\n\n<p><em>Durante el tiempo de Navidad del a\u00f1o 2022, estaba pensando en escribir una canci\u00f3n para la iglesia de y mientras meditaba en ello, mi esposa y yo comenzamos a cantar en la guitarra y poco a poco comenzamos a darle forma a la canci\u00f3n. Quisimos dejar con este tema un mensaje de confianza en Dios, de esperanza en el se\u00f1or y que \u00e9l est\u00e1 con nosotros, no importa lo que estemos pasando, no estamos solos.<\/em> Afirm\u00f3 Christian Bravo.<\/p>\n\n\n\n<p>\u201cEmmanuel, Dios con nosotros\u201d es una canci\u00f3n estilo pop\/ rock con un estilo Navide\u00f1o, se grab\u00f3, masterizo y mezcl\u00f3 en Colombia. El productor de este tema fue Daniel Garc\u00eda, un colombiano que ha trabajado con Montesanto, Barak, Pedro G\u00f3mez, y otros cantantes cristianos. El tema se encuentra disponible en todas las plataformas digitales como YouTube, Spotify, Apple Music, Amazon Music, entre otras.<\/p>\n\n\n\n<p>En la actualidad el pastor Christian Bravo se encuentra trabajando en el lanzamiento del video del tema \u201cEmmanuel, Dios con nosotros\u201d y en el lanzamiento para el siguiente a\u00f1o de varios temas, tambi\u00e9n est\u00e1 trabajando en su libro \u201cSue\u00f1a, Todo es Posible\u201d.<\/p>\n\n\n\n<p><strong>REDES SOCIALES<\/strong><\/p>\n\n\n\n<p><strong>Instagram:<\/strong> <a href=\"https:\/\/www.instagram.com\/christianbravomusic\/\">https:\/\/www.instagram.com\/christianbravomusic\/<\/a><\/p>\n\n\n\n<p><strong>Facebook:<\/strong> <a href=\"https:\/\/www.facebook.com\/ChristianBravoMusic\">https:\/\/www.facebook.com\/ChristianBravoMusic<\/a> <strong><\/strong><\/p>\n\n\n\n<p><strong>P\u00e1gina Web:<\/strong> <a href=\"https:\/\/christianbravo.net\/#biografia\">https:\/\/christianbravo.net\/#biografia<\/a><\/p>\n\n\n\n<p><strong>Link del V\u00eddeo:<\/strong> <a href=\"https:\/\/www.youtube.com\/watch?v=cFW26sKoL5E\">https:\/\/www.youtube.com\/watch?v=cFW26sKoL5E<\/a><\/p>\n\n\n\n<p><strong>A trav\u00e9s de este tema quiero llevar un mensaje que Dios est\u00e1 con nosotros, no estamos solos, a veces nos sentimos olvidados por Dios, pero \u00e9l est\u00e1 esperando que le entregues tu coraz\u00f3n y \u00e9l te har\u00e1 descansar. Christian Bravo.<\/strong><\/p>\n\n\n\n<p><strong>SOBRE CHRISTIAN BRAVO<\/strong><\/p>\n\n\n\n<p>Christian Bravo naci\u00f3 el 04 de enero de 1983&nbsp; en Ciudad Bol\u00edvar &#8211; Venezuela, desde muy peque\u00f1o recuerda ser llevado a la iglesia cristiana, fue presentado al Se\u00f1or cuando apenas era un bebe, aunque sus padres se apartaron del Camino del Se\u00f1or, Dios ten\u00eda un plan trazado para su vida y es hasta la edad de 14 a\u00f1os que acepta al Se\u00f1or en medio de resentimientos y amargura causado por la separaci\u00f3n de sus padres, pero es a partir de Aceptar al Se\u00f1or que comienza a brotar nuevos sue\u00f1os y anhelos entre ellos est\u00e1 la m\u00fasica, aunque desde muy peque\u00f1o le gustaba cantar y siempre so\u00f1aba con tocar en una banda no sabiendo que Dios ya lo ten\u00eda preparado para su futuro; estudi\u00f3 administraci\u00f3n en Inform\u00e1tica, locuci\u00f3n de radio,&nbsp; mientras que a su vez serv\u00eda en su iglesia local como m\u00fasico Baterista, pastor de J\u00f3venes, lo cual lo llev\u00f3 a tocar fuera del pa\u00eds en Bogot\u00e1 Colombia, su anhelo por la m\u00fasica crec\u00eda m\u00e1s y se dedic\u00f3 a tocar Guitarra y posteriormente a escribir melod\u00edas que la parecer no ten\u00edan rima pero en su af\u00e1n de Tocar el coraz\u00f3n de Dios a trav\u00e9s de sus composiciones persist\u00eda en componer.<\/p>\n\n\n\n<figure class=\"wp-block-image size-large\"><img decoding=\"async\" loading=\"lazy\" width=\"768\" height=\"1024\" src=\"https:\/\/laprensacristiana.com\/wp-content\/uploads\/2023\/12\/WhatsApp-Image-2023-12-21-at-11.37.59-AM-768x1024.jpeg\" alt=\"\" class=\"wp-image-15596\" srcset=\"https:\/\/laprensacristiana.com\/wp-content\/uploads\/2023\/12\/WhatsApp-Image-2023-12-21-at-11.37.59-AM-768x1024.jpeg 768w, https:\/\/laprensacristiana.com\/wp-content\/uploads\/2023\/12\/WhatsApp-Image-2023-12-21-at-11.37.59-AM-225x300.jpeg 225w, https:\/\/laprensacristiana.com\/wp-content\/uploads\/2023\/12\/WhatsApp-Image-2023-12-21-at-11.37.59-AM-1152x1536.jpeg 1152w, https:\/\/laprensacristiana.com\/wp-content\/uploads\/2023\/12\/WhatsApp-Image-2023-12-21-at-11.37.59-AM-696x928.jpeg 696w, https:\/\/laprensacristiana.com\/wp-content\/uploads\/2023\/12\/WhatsApp-Image-2023-12-21-at-11.37.59-AM-1068x1424.jpeg 1068w, https:\/\/laprensacristiana.com\/wp-content\/uploads\/2023\/12\/WhatsApp-Image-2023-12-21-at-11.37.59-AM-600x800.jpeg 600w, https:\/\/laprensacristiana.com\/wp-content\/uploads\/2023\/12\/WhatsApp-Image-2023-12-21-at-11.37.59-AM.jpeg 1200w\" sizes=\"(max-width: 768px) 100vw, 768px\" \/><\/figure>\n\n\n\n<p>Luego en el 2007 tuvo que pasar por una dura prueba, por cuestiones legales de Inmigraci\u00f3n en USA en donde resid\u00eda junto a su esposa, lo cual lo lleva a dejar el pa\u00eds por 3 a\u00f1os, separ\u00e1ndose de su familia, llegando a vivir en M\u00e9xico y es all\u00ed en medio de Soledad y aparente abandono de Dios es que surge el deseo de Grabar las melod\u00edas compuesta en diferentes etapas de su vida y es all\u00ed donde Nace el CD \u00abNo te Rindas\u00bb que fue una palabra de Dios para su vida y ministerio cuando pensaba que ya no hab\u00eda soluci\u00f3n, no te rindas habla de que en el Mundo vamos a tener aflicci\u00f3n, tendremos que pasar por el fuego y quiz\u00e1s las aguas de la angustia van a querer ahogar nuestra fe, pero&nbsp; Dios ha prometido estar contigo todos los D\u00edas hasta el Fin. El proceso de grabaci\u00f3n se llev\u00f3 a cabo en varios escenarios empezando en Tijuana &#8211; M\u00e9xico para luego terminar en Houston Texas en los estudios de Canzion junto al reconocido productor Juan Salinas quien termin\u00f3 de grabar Guitarras, bater\u00edas, sintetizadores y mezclas del \u00c1lbum y Jorge Santos lo masteriz\u00f3 en Omega Mastering este proceso dur\u00f3 aproximadamente 2 a\u00f1os de arduo trabajo.<\/p>\n\n\n\n<p>&nbsp;Actualmente vive con su esposa e hijos (Isaiah &amp; Alex) en California y viaja a diferentes lugares llevando la palabra de Dios y la m\u00fasica dici\u00e9ndole a la gente que:<\/p>\n\n\n\n<p>Todo es posible con Dios, que, aunque la situaci\u00f3n sea dif\u00edcil y los problemas de la vida quieran apagar los Sue\u00f1os que Dios ha puesto en ti, No te Rindas, porque al final de ese t\u00fanel oscuro hay un rayo de sol y un futuro glorioso para aquellos que saben esperar y confiar en Dios, No Te Rindas lo mejor para tu vida ha de venir.<\/p>\n","protected":false},"excerpt":{"rendered":"<p>Por: BNJ Medios \u201cEmmanuel, Dios con nosotros\u201d es el nuevo sencillo que nos presenta el pastor y cantante Christian Bravo, este tema trata de la Navidad, basado en Mateo 1:23. La letra de este tema surge de un tiempo de lectura b\u00edblica leyendo el pasaje de Mateo 1 donde habla de la genealog\u00eda de Jes\u00fas, [&hellip;]<\/p>\n","protected":false},"author":3,"featured_media":15595,"comment_status":"open","ping_status":"open","sticky":false,"template":"","format":"standard","meta":[],"categories":[114],"tags":[],"yoast_head":"<!-- This site is optimized with the Yoast SEO plugin v20.8 - https:\/\/yoast.com\/wordpress\/plugins\/seo\/ -->\n<title>Christian Bravo present\u00f3 su sencillo \u201cEmmanuel, Dios con Nosotros\u201d - La Prensa Cristiana<\/title>\n<meta name=\"robots\" content=\"index, follow, max-snippet:-1, max-image-preview:large, max-video-preview:-1\" \/>\n<link rel=\"canonical\" href=\"https:\/\/laprensacristiana.com\/?p=15594\" \/>\n<meta property=\"og:locale\" content=\"es_ES\" \/>\n<meta property=\"og:type\" content=\"article\" \/>\n<meta property=\"og:title\" content=\"Christian Bravo present\u00f3 su sencillo \u201cEmmanuel, Dios con Nosotros\u201d - La Prensa Cristiana\" \/>\n<meta property=\"og:description\" content=\"Por: BNJ Medios \u201cEmmanuel, Dios con nosotros\u201d es el nuevo sencillo que nos presenta el pastor y cantante Christian Bravo, este tema trata de la Navidad, basado en Mateo 1:23. La letra de este tema surge de un tiempo de lectura b\u00edblica leyendo el pasaje de Mateo 1 donde habla de la genealog\u00eda de Jes\u00fas, [&hellip;]\" \/>\n<meta property=\"og:url\" content=\"https:\/\/laprensacristiana.com\/?p=15594\" \/>\n<meta property=\"og:site_name\" content=\"La Prensa Cristiana\" \/>\n<meta property=\"article:published_time\" content=\"2023-12-21T18:02:25+00:00\" \/>\n<meta property=\"article:modified_time\" content=\"2023-12-21T18:02:26+00:00\" \/>\n<meta property=\"og:image\" content=\"https:\/\/laprensacristiana.com\/wp-content\/uploads\/2023\/12\/WhatsApp-Image-2023-12-21-at-11.37.59-AM-1.jpeg\" \/>\n\t<meta property=\"og:image:width\" content=\"1600\" \/>\n\t<meta property=\"og:image:height\" content=\"1066\" \/>\n\t<meta property=\"og:image:type\" content=\"image\/jpeg\" \/>\n<meta name=\"author\" content=\"EDITOR\" \/>\n<meta name=\"twitter:card\" content=\"summary_large_image\" \/>\n<meta name=\"twitter:label1\" content=\"Escrito por\" \/>\n\t<meta name=\"twitter:data1\" content=\"EDITOR\" \/>\n\t<meta name=\"twitter:label2\" content=\"Tiempo de lectura\" \/>\n\t<meta name=\"twitter:data2\" content=\"4 minutos\" \/>\n<script type=\"application\/ld+json\" class=\"yoast-schema-graph\">{\"@context\":\"https:\/\/schema.org\",\"@graph\":[{\"@type\":\"WebPage\",\"@id\":\"https:\/\/laprensacristiana.com\/?p=15594\",\"url\":\"https:\/\/laprensacristiana.com\/?p=15594\",\"name\":\"Christian Bravo present\u00f3 su sencillo \u201cEmmanuel, Dios con Nosotros\u201d - La Prensa Cristiana\",\"isPartOf\":{\"@id\":\"https:\/\/laprensacristiana.com\/#website\"},\"datePublished\":\"2023-12-21T18:02:25+00:00\",\"dateModified\":\"2023-12-21T18:02:26+00:00\",\"author\":{\"@id\":\"https:\/\/laprensacristiana.com\/#\/schema\/person\/3e7d82c6bfd6b1fa67010f8f7cd5256e\"},\"breadcrumb\":{\"@id\":\"https:\/\/laprensacristiana.com\/?p=15594#breadcrumb\"},\"inLanguage\":\"es\",\"potentialAction\":[{\"@type\":\"ReadAction\",\"target\":[\"https:\/\/laprensacristiana.com\/?p=15594\"]}]},{\"@type\":\"BreadcrumbList\",\"@id\":\"https:\/\/laprensacristiana.com\/?p=15594#breadcrumb\",\"itemListElement\":[{\"@type\":\"ListItem\",\"position\":1,\"name\":\"Portada\",\"item\":\"https:\/\/laprensacristiana.com\/\"},{\"@type\":\"ListItem\",\"position\":2,\"name\":\"Christian Bravo present\u00f3 su sencillo \u201cEmmanuel, Dios con Nosotros\u201d\"}]},{\"@type\":\"WebSite\",\"@id\":\"https:\/\/laprensacristiana.com\/#website\",\"url\":\"https:\/\/laprensacristiana.com\/\",\"name\":\"La Prensa Cristiana\",\"description\":\"Anunciando Las Buenas Nuevas\",\"potentialAction\":[{\"@type\":\"SearchAction\",\"target\":{\"@type\":\"EntryPoint\",\"urlTemplate\":\"https:\/\/laprensacristiana.com\/?s={search_term_string}\"},\"query-input\":\"required name=search_term_string\"}],\"inLanguage\":\"es\"},{\"@type\":\"Person\",\"@id\":\"https:\/\/laprensacristiana.com\/#\/schema\/person\/3e7d82c6bfd6b1fa67010f8f7cd5256e\",\"name\":\"EDITOR\",\"image\":{\"@type\":\"ImageObject\",\"inLanguage\":\"es\",\"@id\":\"https:\/\/laprensacristiana.com\/#\/schema\/person\/image\/\",\"url\":\"https:\/\/secure.gravatar.com\/avatar\/72069dfb6c13772d9e8381e3638666d2?s=96&d=mm&r=g\",\"contentUrl\":\"https:\/\/secure.gravatar.com\/avatar\/72069dfb6c13772d9e8381e3638666d2?s=96&d=mm&r=g\",\"caption\":\"EDITOR\"},\"url\":\"https:\/\/laprensacristiana.com\/?author=3\"}]}<\/script>\n<!-- \/ Yoast SEO plugin. -->","yoast_head_json":{"title":"Christian Bravo present\u00f3 su sencillo \u201cEmmanuel, Dios con Nosotros\u201d - La Prensa Cristiana","robots":{"index":"index","follow":"follow","max-snippet":"max-snippet:-1","max-image-preview":"max-image-preview:large","max-video-preview":"max-video-preview:-1"},"canonical":"https:\/\/laprensacristiana.com\/?p=15594","og_locale":"es_ES","og_type":"article","og_title":"Christian Bravo present\u00f3 su sencillo \u201cEmmanuel, Dios con Nosotros\u201d - La Prensa Cristiana","og_description":"Por: BNJ Medios \u201cEmmanuel, Dios con nosotros\u201d es el nuevo sencillo que nos presenta el pastor y cantante Christian Bravo, este tema trata de la Navidad, basado en Mateo 1:23. La letra de este tema surge de un tiempo de lectura b\u00edblica leyendo el pasaje de Mateo 1 donde habla de la genealog\u00eda de Jes\u00fas, [&hellip;]","og_url":"https:\/\/laprensacristiana.com\/?p=15594","og_site_name":"La Prensa Cristiana","article_published_time":"2023-12-21T18:02:25+00:00","article_modified_time":"2023-12-21T18:02:26+00:00","og_image":[{"width":1600,"height":1066,"url":"https:\/\/laprensacristiana.com\/wp-content\/uploads\/2023\/12\/WhatsApp-Image-2023-12-21-at-11.37.59-AM-1.jpeg","type":"image\/jpeg"}],"author":"EDITOR","twitter_card":"summary_large_image","twitter_misc":{"Escrito por":"EDITOR","Tiempo de lectura":"4 minutos"},"schema":{"@context":"https:\/\/schema.org","@graph":[{"@type":"WebPage","@id":"https:\/\/laprensacristiana.com\/?p=15594","url":"https:\/\/laprensacristiana.com\/?p=15594","name":"Christian Bravo present\u00f3 su sencillo \u201cEmmanuel, Dios con Nosotros\u201d - La Prensa Cristiana","isPartOf":{"@id":"https:\/\/laprensacristiana.com\/#website"},"datePublished":"2023-12-21T18:02:25+00:00","dateModified":"2023-12-21T18:02:26+00:00","author":{"@id":"https:\/\/laprensacristiana.com\/#\/schema\/person\/3e7d82c6bfd6b1fa67010f8f7cd5256e"},"breadcrumb":{"@id":"https:\/\/laprensacristiana.com\/?p=15594#breadcrumb"},"inLanguage":"es","potentialAction":[{"@type":"ReadAction","target":["https:\/\/laprensacristiana.com\/?p=15594"]}]},{"@type":"BreadcrumbList","@id":"https:\/\/laprensacristiana.com\/?p=15594#breadcrumb","itemListElement":[{"@type":"ListItem","position":1,"name":"Portada","item":"https:\/\/laprensacristiana.com\/"},{"@type":"ListItem","position":2,"name":"Christian Bravo present\u00f3 su sencillo \u201cEmmanuel, Dios con Nosotros\u201d"}]},{"@type":"WebSite","@id":"https:\/\/laprensacristiana.com\/#website","url":"https:\/\/laprensacristiana.com\/","name":"La Prensa Cristiana","description":"Anunciando Las Buenas Nuevas","potentialAction":[{"@type":"SearchAction","target":{"@type":"EntryPoint","urlTemplate":"https:\/\/laprensacristiana.com\/?s={search_term_string}"},"query-input":"required name=search_term_string"}],"inLanguage":"es"},{"@type":"Person","@id":"https:\/\/laprensacristiana.com\/#\/schema\/person\/3e7d82c6bfd6b1fa67010f8f7cd5256e","name":"EDITOR","image":{"@type":"ImageObject","inLanguage":"es","@id":"https:\/\/laprensacristiana.com\/#\/schema\/person\/image\/","url":"https:\/\/secure.gravatar.com\/avatar\/72069dfb6c13772d9e8381e3638666d2?s=96&d=mm&r=g","contentUrl":"https:\/\/secure.gravatar.com\/avatar\/72069dfb6c13772d9e8381e3638666d2?s=96&d=mm&r=g","caption":"EDITOR"},"url":"https:\/\/laprensacristiana.com\/?author=3"}]}},"_links":{"self":[{"href":"https:\/\/laprensacristiana.com\/index.php?rest_route=\/wp\/v2\/posts\/15594"}],"collection":[{"href":"https:\/\/laprensacristiana.com\/index.php?rest_route=\/wp\/v2\/posts"}],"about":[{"href":"https:\/\/laprensacristiana.com\/index.php?rest_route=\/wp\/v2\/types\/post"}],"author":[{"embeddable":true,"href":"https:\/\/laprensacristiana.com\/index.php?rest_route=\/wp\/v2\/users\/3"}],"replies":[{"embeddable":true,"href":"https:\/\/laprensacristiana.com\/index.php?rest_route=%2Fwp%2Fv2%2Fcomments&post=15594"}],"version-history":[{"count":1,"href":"https:\/\/laprensacristiana.com\/index.php?rest_route=\/wp\/v2\/posts\/15594\/revisions"}],"predecessor-version":[{"id":15597,"href":"https:\/\/laprensacristiana.com\/index.php?rest_route=\/wp\/v2\/posts\/15594\/revisions\/15597"}],"wp:featuredmedia":[{"embeddable":true,"href":"https:\/\/laprensacristiana.com\/index.php?rest_route=\/wp\/v2\/media\/15595"}],"wp:attachment":[{"href":"https:\/\/laprensacristiana.com\/index.php?rest_route=%2Fwp%2Fv2%2Fmedia&parent=15594"}],"wp:term":[{"taxonomy":"category","embeddable":true,"href":"https:\/\/laprensacristiana.com\/index.php?rest_route=%2Fwp%2Fv2%2Fcategories&post=15594"},{"taxonomy":"post_tag","embeddable":true,"href":"https:\/\/laprensacristiana.com\/index.php?rest_route=%2Fwp%2Fv2%2Ftags&post=15594"}],"curies":[{"name":"wp","href":"https:\/\/api.w.org\/{rel}","templated":true}]}}