{"id":15605,"date":"2023-12-22T19:08:41","date_gmt":"2023-12-22T19:08:41","guid":{"rendered":"https:\/\/laprensacristiana.com\/?p=15605"},"modified":"2023-12-22T19:08:42","modified_gmt":"2023-12-22T19:08:42","slug":"buen-pastor","status":"publish","type":"post","link":"https:\/\/laprensacristiana.com\/?p=15605","title":{"rendered":"\u201cBUEN PASTOR\u201d \u00a0"},"content":{"rendered":"\n<p>Nuevo sencillo que lanza Salmista Salvadore\u00f1o Alex P\u00e9rez.<\/p>\n\n\n\n<p>Por: Edwin G\u00f3ngora <\/p>\n\n\n\n<p>Tras varios a\u00f1os de ausencia regresa con este nuevo material, ahora tambi\u00e9n en su faceta como productor nos muestra su nuevo contenido musical escrito y compuesto por \u00e9l, que incluye sonidos actuales que buscan amplificar el mensaje de la Palabra de Dios, con un sonido c\u00e1lido influenciado por R&amp;B, Pop y G\u00f3spel nos invita a celebrar y adorar con una letra b\u00edblica donde se plasma el coraz\u00f3n del adorador expresando la din\u00e1mica del amor del BUEN PASTOR, inspirado por el Rey David en su salmo 23 y confirmado por nuestro Rey Jes\u00fas en el evangelio seg\u00fan San Juan cap\u00edtulo 10, nuevamente Alex con su inigualable calidad vocal busca edificar a trav\u00e9s de este nuevo material producido por Alex P\u00e9rez y &nbsp;Edgar S\u00e1nchez de Eterno R\u00e9cords, una producci\u00f3n 100% en El Salvador.<\/p>\n\n\n\n<p>Por varios a\u00f1os Alex P\u00e9rez ha estado fuera de la escena musical debido a su visi\u00f3n al frente de \u201cMinisterios Esencial\u201d, en la que contin\u00faan capacitando y equipando a una nueva generaci\u00f3n de adoradores en El Salvador. Con este nuevo material Alex nos promete nuevas entregas en los meses siguientes, adem\u00e1s de colaboraciones con otros ministerios.<\/p>\n\n\n\n<p>Alex expresa que pasar por diversos procesos tomado de la mano de Dios han sido claves en su caminar creativo, con mucha gratitud testifica que Dios ha sido grande en misericordia para su vida, cada una de estas nuevas canciones son muy personales y su m\u00e1s profundo deseo es edificar, que las personas puedan ser dirigidas a Jes\u00fas, que los corazones y las mentes de los oyentes puedan razonar el mensaje y as\u00ed elevar la cultura de Adoraci\u00f3n en esta generaci\u00f3n.<\/p>\n\n\n\n<p>Este nuevo sencillo ya est\u00e1 disponible en todas las plataformas digitales y tambi\u00e9n forma parte de la programaci\u00f3n de radios cristianas nacionales e internacionales. Alex agradece la bondad de Dios para con su vida y ministerio, reconoce la importancia de producir m\u00fasica con mensajes b\u00edblicos que nutran a esta generaci\u00f3n, canciones que dirijan los corazones hacia Jes\u00fas y se eleve la cultura de Adoraci\u00f3n.<\/p>\n\n\n\n<p>Recientemente Alex P\u00e9rez manifest\u00f3 que con su nueva producci\u00f3n conf\u00eda que el pueblo cristiano encuentre \u201cgratitud\u201d en sus pensamientos traducidos a m\u00fasica.<\/p>\n\n\n\n<p>\u201cNo solo se trata de compartir un material, si no que pueda ser de utilidad, destaca.<\/p>\n\n\n\n<p>No quiero asumir que lo hago desde un coraz\u00f3n que busque reconocimiento, solo busco ser obediente y no ha sido f\u00e1cil para mi volver a retomarlo, Dios nos ha ayudado y espero que este nuevo material pueda bendecir. Afirmo.<\/p>\n","protected":false},"excerpt":{"rendered":"<p>Nuevo sencillo que lanza Salmista Salvadore\u00f1o Alex P\u00e9rez. Por: Edwin G\u00f3ngora Tras varios a\u00f1os de ausencia regresa con este nuevo material, ahora tambi\u00e9n en su faceta como productor nos muestra su nuevo contenido musical escrito y compuesto por \u00e9l, que incluye sonidos actuales que buscan amplificar el mensaje de la Palabra de Dios, con un [&hellip;]<\/p>\n","protected":false},"author":3,"featured_media":15606,"comment_status":"open","ping_status":"open","sticky":false,"template":"","format":"standard","meta":[],"categories":[114],"tags":[],"yoast_head":"<!-- This site is optimized with the Yoast SEO plugin v20.8 - https:\/\/yoast.com\/wordpress\/plugins\/seo\/ -->\n<title>\u201cBUEN PASTOR\u201d \u00a0 - La Prensa Cristiana<\/title>\n<meta name=\"robots\" content=\"index, follow, max-snippet:-1, max-image-preview:large, max-video-preview:-1\" \/>\n<link rel=\"canonical\" href=\"https:\/\/laprensacristiana.com\/?p=15605\" \/>\n<meta property=\"og:locale\" content=\"es_ES\" \/>\n<meta property=\"og:type\" content=\"article\" \/>\n<meta property=\"og:title\" content=\"\u201cBUEN PASTOR\u201d \u00a0 - La Prensa Cristiana\" \/>\n<meta property=\"og:description\" content=\"Nuevo sencillo que lanza Salmista Salvadore\u00f1o Alex P\u00e9rez. Por: Edwin G\u00f3ngora Tras varios a\u00f1os de ausencia regresa con este nuevo material, ahora tambi\u00e9n en su faceta como productor nos muestra su nuevo contenido musical escrito y compuesto por \u00e9l, que incluye sonidos actuales que buscan amplificar el mensaje de la Palabra de Dios, con un [&hellip;]\" \/>\n<meta property=\"og:url\" content=\"https:\/\/laprensacristiana.com\/?p=15605\" \/>\n<meta property=\"og:site_name\" content=\"La Prensa Cristiana\" \/>\n<meta property=\"article:published_time\" content=\"2023-12-22T19:08:41+00:00\" \/>\n<meta property=\"article:modified_time\" content=\"2023-12-22T19:08:42+00:00\" \/>\n<meta property=\"og:image\" content=\"https:\/\/laprensacristiana.com\/wp-content\/uploads\/2023\/12\/WhatsApp-Image-2023-12-21-at-2.18.29-PM.jpeg\" \/>\n\t<meta property=\"og:image:width\" content=\"1600\" \/>\n\t<meta property=\"og:image:height\" content=\"1600\" \/>\n\t<meta property=\"og:image:type\" content=\"image\/jpeg\" \/>\n<meta name=\"author\" content=\"EDITOR\" \/>\n<meta name=\"twitter:card\" content=\"summary_large_image\" \/>\n<meta name=\"twitter:label1\" content=\"Escrito por\" \/>\n\t<meta name=\"twitter:data1\" content=\"EDITOR\" \/>\n\t<meta name=\"twitter:label2\" content=\"Tiempo de lectura\" \/>\n\t<meta name=\"twitter:data2\" content=\"2 minutos\" \/>\n<script type=\"application\/ld+json\" class=\"yoast-schema-graph\">{\"@context\":\"https:\/\/schema.org\",\"@graph\":[{\"@type\":\"WebPage\",\"@id\":\"https:\/\/laprensacristiana.com\/?p=15605\",\"url\":\"https:\/\/laprensacristiana.com\/?p=15605\",\"name\":\"\u201cBUEN PASTOR\u201d \u00a0 - La Prensa Cristiana\",\"isPartOf\":{\"@id\":\"https:\/\/laprensacristiana.com\/#website\"},\"datePublished\":\"2023-12-22T19:08:41+00:00\",\"dateModified\":\"2023-12-22T19:08:42+00:00\",\"author\":{\"@id\":\"https:\/\/laprensacristiana.com\/#\/schema\/person\/3e7d82c6bfd6b1fa67010f8f7cd5256e\"},\"breadcrumb\":{\"@id\":\"https:\/\/laprensacristiana.com\/?p=15605#breadcrumb\"},\"inLanguage\":\"es\",\"potentialAction\":[{\"@type\":\"ReadAction\",\"target\":[\"https:\/\/laprensacristiana.com\/?p=15605\"]}]},{\"@type\":\"BreadcrumbList\",\"@id\":\"https:\/\/laprensacristiana.com\/?p=15605#breadcrumb\",\"itemListElement\":[{\"@type\":\"ListItem\",\"position\":1,\"name\":\"Portada\",\"item\":\"https:\/\/laprensacristiana.com\/\"},{\"@type\":\"ListItem\",\"position\":2,\"name\":\"\u201cBUEN PASTOR\u201d \u00a0\"}]},{\"@type\":\"WebSite\",\"@id\":\"https:\/\/laprensacristiana.com\/#website\",\"url\":\"https:\/\/laprensacristiana.com\/\",\"name\":\"La Prensa Cristiana\",\"description\":\"Anunciando Las Buenas Nuevas\",\"potentialAction\":[{\"@type\":\"SearchAction\",\"target\":{\"@type\":\"EntryPoint\",\"urlTemplate\":\"https:\/\/laprensacristiana.com\/?s={search_term_string}\"},\"query-input\":\"required name=search_term_string\"}],\"inLanguage\":\"es\"},{\"@type\":\"Person\",\"@id\":\"https:\/\/laprensacristiana.com\/#\/schema\/person\/3e7d82c6bfd6b1fa67010f8f7cd5256e\",\"name\":\"EDITOR\",\"image\":{\"@type\":\"ImageObject\",\"inLanguage\":\"es\",\"@id\":\"https:\/\/laprensacristiana.com\/#\/schema\/person\/image\/\",\"url\":\"https:\/\/secure.gravatar.com\/avatar\/72069dfb6c13772d9e8381e3638666d2?s=96&d=mm&r=g\",\"contentUrl\":\"https:\/\/secure.gravatar.com\/avatar\/72069dfb6c13772d9e8381e3638666d2?s=96&d=mm&r=g\",\"caption\":\"EDITOR\"},\"url\":\"https:\/\/laprensacristiana.com\/?author=3\"}]}<\/script>\n<!-- \/ Yoast SEO plugin. -->","yoast_head_json":{"title":"\u201cBUEN PASTOR\u201d \u00a0 - La Prensa Cristiana","robots":{"index":"index","follow":"follow","max-snippet":"max-snippet:-1","max-image-preview":"max-image-preview:large","max-video-preview":"max-video-preview:-1"},"canonical":"https:\/\/laprensacristiana.com\/?p=15605","og_locale":"es_ES","og_type":"article","og_title":"\u201cBUEN PASTOR\u201d \u00a0 - La Prensa Cristiana","og_description":"Nuevo sencillo que lanza Salmista Salvadore\u00f1o Alex P\u00e9rez. Por: Edwin G\u00f3ngora Tras varios a\u00f1os de ausencia regresa con este nuevo material, ahora tambi\u00e9n en su faceta como productor nos muestra su nuevo contenido musical escrito y compuesto por \u00e9l, que incluye sonidos actuales que buscan amplificar el mensaje de la Palabra de Dios, con un [&hellip;]","og_url":"https:\/\/laprensacristiana.com\/?p=15605","og_site_name":"La Prensa Cristiana","article_published_time":"2023-12-22T19:08:41+00:00","article_modified_time":"2023-12-22T19:08:42+00:00","og_image":[{"width":1600,"height":1600,"url":"https:\/\/laprensacristiana.com\/wp-content\/uploads\/2023\/12\/WhatsApp-Image-2023-12-21-at-2.18.29-PM.jpeg","type":"image\/jpeg"}],"author":"EDITOR","twitter_card":"summary_large_image","twitter_misc":{"Escrito por":"EDITOR","Tiempo de lectura":"2 minutos"},"schema":{"@context":"https:\/\/schema.org","@graph":[{"@type":"WebPage","@id":"https:\/\/laprensacristiana.com\/?p=15605","url":"https:\/\/laprensacristiana.com\/?p=15605","name":"\u201cBUEN PASTOR\u201d \u00a0 - La Prensa Cristiana","isPartOf":{"@id":"https:\/\/laprensacristiana.com\/#website"},"datePublished":"2023-12-22T19:08:41+00:00","dateModified":"2023-12-22T19:08:42+00:00","author":{"@id":"https:\/\/laprensacristiana.com\/#\/schema\/person\/3e7d82c6bfd6b1fa67010f8f7cd5256e"},"breadcrumb":{"@id":"https:\/\/laprensacristiana.com\/?p=15605#breadcrumb"},"inLanguage":"es","potentialAction":[{"@type":"ReadAction","target":["https:\/\/laprensacristiana.com\/?p=15605"]}]},{"@type":"BreadcrumbList","@id":"https:\/\/laprensacristiana.com\/?p=15605#breadcrumb","itemListElement":[{"@type":"ListItem","position":1,"name":"Portada","item":"https:\/\/laprensacristiana.com\/"},{"@type":"ListItem","position":2,"name":"\u201cBUEN PASTOR\u201d \u00a0"}]},{"@type":"WebSite","@id":"https:\/\/laprensacristiana.com\/#website","url":"https:\/\/laprensacristiana.com\/","name":"La Prensa Cristiana","description":"Anunciando Las Buenas Nuevas","potentialAction":[{"@type":"SearchAction","target":{"@type":"EntryPoint","urlTemplate":"https:\/\/laprensacristiana.com\/?s={search_term_string}"},"query-input":"required name=search_term_string"}],"inLanguage":"es"},{"@type":"Person","@id":"https:\/\/laprensacristiana.com\/#\/schema\/person\/3e7d82c6bfd6b1fa67010f8f7cd5256e","name":"EDITOR","image":{"@type":"ImageObject","inLanguage":"es","@id":"https:\/\/laprensacristiana.com\/#\/schema\/person\/image\/","url":"https:\/\/secure.gravatar.com\/avatar\/72069dfb6c13772d9e8381e3638666d2?s=96&d=mm&r=g","contentUrl":"https:\/\/secure.gravatar.com\/avatar\/72069dfb6c13772d9e8381e3638666d2?s=96&d=mm&r=g","caption":"EDITOR"},"url":"https:\/\/laprensacristiana.com\/?author=3"}]}},"_links":{"self":[{"href":"https:\/\/laprensacristiana.com\/index.php?rest_route=\/wp\/v2\/posts\/15605"}],"collection":[{"href":"https:\/\/laprensacristiana.com\/index.php?rest_route=\/wp\/v2\/posts"}],"about":[{"href":"https:\/\/laprensacristiana.com\/index.php?rest_route=\/wp\/v2\/types\/post"}],"author":[{"embeddable":true,"href":"https:\/\/laprensacristiana.com\/index.php?rest_route=\/wp\/v2\/users\/3"}],"replies":[{"embeddable":true,"href":"https:\/\/laprensacristiana.com\/index.php?rest_route=%2Fwp%2Fv2%2Fcomments&post=15605"}],"version-history":[{"count":1,"href":"https:\/\/laprensacristiana.com\/index.php?rest_route=\/wp\/v2\/posts\/15605\/revisions"}],"predecessor-version":[{"id":15607,"href":"https:\/\/laprensacristiana.com\/index.php?rest_route=\/wp\/v2\/posts\/15605\/revisions\/15607"}],"wp:featuredmedia":[{"embeddable":true,"href":"https:\/\/laprensacristiana.com\/index.php?rest_route=\/wp\/v2\/media\/15606"}],"wp:attachment":[{"href":"https:\/\/laprensacristiana.com\/index.php?rest_route=%2Fwp%2Fv2%2Fmedia&parent=15605"}],"wp:term":[{"taxonomy":"category","embeddable":true,"href":"https:\/\/laprensacristiana.com\/index.php?rest_route=%2Fwp%2Fv2%2Fcategories&post=15605"},{"taxonomy":"post_tag","embeddable":true,"href":"https:\/\/laprensacristiana.com\/index.php?rest_route=%2Fwp%2Fv2%2Ftags&post=15605"}],"curies":[{"name":"wp","href":"https:\/\/api.w.org\/{rel}","templated":true}]}}