{"id":15630,"date":"2023-12-26T13:39:50","date_gmt":"2023-12-26T13:39:50","guid":{"rendered":"https:\/\/laprensacristiana.com\/?p=15630"},"modified":"2023-12-26T14:21:51","modified_gmt":"2023-12-26T14:21:51","slug":"el-rey-no-un-rey","status":"publish","type":"post","link":"https:\/\/laprensacristiana.com\/?p=15630","title":{"rendered":"El rey, no un rey"},"content":{"rendered":"\n<p>Por: Dr. Carlos Berges<\/p>\n\n\n\n<p>Juan 19:21-22&nbsp; \u00abPor eso los principales sacerdotes de los jud\u00edos dec\u00edan a Pilato: No escribas, \u00abel Rey de los jud\u00edos\u00bb; sino que \u00c9l dijo: \u00abYo soy Rey de los jud\u00edos\u00bb.&nbsp; Pilato respondi\u00f3: Lo que he escrito, he escrito\u00bb<\/p>\n\n\n\n<p>Bueno, quiz\u00e1 me voy a meter a \u201ccamis\u00f3n de once varas\u201d, como decimos en Guatemala, porque quienes lean este art\u00edculo y no est\u00e9n de acuerdo, van a refunfu\u00f1ar por lo que encontrar\u00e1n dentro de sus palabras.<\/p>\n\n\n\n<p>Esto es as\u00ed, porque una buena mayor\u00eda de personas que asisten a la Iglesia los domingos y quiz\u00e1 uno que otro d\u00eda -si es que no tienen algo que hacer-, van entre semana. Pero la verdad es que van porque \u201ctienen que ir\u201d si no, qu\u00e9 dir\u00e1 la gente. Nos importa mucho el qu\u00e9 dir\u00e1n, que lo que piense nuestro Se\u00f1or Jes\u00fas.<\/p>\n\n\n\n<p>Como somos de pensamiento greco-latino, no tenemos idea de lo que es ser un rey. Para nosotros no tiene mucho sentido esa palabrita de tres letras. Porque vivimos en un sistema republicano y no mon\u00e1rquico. Es por eso que la mayor\u00eda de los cristianos evang\u00e9licos no tienen ning\u00fan concepto mental de lo que es convertirse en s\u00fabditos del Rey Jes\u00fas.<\/p>\n\n\n\n<p>Para empezar, en nuestra cultura: \u00bfqu\u00e9 es ser s\u00fabdito? Eso no es parte de nuestro vocabulario. Eso queda para los ingleses o aquellos que viven en monarqu\u00edas. Nosotros somos personas libres. No somos ni s\u00fabditos ni esclavos de nadie. Somos nuestros propios se\u00f1ores. Y eso abarca tambi\u00e9n en el mundo espiritual. Es por eso que reconocer a Jes\u00fas como nuestro Rey y Se\u00f1or para muchos se les hace cuesta arriba. No lo conciben. Si, es cierto, Jes\u00fas vino a libertarlos del pecado original provocado por Ad\u00e1n y Eva, pero por lo dem\u00e1s, seguimos siendo libres.<\/p>\n\n\n\n<p>Por lo tanto, nuestro rey y se\u00f1or no es el que nos dicen en la Iglesia. Es el que nosotros nos hemos fabricado por mucho tiempo. Especialmente si se trata de los hombres. Adem\u00e1s, en cada cumplea\u00f1os se entona el himno -digo la canci\u00f3n- de Vicente Fern\u00e1ndez: Sigo siendo el rey. \u00bfDe que reino? Vaya usted a saber.<\/p>\n\n\n\n<p>Esto, mis amigos, no es nada nuevo. Ya exist\u00eda ese pensamiento en los tiempos del Segundo Templo, cuando Jesus se atrevi\u00f3 a declarar que era el Hijo de Dios. Y ardi\u00f3 Troya cuando los fariseos y encargados del Templo se pusieron a pensar que ese carpintero convertido en Mes\u00edas se estaba declarando Rey de los judios.<\/p>\n\n\n\n<p>Y parad\u00f3jicamente, fue Pilato, el gobernador asalariado de Roma el que lo reconoci\u00f3 sin darse cuenta. O quiz\u00e1 s\u00ed lo supo y lo vio en toda su realeza cuando lo entrevist\u00f3 y Jesus no le baj\u00f3 la vista ni le tuvo miedo. De all\u00ed el famoso pleito por el dichoso letrero que puso sobre la cruz en donde el Rey fue crucificado.<\/p>\n\n\n\n<p>\u00bfPor qu\u00e9 tanto reclamo de los l\u00edderes de Israel con este letrero que Pilato puso sobre la cruz en donde Jesus estaba siendo ajusticiado?&nbsp; \u00bfQue fue lo que no les gust\u00f3 del r\u00f3tulo? Ah, un estudio minucioso del significado de la sem\u00e1ntica es este: Pilato, en su escritura est\u00e1 testificando que Jesus ES EL REY, mientras que los fariseos y sacerdotes quer\u00edan que \u00e9l escribiera JESUS ES UN REY.<\/p>\n\n\n\n<p>\u00bfVe la diferencia? No es lo mismo un absoluto ES EL REY que poner un sustantivo com\u00fan JESUS ES UN REY. Porque sencillamente, si pone que es un rey, quiere decir que hay otros reyes.<\/p>\n\n\n\n<p>Y aqu\u00ed est\u00e1 el dilema: En su vida como en la m\u00eda: \u00bfEs Jesus El Rey, o sencillamente es UN Rey? Porque si \u00e9l es UN Rey, quiere decir que tengo otros reyes que gobiernan y dirigen mi vida. Interesante, \u00bfverdad? Por lo tanto, no es de extra\u00f1ar que para muchos evang\u00e9licos, Jesus es un rey de cualquier reino, pero no el de ellos. Ellos tienen su propio rey. Puede ser su dinero, su fama, su apellido, sus posesiones, su perfil profesional, o -incluso, pastores-, su ministerio. Porque aunque les caiga mal, muchos que dicen que son siervos de Dios, no lo son. Son siervos de ellos mismos, de su propio reino.<\/p>\n\n\n\n<p>Pero si Jesus es El Rey, no puede haber otro ni sobre ni debajo de \u00e9l. Para mi vida, por lo menos, Jesus es El Rey indiscutible. Es el que manda y yo obedezco.<\/p>\n\n\n\n<p>Por eso Pilato no quiso arreglar el t\u00edtulo. Estaba afirmando -sin saberlo quiz\u00e1-, que el que estaban matando en la cruz, era EL REY DE LOS JUDIOS.<\/p>\n","protected":false},"excerpt":{"rendered":"<p>Por: Dr. Carlos Berges Juan 19:21-22&nbsp; \u00abPor eso los principales sacerdotes de los jud\u00edos dec\u00edan a Pilato: No escribas, \u00abel Rey de los jud\u00edos\u00bb; sino que \u00c9l dijo: \u00abYo soy Rey de los jud\u00edos\u00bb.&nbsp; Pilato respondi\u00f3: Lo que he escrito, he escrito\u00bb Bueno, quiz\u00e1 me voy a meter a \u201ccamis\u00f3n de once varas\u201d, como decimos [&hellip;]<\/p>\n","protected":false},"author":3,"featured_media":15631,"comment_status":"open","ping_status":"open","sticky":false,"template":"","format":"standard","meta":[],"categories":[36],"tags":[],"yoast_head":"<!-- This site is optimized with the Yoast SEO plugin v20.8 - https:\/\/yoast.com\/wordpress\/plugins\/seo\/ -->\n<title>El rey, no un rey - La Prensa Cristiana<\/title>\n<meta name=\"robots\" content=\"index, follow, max-snippet:-1, max-image-preview:large, max-video-preview:-1\" \/>\n<link rel=\"canonical\" href=\"https:\/\/laprensacristiana.com\/?p=15630\" \/>\n<meta property=\"og:locale\" content=\"es_ES\" \/>\n<meta property=\"og:type\" content=\"article\" \/>\n<meta property=\"og:title\" content=\"El rey, no un rey - La Prensa Cristiana\" \/>\n<meta property=\"og:description\" content=\"Por: Dr. Carlos Berges Juan 19:21-22&nbsp; \u00abPor eso los principales sacerdotes de los jud\u00edos dec\u00edan a Pilato: No escribas, \u00abel Rey de los jud\u00edos\u00bb; sino que \u00c9l dijo: \u00abYo soy Rey de los jud\u00edos\u00bb.&nbsp; Pilato respondi\u00f3: Lo que he escrito, he escrito\u00bb Bueno, quiz\u00e1 me voy a meter a \u201ccamis\u00f3n de once varas\u201d, como decimos [&hellip;]\" \/>\n<meta property=\"og:url\" content=\"https:\/\/laprensacristiana.com\/?p=15630\" \/>\n<meta property=\"og:site_name\" content=\"La Prensa Cristiana\" \/>\n<meta property=\"article:published_time\" content=\"2023-12-26T13:39:50+00:00\" \/>\n<meta property=\"article:modified_time\" content=\"2023-12-26T14:21:51+00:00\" \/>\n<meta property=\"og:image\" content=\"https:\/\/laprensacristiana.com\/wp-content\/uploads\/2023\/12\/WhatsApp-Image-2023-12-26-at-7.08.53-AM.jpeg\" \/>\n\t<meta property=\"og:image:width\" content=\"719\" \/>\n\t<meta property=\"og:image:height\" content=\"540\" \/>\n\t<meta property=\"og:image:type\" content=\"image\/jpeg\" \/>\n<meta name=\"author\" content=\"EDITOR\" \/>\n<meta name=\"twitter:card\" content=\"summary_large_image\" \/>\n<meta name=\"twitter:label1\" content=\"Escrito por\" \/>\n\t<meta name=\"twitter:data1\" content=\"EDITOR\" \/>\n\t<meta name=\"twitter:label2\" content=\"Tiempo de lectura\" \/>\n\t<meta name=\"twitter:data2\" content=\"4 minutos\" \/>\n<script type=\"application\/ld+json\" class=\"yoast-schema-graph\">{\"@context\":\"https:\/\/schema.org\",\"@graph\":[{\"@type\":\"WebPage\",\"@id\":\"https:\/\/laprensacristiana.com\/?p=15630\",\"url\":\"https:\/\/laprensacristiana.com\/?p=15630\",\"name\":\"El rey, no un rey - La Prensa Cristiana\",\"isPartOf\":{\"@id\":\"https:\/\/laprensacristiana.com\/#website\"},\"datePublished\":\"2023-12-26T13:39:50+00:00\",\"dateModified\":\"2023-12-26T14:21:51+00:00\",\"author\":{\"@id\":\"https:\/\/laprensacristiana.com\/#\/schema\/person\/3e7d82c6bfd6b1fa67010f8f7cd5256e\"},\"breadcrumb\":{\"@id\":\"https:\/\/laprensacristiana.com\/?p=15630#breadcrumb\"},\"inLanguage\":\"es\",\"potentialAction\":[{\"@type\":\"ReadAction\",\"target\":[\"https:\/\/laprensacristiana.com\/?p=15630\"]}]},{\"@type\":\"BreadcrumbList\",\"@id\":\"https:\/\/laprensacristiana.com\/?p=15630#breadcrumb\",\"itemListElement\":[{\"@type\":\"ListItem\",\"position\":1,\"name\":\"Portada\",\"item\":\"https:\/\/laprensacristiana.com\/\"},{\"@type\":\"ListItem\",\"position\":2,\"name\":\"El rey, no un rey\"}]},{\"@type\":\"WebSite\",\"@id\":\"https:\/\/laprensacristiana.com\/#website\",\"url\":\"https:\/\/laprensacristiana.com\/\",\"name\":\"La Prensa Cristiana\",\"description\":\"Anunciando Las Buenas Nuevas\",\"potentialAction\":[{\"@type\":\"SearchAction\",\"target\":{\"@type\":\"EntryPoint\",\"urlTemplate\":\"https:\/\/laprensacristiana.com\/?s={search_term_string}\"},\"query-input\":\"required name=search_term_string\"}],\"inLanguage\":\"es\"},{\"@type\":\"Person\",\"@id\":\"https:\/\/laprensacristiana.com\/#\/schema\/person\/3e7d82c6bfd6b1fa67010f8f7cd5256e\",\"name\":\"EDITOR\",\"image\":{\"@type\":\"ImageObject\",\"inLanguage\":\"es\",\"@id\":\"https:\/\/laprensacristiana.com\/#\/schema\/person\/image\/\",\"url\":\"https:\/\/secure.gravatar.com\/avatar\/72069dfb6c13772d9e8381e3638666d2?s=96&d=mm&r=g\",\"contentUrl\":\"https:\/\/secure.gravatar.com\/avatar\/72069dfb6c13772d9e8381e3638666d2?s=96&d=mm&r=g\",\"caption\":\"EDITOR\"},\"url\":\"https:\/\/laprensacristiana.com\/?author=3\"}]}<\/script>\n<!-- \/ Yoast SEO plugin. -->","yoast_head_json":{"title":"El rey, no un rey - La Prensa Cristiana","robots":{"index":"index","follow":"follow","max-snippet":"max-snippet:-1","max-image-preview":"max-image-preview:large","max-video-preview":"max-video-preview:-1"},"canonical":"https:\/\/laprensacristiana.com\/?p=15630","og_locale":"es_ES","og_type":"article","og_title":"El rey, no un rey - La Prensa Cristiana","og_description":"Por: Dr. Carlos Berges Juan 19:21-22&nbsp; \u00abPor eso los principales sacerdotes de los jud\u00edos dec\u00edan a Pilato: No escribas, \u00abel Rey de los jud\u00edos\u00bb; sino que \u00c9l dijo: \u00abYo soy Rey de los jud\u00edos\u00bb.&nbsp; Pilato respondi\u00f3: Lo que he escrito, he escrito\u00bb Bueno, quiz\u00e1 me voy a meter a \u201ccamis\u00f3n de once varas\u201d, como decimos [&hellip;]","og_url":"https:\/\/laprensacristiana.com\/?p=15630","og_site_name":"La Prensa Cristiana","article_published_time":"2023-12-26T13:39:50+00:00","article_modified_time":"2023-12-26T14:21:51+00:00","og_image":[{"width":719,"height":540,"url":"https:\/\/laprensacristiana.com\/wp-content\/uploads\/2023\/12\/WhatsApp-Image-2023-12-26-at-7.08.53-AM.jpeg","type":"image\/jpeg"}],"author":"EDITOR","twitter_card":"summary_large_image","twitter_misc":{"Escrito por":"EDITOR","Tiempo de lectura":"4 minutos"},"schema":{"@context":"https:\/\/schema.org","@graph":[{"@type":"WebPage","@id":"https:\/\/laprensacristiana.com\/?p=15630","url":"https:\/\/laprensacristiana.com\/?p=15630","name":"El rey, no un rey - La Prensa Cristiana","isPartOf":{"@id":"https:\/\/laprensacristiana.com\/#website"},"datePublished":"2023-12-26T13:39:50+00:00","dateModified":"2023-12-26T14:21:51+00:00","author":{"@id":"https:\/\/laprensacristiana.com\/#\/schema\/person\/3e7d82c6bfd6b1fa67010f8f7cd5256e"},"breadcrumb":{"@id":"https:\/\/laprensacristiana.com\/?p=15630#breadcrumb"},"inLanguage":"es","potentialAction":[{"@type":"ReadAction","target":["https:\/\/laprensacristiana.com\/?p=15630"]}]},{"@type":"BreadcrumbList","@id":"https:\/\/laprensacristiana.com\/?p=15630#breadcrumb","itemListElement":[{"@type":"ListItem","position":1,"name":"Portada","item":"https:\/\/laprensacristiana.com\/"},{"@type":"ListItem","position":2,"name":"El rey, no un rey"}]},{"@type":"WebSite","@id":"https:\/\/laprensacristiana.com\/#website","url":"https:\/\/laprensacristiana.com\/","name":"La Prensa Cristiana","description":"Anunciando Las Buenas Nuevas","potentialAction":[{"@type":"SearchAction","target":{"@type":"EntryPoint","urlTemplate":"https:\/\/laprensacristiana.com\/?s={search_term_string}"},"query-input":"required name=search_term_string"}],"inLanguage":"es"},{"@type":"Person","@id":"https:\/\/laprensacristiana.com\/#\/schema\/person\/3e7d82c6bfd6b1fa67010f8f7cd5256e","name":"EDITOR","image":{"@type":"ImageObject","inLanguage":"es","@id":"https:\/\/laprensacristiana.com\/#\/schema\/person\/image\/","url":"https:\/\/secure.gravatar.com\/avatar\/72069dfb6c13772d9e8381e3638666d2?s=96&d=mm&r=g","contentUrl":"https:\/\/secure.gravatar.com\/avatar\/72069dfb6c13772d9e8381e3638666d2?s=96&d=mm&r=g","caption":"EDITOR"},"url":"https:\/\/laprensacristiana.com\/?author=3"}]}},"_links":{"self":[{"href":"https:\/\/laprensacristiana.com\/index.php?rest_route=\/wp\/v2\/posts\/15630"}],"collection":[{"href":"https:\/\/laprensacristiana.com\/index.php?rest_route=\/wp\/v2\/posts"}],"about":[{"href":"https:\/\/laprensacristiana.com\/index.php?rest_route=\/wp\/v2\/types\/post"}],"author":[{"embeddable":true,"href":"https:\/\/laprensacristiana.com\/index.php?rest_route=\/wp\/v2\/users\/3"}],"replies":[{"embeddable":true,"href":"https:\/\/laprensacristiana.com\/index.php?rest_route=%2Fwp%2Fv2%2Fcomments&post=15630"}],"version-history":[{"count":2,"href":"https:\/\/laprensacristiana.com\/index.php?rest_route=\/wp\/v2\/posts\/15630\/revisions"}],"predecessor-version":[{"id":15633,"href":"https:\/\/laprensacristiana.com\/index.php?rest_route=\/wp\/v2\/posts\/15630\/revisions\/15633"}],"wp:featuredmedia":[{"embeddable":true,"href":"https:\/\/laprensacristiana.com\/index.php?rest_route=\/wp\/v2\/media\/15631"}],"wp:attachment":[{"href":"https:\/\/laprensacristiana.com\/index.php?rest_route=%2Fwp%2Fv2%2Fmedia&parent=15630"}],"wp:term":[{"taxonomy":"category","embeddable":true,"href":"https:\/\/laprensacristiana.com\/index.php?rest_route=%2Fwp%2Fv2%2Fcategories&post=15630"},{"taxonomy":"post_tag","embeddable":true,"href":"https:\/\/laprensacristiana.com\/index.php?rest_route=%2Fwp%2Fv2%2Ftags&post=15630"}],"curies":[{"name":"wp","href":"https:\/\/api.w.org\/{rel}","templated":true}]}}