{"id":15643,"date":"2023-12-26T20:34:29","date_gmt":"2023-12-26T20:34:29","guid":{"rendered":"https:\/\/laprensacristiana.com\/?p=15643"},"modified":"2023-12-26T20:34:30","modified_gmt":"2023-12-26T20:34:30","slug":"asesinan-a-133-cristianos-en-nigeria","status":"publish","type":"post","link":"https:\/\/laprensacristiana.com\/?p=15643","title":{"rendered":"Asesinan a 133 cristianos en Nigeria"},"content":{"rendered":"\n<p>Por: Edwin G\u00f3ngora <\/p>\n\n\n\n<p>Lamentablemente la noche del 24 y el amanecer del 25 de diciembre fue tr\u00e1gico para varias aldeas del estado de Plateau, en el centro de Nigeria, luego que grupos armados perpetraran un fuerte ataque dejando luto y dolor en la zona.<\/p>\n\n\n\n<p>Reportes period\u00edsticos dan cuenta que al menos 113 personas habr\u00edan sido asesinadas como parte de un operativo en la zona por estos grupos que mantienen sometido el lugar en tensi\u00f3n desde hace varios a\u00f1os. El ataque fue al menos a 20 pueblos, en su mayor\u00eda asentamientos cristianos en Nigeria.<\/p>\n\n\n\n<figure class=\"wp-block-image size-large\"><img decoding=\"async\" loading=\"lazy\" width=\"1024\" height=\"680\" src=\"https:\/\/laprensacristiana.com\/wp-content\/uploads\/2023\/12\/NIGERIA-1024x680.jpg\" alt=\"\" class=\"wp-image-15645\" srcset=\"https:\/\/laprensacristiana.com\/wp-content\/uploads\/2023\/12\/NIGERIA-1024x680.jpg 1024w, https:\/\/laprensacristiana.com\/wp-content\/uploads\/2023\/12\/NIGERIA-300x200.jpg 300w, https:\/\/laprensacristiana.com\/wp-content\/uploads\/2023\/12\/NIGERIA-768x510.jpg 768w, https:\/\/laprensacristiana.com\/wp-content\/uploads\/2023\/12\/NIGERIA-696x462.jpg 696w, https:\/\/laprensacristiana.com\/wp-content\/uploads\/2023\/12\/NIGERIA-1068x709.jpg 1068w, https:\/\/laprensacristiana.com\/wp-content\/uploads\/2023\/12\/NIGERIA-600x399.jpg 600w, https:\/\/laprensacristiana.com\/wp-content\/uploads\/2023\/12\/NIGERIA.jpg 1200w\" sizes=\"(max-width: 1024px) 100vw, 1024px\" \/><\/figure>\n\n\n\n<p>\u201cNuestros hermanos en Plateau esperaban celebrar una Navidad pac\u00edfica, pero lamentablemente se encontraron con una brutal masacre\u201d, p\u00fablica en su cuenta de X la organizaci\u00f3n no gubernamental @PAbiertasEspana, que sirve y auxilia a los cristianos que son perseguidos en el mundo desde 1955.<\/p>\n\n\n\n<p>El mensaje termina diciendo que, \u201clos que consiguieron escapar de la matanza con vida, ahora est\u00e1n desarraigados y traumatizados\u201d<\/p>\n\n\n\n<p>Para varios sectores que velan por los Derechos Humanos, coinciden en se\u00f1alar que lo ocurrido en Nigeria ha sido un \u201cgenocidio\u201d ya que, si bien por ahora existe un n\u00famero de fallecidos, se reportan 300 personas m\u00e1s heridas que se encuentran grabes y que varias de ellas podr\u00edan fallecer.<\/p>\n\n\n\n<p>&nbsp;El gobernador del estado de Plateau, Celeb Mutfwang calific\u00f3 lo ocurrido como una acci\u00f3n \u201cb\u00e1rbara, brutal injustificada y que tomaran medidas para evitar que esto continue.<\/p>\n\n\n\n<p>Promulgar la palabra de Dios en diferentes pa\u00edses del mundo es desafiante para los Misioneros, quienes cumpliendo la gran comisi\u00f3n ofrendan su vida. \u201cHasta el d\u00eda de hoy no hab\u00e9is abandonado a vuestros hermanos durante este largo tiempo, sino que hab\u00e9is cuidado de guardar el mandamiento del SE\u00d1OR vuestro Dios\u201d. Josu\u00e9 22:3<\/p>\n","protected":false},"excerpt":{"rendered":"<p>Por: Edwin G\u00f3ngora Lamentablemente la noche del 24 y el amanecer del 25 de diciembre fue tr\u00e1gico para varias aldeas del estado de Plateau, en el centro de Nigeria, luego que grupos armados perpetraran un fuerte ataque dejando luto y dolor en la zona. Reportes period\u00edsticos dan cuenta que al menos 113 personas habr\u00edan sido [&hellip;]<\/p>\n","protected":false},"author":3,"featured_media":15644,"comment_status":"open","ping_status":"open","sticky":false,"template":"","format":"standard","meta":[],"categories":[56],"tags":[],"yoast_head":"<!-- This site is optimized with the Yoast SEO plugin v20.8 - https:\/\/yoast.com\/wordpress\/plugins\/seo\/ -->\n<title>Asesinan a 133 cristianos en Nigeria - La Prensa Cristiana<\/title>\n<meta name=\"robots\" content=\"index, follow, max-snippet:-1, max-image-preview:large, max-video-preview:-1\" \/>\n<link rel=\"canonical\" href=\"https:\/\/laprensacristiana.com\/?p=15643\" \/>\n<meta property=\"og:locale\" content=\"es_ES\" \/>\n<meta property=\"og:type\" content=\"article\" \/>\n<meta property=\"og:title\" content=\"Asesinan a 133 cristianos en Nigeria - La Prensa Cristiana\" \/>\n<meta property=\"og:description\" content=\"Por: Edwin G\u00f3ngora Lamentablemente la noche del 24 y el amanecer del 25 de diciembre fue tr\u00e1gico para varias aldeas del estado de Plateau, en el centro de Nigeria, luego que grupos armados perpetraran un fuerte ataque dejando luto y dolor en la zona. Reportes period\u00edsticos dan cuenta que al menos 113 personas habr\u00edan sido [&hellip;]\" \/>\n<meta property=\"og:url\" content=\"https:\/\/laprensacristiana.com\/?p=15643\" \/>\n<meta property=\"og:site_name\" content=\"La Prensa Cristiana\" \/>\n<meta property=\"article:published_time\" content=\"2023-12-26T20:34:29+00:00\" \/>\n<meta property=\"article:modified_time\" content=\"2023-12-26T20:34:30+00:00\" \/>\n<meta property=\"og:image\" content=\"https:\/\/laprensacristiana.com\/wp-content\/uploads\/2023\/12\/ATAQUE-NIGERIA.jpg\" \/>\n\t<meta property=\"og:image:width\" content=\"1080\" \/>\n\t<meta property=\"og:image:height\" content=\"1080\" \/>\n\t<meta property=\"og:image:type\" content=\"image\/jpeg\" \/>\n<meta name=\"author\" content=\"EDITOR\" \/>\n<meta name=\"twitter:card\" content=\"summary_large_image\" \/>\n<meta name=\"twitter:label1\" content=\"Escrito por\" \/>\n\t<meta name=\"twitter:data1\" content=\"EDITOR\" \/>\n\t<meta name=\"twitter:label2\" content=\"Tiempo de lectura\" \/>\n\t<meta name=\"twitter:data2\" content=\"2 minutos\" \/>\n<script type=\"application\/ld+json\" class=\"yoast-schema-graph\">{\"@context\":\"https:\/\/schema.org\",\"@graph\":[{\"@type\":\"WebPage\",\"@id\":\"https:\/\/laprensacristiana.com\/?p=15643\",\"url\":\"https:\/\/laprensacristiana.com\/?p=15643\",\"name\":\"Asesinan a 133 cristianos en Nigeria - La Prensa Cristiana\",\"isPartOf\":{\"@id\":\"https:\/\/laprensacristiana.com\/#website\"},\"datePublished\":\"2023-12-26T20:34:29+00:00\",\"dateModified\":\"2023-12-26T20:34:30+00:00\",\"author\":{\"@id\":\"https:\/\/laprensacristiana.com\/#\/schema\/person\/3e7d82c6bfd6b1fa67010f8f7cd5256e\"},\"breadcrumb\":{\"@id\":\"https:\/\/laprensacristiana.com\/?p=15643#breadcrumb\"},\"inLanguage\":\"es\",\"potentialAction\":[{\"@type\":\"ReadAction\",\"target\":[\"https:\/\/laprensacristiana.com\/?p=15643\"]}]},{\"@type\":\"BreadcrumbList\",\"@id\":\"https:\/\/laprensacristiana.com\/?p=15643#breadcrumb\",\"itemListElement\":[{\"@type\":\"ListItem\",\"position\":1,\"name\":\"Portada\",\"item\":\"https:\/\/laprensacristiana.com\/\"},{\"@type\":\"ListItem\",\"position\":2,\"name\":\"Asesinan a 133 cristianos en Nigeria\"}]},{\"@type\":\"WebSite\",\"@id\":\"https:\/\/laprensacristiana.com\/#website\",\"url\":\"https:\/\/laprensacristiana.com\/\",\"name\":\"La Prensa Cristiana\",\"description\":\"Anunciando Las Buenas Nuevas\",\"potentialAction\":[{\"@type\":\"SearchAction\",\"target\":{\"@type\":\"EntryPoint\",\"urlTemplate\":\"https:\/\/laprensacristiana.com\/?s={search_term_string}\"},\"query-input\":\"required name=search_term_string\"}],\"inLanguage\":\"es\"},{\"@type\":\"Person\",\"@id\":\"https:\/\/laprensacristiana.com\/#\/schema\/person\/3e7d82c6bfd6b1fa67010f8f7cd5256e\",\"name\":\"EDITOR\",\"image\":{\"@type\":\"ImageObject\",\"inLanguage\":\"es\",\"@id\":\"https:\/\/laprensacristiana.com\/#\/schema\/person\/image\/\",\"url\":\"https:\/\/secure.gravatar.com\/avatar\/72069dfb6c13772d9e8381e3638666d2?s=96&d=mm&r=g\",\"contentUrl\":\"https:\/\/secure.gravatar.com\/avatar\/72069dfb6c13772d9e8381e3638666d2?s=96&d=mm&r=g\",\"caption\":\"EDITOR\"},\"url\":\"https:\/\/laprensacristiana.com\/?author=3\"}]}<\/script>\n<!-- \/ Yoast SEO plugin. -->","yoast_head_json":{"title":"Asesinan a 133 cristianos en Nigeria - La Prensa Cristiana","robots":{"index":"index","follow":"follow","max-snippet":"max-snippet:-1","max-image-preview":"max-image-preview:large","max-video-preview":"max-video-preview:-1"},"canonical":"https:\/\/laprensacristiana.com\/?p=15643","og_locale":"es_ES","og_type":"article","og_title":"Asesinan a 133 cristianos en Nigeria - La Prensa Cristiana","og_description":"Por: Edwin G\u00f3ngora Lamentablemente la noche del 24 y el amanecer del 25 de diciembre fue tr\u00e1gico para varias aldeas del estado de Plateau, en el centro de Nigeria, luego que grupos armados perpetraran un fuerte ataque dejando luto y dolor en la zona. Reportes period\u00edsticos dan cuenta que al menos 113 personas habr\u00edan sido [&hellip;]","og_url":"https:\/\/laprensacristiana.com\/?p=15643","og_site_name":"La Prensa Cristiana","article_published_time":"2023-12-26T20:34:29+00:00","article_modified_time":"2023-12-26T20:34:30+00:00","og_image":[{"width":1080,"height":1080,"url":"https:\/\/laprensacristiana.com\/wp-content\/uploads\/2023\/12\/ATAQUE-NIGERIA.jpg","type":"image\/jpeg"}],"author":"EDITOR","twitter_card":"summary_large_image","twitter_misc":{"Escrito por":"EDITOR","Tiempo de lectura":"2 minutos"},"schema":{"@context":"https:\/\/schema.org","@graph":[{"@type":"WebPage","@id":"https:\/\/laprensacristiana.com\/?p=15643","url":"https:\/\/laprensacristiana.com\/?p=15643","name":"Asesinan a 133 cristianos en Nigeria - La Prensa Cristiana","isPartOf":{"@id":"https:\/\/laprensacristiana.com\/#website"},"datePublished":"2023-12-26T20:34:29+00:00","dateModified":"2023-12-26T20:34:30+00:00","author":{"@id":"https:\/\/laprensacristiana.com\/#\/schema\/person\/3e7d82c6bfd6b1fa67010f8f7cd5256e"},"breadcrumb":{"@id":"https:\/\/laprensacristiana.com\/?p=15643#breadcrumb"},"inLanguage":"es","potentialAction":[{"@type":"ReadAction","target":["https:\/\/laprensacristiana.com\/?p=15643"]}]},{"@type":"BreadcrumbList","@id":"https:\/\/laprensacristiana.com\/?p=15643#breadcrumb","itemListElement":[{"@type":"ListItem","position":1,"name":"Portada","item":"https:\/\/laprensacristiana.com\/"},{"@type":"ListItem","position":2,"name":"Asesinan a 133 cristianos en Nigeria"}]},{"@type":"WebSite","@id":"https:\/\/laprensacristiana.com\/#website","url":"https:\/\/laprensacristiana.com\/","name":"La Prensa Cristiana","description":"Anunciando Las Buenas Nuevas","potentialAction":[{"@type":"SearchAction","target":{"@type":"EntryPoint","urlTemplate":"https:\/\/laprensacristiana.com\/?s={search_term_string}"},"query-input":"required name=search_term_string"}],"inLanguage":"es"},{"@type":"Person","@id":"https:\/\/laprensacristiana.com\/#\/schema\/person\/3e7d82c6bfd6b1fa67010f8f7cd5256e","name":"EDITOR","image":{"@type":"ImageObject","inLanguage":"es","@id":"https:\/\/laprensacristiana.com\/#\/schema\/person\/image\/","url":"https:\/\/secure.gravatar.com\/avatar\/72069dfb6c13772d9e8381e3638666d2?s=96&d=mm&r=g","contentUrl":"https:\/\/secure.gravatar.com\/avatar\/72069dfb6c13772d9e8381e3638666d2?s=96&d=mm&r=g","caption":"EDITOR"},"url":"https:\/\/laprensacristiana.com\/?author=3"}]}},"_links":{"self":[{"href":"https:\/\/laprensacristiana.com\/index.php?rest_route=\/wp\/v2\/posts\/15643"}],"collection":[{"href":"https:\/\/laprensacristiana.com\/index.php?rest_route=\/wp\/v2\/posts"}],"about":[{"href":"https:\/\/laprensacristiana.com\/index.php?rest_route=\/wp\/v2\/types\/post"}],"author":[{"embeddable":true,"href":"https:\/\/laprensacristiana.com\/index.php?rest_route=\/wp\/v2\/users\/3"}],"replies":[{"embeddable":true,"href":"https:\/\/laprensacristiana.com\/index.php?rest_route=%2Fwp%2Fv2%2Fcomments&post=15643"}],"version-history":[{"count":1,"href":"https:\/\/laprensacristiana.com\/index.php?rest_route=\/wp\/v2\/posts\/15643\/revisions"}],"predecessor-version":[{"id":15646,"href":"https:\/\/laprensacristiana.com\/index.php?rest_route=\/wp\/v2\/posts\/15643\/revisions\/15646"}],"wp:featuredmedia":[{"embeddable":true,"href":"https:\/\/laprensacristiana.com\/index.php?rest_route=\/wp\/v2\/media\/15644"}],"wp:attachment":[{"href":"https:\/\/laprensacristiana.com\/index.php?rest_route=%2Fwp%2Fv2%2Fmedia&parent=15643"}],"wp:term":[{"taxonomy":"category","embeddable":true,"href":"https:\/\/laprensacristiana.com\/index.php?rest_route=%2Fwp%2Fv2%2Fcategories&post=15643"},{"taxonomy":"post_tag","embeddable":true,"href":"https:\/\/laprensacristiana.com\/index.php?rest_route=%2Fwp%2Fv2%2Ftags&post=15643"}],"curies":[{"name":"wp","href":"https:\/\/api.w.org\/{rel}","templated":true}]}}