{"id":15665,"date":"2023-12-29T20:56:31","date_gmt":"2023-12-29T20:56:31","guid":{"rendered":"https:\/\/laprensacristiana.com\/?p=15665"},"modified":"2023-12-29T20:56:32","modified_gmt":"2023-12-29T20:56:32","slug":"coicom-2024-sera-en-guayaquil-ecuador","status":"publish","type":"post","link":"https:\/\/laprensacristiana.com\/?p=15665","title":{"rendered":"COICOM 2024 ser\u00e1 en Guayaquil, Ecuador"},"content":{"rendered":"\n<p>Por: Edwin G\u00f3ngora <\/p>\n\n\n\n<p>Tras retomarse la actividad luego de superada la pandemia, La Confederaci\u00f3n Iberoamericana de Comunicadores y Medios Masivos Cristianos, COICOM, se reuni\u00f3 por 3 d\u00edas en El Salvador el pasado mes de octubre.<\/p>\n\n\n\n<p>La actividad permiti\u00f3 volver con las actividades presenciales y compartir con los asistentes las diferentes tem\u00e1ticas que se abordaron con predicadores, salmistas y pastores invitados.<\/p>\n\n\n\n<figure class=\"wp-block-image size-full\"><img decoding=\"async\" loading=\"lazy\" width=\"1024\" height=\"683\" src=\"https:\/\/laprensacristiana.com\/wp-content\/uploads\/2023\/12\/WhatsApp-Image-2023-12-29-at-2.34.16-PM.jpeg\" alt=\"\" class=\"wp-image-15667\" srcset=\"https:\/\/laprensacristiana.com\/wp-content\/uploads\/2023\/12\/WhatsApp-Image-2023-12-29-at-2.34.16-PM.jpeg 1024w, https:\/\/laprensacristiana.com\/wp-content\/uploads\/2023\/12\/WhatsApp-Image-2023-12-29-at-2.34.16-PM-300x200.jpeg 300w, https:\/\/laprensacristiana.com\/wp-content\/uploads\/2023\/12\/WhatsApp-Image-2023-12-29-at-2.34.16-PM-768x512.jpeg 768w, https:\/\/laprensacristiana.com\/wp-content\/uploads\/2023\/12\/WhatsApp-Image-2023-12-29-at-2.34.16-PM-696x464.jpeg 696w, https:\/\/laprensacristiana.com\/wp-content\/uploads\/2023\/12\/WhatsApp-Image-2023-12-29-at-2.34.16-PM-600x400.jpeg 600w\" sizes=\"(max-width: 1024px) 100vw, 1024px\" \/><\/figure>\n\n\n\n<p>Para este 2024, COICOM promete ser desde ya una cita imperdible, por lo que sus organizadores anunciaron que la sede para este nuevo encuentro ser\u00e1n las instalaciones del Centro Cristiano de la bella ciudad portuaria de Guayaquil, una de las m\u00e1s grandes de Ecuador.<\/p>\n\n\n\n<p>En esta nueva edici\u00f3n de COICOM, el congreso ofrecer\u00e1 temas y novedades que permitan fortalecer el trabajo de difusi\u00f3n de la palabra de Dios.<\/p>\n\n\n\n<p>A esta cita se espera acudan Medios, Pastores, L\u00edderes, Periodistas, M\u00fasicos, Productores, Emprendedores e Iglesia en general para compartir durante tres d\u00edas un espacio de Capacitaci\u00f3n, Conexi\u00f3n, Crecimiento, Compa\u00f1erismo, Networking; as\u00ed como un valioso tiempo de alabanza y adoraci\u00f3n incomparables.<\/p>\n\n\n\n<figure class=\"wp-block-image size-full\"><img decoding=\"async\" loading=\"lazy\" width=\"1024\" height=\"683\" src=\"https:\/\/laprensacristiana.com\/wp-content\/uploads\/2023\/12\/WhatsApp-Image-2023-12-29-at-2.40.54-PM.jpeg\" alt=\"\" class=\"wp-image-15668\" srcset=\"https:\/\/laprensacristiana.com\/wp-content\/uploads\/2023\/12\/WhatsApp-Image-2023-12-29-at-2.40.54-PM.jpeg 1024w, https:\/\/laprensacristiana.com\/wp-content\/uploads\/2023\/12\/WhatsApp-Image-2023-12-29-at-2.40.54-PM-300x200.jpeg 300w, https:\/\/laprensacristiana.com\/wp-content\/uploads\/2023\/12\/WhatsApp-Image-2023-12-29-at-2.40.54-PM-768x512.jpeg 768w, https:\/\/laprensacristiana.com\/wp-content\/uploads\/2023\/12\/WhatsApp-Image-2023-12-29-at-2.40.54-PM-696x464.jpeg 696w, https:\/\/laprensacristiana.com\/wp-content\/uploads\/2023\/12\/WhatsApp-Image-2023-12-29-at-2.40.54-PM-600x400.jpeg 600w\" sizes=\"(max-width: 1024px) 100vw, 1024px\" \/><\/figure>\n\n\n\n<p>COICOM 2024 contar\u00e1 con la participaci\u00f3n de editoriales, productoras, medios, organizaciones y ministerios cristianos en la Feria FEXPOCOM: La Feria de los Comunicadores, Medios y Organizaciones Cristianas.<\/p>\n\n\n\n<p>El conclave est\u00e1 previsto se desarrolle del 3 al 5 de septiembre, por lo que desde ya invitan a los interesados reservar estas fechas y ser parte de esta nueva edici\u00f3n.<\/p>\n\n\n\n<figure class=\"wp-block-image size-full\"><img decoding=\"async\" loading=\"lazy\" width=\"1024\" height=\"683\" src=\"https:\/\/laprensacristiana.com\/wp-content\/uploads\/2023\/12\/WhatsApp-Image-2023-12-29-at-2.34.29-PM.jpeg\" alt=\"\" class=\"wp-image-15669\" srcset=\"https:\/\/laprensacristiana.com\/wp-content\/uploads\/2023\/12\/WhatsApp-Image-2023-12-29-at-2.34.29-PM.jpeg 1024w, https:\/\/laprensacristiana.com\/wp-content\/uploads\/2023\/12\/WhatsApp-Image-2023-12-29-at-2.34.29-PM-300x200.jpeg 300w, https:\/\/laprensacristiana.com\/wp-content\/uploads\/2023\/12\/WhatsApp-Image-2023-12-29-at-2.34.29-PM-768x512.jpeg 768w, https:\/\/laprensacristiana.com\/wp-content\/uploads\/2023\/12\/WhatsApp-Image-2023-12-29-at-2.34.29-PM-696x464.jpeg 696w, https:\/\/laprensacristiana.com\/wp-content\/uploads\/2023\/12\/WhatsApp-Image-2023-12-29-at-2.34.29-PM-600x400.jpeg 600w\" sizes=\"(max-width: 1024px) 100vw, 1024px\" \/><\/figure>\n","protected":false},"excerpt":{"rendered":"<p>Por: Edwin G\u00f3ngora Tras retomarse la actividad luego de superada la pandemia, La Confederaci\u00f3n Iberoamericana de Comunicadores y Medios Masivos Cristianos, COICOM, se reuni\u00f3 por 3 d\u00edas en El Salvador el pasado mes de octubre. La actividad permiti\u00f3 volver con las actividades presenciales y compartir con los asistentes las diferentes tem\u00e1ticas que se abordaron con [&hellip;]<\/p>\n","protected":false},"author":3,"featured_media":15666,"comment_status":"open","ping_status":"open","sticky":false,"template":"","format":"standard","meta":[],"categories":[56],"tags":[],"yoast_head":"<!-- This site is optimized with the Yoast SEO plugin v20.8 - https:\/\/yoast.com\/wordpress\/plugins\/seo\/ -->\n<title>COICOM 2024 ser\u00e1 en Guayaquil, Ecuador - La Prensa Cristiana<\/title>\n<meta name=\"robots\" content=\"index, follow, max-snippet:-1, max-image-preview:large, max-video-preview:-1\" \/>\n<link rel=\"canonical\" href=\"https:\/\/laprensacristiana.com\/?p=15665\" \/>\n<meta property=\"og:locale\" content=\"es_ES\" \/>\n<meta property=\"og:type\" content=\"article\" \/>\n<meta property=\"og:title\" content=\"COICOM 2024 ser\u00e1 en Guayaquil, Ecuador - La Prensa Cristiana\" \/>\n<meta property=\"og:description\" content=\"Por: Edwin G\u00f3ngora Tras retomarse la actividad luego de superada la pandemia, La Confederaci\u00f3n Iberoamericana de Comunicadores y Medios Masivos Cristianos, COICOM, se reuni\u00f3 por 3 d\u00edas en El Salvador el pasado mes de octubre. La actividad permiti\u00f3 volver con las actividades presenciales y compartir con los asistentes las diferentes tem\u00e1ticas que se abordaron con [&hellip;]\" \/>\n<meta property=\"og:url\" content=\"https:\/\/laprensacristiana.com\/?p=15665\" \/>\n<meta property=\"og:site_name\" content=\"La Prensa Cristiana\" \/>\n<meta property=\"article:published_time\" content=\"2023-12-29T20:56:31+00:00\" \/>\n<meta property=\"article:modified_time\" content=\"2023-12-29T20:56:32+00:00\" \/>\n<meta property=\"og:image\" content=\"https:\/\/laprensacristiana.com\/wp-content\/uploads\/2023\/12\/WhatsApp-Image-2023-12-29-at-2.34.44-PM.jpeg\" \/>\n\t<meta property=\"og:image:width\" content=\"1024\" \/>\n\t<meta property=\"og:image:height\" content=\"683\" \/>\n\t<meta property=\"og:image:type\" content=\"image\/jpeg\" \/>\n<meta name=\"author\" content=\"EDITOR\" \/>\n<meta name=\"twitter:card\" content=\"summary_large_image\" \/>\n<meta name=\"twitter:label1\" content=\"Escrito por\" \/>\n\t<meta name=\"twitter:data1\" content=\"EDITOR\" \/>\n\t<meta name=\"twitter:label2\" content=\"Tiempo de lectura\" \/>\n\t<meta name=\"twitter:data2\" content=\"2 minutos\" \/>\n<script type=\"application\/ld+json\" class=\"yoast-schema-graph\">{\"@context\":\"https:\/\/schema.org\",\"@graph\":[{\"@type\":\"WebPage\",\"@id\":\"https:\/\/laprensacristiana.com\/?p=15665\",\"url\":\"https:\/\/laprensacristiana.com\/?p=15665\",\"name\":\"COICOM 2024 ser\u00e1 en Guayaquil, Ecuador - La Prensa Cristiana\",\"isPartOf\":{\"@id\":\"https:\/\/laprensacristiana.com\/#website\"},\"datePublished\":\"2023-12-29T20:56:31+00:00\",\"dateModified\":\"2023-12-29T20:56:32+00:00\",\"author\":{\"@id\":\"https:\/\/laprensacristiana.com\/#\/schema\/person\/3e7d82c6bfd6b1fa67010f8f7cd5256e\"},\"breadcrumb\":{\"@id\":\"https:\/\/laprensacristiana.com\/?p=15665#breadcrumb\"},\"inLanguage\":\"es\",\"potentialAction\":[{\"@type\":\"ReadAction\",\"target\":[\"https:\/\/laprensacristiana.com\/?p=15665\"]}]},{\"@type\":\"BreadcrumbList\",\"@id\":\"https:\/\/laprensacristiana.com\/?p=15665#breadcrumb\",\"itemListElement\":[{\"@type\":\"ListItem\",\"position\":1,\"name\":\"Portada\",\"item\":\"https:\/\/laprensacristiana.com\/\"},{\"@type\":\"ListItem\",\"position\":2,\"name\":\"COICOM 2024 ser\u00e1 en Guayaquil, Ecuador\"}]},{\"@type\":\"WebSite\",\"@id\":\"https:\/\/laprensacristiana.com\/#website\",\"url\":\"https:\/\/laprensacristiana.com\/\",\"name\":\"La Prensa Cristiana\",\"description\":\"Anunciando Las Buenas Nuevas\",\"potentialAction\":[{\"@type\":\"SearchAction\",\"target\":{\"@type\":\"EntryPoint\",\"urlTemplate\":\"https:\/\/laprensacristiana.com\/?s={search_term_string}\"},\"query-input\":\"required name=search_term_string\"}],\"inLanguage\":\"es\"},{\"@type\":\"Person\",\"@id\":\"https:\/\/laprensacristiana.com\/#\/schema\/person\/3e7d82c6bfd6b1fa67010f8f7cd5256e\",\"name\":\"EDITOR\",\"image\":{\"@type\":\"ImageObject\",\"inLanguage\":\"es\",\"@id\":\"https:\/\/laprensacristiana.com\/#\/schema\/person\/image\/\",\"url\":\"https:\/\/secure.gravatar.com\/avatar\/72069dfb6c13772d9e8381e3638666d2?s=96&d=mm&r=g\",\"contentUrl\":\"https:\/\/secure.gravatar.com\/avatar\/72069dfb6c13772d9e8381e3638666d2?s=96&d=mm&r=g\",\"caption\":\"EDITOR\"},\"url\":\"https:\/\/laprensacristiana.com\/?author=3\"}]}<\/script>\n<!-- \/ Yoast SEO plugin. -->","yoast_head_json":{"title":"COICOM 2024 ser\u00e1 en Guayaquil, Ecuador - La Prensa Cristiana","robots":{"index":"index","follow":"follow","max-snippet":"max-snippet:-1","max-image-preview":"max-image-preview:large","max-video-preview":"max-video-preview:-1"},"canonical":"https:\/\/laprensacristiana.com\/?p=15665","og_locale":"es_ES","og_type":"article","og_title":"COICOM 2024 ser\u00e1 en Guayaquil, Ecuador - La Prensa Cristiana","og_description":"Por: Edwin G\u00f3ngora Tras retomarse la actividad luego de superada la pandemia, La Confederaci\u00f3n Iberoamericana de Comunicadores y Medios Masivos Cristianos, COICOM, se reuni\u00f3 por 3 d\u00edas en El Salvador el pasado mes de octubre. La actividad permiti\u00f3 volver con las actividades presenciales y compartir con los asistentes las diferentes tem\u00e1ticas que se abordaron con [&hellip;]","og_url":"https:\/\/laprensacristiana.com\/?p=15665","og_site_name":"La Prensa Cristiana","article_published_time":"2023-12-29T20:56:31+00:00","article_modified_time":"2023-12-29T20:56:32+00:00","og_image":[{"width":1024,"height":683,"url":"https:\/\/laprensacristiana.com\/wp-content\/uploads\/2023\/12\/WhatsApp-Image-2023-12-29-at-2.34.44-PM.jpeg","type":"image\/jpeg"}],"author":"EDITOR","twitter_card":"summary_large_image","twitter_misc":{"Escrito por":"EDITOR","Tiempo de lectura":"2 minutos"},"schema":{"@context":"https:\/\/schema.org","@graph":[{"@type":"WebPage","@id":"https:\/\/laprensacristiana.com\/?p=15665","url":"https:\/\/laprensacristiana.com\/?p=15665","name":"COICOM 2024 ser\u00e1 en Guayaquil, Ecuador - La Prensa Cristiana","isPartOf":{"@id":"https:\/\/laprensacristiana.com\/#website"},"datePublished":"2023-12-29T20:56:31+00:00","dateModified":"2023-12-29T20:56:32+00:00","author":{"@id":"https:\/\/laprensacristiana.com\/#\/schema\/person\/3e7d82c6bfd6b1fa67010f8f7cd5256e"},"breadcrumb":{"@id":"https:\/\/laprensacristiana.com\/?p=15665#breadcrumb"},"inLanguage":"es","potentialAction":[{"@type":"ReadAction","target":["https:\/\/laprensacristiana.com\/?p=15665"]}]},{"@type":"BreadcrumbList","@id":"https:\/\/laprensacristiana.com\/?p=15665#breadcrumb","itemListElement":[{"@type":"ListItem","position":1,"name":"Portada","item":"https:\/\/laprensacristiana.com\/"},{"@type":"ListItem","position":2,"name":"COICOM 2024 ser\u00e1 en Guayaquil, Ecuador"}]},{"@type":"WebSite","@id":"https:\/\/laprensacristiana.com\/#website","url":"https:\/\/laprensacristiana.com\/","name":"La Prensa Cristiana","description":"Anunciando Las Buenas Nuevas","potentialAction":[{"@type":"SearchAction","target":{"@type":"EntryPoint","urlTemplate":"https:\/\/laprensacristiana.com\/?s={search_term_string}"},"query-input":"required name=search_term_string"}],"inLanguage":"es"},{"@type":"Person","@id":"https:\/\/laprensacristiana.com\/#\/schema\/person\/3e7d82c6bfd6b1fa67010f8f7cd5256e","name":"EDITOR","image":{"@type":"ImageObject","inLanguage":"es","@id":"https:\/\/laprensacristiana.com\/#\/schema\/person\/image\/","url":"https:\/\/secure.gravatar.com\/avatar\/72069dfb6c13772d9e8381e3638666d2?s=96&d=mm&r=g","contentUrl":"https:\/\/secure.gravatar.com\/avatar\/72069dfb6c13772d9e8381e3638666d2?s=96&d=mm&r=g","caption":"EDITOR"},"url":"https:\/\/laprensacristiana.com\/?author=3"}]}},"_links":{"self":[{"href":"https:\/\/laprensacristiana.com\/index.php?rest_route=\/wp\/v2\/posts\/15665"}],"collection":[{"href":"https:\/\/laprensacristiana.com\/index.php?rest_route=\/wp\/v2\/posts"}],"about":[{"href":"https:\/\/laprensacristiana.com\/index.php?rest_route=\/wp\/v2\/types\/post"}],"author":[{"embeddable":true,"href":"https:\/\/laprensacristiana.com\/index.php?rest_route=\/wp\/v2\/users\/3"}],"replies":[{"embeddable":true,"href":"https:\/\/laprensacristiana.com\/index.php?rest_route=%2Fwp%2Fv2%2Fcomments&post=15665"}],"version-history":[{"count":1,"href":"https:\/\/laprensacristiana.com\/index.php?rest_route=\/wp\/v2\/posts\/15665\/revisions"}],"predecessor-version":[{"id":15670,"href":"https:\/\/laprensacristiana.com\/index.php?rest_route=\/wp\/v2\/posts\/15665\/revisions\/15670"}],"wp:featuredmedia":[{"embeddable":true,"href":"https:\/\/laprensacristiana.com\/index.php?rest_route=\/wp\/v2\/media\/15666"}],"wp:attachment":[{"href":"https:\/\/laprensacristiana.com\/index.php?rest_route=%2Fwp%2Fv2%2Fmedia&parent=15665"}],"wp:term":[{"taxonomy":"category","embeddable":true,"href":"https:\/\/laprensacristiana.com\/index.php?rest_route=%2Fwp%2Fv2%2Fcategories&post=15665"},{"taxonomy":"post_tag","embeddable":true,"href":"https:\/\/laprensacristiana.com\/index.php?rest_route=%2Fwp%2Fv2%2Ftags&post=15665"}],"curies":[{"name":"wp","href":"https:\/\/api.w.org\/{rel}","templated":true}]}}