{"id":15671,"date":"2023-12-30T00:55:50","date_gmt":"2023-12-30T00:55:50","guid":{"rendered":"https:\/\/laprensacristiana.com\/?p=15671"},"modified":"2023-12-30T00:55:51","modified_gmt":"2023-12-30T00:55:51","slug":"fundacion-el-gran-yo-soy-lleva-alimento-a-familiares-de-ninos-hospitalizados","status":"publish","type":"post","link":"https:\/\/laprensacristiana.com\/?p=15671","title":{"rendered":"Fundaci\u00f3n El Gran Yo Soy lleva alimento a familiares de ni\u00f1os hospitalizados"},"content":{"rendered":"\n<p>Fundaci\u00f3n El Gran Yo Soy lleva alimento a familiares de ni\u00f1os hospitalizados<\/p>\n\n\n\n<p>Fundaci\u00f3n El Gran Yo Soy contin\u00faa transformando vidas a trav\u00e9s del amor al pr\u00f3jimo. En esta ocasi\u00f3n fueron parte del esfuerzo de llevar alimento a padres de familias que tienen a sus ni\u00f1os ingresados en el Hospital Nacional de Ni\u00f1os Benjam\u00edn Bloom.<\/p>\n\n\n\n<p>El donativo se realiz\u00f3 a trav\u00e9s del Ministerio La Sopita, que pertenece a la Iglesia Bethesda Montserrat de la Misi\u00f3n Centroamericana, dirigido por el pastor Erick Salas.<\/p>\n\n\n\n<p>Este esfuerzo es parte de la culminaci\u00f3n de una serie de alcances que ha realizado la Fundaci\u00f3n El Gran Yo Soy durante todo el a\u00f1o, seg\u00fan explica su fundador, Jefferson Flores, la fundaci\u00f3n tiene como objetivo ayudar al pr\u00f3jimo, y en consecuencia aliviar muchas de las necesidades que atraviesan las personas.<\/p>\n\n\n\n<figure class=\"wp-block-image size-large\"><img decoding=\"async\" loading=\"lazy\" width=\"1024\" height=\"683\" src=\"https:\/\/laprensacristiana.com\/wp-content\/uploads\/2023\/12\/DSC06339-1024x683.jpg\" alt=\"\" class=\"wp-image-15674\" srcset=\"https:\/\/laprensacristiana.com\/wp-content\/uploads\/2023\/12\/DSC06339-1024x683.jpg 1024w, https:\/\/laprensacristiana.com\/wp-content\/uploads\/2023\/12\/DSC06339-300x200.jpg 300w, https:\/\/laprensacristiana.com\/wp-content\/uploads\/2023\/12\/DSC06339-768x512.jpg 768w, https:\/\/laprensacristiana.com\/wp-content\/uploads\/2023\/12\/DSC06339-1536x1024.jpg 1536w, https:\/\/laprensacristiana.com\/wp-content\/uploads\/2023\/12\/DSC06339-2048x1365.jpg 2048w, https:\/\/laprensacristiana.com\/wp-content\/uploads\/2023\/12\/DSC06339-696x464.jpg 696w, https:\/\/laprensacristiana.com\/wp-content\/uploads\/2023\/12\/DSC06339-1068x712.jpg 1068w, https:\/\/laprensacristiana.com\/wp-content\/uploads\/2023\/12\/DSC06339-1920x1280.jpg 1920w, https:\/\/laprensacristiana.com\/wp-content\/uploads\/2023\/12\/DSC06339-600x400.jpg 600w\" sizes=\"(max-width: 1024px) 100vw, 1024px\" \/><\/figure>\n\n\n\n<p>Cabe destacar que la fundaci\u00f3n es diversa en su accionar, llevan juguetes a ni\u00f1os, canastas b\u00e1sicas a familias, material de construcci\u00f3n a hogares de escasos recursos, \u00fatiles escolares, comida a personas que esperan la recuperaci\u00f3n de sus familiares en hospitales, entre otro tipo de donativos.<\/p>\n\n\n\n<p>\u201cQueremos agradecer a Fundaci\u00f3n El Gran Yo Soy por su colaboraci\u00f3n, gracias a Jefferson Flores por el coraz\u00f3n que tiene, Dios est\u00e1 haciendo una obra especial a trav\u00e9s de su vida, deseamos sigan bendiciendo a este pa\u00eds, El Salvador\u201d, concluy\u00f3 Salvador Jacinto. \u00a0\u00a0\u00a0<\/p>\n\n\n\n<figure class=\"wp-block-image size-large\"><img decoding=\"async\" loading=\"lazy\" width=\"1024\" height=\"683\" src=\"https:\/\/laprensacristiana.com\/wp-content\/uploads\/2023\/12\/DSC06335-1024x683.jpg\" alt=\"\" class=\"wp-image-15673\" srcset=\"https:\/\/laprensacristiana.com\/wp-content\/uploads\/2023\/12\/DSC06335-1024x683.jpg 1024w, https:\/\/laprensacristiana.com\/wp-content\/uploads\/2023\/12\/DSC06335-300x200.jpg 300w, https:\/\/laprensacristiana.com\/wp-content\/uploads\/2023\/12\/DSC06335-768x512.jpg 768w, https:\/\/laprensacristiana.com\/wp-content\/uploads\/2023\/12\/DSC06335-1536x1024.jpg 1536w, https:\/\/laprensacristiana.com\/wp-content\/uploads\/2023\/12\/DSC06335-2048x1365.jpg 2048w, https:\/\/laprensacristiana.com\/wp-content\/uploads\/2023\/12\/DSC06335-696x464.jpg 696w, https:\/\/laprensacristiana.com\/wp-content\/uploads\/2023\/12\/DSC06335-1068x712.jpg 1068w, https:\/\/laprensacristiana.com\/wp-content\/uploads\/2023\/12\/DSC06335-1920x1280.jpg 1920w, https:\/\/laprensacristiana.com\/wp-content\/uploads\/2023\/12\/DSC06335-600x400.jpg 600w\" sizes=\"(max-width: 1024px) 100vw, 1024px\" \/><\/figure>\n","protected":false},"excerpt":{"rendered":"<p>Fundaci\u00f3n El Gran Yo Soy lleva alimento a familiares de ni\u00f1os hospitalizados Fundaci\u00f3n El Gran Yo Soy contin\u00faa transformando vidas a trav\u00e9s del amor al pr\u00f3jimo. En esta ocasi\u00f3n fueron parte del esfuerzo de llevar alimento a padres de familias que tienen a sus ni\u00f1os ingresados en el Hospital Nacional de Ni\u00f1os Benjam\u00edn Bloom. El [&hellip;]<\/p>\n","protected":false},"author":3,"featured_media":15672,"comment_status":"open","ping_status":"open","sticky":false,"template":"","format":"standard","meta":[],"categories":[56],"tags":[],"yoast_head":"<!-- This site is optimized with the Yoast SEO plugin v20.8 - https:\/\/yoast.com\/wordpress\/plugins\/seo\/ -->\n<title>Fundaci\u00f3n El Gran Yo Soy lleva alimento a familiares de ni\u00f1os hospitalizados - La Prensa Cristiana<\/title>\n<meta name=\"robots\" content=\"index, follow, max-snippet:-1, max-image-preview:large, max-video-preview:-1\" \/>\n<link rel=\"canonical\" href=\"https:\/\/laprensacristiana.com\/?p=15671\" \/>\n<meta property=\"og:locale\" content=\"es_ES\" \/>\n<meta property=\"og:type\" content=\"article\" \/>\n<meta property=\"og:title\" content=\"Fundaci\u00f3n El Gran Yo Soy lleva alimento a familiares de ni\u00f1os hospitalizados - La Prensa Cristiana\" \/>\n<meta property=\"og:description\" content=\"Fundaci\u00f3n El Gran Yo Soy lleva alimento a familiares de ni\u00f1os hospitalizados Fundaci\u00f3n El Gran Yo Soy contin\u00faa transformando vidas a trav\u00e9s del amor al pr\u00f3jimo. En esta ocasi\u00f3n fueron parte del esfuerzo de llevar alimento a padres de familias que tienen a sus ni\u00f1os ingresados en el Hospital Nacional de Ni\u00f1os Benjam\u00edn Bloom. El [&hellip;]\" \/>\n<meta property=\"og:url\" content=\"https:\/\/laprensacristiana.com\/?p=15671\" \/>\n<meta property=\"og:site_name\" content=\"La Prensa Cristiana\" \/>\n<meta property=\"article:published_time\" content=\"2023-12-30T00:55:50+00:00\" \/>\n<meta property=\"article:modified_time\" content=\"2023-12-30T00:55:51+00:00\" \/>\n<meta property=\"og:image\" content=\"https:\/\/laprensacristiana.com\/wp-content\/uploads\/2023\/12\/DSC06348-scaled.jpg\" \/>\n\t<meta property=\"og:image:width\" content=\"2560\" \/>\n\t<meta property=\"og:image:height\" content=\"1707\" \/>\n\t<meta property=\"og:image:type\" content=\"image\/jpeg\" \/>\n<meta name=\"author\" content=\"EDITOR\" \/>\n<meta name=\"twitter:card\" content=\"summary_large_image\" \/>\n<meta name=\"twitter:label1\" content=\"Escrito por\" \/>\n\t<meta name=\"twitter:data1\" content=\"EDITOR\" \/>\n\t<meta name=\"twitter:label2\" content=\"Tiempo de lectura\" \/>\n\t<meta name=\"twitter:data2\" content=\"2 minutos\" \/>\n<script type=\"application\/ld+json\" class=\"yoast-schema-graph\">{\"@context\":\"https:\/\/schema.org\",\"@graph\":[{\"@type\":\"WebPage\",\"@id\":\"https:\/\/laprensacristiana.com\/?p=15671\",\"url\":\"https:\/\/laprensacristiana.com\/?p=15671\",\"name\":\"Fundaci\u00f3n El Gran Yo Soy lleva alimento a familiares de ni\u00f1os hospitalizados - La Prensa Cristiana\",\"isPartOf\":{\"@id\":\"https:\/\/laprensacristiana.com\/#website\"},\"datePublished\":\"2023-12-30T00:55:50+00:00\",\"dateModified\":\"2023-12-30T00:55:51+00:00\",\"author\":{\"@id\":\"https:\/\/laprensacristiana.com\/#\/schema\/person\/3e7d82c6bfd6b1fa67010f8f7cd5256e\"},\"breadcrumb\":{\"@id\":\"https:\/\/laprensacristiana.com\/?p=15671#breadcrumb\"},\"inLanguage\":\"es\",\"potentialAction\":[{\"@type\":\"ReadAction\",\"target\":[\"https:\/\/laprensacristiana.com\/?p=15671\"]}]},{\"@type\":\"BreadcrumbList\",\"@id\":\"https:\/\/laprensacristiana.com\/?p=15671#breadcrumb\",\"itemListElement\":[{\"@type\":\"ListItem\",\"position\":1,\"name\":\"Portada\",\"item\":\"https:\/\/laprensacristiana.com\/\"},{\"@type\":\"ListItem\",\"position\":2,\"name\":\"Fundaci\u00f3n El Gran Yo Soy lleva alimento a familiares de ni\u00f1os hospitalizados\"}]},{\"@type\":\"WebSite\",\"@id\":\"https:\/\/laprensacristiana.com\/#website\",\"url\":\"https:\/\/laprensacristiana.com\/\",\"name\":\"La Prensa Cristiana\",\"description\":\"Anunciando Las Buenas Nuevas\",\"potentialAction\":[{\"@type\":\"SearchAction\",\"target\":{\"@type\":\"EntryPoint\",\"urlTemplate\":\"https:\/\/laprensacristiana.com\/?s={search_term_string}\"},\"query-input\":\"required name=search_term_string\"}],\"inLanguage\":\"es\"},{\"@type\":\"Person\",\"@id\":\"https:\/\/laprensacristiana.com\/#\/schema\/person\/3e7d82c6bfd6b1fa67010f8f7cd5256e\",\"name\":\"EDITOR\",\"image\":{\"@type\":\"ImageObject\",\"inLanguage\":\"es\",\"@id\":\"https:\/\/laprensacristiana.com\/#\/schema\/person\/image\/\",\"url\":\"https:\/\/secure.gravatar.com\/avatar\/72069dfb6c13772d9e8381e3638666d2?s=96&d=mm&r=g\",\"contentUrl\":\"https:\/\/secure.gravatar.com\/avatar\/72069dfb6c13772d9e8381e3638666d2?s=96&d=mm&r=g\",\"caption\":\"EDITOR\"},\"url\":\"https:\/\/laprensacristiana.com\/?author=3\"}]}<\/script>\n<!-- \/ Yoast SEO plugin. -->","yoast_head_json":{"title":"Fundaci\u00f3n El Gran Yo Soy lleva alimento a familiares de ni\u00f1os hospitalizados - La Prensa Cristiana","robots":{"index":"index","follow":"follow","max-snippet":"max-snippet:-1","max-image-preview":"max-image-preview:large","max-video-preview":"max-video-preview:-1"},"canonical":"https:\/\/laprensacristiana.com\/?p=15671","og_locale":"es_ES","og_type":"article","og_title":"Fundaci\u00f3n El Gran Yo Soy lleva alimento a familiares de ni\u00f1os hospitalizados - La Prensa Cristiana","og_description":"Fundaci\u00f3n El Gran Yo Soy lleva alimento a familiares de ni\u00f1os hospitalizados Fundaci\u00f3n El Gran Yo Soy contin\u00faa transformando vidas a trav\u00e9s del amor al pr\u00f3jimo. En esta ocasi\u00f3n fueron parte del esfuerzo de llevar alimento a padres de familias que tienen a sus ni\u00f1os ingresados en el Hospital Nacional de Ni\u00f1os Benjam\u00edn Bloom. El [&hellip;]","og_url":"https:\/\/laprensacristiana.com\/?p=15671","og_site_name":"La Prensa Cristiana","article_published_time":"2023-12-30T00:55:50+00:00","article_modified_time":"2023-12-30T00:55:51+00:00","og_image":[{"width":2560,"height":1707,"url":"https:\/\/laprensacristiana.com\/wp-content\/uploads\/2023\/12\/DSC06348-scaled.jpg","type":"image\/jpeg"}],"author":"EDITOR","twitter_card":"summary_large_image","twitter_misc":{"Escrito por":"EDITOR","Tiempo de lectura":"2 minutos"},"schema":{"@context":"https:\/\/schema.org","@graph":[{"@type":"WebPage","@id":"https:\/\/laprensacristiana.com\/?p=15671","url":"https:\/\/laprensacristiana.com\/?p=15671","name":"Fundaci\u00f3n El Gran Yo Soy lleva alimento a familiares de ni\u00f1os hospitalizados - La Prensa Cristiana","isPartOf":{"@id":"https:\/\/laprensacristiana.com\/#website"},"datePublished":"2023-12-30T00:55:50+00:00","dateModified":"2023-12-30T00:55:51+00:00","author":{"@id":"https:\/\/laprensacristiana.com\/#\/schema\/person\/3e7d82c6bfd6b1fa67010f8f7cd5256e"},"breadcrumb":{"@id":"https:\/\/laprensacristiana.com\/?p=15671#breadcrumb"},"inLanguage":"es","potentialAction":[{"@type":"ReadAction","target":["https:\/\/laprensacristiana.com\/?p=15671"]}]},{"@type":"BreadcrumbList","@id":"https:\/\/laprensacristiana.com\/?p=15671#breadcrumb","itemListElement":[{"@type":"ListItem","position":1,"name":"Portada","item":"https:\/\/laprensacristiana.com\/"},{"@type":"ListItem","position":2,"name":"Fundaci\u00f3n El Gran Yo Soy lleva alimento a familiares de ni\u00f1os hospitalizados"}]},{"@type":"WebSite","@id":"https:\/\/laprensacristiana.com\/#website","url":"https:\/\/laprensacristiana.com\/","name":"La Prensa Cristiana","description":"Anunciando Las Buenas Nuevas","potentialAction":[{"@type":"SearchAction","target":{"@type":"EntryPoint","urlTemplate":"https:\/\/laprensacristiana.com\/?s={search_term_string}"},"query-input":"required name=search_term_string"}],"inLanguage":"es"},{"@type":"Person","@id":"https:\/\/laprensacristiana.com\/#\/schema\/person\/3e7d82c6bfd6b1fa67010f8f7cd5256e","name":"EDITOR","image":{"@type":"ImageObject","inLanguage":"es","@id":"https:\/\/laprensacristiana.com\/#\/schema\/person\/image\/","url":"https:\/\/secure.gravatar.com\/avatar\/72069dfb6c13772d9e8381e3638666d2?s=96&d=mm&r=g","contentUrl":"https:\/\/secure.gravatar.com\/avatar\/72069dfb6c13772d9e8381e3638666d2?s=96&d=mm&r=g","caption":"EDITOR"},"url":"https:\/\/laprensacristiana.com\/?author=3"}]}},"_links":{"self":[{"href":"https:\/\/laprensacristiana.com\/index.php?rest_route=\/wp\/v2\/posts\/15671"}],"collection":[{"href":"https:\/\/laprensacristiana.com\/index.php?rest_route=\/wp\/v2\/posts"}],"about":[{"href":"https:\/\/laprensacristiana.com\/index.php?rest_route=\/wp\/v2\/types\/post"}],"author":[{"embeddable":true,"href":"https:\/\/laprensacristiana.com\/index.php?rest_route=\/wp\/v2\/users\/3"}],"replies":[{"embeddable":true,"href":"https:\/\/laprensacristiana.com\/index.php?rest_route=%2Fwp%2Fv2%2Fcomments&post=15671"}],"version-history":[{"count":1,"href":"https:\/\/laprensacristiana.com\/index.php?rest_route=\/wp\/v2\/posts\/15671\/revisions"}],"predecessor-version":[{"id":15675,"href":"https:\/\/laprensacristiana.com\/index.php?rest_route=\/wp\/v2\/posts\/15671\/revisions\/15675"}],"wp:featuredmedia":[{"embeddable":true,"href":"https:\/\/laprensacristiana.com\/index.php?rest_route=\/wp\/v2\/media\/15672"}],"wp:attachment":[{"href":"https:\/\/laprensacristiana.com\/index.php?rest_route=%2Fwp%2Fv2%2Fmedia&parent=15671"}],"wp:term":[{"taxonomy":"category","embeddable":true,"href":"https:\/\/laprensacristiana.com\/index.php?rest_route=%2Fwp%2Fv2%2Fcategories&post=15671"},{"taxonomy":"post_tag","embeddable":true,"href":"https:\/\/laprensacristiana.com\/index.php?rest_route=%2Fwp%2Fv2%2Ftags&post=15671"}],"curies":[{"name":"wp","href":"https:\/\/api.w.org\/{rel}","templated":true}]}}