{"id":1568,"date":"2016-09-30T23:00:14","date_gmt":"2016-09-30T23:00:14","guid":{"rendered":"https:\/\/laprensacristiana.com\/?p=1568"},"modified":"2020-07-02T01:43:47","modified_gmt":"2020-07-02T01:43:47","slug":"edward-aparicio-presenta-su-disco","status":"publish","type":"post","link":"https:\/\/laprensacristiana.com\/?p=1568","title":{"rendered":"Edward Aparicio presenta su disco"},"content":{"rendered":"<p>Edward, es un m\u00fasico salvadore\u00f1o que est\u00e1 lanzando su nuevo material discogr\u00e1fico llamado: \u201cInspiraci\u00f3n vertical\u201d, que le llevo alrededor de 7 meses trabajarlo. Con la colaboraci\u00f3n de compositores salvadore\u00f1os como: Douglas Fern\u00e1ndez,\u00a0Luis Aquino, Miguel Reyes, etc. Adem\u00e1s de contar con la ayuda del guitarrista de la banda mexicana Rojo.<\/p>\n<p>Menciona que este disco es una mezcla de ritmos pero enfocados a la alabanza y adoraci\u00f3n. Con 4 canciones r\u00e1pidas y 4 lentas para dar dinamismo. El t\u00edtulo de este trabajo se debe a que todo lo que viene desde arriba son todas las bendiciones que el se\u00f1or permite, eso lo han inspirado.<\/p>\n<p>Haber servido en el ministerio de su iglesia y el deseo de comunicar algo, lo inspir\u00f3 a plasmar su material musical. Cuenta adem\u00e1s que una de las canciones que le llenan el alma es <i>Incomparable<\/i>, ya Dios lo bendijo por una mala experiencia que tuvo cuando le abrieron su veh\u00edculo y le robaron partes de \u00e9l, con lo cual se sinti\u00f3 afligido pero Dios fue tan bueno que sinti\u00f3 su ayuda en medio de la dificultad.<\/p>\n","protected":false},"excerpt":{"rendered":"<p>Edward, es un m\u00fasico salvadore\u00f1o que est\u00e1 lanzando su nuevo material discogr\u00e1fico llamado: \u201cInspiraci\u00f3n vertical\u201d, que le llevo alrededor de 7 meses trabajarlo. Con la colaboraci\u00f3n de compositores salvadore\u00f1os como: Douglas Fern\u00e1ndez,\u00a0Luis Aquino, Miguel Reyes, etc. Adem\u00e1s de contar con la ayuda del guitarrista de la banda mexicana Rojo. Menciona que este disco es una [&hellip;]<\/p>\n","protected":false},"author":3,"featured_media":1569,"comment_status":"open","ping_status":"open","sticky":false,"template":"","format":"standard","meta":[],"categories":[101],"tags":[],"yoast_head":"<!-- This site is optimized with the Yoast SEO plugin v20.8 - https:\/\/yoast.com\/wordpress\/plugins\/seo\/ -->\n<title>Edward Aparicio presenta su disco - La Prensa Cristiana<\/title>\n<meta name=\"robots\" content=\"index, follow, max-snippet:-1, max-image-preview:large, max-video-preview:-1\" \/>\n<link rel=\"canonical\" href=\"https:\/\/laprensacristiana.com\/?p=1568\" \/>\n<meta property=\"og:locale\" content=\"es_ES\" \/>\n<meta property=\"og:type\" content=\"article\" \/>\n<meta property=\"og:title\" content=\"Edward Aparicio presenta su disco - La Prensa Cristiana\" \/>\n<meta property=\"og:description\" content=\"Edward, es un m\u00fasico salvadore\u00f1o que est\u00e1 lanzando su nuevo material discogr\u00e1fico llamado: \u201cInspiraci\u00f3n vertical\u201d, que le llevo alrededor de 7 meses trabajarlo. Con la colaboraci\u00f3n de compositores salvadore\u00f1os como: Douglas Fern\u00e1ndez,\u00a0Luis Aquino, Miguel Reyes, etc. Adem\u00e1s de contar con la ayuda del guitarrista de la banda mexicana Rojo. Menciona que este disco es una [&hellip;]\" \/>\n<meta property=\"og:url\" content=\"https:\/\/laprensacristiana.com\/?p=1568\" \/>\n<meta property=\"og:site_name\" content=\"La Prensa Cristiana\" \/>\n<meta property=\"article:published_time\" content=\"2016-09-30T23:00:14+00:00\" \/>\n<meta property=\"article:modified_time\" content=\"2020-07-02T01:43:47+00:00\" \/>\n<meta property=\"og:image\" content=\"https:\/\/laprensacristiana.com\/wp-content\/uploads\/2016\/09\/ED.jpg\" \/>\n\t<meta property=\"og:image:width\" content=\"960\" \/>\n\t<meta property=\"og:image:height\" content=\"960\" \/>\n\t<meta property=\"og:image:type\" content=\"image\/jpeg\" \/>\n<meta name=\"author\" content=\"EDITOR\" \/>\n<meta name=\"twitter:card\" content=\"summary_large_image\" \/>\n<meta name=\"twitter:label1\" content=\"Escrito por\" \/>\n\t<meta name=\"twitter:data1\" content=\"EDITOR\" \/>\n\t<meta name=\"twitter:label2\" content=\"Tiempo de lectura\" \/>\n\t<meta name=\"twitter:data2\" content=\"1 minuto\" \/>\n<script type=\"application\/ld+json\" class=\"yoast-schema-graph\">{\"@context\":\"https:\/\/schema.org\",\"@graph\":[{\"@type\":\"WebPage\",\"@id\":\"https:\/\/laprensacristiana.com\/?p=1568\",\"url\":\"https:\/\/laprensacristiana.com\/?p=1568\",\"name\":\"Edward Aparicio presenta su disco - La Prensa Cristiana\",\"isPartOf\":{\"@id\":\"https:\/\/laprensacristiana.com\/#website\"},\"datePublished\":\"2016-09-30T23:00:14+00:00\",\"dateModified\":\"2020-07-02T01:43:47+00:00\",\"author\":{\"@id\":\"https:\/\/laprensacristiana.com\/#\/schema\/person\/3e7d82c6bfd6b1fa67010f8f7cd5256e\"},\"breadcrumb\":{\"@id\":\"https:\/\/laprensacristiana.com\/?p=1568#breadcrumb\"},\"inLanguage\":\"es\",\"potentialAction\":[{\"@type\":\"ReadAction\",\"target\":[\"https:\/\/laprensacristiana.com\/?p=1568\"]}]},{\"@type\":\"BreadcrumbList\",\"@id\":\"https:\/\/laprensacristiana.com\/?p=1568#breadcrumb\",\"itemListElement\":[{\"@type\":\"ListItem\",\"position\":1,\"name\":\"Portada\",\"item\":\"https:\/\/laprensacristiana.com\/\"},{\"@type\":\"ListItem\",\"position\":2,\"name\":\"Edward Aparicio presenta su disco\"}]},{\"@type\":\"WebSite\",\"@id\":\"https:\/\/laprensacristiana.com\/#website\",\"url\":\"https:\/\/laprensacristiana.com\/\",\"name\":\"La Prensa Cristiana\",\"description\":\"Anunciando Las Buenas Nuevas\",\"potentialAction\":[{\"@type\":\"SearchAction\",\"target\":{\"@type\":\"EntryPoint\",\"urlTemplate\":\"https:\/\/laprensacristiana.com\/?s={search_term_string}\"},\"query-input\":\"required name=search_term_string\"}],\"inLanguage\":\"es\"},{\"@type\":\"Person\",\"@id\":\"https:\/\/laprensacristiana.com\/#\/schema\/person\/3e7d82c6bfd6b1fa67010f8f7cd5256e\",\"name\":\"EDITOR\",\"image\":{\"@type\":\"ImageObject\",\"inLanguage\":\"es\",\"@id\":\"https:\/\/laprensacristiana.com\/#\/schema\/person\/image\/\",\"url\":\"https:\/\/secure.gravatar.com\/avatar\/72069dfb6c13772d9e8381e3638666d2?s=96&d=mm&r=g\",\"contentUrl\":\"https:\/\/secure.gravatar.com\/avatar\/72069dfb6c13772d9e8381e3638666d2?s=96&d=mm&r=g\",\"caption\":\"EDITOR\"},\"url\":\"https:\/\/laprensacristiana.com\/?author=3\"}]}<\/script>\n<!-- \/ Yoast SEO plugin. -->","yoast_head_json":{"title":"Edward Aparicio presenta su disco - La Prensa Cristiana","robots":{"index":"index","follow":"follow","max-snippet":"max-snippet:-1","max-image-preview":"max-image-preview:large","max-video-preview":"max-video-preview:-1"},"canonical":"https:\/\/laprensacristiana.com\/?p=1568","og_locale":"es_ES","og_type":"article","og_title":"Edward Aparicio presenta su disco - La Prensa Cristiana","og_description":"Edward, es un m\u00fasico salvadore\u00f1o que est\u00e1 lanzando su nuevo material discogr\u00e1fico llamado: \u201cInspiraci\u00f3n vertical\u201d, que le llevo alrededor de 7 meses trabajarlo. Con la colaboraci\u00f3n de compositores salvadore\u00f1os como: Douglas Fern\u00e1ndez,\u00a0Luis Aquino, Miguel Reyes, etc. Adem\u00e1s de contar con la ayuda del guitarrista de la banda mexicana Rojo. Menciona que este disco es una [&hellip;]","og_url":"https:\/\/laprensacristiana.com\/?p=1568","og_site_name":"La Prensa Cristiana","article_published_time":"2016-09-30T23:00:14+00:00","article_modified_time":"2020-07-02T01:43:47+00:00","og_image":[{"width":960,"height":960,"url":"https:\/\/laprensacristiana.com\/wp-content\/uploads\/2016\/09\/ED.jpg","type":"image\/jpeg"}],"author":"EDITOR","twitter_card":"summary_large_image","twitter_misc":{"Escrito por":"EDITOR","Tiempo de lectura":"1 minuto"},"schema":{"@context":"https:\/\/schema.org","@graph":[{"@type":"WebPage","@id":"https:\/\/laprensacristiana.com\/?p=1568","url":"https:\/\/laprensacristiana.com\/?p=1568","name":"Edward Aparicio presenta su disco - La Prensa Cristiana","isPartOf":{"@id":"https:\/\/laprensacristiana.com\/#website"},"datePublished":"2016-09-30T23:00:14+00:00","dateModified":"2020-07-02T01:43:47+00:00","author":{"@id":"https:\/\/laprensacristiana.com\/#\/schema\/person\/3e7d82c6bfd6b1fa67010f8f7cd5256e"},"breadcrumb":{"@id":"https:\/\/laprensacristiana.com\/?p=1568#breadcrumb"},"inLanguage":"es","potentialAction":[{"@type":"ReadAction","target":["https:\/\/laprensacristiana.com\/?p=1568"]}]},{"@type":"BreadcrumbList","@id":"https:\/\/laprensacristiana.com\/?p=1568#breadcrumb","itemListElement":[{"@type":"ListItem","position":1,"name":"Portada","item":"https:\/\/laprensacristiana.com\/"},{"@type":"ListItem","position":2,"name":"Edward Aparicio presenta su disco"}]},{"@type":"WebSite","@id":"https:\/\/laprensacristiana.com\/#website","url":"https:\/\/laprensacristiana.com\/","name":"La Prensa Cristiana","description":"Anunciando Las Buenas Nuevas","potentialAction":[{"@type":"SearchAction","target":{"@type":"EntryPoint","urlTemplate":"https:\/\/laprensacristiana.com\/?s={search_term_string}"},"query-input":"required name=search_term_string"}],"inLanguage":"es"},{"@type":"Person","@id":"https:\/\/laprensacristiana.com\/#\/schema\/person\/3e7d82c6bfd6b1fa67010f8f7cd5256e","name":"EDITOR","image":{"@type":"ImageObject","inLanguage":"es","@id":"https:\/\/laprensacristiana.com\/#\/schema\/person\/image\/","url":"https:\/\/secure.gravatar.com\/avatar\/72069dfb6c13772d9e8381e3638666d2?s=96&d=mm&r=g","contentUrl":"https:\/\/secure.gravatar.com\/avatar\/72069dfb6c13772d9e8381e3638666d2?s=96&d=mm&r=g","caption":"EDITOR"},"url":"https:\/\/laprensacristiana.com\/?author=3"}]}},"_links":{"self":[{"href":"https:\/\/laprensacristiana.com\/index.php?rest_route=\/wp\/v2\/posts\/1568"}],"collection":[{"href":"https:\/\/laprensacristiana.com\/index.php?rest_route=\/wp\/v2\/posts"}],"about":[{"href":"https:\/\/laprensacristiana.com\/index.php?rest_route=\/wp\/v2\/types\/post"}],"author":[{"embeddable":true,"href":"https:\/\/laprensacristiana.com\/index.php?rest_route=\/wp\/v2\/users\/3"}],"replies":[{"embeddable":true,"href":"https:\/\/laprensacristiana.com\/index.php?rest_route=%2Fwp%2Fv2%2Fcomments&post=1568"}],"version-history":[{"count":3,"href":"https:\/\/laprensacristiana.com\/index.php?rest_route=\/wp\/v2\/posts\/1568\/revisions"}],"predecessor-version":[{"id":1572,"href":"https:\/\/laprensacristiana.com\/index.php?rest_route=\/wp\/v2\/posts\/1568\/revisions\/1572"}],"wp:featuredmedia":[{"embeddable":true,"href":"https:\/\/laprensacristiana.com\/index.php?rest_route=\/wp\/v2\/media\/1569"}],"wp:attachment":[{"href":"https:\/\/laprensacristiana.com\/index.php?rest_route=%2Fwp%2Fv2%2Fmedia&parent=1568"}],"wp:term":[{"taxonomy":"category","embeddable":true,"href":"https:\/\/laprensacristiana.com\/index.php?rest_route=%2Fwp%2Fv2%2Fcategories&post=1568"},{"taxonomy":"post_tag","embeddable":true,"href":"https:\/\/laprensacristiana.com\/index.php?rest_route=%2Fwp%2Fv2%2Ftags&post=1568"}],"curies":[{"name":"wp","href":"https:\/\/api.w.org\/{rel}","templated":true}]}}