{"id":15696,"date":"2024-01-02T21:51:15","date_gmt":"2024-01-02T21:51:15","guid":{"rendered":"https:\/\/laprensacristiana.com\/?p=15696"},"modified":"2024-01-02T22:27:06","modified_gmt":"2024-01-02T22:27:06","slug":"entrevista-especial-con-rabino-yosef-garmon-un-israeli-con-alto-grado-de-estoicismo-y-un-claro-mensaje-de-que-su-pais-no-es-el-diablo-que-han-vendido-sino-un-pais-humanista-y-humanitario","status":"publish","type":"post","link":"https:\/\/laprensacristiana.com\/?p=15696","title":{"rendered":"Entrevista Especial con Rabino Yosef Garmon"},"content":{"rendered":"\n<p><em><span style=\"background-color:#919191\" class=\"td_text_highlight_marker\">Por: Edwin G\u00f3ngora | La Prensa Cristiana<\/span><\/em><\/p>\n\n\n\n<p>Un israel\u00ed con alto grado de estoicismo y un claro mensaje de que su pa\u00eds no es el diablo que han vendido, sino un pa\u00eds humanista y humanitario.<\/p>\n\n\n\n<p><strong>Rabino un gusto saludarle<\/strong>.<\/p>\n\n\n\n<p>Primero shalom a todos, especialmente a ustedes en El Salvador, La Prensa Cristiana, Fundaci\u00f3n Jerusal\u00e9n y a todos, feliz A\u00f1o Nuevo. Un saludo especial desde Israel.<\/p>\n\n\n\n<p>Lamentablemente justo a la entrada del a\u00f1o nuevo tiraron cohetes a casi todo Israel, pero, aqu\u00ed estamos y muchas gracias por esta oportunidad.<\/p>\n\n\n\n<p><strong>Quisiera iniciar esta serie de preguntas con una peque\u00f1a auto descripci\u00f3n suya, de tal manera nuestros lectores tengan una referencia de su persona. &nbsp;<\/strong><\/p>\n\n\n\n<p><strong>\u00bfQui\u00e9n es Yosef Garmon?<\/strong><\/p>\n\n\n\n<p>Bueno yo nac\u00ed en Jerusal\u00e9n, Israel en 1988, estudi\u00e9 tambi\u00e9n en Israel, despu\u00e9s estudi\u00e9 en M\u00e9xico, estuve en Canad\u00e1, en Francia, Estados Unidos, y despu\u00e9s en Cali, Colombia, en 2 a\u00f1os donde naci\u00f3 mi hija. Y despu\u00e9s en Guatemala, 4 a\u00f1os donde naci\u00f3 mi hijo. Despu\u00e9s regresamos a Israel y sigo trabajando con la Coalici\u00f3n Humanitaria, lo cual fund\u00e9 en 2017 y trabajamos hoy en d\u00eda gracias a Dios en todos los continentes entre Asia, \u00c1frica, Am\u00e9rica Latina y Ocean\u00eda.<\/p>\n\n\n\n<p><strong>Vemos publicaciones de su labor y que esta gira bastante en lo que al trabajo humanitario se refiere; de hecho, usted fundo \u201cLa Coalici\u00f3n Humanitaria\u201d hablemos un poco de esto y la raz\u00f3n de \u00bfpara qu\u00e9 lo realiza?<\/strong><\/p>\n\n\n\n<p>Bueno, la Coalici\u00f3n Humanitaria nace m\u00e1s que todo por una raz\u00f3n muy sencilla, porque cuando leemos la Biblia el primer libro de la Biblia, el primer libro del pueblo jud\u00edo no habla de los jud\u00edos, sino que habla de una cosa muy sencilla que nacimos de un solo humano, del mismo origen, que somos la misma familia, que compartimos las mismas necesidades, cuando viajo en todo el mundo veo tantas diferencias, tantas culturas, pero todo por fuera porque por dentro seguimos siendo lo mismo, queremos lo mismo.<\/p>\n\n\n\n<p>El hambre de un ni\u00f1o en \u00c1frica o en Pap\u00faa, Nueva Guinea, en Guatemala o en Honduras es lo mismo, no tiene pol\u00edtica, no tiene religi\u00f3n, el ni\u00f1o quiere comer y una familia con necesidad tambi\u00e9n es la misma, sea musulmana, sea cristiana, sea jud\u00eda, sea budista, es la misma, entonces yo creo que la Coalici\u00f3n Humanitaria no trabaja con un concepto muy profundo, sino con el concepto m\u00e1s b\u00e1sico, con el concepto m\u00e1s sencillo que hay desde la creaci\u00f3n del mundo y en la creaci\u00f3n del mundo que hablamos, que llegamos del mismo ser humano, pero lamentablemente en la Biblia los hermanos se peleaban y no pod\u00edan estar juntos aun siendo hermanos, si era Ca\u00edn quien mat\u00f3 a Abel o Isaac con Ismael, Jacob, con Esa\u00fa, Jos\u00e9, con los hermanos, Raquel con Lea, todos peleaban y la soluci\u00f3n es como podemos no nada m\u00e1s pelear, porque la Biblia no nos lleg\u00f3 a ense\u00f1ar c\u00f3mo pelear, sino tambi\u00e9n c\u00f3mo podemos conciliar c\u00f3mo podemos perdonar, c\u00f3mo podemos seguir y regresar a abrazar a nuestros hermanos.<\/p>\n\n\n\n<p>La Coalici\u00f3n Humanitaria, por un lado, viene a responder necesidades f\u00edsicas, materiales tambi\u00e9n para la gente necesitada, para los pobres en temas de alimentaci\u00f3n, medicamentos, educaci\u00f3n o tambi\u00e9n temas de desastres naturales o no naturales. Por ejemplo, en la guerra en Ucrania o en la guerra de Israel, el terremoto en Turqu\u00eda, en Siria o en Jap\u00f3n, o en Hait\u00ed, o en la erupci\u00f3n del volc\u00e1n del fuego en Guatemala, o lo que pas\u00f3 en El Salvador o cualquier lugar donde hay necesidad, tenemos que estar ah\u00ed, pero no es nada m\u00e1s para la gente que necesitan sino tambi\u00e9n para nosotros.<\/p>\n\n\n\n<p>La gran ayuda de la Coalici\u00f3n Humanitaria es tambi\u00e9n para poder construir una sociedad donde podamos entender este mensaje, que somos familia y eso es m\u00e1s grande que cualquier otra diferencia.<\/p>\n\n\n\n<p><strong>Rabino con esta acci\u00f3n, usted abre o busca consolidar la relaci\u00f3n a quienes ayudan a Israel como pa\u00eds, que lo reconozcan como una naci\u00f3n por su acci\u00f3n de asistencia a quien lo necesite. O no es vinculante y su labor es totalmente humanitaria como organizaci\u00f3n.<\/strong><\/p>\n\n\n\n<p>La Coalici\u00f3n Humanitaria es apol\u00edtica, no entramos en temas pol\u00edticos y ayudamos a todos porque otra vez, como dije antes, somos la misma persona y llegamos del mismo origen, somos la misma familia. Entonces ayudamos tambi\u00e9n a la gente que no son amigos de Israel.<\/p>\n\n\n\n<p>Cuando estuve en pa\u00edses como Turqu\u00eda y Siria o en otros pa\u00edses \u00e1rabes.<\/p>\n\n\n\n<p>Cuando hay necesidad, estamos ah\u00ed sin mirar a qui\u00e9n, sin mirar por qu\u00e9, sino simplemente entender que, aunque ahora est\u00e1 en contra de Israel, pero m\u00e1s m\u00e1s a fondo, tiene que entender que somos la misma familia y lo vi, vi resultados de gente tambi\u00e9n que estaban en contra de Israel. Cuando llegamos a encontrar gente de Ir\u00e1n, encontr\u00e9 gente de Siria, encontr\u00e9 gente de muchos lugares que me dicen llegamos a amar a Israel, llegamos a amar a Israel porque entendimos que quiz\u00e1 no es el diablo que nos vendieron.<\/p>\n\n\n\n<p>En Israel me dijo alguien de Ir\u00e1n, ley\u00f3 de Golda Meir, estamos hablando de los a\u00f1os 70, Israel no era nada todav\u00eda y ella fund\u00f3 MASHAV, que es La Agencia de Cooperaci\u00f3n Internacional para ayudar pa\u00edses en desarrollo y hasta hoy esta agencia sigue ayudando a m\u00e1s de 100 pa\u00edses y eso me ense\u00f1\u00f3 que estamos en este mundo para dar y no para odiar, para amar, para conectar y no para separar. Y el mensaje es esto, es decir, tambi\u00e9n el tema de Israel esta, pero no estamos ayudando nada m\u00e1s para que la gente ame a Israel, no estamos aqu\u00ed como en Chile, por ejemplo, cuando estuve ah\u00ed el presidente no quer\u00eda recibir al embajador de Israel. Hicimos un proyecto humanitario en Rancagua y alguien me dijo, y \u00bfpor qu\u00e9 no lo aman entonces? le dije que no estamos aqu\u00ed para que nos amen, estamos aqu\u00ed porque es nuestra obligaci\u00f3n, porque no estamos por caridad, sino por hermandad y eso es lo importante, no estamos aqu\u00ed para que nos amen, si quieren amarnos o no ya es cuesti\u00f3n de ustedes.<\/p>\n\n\n\n<p>Ahora yo le dije a uno que me dijo que odia a Israel, le dije es tu problema, es decir, Israel super\u00f3 tantos problemas en la historia, tantas persecuciones, tantos enemigos, tantos imperios que lo quer\u00edan eliminar, pero los imperios ya no est\u00e1n y nosotros seguimos estando aqu\u00ed.<\/p>\n\n\n\n<p>Entonces vamos a superar tu odio, tambi\u00e9n, te lo prometo, pero lo que va a estar afectado del odio va a ser usted porque vive con odio adentro y ese no es saludable.<\/p>\n\n\n\n<p>Hay que vivir con amor, hay que vivir con buenos sentimientos, no con malos sentimientos, por eso cuando dice la Biblia quien maldice al pueblo de Israel ser\u00e1 maldecido no es una promesa milagrosa, es una realidad, es un resultado real.<\/p>\n\n\n\n<p>La coalici\u00f3n humanitaria ayuda a todos, cada uno tiene la decisi\u00f3n si quiere una vida llena de amor o nada m\u00e1s busca a quien odiar.<\/p>\n\n\n\n<p><strong>\u00bfSe trata de hacer el bien y nada m\u00e1s?<\/strong><\/p>\n\n\n\n<p><strong>Ustedes llegaron tambi\u00e9n a El Salvador, aqu\u00ed como fue el contacto y en que consisti\u00f3 la ayuda. Am\u00e9rica Latina y Centroam\u00e9rica, M\u00e9xico, Estados unidos, hasta donde han logrado ayudar.<\/strong><\/p>\n\n\n\n<p>En El Salvador llegamos gracias a Laura Ventura y a toda la familia de Fundaci\u00f3n Jerusal\u00e9n, donde gracias a Dios se han logrado bastantes cosas importantes en diferentes temas, en medicamentos, alimentos, educaci\u00f3n y m\u00e1s proyectos que tenemos para los pr\u00f3ximos a\u00f1os y aparte de eso, estuvimos en toda Am\u00e9rica Latina, en algunos lugares en proyectos m\u00e1s espec\u00edficos, a corto plazo en otros lugares, proyectos m\u00e1s largos, desde M\u00e9xico hasta Argentina llegamos a cualquier lado y vamos a tratar cada vez de crecer y de hacer m\u00e1s.<\/p>\n\n\n\n<p><strong>La Coalici\u00f3n Humanitaria en que \u00e1reas ayuda puntualmente o es amplia su acci\u00f3n operativa.<\/strong><\/p>\n\n\n\n<p><strong>\u00bfComo obtiene fondos para lograr ejecutar de la mejor manera esta labor?<\/strong><\/p>\n\n\n\n<p>La Coalici\u00f3n Humanitaria no funciona como una fundaci\u00f3n, no tiene ni cuentas bancarias, no colecta fondos, sino lo que hace es muy sencillo, conectamos entre donantes y lo que necesitan entre empresas que donan el producto y a la gente o pa\u00edses donde hay esa necesidad y hay gente que pagan los fletes y as\u00ed se combina todo, por ejemplo, as\u00ed construimos la Colonia Nueva Jerusal\u00e9n en Guatemala o la Colonia Jerusal\u00e9n de Oro en Guatemala.<\/p>\n\n\n\n<p>La gente donaba, material, cemento, bloques y trabaj\u00f3 cada uno, algunos donaron tiempo, cada uno don\u00f3 algo y juntos conectamos ese rompecabezas que dio como resultado la construcci\u00f3n de casas.<\/p>\n\n\n\n<p><strong>\u00bfQu\u00e9 papel juega en esta labor humanitaria la organizaci\u00f3n ZAKA?<\/strong><\/p>\n\n\n\n<p>Bueno, soy director de ZAKA en Am\u00e9rica Latina, en Am\u00e9rica Latina, ZAKA capacita a personas locales para que sean voluntarios en temas de primeros auxilios y rescate ligero.<\/p>\n\n\n\n<p>Hicimos varios cursos en Am\u00e9rica Latina, porque ZAKA logro entender despu\u00e9s de m\u00e1s de 30 a\u00f1os de experiencia que la gente local son la gente clave y lo m\u00e1s importante en tiempos del desastre y eso lo vimos en el volc\u00e1n del fuego y en los huracanes, que los primeros que fueron a ayudar fue esa gente capacitada, porque el curso que brinda ZAKA est\u00e1 autorizado por Naciones Unidas y lo conectamos con Texas Sealife y PIMA, se est\u00e1n dando cursos bastante profesionales e intensivos aun cortos, pero para ese tema de primeros auxilios y rescate ligero, entonces la idea es formar m\u00e1s y m\u00e1s voluntarios.<\/p>\n\n\n\n<p><strong>Siempre se ha dicho que toda ayuda tiene en el fondo una \u201cintenci\u00f3n\u201d y en el tiempo actual que venga de una organizaci\u00f3n israel\u00ed se asocia a que esta se da porque es un aliado o se convierte en uno. \u00bfUsted que cree?<\/strong><\/p>\n\n\n\n<p>Claro, siempre tenemos intenciones, cada uno tiene sus intereses, somos humanos y as\u00ed funciona en todo el mundo, pero otra vez aqu\u00ed el tema no es una organizaci\u00f3n israel\u00ed, La Coalici\u00f3n Humanitaria no es una organizaci\u00f3n israel\u00ed, es una organizaci\u00f3n para todas las religiones, trabajo con esto en di\u00e1logos interreligiosos, tanto con musulmanes, con cristianos, con budistas, con rusos en todo el mundo, basado en acci\u00f3n humanitaria, porque creo que eso es lo que nos conecta y eso es m\u00e1s grande de todas las diferencias. Uno puede estar de acuerdo o no, de acuerdo en el tema de Israel o el tema de Ucrania, pero aun as\u00ed debemos siempre guardar ese espacio humanitario que est\u00e1 en com\u00fan, que no hay discusi\u00f3n y que es m\u00e1s grande de todas las diferencias.<\/p>\n\n\n\n<p><strong>Rabino, me gustar\u00eda aprovechar para hablar un poco del conflicto en Gaza.<\/strong><\/p>\n\n\n\n<p><strong>Usted escribi\u00f3 el articulo \u00bfIsrael en contra de los palestinos?, si bien este plantea algunos aspectos de los que permiti\u00f3 el ataque del 7 de octubre y de la barbarie cometida. La buena voluntad o confianza mostrada por Israel fue la puerta que hoy los tiene en conflicto.<\/strong><\/p>\n\n\n\n<p>Israel podr\u00eda terminar la guerra en un d\u00eda el 8 de octubre ya pod\u00eda terminar toda la guerra, pero Israel no lo hace y no lo hizo para evitar p\u00e9rdidas de inocentes.<\/p>\n\n\n\n<p>Israel arriesga la vida de los soldados que mueren, m\u00e1s de 169 soldados hasta el d\u00eda de hoy desde que comenz\u00f3 el 7 de octubre, aparte de los que murieron el 7 de octubre, \u00bfpor qu\u00e9? porque est\u00e1n buscando a los terroristas y no nada m\u00e1s bombardear de todos lados, \u201cIsrael pierde soldados para garantizar la vida de los inocentes en Gaza\u201d, pero Ham\u00e1s lo usa como escudo humano y es parte de la manipulaci\u00f3n que Ham\u00e1s hace\u201d.<\/p>\n\n\n\n<p><strong>\u00bfHamas manipula, presiona, somete o controla a palestina?<\/strong><\/p>\n\n\n\n<p><strong>\u00bfSi se trata de acabar con este grupo, es imposible o de qu\u00e9 depende?<\/strong><\/p>\n\n\n\n<p><strong>Muchos aseguran que Ir\u00e1n est\u00e1 detr\u00e1s de Hamas, esa es su fuente en todo<\/strong>.<\/p>\n\n\n\n<p>El conflicto palestino &#8211; israel\u00ed lamentablemente es mucho m\u00e1s profundo de lo que el mundo imagina, porque ellos no quieren nada m\u00e1s territorio, los terroristas, los monstruos de Ham\u00e1s no llegaban a conquistar territorio no han llegado por dinero y llegaron para asesinar y festejar y celebrar, quemar ni\u00f1os, violar mujeres.<\/p>\n\n\n\n<p>Recientemente el New York Time sac\u00f3 un art\u00edculo con cosas que no se pueden ni leer lo que hicieron en este d\u00eda, cosas que yo vi con mis ojos despu\u00e9s que llegamos a esas casas y eso no lo podemos permitir, pero el conflicto es mucho m\u00e1s profundo porque, seg\u00fan la teolog\u00eda del islam radical es tomar el lugar que ya conquist\u00f3 el islam en el pasado, como Israel, pero tambi\u00e9n Espa\u00f1a y Francia y otros lugares, entonces ning\u00fan gobierno ajeno al islam puede dominar ah\u00ed.<\/p>\n\n\n\n<p>Por lo tanto, ellos no pueden aceptar un gobierno en Israel, ni en un cent\u00edmetro, si Israel entregase toda Israel para ellos menos un cm tambi\u00e9n ah\u00ed va a haber masacre y odio y todo por qu\u00e9, porque seg\u00fan la teolog\u00eda del islam radical, ellos no lo pueden aceptar.<\/p>\n\n\n\n<p>Ahora bien, Ham\u00e1s e ISIS son sunitas que es una rama del islam, pero ellos son sunitas en extremos. Hezbol\u00e0 e Ir\u00e1n son chiitas que son otro tipo de islam, pero tambi\u00e9n son extremistas chiitas, se juntaron los dos en contra de Israel, cada uno por sus razones, pero al final, por el mismo radicalismo que amenaza a todo el mundo, no amenaza a nada m\u00e1s que Israel, amenaza a todos los diferentes.<\/p>\n\n\n\n<p><strong>Rabino, el conflicto israel\u00ed-Palestino es un acontecimiento b\u00edblico, \u00bfpara usted cu\u00e1ndo terminar\u00e1? &nbsp;O de que depende el termino de esta situaci\u00f3n b\u00e9lica.<\/strong><\/p>\n\n\n\n<p>Pero siempre se pueden acabar los conflictos no estamos en este mundo para aceptar la maldad y nada m\u00e1s preguntar por qu\u00e9 hay maldad, estamos en este mundo para traer el bien y esperamos que se levanten l\u00edderes en los palestinos, l\u00edderes que les va a importar m\u00e1s la vida de ellos en vez de la muerte de nosotros, que amen m\u00e1s a la vida que a la muerte. L\u00edderes que eduquen a los hijos a vivir bien y no a matar jud\u00edos.<\/p>\n\n\n\n<p>Esto es clave porque la educaci\u00f3n es lo m\u00e1s importante. \u00daltimamente estuve en los Emiratos \u00c1rabes y ellos firmaron paz con Israel, cambiaron la educaci\u00f3n de los ni\u00f1os en los libros de la escuela. Antes Israel era un proyecto colonialista malo y ahora Israel aparece como algo leg\u00edtimo en Medio Oriente, es un cambio dr\u00e1stico y eso nos muestra que hay cambios en el mundo, que pueden haber cambios cuando hay l\u00edderes con coraje. hay l\u00edderes que les interesa la verdad. les interesa su pueblo, pueden cambiar el mundo y esperemos que tambi\u00e9n los palestinos, porque ellos se merecen vivir bien tambi\u00e9n y yo quiero para ellos tambi\u00e9n una vida buena y quiero que se levanten l\u00edderes buenos para ellos, que les va a mejorar la vida de ellos, porque ellos tienen un lindo lugar, lindo territorio en Gaza, tienen playas, tienen todo, pueden convertirlo en Singapur y en Dub\u00e1i. Entonces hace falta ese tipo de l\u00edderes para que eso pase.<\/p>\n\n\n\n<p><strong>Concluyo con dos preguntas m\u00e1s relacionadas a su labor humanitaria.<\/strong><\/p>\n\n\n\n<p><strong>\u00bfQu\u00e9 planes hay para el 2024, hacia donde apuntan?<\/strong><\/p>\n\n\n\n<p><strong>\u00bfEn qu\u00e9 \u00e1reas esperar\u00edan enfatizar su labor que consideran deben hacerlo?<\/strong><\/p>\n\n\n\n<p>Esa es una de las cosas m\u00e1s importantes que queremos lograr este a\u00f1o porque no queremos desastres, no nos queremos ocuparnos de problemas y de guerras y ojal\u00e1 que as\u00ed sea, que no tengamos trabajo en eso, queremos enfocarnos en educaci\u00f3n, queremos dar m\u00e1s oportunidades de educaci\u00f3n en ni\u00f1os, tanto en Asia, en \u00c1frica, en Am\u00e9rica Latina, en diferentes pa\u00edses donde hay ni\u00f1os que todav\u00eda no tienen colegio, que no van al colegio porque la educaci\u00f3n es lo m\u00e1s importante.<\/p>\n\n\n\n<p>Si algo puede cambiar el mundo es la educaci\u00f3n de los ni\u00f1os.<\/p>\n\n\n\n<p>Porque podemos dar comida, podemos dar medicamentos, pero estamos nada m\u00e1s dando tranquilizante al problema, si queremos arreglar el problema de un pa\u00eds, tenemos que acabar con el tema de la educaci\u00f3n y esperemos que con esto vamos a lograr bastante y que tengamos un a\u00f1o con mucha m\u00e1s luz que oscuridad, con mucha m\u00e1s bendici\u00f3n que maldici\u00f3n.<\/p>\n\n\n\n<p>Much\u00edsimas gracias a ustedes tambi\u00e9n, El Salvador va para adelante, que tambi\u00e9n sea luz a las naciones y que tengamos toda esa luz para poder iluminar el mundo.<\/p>\n\n\n\n<p><\/p>\n","protected":false},"excerpt":{"rendered":"<p>Por: Edwin G\u00f3ngora | La Prensa Cristiana Un israel\u00ed con alto grado de estoicismo y un claro mensaje de que su pa\u00eds no es el diablo que han vendido, sino un pa\u00eds humanista y humanitario. Rabino un gusto saludarle. Primero shalom a todos, especialmente a ustedes en El Salvador, La Prensa Cristiana, Fundaci\u00f3n Jerusal\u00e9n y [&hellip;]<\/p>\n","protected":false},"author":3,"featured_media":15697,"comment_status":"open","ping_status":"open","sticky":false,"template":"","format":"standard","meta":[],"categories":[103],"tags":[],"yoast_head":"<!-- This site is optimized with the Yoast SEO plugin v20.8 - https:\/\/yoast.com\/wordpress\/plugins\/seo\/ -->\n<title>Entrevista Especial con Rabino Yosef Garmon - La Prensa Cristiana<\/title>\n<meta name=\"robots\" content=\"index, follow, max-snippet:-1, max-image-preview:large, max-video-preview:-1\" \/>\n<link rel=\"canonical\" href=\"https:\/\/laprensacristiana.com\/?p=15696\" \/>\n<meta property=\"og:locale\" content=\"es_ES\" \/>\n<meta property=\"og:type\" content=\"article\" \/>\n<meta property=\"og:title\" content=\"Entrevista Especial con Rabino Yosef Garmon - La Prensa Cristiana\" \/>\n<meta property=\"og:description\" content=\"Por: Edwin G\u00f3ngora | La Prensa Cristiana Un israel\u00ed con alto grado de estoicismo y un claro mensaje de que su pa\u00eds no es el diablo que han vendido, sino un pa\u00eds humanista y humanitario. Rabino un gusto saludarle. Primero shalom a todos, especialmente a ustedes en El Salvador, La Prensa Cristiana, Fundaci\u00f3n Jerusal\u00e9n y [&hellip;]\" \/>\n<meta property=\"og:url\" content=\"https:\/\/laprensacristiana.com\/?p=15696\" \/>\n<meta property=\"og:site_name\" content=\"La Prensa Cristiana\" \/>\n<meta property=\"article:published_time\" content=\"2024-01-02T21:51:15+00:00\" \/>\n<meta property=\"article:modified_time\" content=\"2024-01-02T22:27:06+00:00\" \/>\n<meta property=\"og:image\" content=\"https:\/\/laprensacristiana.com\/wp-content\/uploads\/2024\/01\/WhatsApp-Image-2024-01-02-at-3.21.38-PM.jpeg\" \/>\n\t<meta property=\"og:image:width\" content=\"719\" \/>\n\t<meta property=\"og:image:height\" content=\"540\" \/>\n\t<meta property=\"og:image:type\" content=\"image\/jpeg\" \/>\n<meta name=\"author\" content=\"EDITOR\" \/>\n<meta name=\"twitter:card\" content=\"summary_large_image\" \/>\n<meta name=\"twitter:label1\" content=\"Escrito por\" \/>\n\t<meta name=\"twitter:data1\" content=\"EDITOR\" \/>\n\t<meta name=\"twitter:label2\" content=\"Tiempo de lectura\" \/>\n\t<meta name=\"twitter:data2\" content=\"13 minutos\" \/>\n<script type=\"application\/ld+json\" class=\"yoast-schema-graph\">{\"@context\":\"https:\/\/schema.org\",\"@graph\":[{\"@type\":\"WebPage\",\"@id\":\"https:\/\/laprensacristiana.com\/?p=15696\",\"url\":\"https:\/\/laprensacristiana.com\/?p=15696\",\"name\":\"Entrevista Especial con Rabino Yosef Garmon - La Prensa Cristiana\",\"isPartOf\":{\"@id\":\"https:\/\/laprensacristiana.com\/#website\"},\"datePublished\":\"2024-01-02T21:51:15+00:00\",\"dateModified\":\"2024-01-02T22:27:06+00:00\",\"author\":{\"@id\":\"https:\/\/laprensacristiana.com\/#\/schema\/person\/3e7d82c6bfd6b1fa67010f8f7cd5256e\"},\"breadcrumb\":{\"@id\":\"https:\/\/laprensacristiana.com\/?p=15696#breadcrumb\"},\"inLanguage\":\"es\",\"potentialAction\":[{\"@type\":\"ReadAction\",\"target\":[\"https:\/\/laprensacristiana.com\/?p=15696\"]}]},{\"@type\":\"BreadcrumbList\",\"@id\":\"https:\/\/laprensacristiana.com\/?p=15696#breadcrumb\",\"itemListElement\":[{\"@type\":\"ListItem\",\"position\":1,\"name\":\"Portada\",\"item\":\"https:\/\/laprensacristiana.com\/\"},{\"@type\":\"ListItem\",\"position\":2,\"name\":\"Entrevista Especial con Rabino Yosef Garmon\"}]},{\"@type\":\"WebSite\",\"@id\":\"https:\/\/laprensacristiana.com\/#website\",\"url\":\"https:\/\/laprensacristiana.com\/\",\"name\":\"La Prensa Cristiana\",\"description\":\"Anunciando Las Buenas Nuevas\",\"potentialAction\":[{\"@type\":\"SearchAction\",\"target\":{\"@type\":\"EntryPoint\",\"urlTemplate\":\"https:\/\/laprensacristiana.com\/?s={search_term_string}\"},\"query-input\":\"required name=search_term_string\"}],\"inLanguage\":\"es\"},{\"@type\":\"Person\",\"@id\":\"https:\/\/laprensacristiana.com\/#\/schema\/person\/3e7d82c6bfd6b1fa67010f8f7cd5256e\",\"name\":\"EDITOR\",\"image\":{\"@type\":\"ImageObject\",\"inLanguage\":\"es\",\"@id\":\"https:\/\/laprensacristiana.com\/#\/schema\/person\/image\/\",\"url\":\"https:\/\/secure.gravatar.com\/avatar\/72069dfb6c13772d9e8381e3638666d2?s=96&d=mm&r=g\",\"contentUrl\":\"https:\/\/secure.gravatar.com\/avatar\/72069dfb6c13772d9e8381e3638666d2?s=96&d=mm&r=g\",\"caption\":\"EDITOR\"},\"url\":\"https:\/\/laprensacristiana.com\/?author=3\"}]}<\/script>\n<!-- \/ Yoast SEO plugin. -->","yoast_head_json":{"title":"Entrevista Especial con Rabino Yosef Garmon - La Prensa Cristiana","robots":{"index":"index","follow":"follow","max-snippet":"max-snippet:-1","max-image-preview":"max-image-preview:large","max-video-preview":"max-video-preview:-1"},"canonical":"https:\/\/laprensacristiana.com\/?p=15696","og_locale":"es_ES","og_type":"article","og_title":"Entrevista Especial con Rabino Yosef Garmon - La Prensa Cristiana","og_description":"Por: Edwin G\u00f3ngora | La Prensa Cristiana Un israel\u00ed con alto grado de estoicismo y un claro mensaje de que su pa\u00eds no es el diablo que han vendido, sino un pa\u00eds humanista y humanitario. Rabino un gusto saludarle. Primero shalom a todos, especialmente a ustedes en El Salvador, La Prensa Cristiana, Fundaci\u00f3n Jerusal\u00e9n y [&hellip;]","og_url":"https:\/\/laprensacristiana.com\/?p=15696","og_site_name":"La Prensa Cristiana","article_published_time":"2024-01-02T21:51:15+00:00","article_modified_time":"2024-01-02T22:27:06+00:00","og_image":[{"width":719,"height":540,"url":"https:\/\/laprensacristiana.com\/wp-content\/uploads\/2024\/01\/WhatsApp-Image-2024-01-02-at-3.21.38-PM.jpeg","type":"image\/jpeg"}],"author":"EDITOR","twitter_card":"summary_large_image","twitter_misc":{"Escrito por":"EDITOR","Tiempo de lectura":"13 minutos"},"schema":{"@context":"https:\/\/schema.org","@graph":[{"@type":"WebPage","@id":"https:\/\/laprensacristiana.com\/?p=15696","url":"https:\/\/laprensacristiana.com\/?p=15696","name":"Entrevista Especial con Rabino Yosef Garmon - La Prensa Cristiana","isPartOf":{"@id":"https:\/\/laprensacristiana.com\/#website"},"datePublished":"2024-01-02T21:51:15+00:00","dateModified":"2024-01-02T22:27:06+00:00","author":{"@id":"https:\/\/laprensacristiana.com\/#\/schema\/person\/3e7d82c6bfd6b1fa67010f8f7cd5256e"},"breadcrumb":{"@id":"https:\/\/laprensacristiana.com\/?p=15696#breadcrumb"},"inLanguage":"es","potentialAction":[{"@type":"ReadAction","target":["https:\/\/laprensacristiana.com\/?p=15696"]}]},{"@type":"BreadcrumbList","@id":"https:\/\/laprensacristiana.com\/?p=15696#breadcrumb","itemListElement":[{"@type":"ListItem","position":1,"name":"Portada","item":"https:\/\/laprensacristiana.com\/"},{"@type":"ListItem","position":2,"name":"Entrevista Especial con Rabino Yosef Garmon"}]},{"@type":"WebSite","@id":"https:\/\/laprensacristiana.com\/#website","url":"https:\/\/laprensacristiana.com\/","name":"La Prensa Cristiana","description":"Anunciando Las Buenas Nuevas","potentialAction":[{"@type":"SearchAction","target":{"@type":"EntryPoint","urlTemplate":"https:\/\/laprensacristiana.com\/?s={search_term_string}"},"query-input":"required name=search_term_string"}],"inLanguage":"es"},{"@type":"Person","@id":"https:\/\/laprensacristiana.com\/#\/schema\/person\/3e7d82c6bfd6b1fa67010f8f7cd5256e","name":"EDITOR","image":{"@type":"ImageObject","inLanguage":"es","@id":"https:\/\/laprensacristiana.com\/#\/schema\/person\/image\/","url":"https:\/\/secure.gravatar.com\/avatar\/72069dfb6c13772d9e8381e3638666d2?s=96&d=mm&r=g","contentUrl":"https:\/\/secure.gravatar.com\/avatar\/72069dfb6c13772d9e8381e3638666d2?s=96&d=mm&r=g","caption":"EDITOR"},"url":"https:\/\/laprensacristiana.com\/?author=3"}]}},"_links":{"self":[{"href":"https:\/\/laprensacristiana.com\/index.php?rest_route=\/wp\/v2\/posts\/15696"}],"collection":[{"href":"https:\/\/laprensacristiana.com\/index.php?rest_route=\/wp\/v2\/posts"}],"about":[{"href":"https:\/\/laprensacristiana.com\/index.php?rest_route=\/wp\/v2\/types\/post"}],"author":[{"embeddable":true,"href":"https:\/\/laprensacristiana.com\/index.php?rest_route=\/wp\/v2\/users\/3"}],"replies":[{"embeddable":true,"href":"https:\/\/laprensacristiana.com\/index.php?rest_route=%2Fwp%2Fv2%2Fcomments&post=15696"}],"version-history":[{"count":6,"href":"https:\/\/laprensacristiana.com\/index.php?rest_route=\/wp\/v2\/posts\/15696\/revisions"}],"predecessor-version":[{"id":15706,"href":"https:\/\/laprensacristiana.com\/index.php?rest_route=\/wp\/v2\/posts\/15696\/revisions\/15706"}],"wp:featuredmedia":[{"embeddable":true,"href":"https:\/\/laprensacristiana.com\/index.php?rest_route=\/wp\/v2\/media\/15697"}],"wp:attachment":[{"href":"https:\/\/laprensacristiana.com\/index.php?rest_route=%2Fwp%2Fv2%2Fmedia&parent=15696"}],"wp:term":[{"taxonomy":"category","embeddable":true,"href":"https:\/\/laprensacristiana.com\/index.php?rest_route=%2Fwp%2Fv2%2Fcategories&post=15696"},{"taxonomy":"post_tag","embeddable":true,"href":"https:\/\/laprensacristiana.com\/index.php?rest_route=%2Fwp%2Fv2%2Ftags&post=15696"}],"curies":[{"name":"wp","href":"https:\/\/api.w.org\/{rel}","templated":true}]}}