{"id":15708,"date":"2024-01-03T13:37:47","date_gmt":"2024-01-03T13:37:47","guid":{"rendered":"https:\/\/laprensacristiana.com\/?p=15708"},"modified":"2024-01-03T13:41:37","modified_gmt":"2024-01-03T13:41:37","slug":"15708","status":"publish","type":"post","link":"https:\/\/laprensacristiana.com\/?p=15708","title":{"rendered":"Usted Puede abrir puertas de esperanza a ni\u00f1os que son perseguidos por su fe."},"content":{"rendered":"\n<p>Por: Edwin G\u00f3ngora <\/p>\n\n\n\n<p>Iniciamos el a\u00f1o y desde ya organizaciones mundiales exhortan desde sus diferentes plataformas en redes sociales, a unirse a sus esfuerzos para ayudar a ni\u00f1os que son perseguidos y marginados por su fe en Jesucristo.<\/p>\n\n\n\n<p>Una de estas instituciones es Puertas Abiertas, organizaci\u00f3n internacional cristiana humanitaria evang\u00e9lica interdenominacional que apoya a los cristianos perseguidos en m\u00e1s de 60 pa\u00edses donde el cristianismo sufre opresi\u00f3n y rechazo legal y social.\u200b<\/p>\n\n\n\n<p>Titulado \u201cRegalo de Esperanza\u201d, puertas abiertas busca que personas de buena voluntad colaboren econ\u00f3micamente con aportes que van desde 35 hasta 85 euros, con los cuales usted al hacerlo podr\u00e1 proporcionar atenci\u00f3n post traum\u00e1tica a un ni\u00f1o perseguido. As\u00ed tambi\u00e9n su aporte proveer\u00e1 alimentos a tres familias cristiana perseguidas y hasta brindar educaci\u00f3n por un a\u00f1o a un ni\u00f1o perseguido, de tal manera mejorar as\u00ed su futuro.<\/p>\n\n\n\n<p>Puertas abiertas publica algunas historias de la situaci\u00f3n de estos infamantes perseguidos.&nbsp;<\/p>\n\n\n\n<p>Una de ellas es la de los gemelos Ezana y Fasil quienes recibieron un ataque de piedras en la iglesia donde se congregan en Etiopia.<\/p>\n\n\n\n<p>Una realidad que quiz\u00e1 usted y yo no la experimentamos en nuestro lugar donde residimos y gracias a Dios podemos manifestar nuestra fe.<\/p>\n\n\n\n<p>Si usted desea se parte de esta ayuda puede ingresar a esta direcci\u00f3n <a href=\"https:\/\/www.puertasabiertas.org\/es-ES\/proyectos\/de-regalo-esperanza\/\">https:\/\/www.puertasabiertas.org\/es-ES\/proyectos\/de-regalo-esperanza\/<\/a> donde podr\u00e1 encontrar la informaci\u00f3n necesaria y los pasos a seguir para dar su aporte y ser parte este a\u00f1o de un regalo de esperanza para miles de ni\u00f1os que forman parte de m\u00e1s de 360 millones de cristianos que enfrentan altos niveles de persecuci\u00f3n y discriminaci\u00f3n.<\/p>\n\n\n\n<p>No lo dude con el apoyo que brinde Puertas Abiertas llevara ayuda y esperanza.<\/p>\n\n\n\n<p>\u00bfTe gustar\u00eda acompa\u00f1arlos?<\/p>\n","protected":false},"excerpt":{"rendered":"<p>Por: Edwin G\u00f3ngora Iniciamos el a\u00f1o y desde ya organizaciones mundiales exhortan desde sus diferentes plataformas en redes sociales, a unirse a sus esfuerzos para ayudar a ni\u00f1os que son perseguidos y marginados por su fe en Jesucristo. Una de estas instituciones es Puertas Abiertas, organizaci\u00f3n internacional cristiana humanitaria evang\u00e9lica interdenominacional que apoya a los [&hellip;]<\/p>\n","protected":false},"author":3,"featured_media":15709,"comment_status":"open","ping_status":"open","sticky":false,"template":"","format":"standard","meta":[],"categories":[56],"tags":[],"yoast_head":"<!-- This site is optimized with the Yoast SEO plugin v20.8 - https:\/\/yoast.com\/wordpress\/plugins\/seo\/ -->\n<title>Usted Puede abrir puertas de esperanza a ni\u00f1os que son perseguidos por su fe. - La Prensa Cristiana<\/title>\n<meta name=\"robots\" content=\"index, follow, max-snippet:-1, max-image-preview:large, max-video-preview:-1\" \/>\n<link rel=\"canonical\" href=\"https:\/\/laprensacristiana.com\/?p=15708\" \/>\n<meta property=\"og:locale\" content=\"es_ES\" \/>\n<meta property=\"og:type\" content=\"article\" \/>\n<meta property=\"og:title\" content=\"Usted Puede abrir puertas de esperanza a ni\u00f1os que son perseguidos por su fe. - La Prensa Cristiana\" \/>\n<meta property=\"og:description\" content=\"Por: Edwin G\u00f3ngora Iniciamos el a\u00f1o y desde ya organizaciones mundiales exhortan desde sus diferentes plataformas en redes sociales, a unirse a sus esfuerzos para ayudar a ni\u00f1os que son perseguidos y marginados por su fe en Jesucristo. Una de estas instituciones es Puertas Abiertas, organizaci\u00f3n internacional cristiana humanitaria evang\u00e9lica interdenominacional que apoya a los [&hellip;]\" \/>\n<meta property=\"og:url\" content=\"https:\/\/laprensacristiana.com\/?p=15708\" \/>\n<meta property=\"og:site_name\" content=\"La Prensa Cristiana\" \/>\n<meta property=\"article:published_time\" content=\"2024-01-03T13:37:47+00:00\" \/>\n<meta property=\"article:modified_time\" content=\"2024-01-03T13:41:37+00:00\" \/>\n<meta property=\"og:image\" content=\"https:\/\/laprensacristiana.com\/wp-content\/uploads\/2024\/01\/WhatsApp-Image-2024-01-03-at-7.14.40-AM.jpeg\" \/>\n\t<meta property=\"og:image:width\" content=\"1024\" \/>\n\t<meta property=\"og:image:height\" content=\"614\" \/>\n\t<meta property=\"og:image:type\" content=\"image\/jpeg\" \/>\n<meta name=\"author\" content=\"EDITOR\" \/>\n<meta name=\"twitter:card\" content=\"summary_large_image\" \/>\n<meta name=\"twitter:label1\" content=\"Escrito por\" \/>\n\t<meta name=\"twitter:data1\" content=\"EDITOR\" \/>\n\t<meta name=\"twitter:label2\" content=\"Tiempo de lectura\" \/>\n\t<meta name=\"twitter:data2\" content=\"2 minutos\" \/>\n<script type=\"application\/ld+json\" class=\"yoast-schema-graph\">{\"@context\":\"https:\/\/schema.org\",\"@graph\":[{\"@type\":\"WebPage\",\"@id\":\"https:\/\/laprensacristiana.com\/?p=15708\",\"url\":\"https:\/\/laprensacristiana.com\/?p=15708\",\"name\":\"Usted Puede abrir puertas de esperanza a ni\u00f1os que son perseguidos por su fe. - La Prensa Cristiana\",\"isPartOf\":{\"@id\":\"https:\/\/laprensacristiana.com\/#website\"},\"datePublished\":\"2024-01-03T13:37:47+00:00\",\"dateModified\":\"2024-01-03T13:41:37+00:00\",\"author\":{\"@id\":\"https:\/\/laprensacristiana.com\/#\/schema\/person\/3e7d82c6bfd6b1fa67010f8f7cd5256e\"},\"breadcrumb\":{\"@id\":\"https:\/\/laprensacristiana.com\/?p=15708#breadcrumb\"},\"inLanguage\":\"es\",\"potentialAction\":[{\"@type\":\"ReadAction\",\"target\":[\"https:\/\/laprensacristiana.com\/?p=15708\"]}]},{\"@type\":\"BreadcrumbList\",\"@id\":\"https:\/\/laprensacristiana.com\/?p=15708#breadcrumb\",\"itemListElement\":[{\"@type\":\"ListItem\",\"position\":1,\"name\":\"Portada\",\"item\":\"https:\/\/laprensacristiana.com\/\"},{\"@type\":\"ListItem\",\"position\":2,\"name\":\"Usted Puede abrir puertas de esperanza a ni\u00f1os que son perseguidos por su fe.\"}]},{\"@type\":\"WebSite\",\"@id\":\"https:\/\/laprensacristiana.com\/#website\",\"url\":\"https:\/\/laprensacristiana.com\/\",\"name\":\"La Prensa Cristiana\",\"description\":\"Anunciando Las Buenas Nuevas\",\"potentialAction\":[{\"@type\":\"SearchAction\",\"target\":{\"@type\":\"EntryPoint\",\"urlTemplate\":\"https:\/\/laprensacristiana.com\/?s={search_term_string}\"},\"query-input\":\"required name=search_term_string\"}],\"inLanguage\":\"es\"},{\"@type\":\"Person\",\"@id\":\"https:\/\/laprensacristiana.com\/#\/schema\/person\/3e7d82c6bfd6b1fa67010f8f7cd5256e\",\"name\":\"EDITOR\",\"image\":{\"@type\":\"ImageObject\",\"inLanguage\":\"es\",\"@id\":\"https:\/\/laprensacristiana.com\/#\/schema\/person\/image\/\",\"url\":\"https:\/\/secure.gravatar.com\/avatar\/72069dfb6c13772d9e8381e3638666d2?s=96&d=mm&r=g\",\"contentUrl\":\"https:\/\/secure.gravatar.com\/avatar\/72069dfb6c13772d9e8381e3638666d2?s=96&d=mm&r=g\",\"caption\":\"EDITOR\"},\"url\":\"https:\/\/laprensacristiana.com\/?author=3\"}]}<\/script>\n<!-- \/ Yoast SEO plugin. -->","yoast_head_json":{"title":"Usted Puede abrir puertas de esperanza a ni\u00f1os que son perseguidos por su fe. - La Prensa Cristiana","robots":{"index":"index","follow":"follow","max-snippet":"max-snippet:-1","max-image-preview":"max-image-preview:large","max-video-preview":"max-video-preview:-1"},"canonical":"https:\/\/laprensacristiana.com\/?p=15708","og_locale":"es_ES","og_type":"article","og_title":"Usted Puede abrir puertas de esperanza a ni\u00f1os que son perseguidos por su fe. - La Prensa Cristiana","og_description":"Por: Edwin G\u00f3ngora Iniciamos el a\u00f1o y desde ya organizaciones mundiales exhortan desde sus diferentes plataformas en redes sociales, a unirse a sus esfuerzos para ayudar a ni\u00f1os que son perseguidos y marginados por su fe en Jesucristo. Una de estas instituciones es Puertas Abiertas, organizaci\u00f3n internacional cristiana humanitaria evang\u00e9lica interdenominacional que apoya a los [&hellip;]","og_url":"https:\/\/laprensacristiana.com\/?p=15708","og_site_name":"La Prensa Cristiana","article_published_time":"2024-01-03T13:37:47+00:00","article_modified_time":"2024-01-03T13:41:37+00:00","og_image":[{"width":1024,"height":614,"url":"https:\/\/laprensacristiana.com\/wp-content\/uploads\/2024\/01\/WhatsApp-Image-2024-01-03-at-7.14.40-AM.jpeg","type":"image\/jpeg"}],"author":"EDITOR","twitter_card":"summary_large_image","twitter_misc":{"Escrito por":"EDITOR","Tiempo de lectura":"2 minutos"},"schema":{"@context":"https:\/\/schema.org","@graph":[{"@type":"WebPage","@id":"https:\/\/laprensacristiana.com\/?p=15708","url":"https:\/\/laprensacristiana.com\/?p=15708","name":"Usted Puede abrir puertas de esperanza a ni\u00f1os que son perseguidos por su fe. - La Prensa Cristiana","isPartOf":{"@id":"https:\/\/laprensacristiana.com\/#website"},"datePublished":"2024-01-03T13:37:47+00:00","dateModified":"2024-01-03T13:41:37+00:00","author":{"@id":"https:\/\/laprensacristiana.com\/#\/schema\/person\/3e7d82c6bfd6b1fa67010f8f7cd5256e"},"breadcrumb":{"@id":"https:\/\/laprensacristiana.com\/?p=15708#breadcrumb"},"inLanguage":"es","potentialAction":[{"@type":"ReadAction","target":["https:\/\/laprensacristiana.com\/?p=15708"]}]},{"@type":"BreadcrumbList","@id":"https:\/\/laprensacristiana.com\/?p=15708#breadcrumb","itemListElement":[{"@type":"ListItem","position":1,"name":"Portada","item":"https:\/\/laprensacristiana.com\/"},{"@type":"ListItem","position":2,"name":"Usted Puede abrir puertas de esperanza a ni\u00f1os que son perseguidos por su fe."}]},{"@type":"WebSite","@id":"https:\/\/laprensacristiana.com\/#website","url":"https:\/\/laprensacristiana.com\/","name":"La Prensa Cristiana","description":"Anunciando Las Buenas Nuevas","potentialAction":[{"@type":"SearchAction","target":{"@type":"EntryPoint","urlTemplate":"https:\/\/laprensacristiana.com\/?s={search_term_string}"},"query-input":"required name=search_term_string"}],"inLanguage":"es"},{"@type":"Person","@id":"https:\/\/laprensacristiana.com\/#\/schema\/person\/3e7d82c6bfd6b1fa67010f8f7cd5256e","name":"EDITOR","image":{"@type":"ImageObject","inLanguage":"es","@id":"https:\/\/laprensacristiana.com\/#\/schema\/person\/image\/","url":"https:\/\/secure.gravatar.com\/avatar\/72069dfb6c13772d9e8381e3638666d2?s=96&d=mm&r=g","contentUrl":"https:\/\/secure.gravatar.com\/avatar\/72069dfb6c13772d9e8381e3638666d2?s=96&d=mm&r=g","caption":"EDITOR"},"url":"https:\/\/laprensacristiana.com\/?author=3"}]}},"_links":{"self":[{"href":"https:\/\/laprensacristiana.com\/index.php?rest_route=\/wp\/v2\/posts\/15708"}],"collection":[{"href":"https:\/\/laprensacristiana.com\/index.php?rest_route=\/wp\/v2\/posts"}],"about":[{"href":"https:\/\/laprensacristiana.com\/index.php?rest_route=\/wp\/v2\/types\/post"}],"author":[{"embeddable":true,"href":"https:\/\/laprensacristiana.com\/index.php?rest_route=\/wp\/v2\/users\/3"}],"replies":[{"embeddable":true,"href":"https:\/\/laprensacristiana.com\/index.php?rest_route=%2Fwp%2Fv2%2Fcomments&post=15708"}],"version-history":[{"count":2,"href":"https:\/\/laprensacristiana.com\/index.php?rest_route=\/wp\/v2\/posts\/15708\/revisions"}],"predecessor-version":[{"id":15712,"href":"https:\/\/laprensacristiana.com\/index.php?rest_route=\/wp\/v2\/posts\/15708\/revisions\/15712"}],"wp:featuredmedia":[{"embeddable":true,"href":"https:\/\/laprensacristiana.com\/index.php?rest_route=\/wp\/v2\/media\/15709"}],"wp:attachment":[{"href":"https:\/\/laprensacristiana.com\/index.php?rest_route=%2Fwp%2Fv2%2Fmedia&parent=15708"}],"wp:term":[{"taxonomy":"category","embeddable":true,"href":"https:\/\/laprensacristiana.com\/index.php?rest_route=%2Fwp%2Fv2%2Fcategories&post=15708"},{"taxonomy":"post_tag","embeddable":true,"href":"https:\/\/laprensacristiana.com\/index.php?rest_route=%2Fwp%2Fv2%2Ftags&post=15708"}],"curies":[{"name":"wp","href":"https:\/\/api.w.org\/{rel}","templated":true}]}}