{"id":1574,"date":"2016-10-01T17:49:05","date_gmt":"2016-10-01T17:49:05","guid":{"rendered":"https:\/\/laprensacristiana.com\/?p=1574"},"modified":"2016-10-01T17:49:05","modified_gmt":"2016-10-01T17:49:05","slug":"los-desplazamientos-forzados-internos-una-realidad-innegable","status":"publish","type":"post","link":"https:\/\/laprensacristiana.com\/?p=1574","title":{"rendered":"Los desplazamientos forzados internos, una realidad innegable"},"content":{"rendered":"<p>La realidad por los desplazamientos forzados internos por la violencia en nuestro pa\u00eds es innegable, en las \u00faltimas semanas en Panchimalco, Caluco, Col. Rubio, Santa Cruz Michapa entre otros y lo m\u00e1s recientes en ser cubiertos por la prensa nacional e internacional nos dejan en la retina el abandono de casas, terrenos, cosechas, animales, es decir el esfuerzo de toda una vida en familias que muchas de ellas tienen niveles de subsistencia debido al accionar de grupos de pandillas que controlan estos territorios y siembran terror entre sus habitantes.<\/p>\n<p>Y en todos los casos \u201cescoltados\u201d por la Polic\u00eda Nacional Civil para que abandonen sus hogares y dejen todo tirado en poder de las estructuras criminales lo cual genera en la poblaci\u00f3n una sensaci\u00f3n que la situaci\u00f3n de seguridad no mejora y que por el contrario existen zonas en el pa\u00eds que el control territorial contin\u00faa siendo dirigido por las pandillas.<\/p>\n<p>Los representantes de la Corporaci\u00f3n policial en la escena ofrecen la custodia hasta el lugar donde trasladan sus pertenencias en muchos casos sin conocer cu\u00e1l es el destino, con el compromiso que enviar\u00e1 una patrulla que se mantenga en la zona para recuperar el control.<\/p>\n<p>Hombres, mujeres, ni\u00f1os, ancianos, mascotas emprenden los \u00e9xodos masivos de las comunidades como cuando el pueblo de Israel abandono Egypto luego del cautiverio del Fara\u00f3n pero en estas oportunidades bajo el yugo de la violencia y crimen.<\/p>\n<p>La definici\u00f3n de desplazamiento forzado seg\u00fan la ONU: \u201cPersonas o grupos de personas que se han visto forzadas u obligadas a huir o dejar sus hogares o su residencia habitual, particularmente como resultado o para evitar los efectos de un conflicto armado, situaci\u00f3n de violencia generalizada, violaci\u00f3n de los derechos humanos o desastres naturales o humanos y que no han atravesado una frontera de un Estado internacionalmente reconocido\u201d.<\/p>\n<p>Los desplazamientos forzados internos se generan a nivel mundial 65.3 millones de personas son v\u00edctimas hasta junio del presente a\u00f1o, es decir uno de cada ciento trece seres humanos seg\u00fan el reporte de Acnur con la observaci\u00f3n que es debido a conflictos armados y persecuci\u00f3n; estos datos los podemos convertir en una cifra m\u00e1s alarmante y es que veinticuatro personas por minuto se ven obligadas a huir de sus hogares; a la cabeza de esta lista se encuentran pa\u00edses que se encuentran bajo guerras declaradas (Afganist\u00e1n, Somalia, Siria, Yemen, Sur de Sud\u00e1n) y no en \u00e9poca de paz como se anuncia en El Salvador. En Am\u00e9rica Latina la lista la encabeza Colombia, M\u00e9xico y El Salvador.<\/p>\n<p>En nuestro pa\u00eds los principales factores para el desplazamiento forzado interno son: las extorsiones, amenazas de muerte, reclutamiento forzoso, o los constantes enfrentamientos entre estructuras criminales rivales. La Procuradur\u00eda para la Defensa de los Derechos Humanos en El Salvador reporta que desde el 2014 a marzo del 2016 se registran 124 familias desplazadas con un total de 427 personas v\u00edctimas de desplazamientos forzados, y muchos de ellos sin un registro oficial por temor a la denuncia. A esta cifra podemos agregar que existen m\u00e1s de diez mil solicitudes seg\u00fan la ONU de salvadore\u00f1os que solicitan refugio hasta el primer semestre del a\u00f1o 2015 queriendo migrar del pa\u00eds como consecuencia de la violencia y el crimen.<\/p>\n<p>Lamentablemente mientras las pandillas mantengan el control de territorios ellos seguir\u00e1n decidiendo quien vive y quien muere en las comunidades, barrios y colonias, quien entra, quien sale, los tributos por la mal denominada renta. Es mi recomendaci\u00f3n ampliar de inmediato la cobertura de los ochenta y un sectores y diez municipios de las medidas extraordinarias para que el FIRT y el FES recuperen territorio. Que la PNC se quede en los sectores y haga ejercer la ley y no brinde \u201ccustodia\u201d para que los salvadore\u00f1os dejen tiradas sus casas y pertenencias y contribuir al terrorismo. As\u00ed como construir una pol\u00edtica de atenci\u00f3n a v\u00edctimas de la violencia y desplazamientos ya que hasta este d\u00eda el Estado los ha olvidado.<\/p>\n","protected":false},"excerpt":{"rendered":"<p>La realidad por los desplazamientos forzados internos por la violencia en nuestro pa\u00eds es innegable, en las \u00faltimas semanas en Panchimalco, Caluco, Col. Rubio, Santa Cruz Michapa entre otros y lo m\u00e1s recientes en ser cubiertos por la prensa nacional e internacional nos dejan en la retina el abandono de casas, terrenos, cosechas, animales, es [&hellip;]<\/p>\n","protected":false},"author":3,"featured_media":1575,"comment_status":"open","ping_status":"open","sticky":false,"template":"","format":"standard","meta":[],"categories":[23],"tags":[],"yoast_head":"<!-- This site is optimized with the Yoast SEO plugin v20.8 - https:\/\/yoast.com\/wordpress\/plugins\/seo\/ -->\n<title>Los desplazamientos forzados internos, una realidad innegable - La Prensa Cristiana<\/title>\n<meta name=\"robots\" content=\"index, follow, max-snippet:-1, max-image-preview:large, max-video-preview:-1\" \/>\n<link rel=\"canonical\" href=\"https:\/\/laprensacristiana.com\/?p=1574\" \/>\n<meta property=\"og:locale\" content=\"es_ES\" \/>\n<meta property=\"og:type\" content=\"article\" \/>\n<meta property=\"og:title\" content=\"Los desplazamientos forzados internos, una realidad innegable - La Prensa Cristiana\" \/>\n<meta property=\"og:description\" content=\"La realidad por los desplazamientos forzados internos por la violencia en nuestro pa\u00eds es innegable, en las \u00faltimas semanas en Panchimalco, Caluco, Col. Rubio, Santa Cruz Michapa entre otros y lo m\u00e1s recientes en ser cubiertos por la prensa nacional e internacional nos dejan en la retina el abandono de casas, terrenos, cosechas, animales, es [&hellip;]\" \/>\n<meta property=\"og:url\" content=\"https:\/\/laprensacristiana.com\/?p=1574\" \/>\n<meta property=\"og:site_name\" content=\"La Prensa Cristiana\" \/>\n<meta property=\"article:published_time\" content=\"2016-10-01T17:49:05+00:00\" \/>\n<meta property=\"og:image\" content=\"https:\/\/laprensacristiana.com\/wp-content\/uploads\/2016\/10\/Ricardo-Sosa.png\" \/>\n\t<meta property=\"og:image:width\" content=\"592\" \/>\n\t<meta property=\"og:image:height\" content=\"331\" \/>\n\t<meta property=\"og:image:type\" content=\"image\/png\" \/>\n<meta name=\"author\" content=\"EDITOR\" \/>\n<meta name=\"twitter:card\" content=\"summary_large_image\" \/>\n<meta name=\"twitter:label1\" content=\"Escrito por\" \/>\n\t<meta name=\"twitter:data1\" content=\"EDITOR\" \/>\n\t<meta name=\"twitter:label2\" content=\"Tiempo de lectura\" \/>\n\t<meta name=\"twitter:data2\" content=\"3 minutos\" \/>\n<script type=\"application\/ld+json\" class=\"yoast-schema-graph\">{\"@context\":\"https:\/\/schema.org\",\"@graph\":[{\"@type\":\"WebPage\",\"@id\":\"https:\/\/laprensacristiana.com\/?p=1574\",\"url\":\"https:\/\/laprensacristiana.com\/?p=1574\",\"name\":\"Los desplazamientos forzados internos, una realidad innegable - La Prensa Cristiana\",\"isPartOf\":{\"@id\":\"https:\/\/laprensacristiana.com\/#website\"},\"datePublished\":\"2016-10-01T17:49:05+00:00\",\"dateModified\":\"2016-10-01T17:49:05+00:00\",\"author\":{\"@id\":\"https:\/\/laprensacristiana.com\/#\/schema\/person\/3e7d82c6bfd6b1fa67010f8f7cd5256e\"},\"breadcrumb\":{\"@id\":\"https:\/\/laprensacristiana.com\/?p=1574#breadcrumb\"},\"inLanguage\":\"es\",\"potentialAction\":[{\"@type\":\"ReadAction\",\"target\":[\"https:\/\/laprensacristiana.com\/?p=1574\"]}]},{\"@type\":\"BreadcrumbList\",\"@id\":\"https:\/\/laprensacristiana.com\/?p=1574#breadcrumb\",\"itemListElement\":[{\"@type\":\"ListItem\",\"position\":1,\"name\":\"Portada\",\"item\":\"https:\/\/laprensacristiana.com\/\"},{\"@type\":\"ListItem\",\"position\":2,\"name\":\"Los desplazamientos forzados internos, una realidad innegable\"}]},{\"@type\":\"WebSite\",\"@id\":\"https:\/\/laprensacristiana.com\/#website\",\"url\":\"https:\/\/laprensacristiana.com\/\",\"name\":\"La Prensa Cristiana\",\"description\":\"Anunciando Las Buenas Nuevas\",\"potentialAction\":[{\"@type\":\"SearchAction\",\"target\":{\"@type\":\"EntryPoint\",\"urlTemplate\":\"https:\/\/laprensacristiana.com\/?s={search_term_string}\"},\"query-input\":\"required name=search_term_string\"}],\"inLanguage\":\"es\"},{\"@type\":\"Person\",\"@id\":\"https:\/\/laprensacristiana.com\/#\/schema\/person\/3e7d82c6bfd6b1fa67010f8f7cd5256e\",\"name\":\"EDITOR\",\"image\":{\"@type\":\"ImageObject\",\"inLanguage\":\"es\",\"@id\":\"https:\/\/laprensacristiana.com\/#\/schema\/person\/image\/\",\"url\":\"https:\/\/secure.gravatar.com\/avatar\/72069dfb6c13772d9e8381e3638666d2?s=96&d=mm&r=g\",\"contentUrl\":\"https:\/\/secure.gravatar.com\/avatar\/72069dfb6c13772d9e8381e3638666d2?s=96&d=mm&r=g\",\"caption\":\"EDITOR\"},\"url\":\"https:\/\/laprensacristiana.com\/?author=3\"}]}<\/script>\n<!-- \/ Yoast SEO plugin. -->","yoast_head_json":{"title":"Los desplazamientos forzados internos, una realidad innegable - La Prensa Cristiana","robots":{"index":"index","follow":"follow","max-snippet":"max-snippet:-1","max-image-preview":"max-image-preview:large","max-video-preview":"max-video-preview:-1"},"canonical":"https:\/\/laprensacristiana.com\/?p=1574","og_locale":"es_ES","og_type":"article","og_title":"Los desplazamientos forzados internos, una realidad innegable - La Prensa Cristiana","og_description":"La realidad por los desplazamientos forzados internos por la violencia en nuestro pa\u00eds es innegable, en las \u00faltimas semanas en Panchimalco, Caluco, Col. Rubio, Santa Cruz Michapa entre otros y lo m\u00e1s recientes en ser cubiertos por la prensa nacional e internacional nos dejan en la retina el abandono de casas, terrenos, cosechas, animales, es [&hellip;]","og_url":"https:\/\/laprensacristiana.com\/?p=1574","og_site_name":"La Prensa Cristiana","article_published_time":"2016-10-01T17:49:05+00:00","og_image":[{"width":592,"height":331,"url":"https:\/\/laprensacristiana.com\/wp-content\/uploads\/2016\/10\/Ricardo-Sosa.png","type":"image\/png"}],"author":"EDITOR","twitter_card":"summary_large_image","twitter_misc":{"Escrito por":"EDITOR","Tiempo de lectura":"3 minutos"},"schema":{"@context":"https:\/\/schema.org","@graph":[{"@type":"WebPage","@id":"https:\/\/laprensacristiana.com\/?p=1574","url":"https:\/\/laprensacristiana.com\/?p=1574","name":"Los desplazamientos forzados internos, una realidad innegable - La Prensa Cristiana","isPartOf":{"@id":"https:\/\/laprensacristiana.com\/#website"},"datePublished":"2016-10-01T17:49:05+00:00","dateModified":"2016-10-01T17:49:05+00:00","author":{"@id":"https:\/\/laprensacristiana.com\/#\/schema\/person\/3e7d82c6bfd6b1fa67010f8f7cd5256e"},"breadcrumb":{"@id":"https:\/\/laprensacristiana.com\/?p=1574#breadcrumb"},"inLanguage":"es","potentialAction":[{"@type":"ReadAction","target":["https:\/\/laprensacristiana.com\/?p=1574"]}]},{"@type":"BreadcrumbList","@id":"https:\/\/laprensacristiana.com\/?p=1574#breadcrumb","itemListElement":[{"@type":"ListItem","position":1,"name":"Portada","item":"https:\/\/laprensacristiana.com\/"},{"@type":"ListItem","position":2,"name":"Los desplazamientos forzados internos, una realidad innegable"}]},{"@type":"WebSite","@id":"https:\/\/laprensacristiana.com\/#website","url":"https:\/\/laprensacristiana.com\/","name":"La Prensa Cristiana","description":"Anunciando Las Buenas Nuevas","potentialAction":[{"@type":"SearchAction","target":{"@type":"EntryPoint","urlTemplate":"https:\/\/laprensacristiana.com\/?s={search_term_string}"},"query-input":"required name=search_term_string"}],"inLanguage":"es"},{"@type":"Person","@id":"https:\/\/laprensacristiana.com\/#\/schema\/person\/3e7d82c6bfd6b1fa67010f8f7cd5256e","name":"EDITOR","image":{"@type":"ImageObject","inLanguage":"es","@id":"https:\/\/laprensacristiana.com\/#\/schema\/person\/image\/","url":"https:\/\/secure.gravatar.com\/avatar\/72069dfb6c13772d9e8381e3638666d2?s=96&d=mm&r=g","contentUrl":"https:\/\/secure.gravatar.com\/avatar\/72069dfb6c13772d9e8381e3638666d2?s=96&d=mm&r=g","caption":"EDITOR"},"url":"https:\/\/laprensacristiana.com\/?author=3"}]}},"_links":{"self":[{"href":"https:\/\/laprensacristiana.com\/index.php?rest_route=\/wp\/v2\/posts\/1574"}],"collection":[{"href":"https:\/\/laprensacristiana.com\/index.php?rest_route=\/wp\/v2\/posts"}],"about":[{"href":"https:\/\/laprensacristiana.com\/index.php?rest_route=\/wp\/v2\/types\/post"}],"author":[{"embeddable":true,"href":"https:\/\/laprensacristiana.com\/index.php?rest_route=\/wp\/v2\/users\/3"}],"replies":[{"embeddable":true,"href":"https:\/\/laprensacristiana.com\/index.php?rest_route=%2Fwp%2Fv2%2Fcomments&post=1574"}],"version-history":[{"count":1,"href":"https:\/\/laprensacristiana.com\/index.php?rest_route=\/wp\/v2\/posts\/1574\/revisions"}],"predecessor-version":[{"id":1576,"href":"https:\/\/laprensacristiana.com\/index.php?rest_route=\/wp\/v2\/posts\/1574\/revisions\/1576"}],"wp:featuredmedia":[{"embeddable":true,"href":"https:\/\/laprensacristiana.com\/index.php?rest_route=\/wp\/v2\/media\/1575"}],"wp:attachment":[{"href":"https:\/\/laprensacristiana.com\/index.php?rest_route=%2Fwp%2Fv2%2Fmedia&parent=1574"}],"wp:term":[{"taxonomy":"category","embeddable":true,"href":"https:\/\/laprensacristiana.com\/index.php?rest_route=%2Fwp%2Fv2%2Fcategories&post=1574"},{"taxonomy":"post_tag","embeddable":true,"href":"https:\/\/laprensacristiana.com\/index.php?rest_route=%2Fwp%2Fv2%2Ftags&post=1574"}],"curies":[{"name":"wp","href":"https:\/\/api.w.org\/{rel}","templated":true}]}}