{"id":15762,"date":"2024-01-04T20:01:36","date_gmt":"2024-01-04T20:01:36","guid":{"rendered":"https:\/\/laprensacristiana.com\/?p=15762"},"modified":"2024-01-04T20:01:37","modified_gmt":"2024-01-04T20:01:37","slug":"sociedad-biblica-de-irlanda-lanza-proyecto-biblias-para-bebes","status":"publish","type":"post","link":"https:\/\/laprensacristiana.com\/?p=15762","title":{"rendered":"Sociedad B\u00edblica de Irlanda lanza proyecto \u00abBiblias para beb\u00e9s\u00bb"},"content":{"rendered":"\n<p>Por: Edwin G\u00f3ngora <\/p>\n\n\n\n<p>El transmitir la palabra de Dios no se limita \u00fanicamente a ni\u00f1os, j\u00f3venes, adultos y adultos mayores, la oportunidad de hacerlo incluye tambi\u00e9n a los bebes. Si, as\u00ed como lo lee.<\/p>\n\n\n\n<p>En Irlanda del Norte miembros de la Sociedad B\u00edblica desarrollan un programa en el que todos tengan acceso a la palabra de Dios, por lo que han iniciado el proyecto Biblias para Beb\u00e9s.<\/p>\n\n\n\n<p>La campa\u00f1a est\u00e1 dirigida a los peque\u00f1os nacidos durante el 2023 y busca proporcionar una Biblia para cada uno, d\u00e1ndole seguimiento hasta que cumpla 5 a\u00f1os.<\/p>\n\n\n\n<figure class=\"wp-block-image size-large\"><img decoding=\"async\" loading=\"lazy\" width=\"1024\" height=\"357\" src=\"https:\/\/laprensacristiana.com\/wp-content\/uploads\/2024\/01\/WhatsApp-Image-2024-01-04-at-12.28.34-PM-1024x357.jpeg\" alt=\"\" class=\"wp-image-15764\" srcset=\"https:\/\/laprensacristiana.com\/wp-content\/uploads\/2024\/01\/WhatsApp-Image-2024-01-04-at-12.28.34-PM-1024x357.jpeg 1024w, https:\/\/laprensacristiana.com\/wp-content\/uploads\/2024\/01\/WhatsApp-Image-2024-01-04-at-12.28.34-PM-300x105.jpeg 300w, https:\/\/laprensacristiana.com\/wp-content\/uploads\/2024\/01\/WhatsApp-Image-2024-01-04-at-12.28.34-PM-768x268.jpeg 768w, https:\/\/laprensacristiana.com\/wp-content\/uploads\/2024\/01\/WhatsApp-Image-2024-01-04-at-12.28.34-PM-1536x536.jpeg 1536w, https:\/\/laprensacristiana.com\/wp-content\/uploads\/2024\/01\/WhatsApp-Image-2024-01-04-at-12.28.34-PM-696x243.jpeg 696w, https:\/\/laprensacristiana.com\/wp-content\/uploads\/2024\/01\/WhatsApp-Image-2024-01-04-at-12.28.34-PM-1068x372.jpeg 1068w, https:\/\/laprensacristiana.com\/wp-content\/uploads\/2024\/01\/WhatsApp-Image-2024-01-04-at-12.28.34-PM-600x209.jpeg 600w, https:\/\/laprensacristiana.com\/wp-content\/uploads\/2024\/01\/WhatsApp-Image-2024-01-04-at-12.28.34-PM.jpeg 1600w\" sizes=\"(max-width: 1024px) 100vw, 1024px\" \/><\/figure>\n\n\n\n<p>Una estrategia que permite crear y fortalecer el h\u00e1bito de lectura en familia. Leerla entre todos compartiendo lo que cada historia, vers\u00edculo y mensaje nos trae para nuestra vida.<\/p>\n\n\n\n<p>El proyecto incluso est\u00e1 habilitado para familias cristianas de otros pa\u00edses que hayan tenido su beb\u00e9 en el 2023.<\/p>\n\n\n\n<p>La informaci\u00f3n que fue publicada en su pagina web, menciona que los beb\u00e9s inscritos recibir\u00e1n una Biblia con \u201cHistorias b\u00edblicas de 5 minutos\u201d, adecuada para ni\u00f1os peque\u00f1os. Al cumplir 5 a\u00f1os se le enviar\u00e1 una Biblia para ni\u00f1os m\u00e1s apropiada para la edad de un ni\u00f1o de escuela primaria a medida que comienza a desarrollar su propio h\u00e1bito de leer la Biblia.<\/p>\n\n\n\n<figure class=\"wp-block-image size-large\"><img decoding=\"async\" loading=\"lazy\" width=\"794\" height=\"1024\" src=\"https:\/\/laprensacristiana.com\/wp-content\/uploads\/2024\/01\/WhatsApp-Image-2024-01-04-at-12.28.34-PM-1-794x1024.jpeg\" alt=\"\" class=\"wp-image-15765\" srcset=\"https:\/\/laprensacristiana.com\/wp-content\/uploads\/2024\/01\/WhatsApp-Image-2024-01-04-at-12.28.34-PM-1-794x1024.jpeg 794w, https:\/\/laprensacristiana.com\/wp-content\/uploads\/2024\/01\/WhatsApp-Image-2024-01-04-at-12.28.34-PM-1-233x300.jpeg 233w, https:\/\/laprensacristiana.com\/wp-content\/uploads\/2024\/01\/WhatsApp-Image-2024-01-04-at-12.28.34-PM-1-768x990.jpeg 768w, https:\/\/laprensacristiana.com\/wp-content\/uploads\/2024\/01\/WhatsApp-Image-2024-01-04-at-12.28.34-PM-1-696x898.jpeg 696w, https:\/\/laprensacristiana.com\/wp-content\/uploads\/2024\/01\/WhatsApp-Image-2024-01-04-at-12.28.34-PM-1-600x774.jpeg 600w, https:\/\/laprensacristiana.com\/wp-content\/uploads\/2024\/01\/WhatsApp-Image-2024-01-04-at-12.28.34-PM-1.jpeg 846w\" sizes=\"(max-width: 794px) 100vw, 794px\" \/><\/figure>\n\n\n\n<p>No es primera vez que Sociedad B\u00edblica de Irlanda del Norte, pone en marcha este proyecto, ya que en el 2022 lo realizaron logrando obtener 1,500 beb\u00e9s inscritos.<\/p>\n\n\n\n<p>La inscripci\u00f3n para los beb\u00e9s nacidos durante el 2023 inicio el 1 de noviembre anterior y cerrara el 31 de enero pr\u00f3ximo, as\u00ed que a\u00fan tiene la oportunidad de formar parte de este proyecto.<\/p>\n\n\n\n<p>Si usted est\u00e1 interesado (a) puede ir a la siguiente direcci\u00f3n: https:\/\/biblesocietyni.co.uk\/resources\/bibles-for-babies\/&nbsp; e inscribir a tu beb\u00e9.<\/p>\n\n\n\n<figure class=\"wp-block-image size-full\"><img decoding=\"async\" loading=\"lazy\" width=\"946\" height=\"812\" src=\"https:\/\/laprensacristiana.com\/wp-content\/uploads\/2024\/01\/WhatsApp-Image-2024-01-04-at-12.28.34-PM-2.jpeg\" alt=\"\" class=\"wp-image-15766\" srcset=\"https:\/\/laprensacristiana.com\/wp-content\/uploads\/2024\/01\/WhatsApp-Image-2024-01-04-at-12.28.34-PM-2.jpeg 946w, https:\/\/laprensacristiana.com\/wp-content\/uploads\/2024\/01\/WhatsApp-Image-2024-01-04-at-12.28.34-PM-2-300x258.jpeg 300w, https:\/\/laprensacristiana.com\/wp-content\/uploads\/2024\/01\/WhatsApp-Image-2024-01-04-at-12.28.34-PM-2-768x659.jpeg 768w, https:\/\/laprensacristiana.com\/wp-content\/uploads\/2024\/01\/WhatsApp-Image-2024-01-04-at-12.28.34-PM-2-696x597.jpeg 696w, https:\/\/laprensacristiana.com\/wp-content\/uploads\/2024\/01\/WhatsApp-Image-2024-01-04-at-12.28.34-PM-2-600x515.jpeg 600w\" sizes=\"(max-width: 946px) 100vw, 946px\" \/><\/figure>\n","protected":false},"excerpt":{"rendered":"<p>Por: Edwin G\u00f3ngora El transmitir la palabra de Dios no se limita \u00fanicamente a ni\u00f1os, j\u00f3venes, adultos y adultos mayores, la oportunidad de hacerlo incluye tambi\u00e9n a los bebes. Si, as\u00ed como lo lee. En Irlanda del Norte miembros de la Sociedad B\u00edblica desarrollan un programa en el que todos tengan acceso a la palabra [&hellip;]<\/p>\n","protected":false},"author":3,"featured_media":15763,"comment_status":"open","ping_status":"open","sticky":false,"template":"","format":"standard","meta":[],"categories":[56],"tags":[],"yoast_head":"<!-- This site is optimized with the Yoast SEO plugin v20.8 - https:\/\/yoast.com\/wordpress\/plugins\/seo\/ -->\n<title>Sociedad B\u00edblica de Irlanda lanza proyecto \u00abBiblias para beb\u00e9s\u00bb - La Prensa Cristiana<\/title>\n<meta name=\"robots\" content=\"index, follow, max-snippet:-1, max-image-preview:large, max-video-preview:-1\" \/>\n<link rel=\"canonical\" href=\"https:\/\/laprensacristiana.com\/?p=15762\" \/>\n<meta property=\"og:locale\" content=\"es_ES\" \/>\n<meta property=\"og:type\" content=\"article\" \/>\n<meta property=\"og:title\" content=\"Sociedad B\u00edblica de Irlanda lanza proyecto \u00abBiblias para beb\u00e9s\u00bb - La Prensa Cristiana\" \/>\n<meta property=\"og:description\" content=\"Por: Edwin G\u00f3ngora El transmitir la palabra de Dios no se limita \u00fanicamente a ni\u00f1os, j\u00f3venes, adultos y adultos mayores, la oportunidad de hacerlo incluye tambi\u00e9n a los bebes. Si, as\u00ed como lo lee. En Irlanda del Norte miembros de la Sociedad B\u00edblica desarrollan un programa en el que todos tengan acceso a la palabra [&hellip;]\" \/>\n<meta property=\"og:url\" content=\"https:\/\/laprensacristiana.com\/?p=15762\" \/>\n<meta property=\"og:site_name\" content=\"La Prensa Cristiana\" \/>\n<meta property=\"article:published_time\" content=\"2024-01-04T20:01:36+00:00\" \/>\n<meta property=\"article:modified_time\" content=\"2024-01-04T20:01:37+00:00\" \/>\n<meta property=\"og:image\" content=\"https:\/\/laprensacristiana.com\/wp-content\/uploads\/2024\/01\/WhatsApp-Image-2024-01-04-at-1.26.49-PM.jpeg\" \/>\n\t<meta property=\"og:image:width\" content=\"1600\" \/>\n\t<meta property=\"og:image:height\" content=\"960\" \/>\n\t<meta property=\"og:image:type\" content=\"image\/jpeg\" \/>\n<meta name=\"author\" content=\"EDITOR\" \/>\n<meta name=\"twitter:card\" content=\"summary_large_image\" \/>\n<meta name=\"twitter:label1\" content=\"Escrito por\" \/>\n\t<meta name=\"twitter:data1\" content=\"EDITOR\" \/>\n\t<meta name=\"twitter:label2\" content=\"Tiempo de lectura\" \/>\n\t<meta name=\"twitter:data2\" content=\"2 minutos\" \/>\n<script type=\"application\/ld+json\" class=\"yoast-schema-graph\">{\"@context\":\"https:\/\/schema.org\",\"@graph\":[{\"@type\":\"WebPage\",\"@id\":\"https:\/\/laprensacristiana.com\/?p=15762\",\"url\":\"https:\/\/laprensacristiana.com\/?p=15762\",\"name\":\"Sociedad B\u00edblica de Irlanda lanza proyecto \u00abBiblias para beb\u00e9s\u00bb - La Prensa Cristiana\",\"isPartOf\":{\"@id\":\"https:\/\/laprensacristiana.com\/#website\"},\"datePublished\":\"2024-01-04T20:01:36+00:00\",\"dateModified\":\"2024-01-04T20:01:37+00:00\",\"author\":{\"@id\":\"https:\/\/laprensacristiana.com\/#\/schema\/person\/3e7d82c6bfd6b1fa67010f8f7cd5256e\"},\"breadcrumb\":{\"@id\":\"https:\/\/laprensacristiana.com\/?p=15762#breadcrumb\"},\"inLanguage\":\"es\",\"potentialAction\":[{\"@type\":\"ReadAction\",\"target\":[\"https:\/\/laprensacristiana.com\/?p=15762\"]}]},{\"@type\":\"BreadcrumbList\",\"@id\":\"https:\/\/laprensacristiana.com\/?p=15762#breadcrumb\",\"itemListElement\":[{\"@type\":\"ListItem\",\"position\":1,\"name\":\"Portada\",\"item\":\"https:\/\/laprensacristiana.com\/\"},{\"@type\":\"ListItem\",\"position\":2,\"name\":\"Sociedad B\u00edblica de Irlanda lanza proyecto \u00abBiblias para beb\u00e9s\u00bb\"}]},{\"@type\":\"WebSite\",\"@id\":\"https:\/\/laprensacristiana.com\/#website\",\"url\":\"https:\/\/laprensacristiana.com\/\",\"name\":\"La Prensa Cristiana\",\"description\":\"Anunciando Las Buenas Nuevas\",\"potentialAction\":[{\"@type\":\"SearchAction\",\"target\":{\"@type\":\"EntryPoint\",\"urlTemplate\":\"https:\/\/laprensacristiana.com\/?s={search_term_string}\"},\"query-input\":\"required name=search_term_string\"}],\"inLanguage\":\"es\"},{\"@type\":\"Person\",\"@id\":\"https:\/\/laprensacristiana.com\/#\/schema\/person\/3e7d82c6bfd6b1fa67010f8f7cd5256e\",\"name\":\"EDITOR\",\"image\":{\"@type\":\"ImageObject\",\"inLanguage\":\"es\",\"@id\":\"https:\/\/laprensacristiana.com\/#\/schema\/person\/image\/\",\"url\":\"https:\/\/secure.gravatar.com\/avatar\/72069dfb6c13772d9e8381e3638666d2?s=96&d=mm&r=g\",\"contentUrl\":\"https:\/\/secure.gravatar.com\/avatar\/72069dfb6c13772d9e8381e3638666d2?s=96&d=mm&r=g\",\"caption\":\"EDITOR\"},\"url\":\"https:\/\/laprensacristiana.com\/?author=3\"}]}<\/script>\n<!-- \/ Yoast SEO plugin. -->","yoast_head_json":{"title":"Sociedad B\u00edblica de Irlanda lanza proyecto \u00abBiblias para beb\u00e9s\u00bb - La Prensa Cristiana","robots":{"index":"index","follow":"follow","max-snippet":"max-snippet:-1","max-image-preview":"max-image-preview:large","max-video-preview":"max-video-preview:-1"},"canonical":"https:\/\/laprensacristiana.com\/?p=15762","og_locale":"es_ES","og_type":"article","og_title":"Sociedad B\u00edblica de Irlanda lanza proyecto \u00abBiblias para beb\u00e9s\u00bb - La Prensa Cristiana","og_description":"Por: Edwin G\u00f3ngora El transmitir la palabra de Dios no se limita \u00fanicamente a ni\u00f1os, j\u00f3venes, adultos y adultos mayores, la oportunidad de hacerlo incluye tambi\u00e9n a los bebes. Si, as\u00ed como lo lee. En Irlanda del Norte miembros de la Sociedad B\u00edblica desarrollan un programa en el que todos tengan acceso a la palabra [&hellip;]","og_url":"https:\/\/laprensacristiana.com\/?p=15762","og_site_name":"La Prensa Cristiana","article_published_time":"2024-01-04T20:01:36+00:00","article_modified_time":"2024-01-04T20:01:37+00:00","og_image":[{"width":1600,"height":960,"url":"https:\/\/laprensacristiana.com\/wp-content\/uploads\/2024\/01\/WhatsApp-Image-2024-01-04-at-1.26.49-PM.jpeg","type":"image\/jpeg"}],"author":"EDITOR","twitter_card":"summary_large_image","twitter_misc":{"Escrito por":"EDITOR","Tiempo de lectura":"2 minutos"},"schema":{"@context":"https:\/\/schema.org","@graph":[{"@type":"WebPage","@id":"https:\/\/laprensacristiana.com\/?p=15762","url":"https:\/\/laprensacristiana.com\/?p=15762","name":"Sociedad B\u00edblica de Irlanda lanza proyecto \u00abBiblias para beb\u00e9s\u00bb - La Prensa Cristiana","isPartOf":{"@id":"https:\/\/laprensacristiana.com\/#website"},"datePublished":"2024-01-04T20:01:36+00:00","dateModified":"2024-01-04T20:01:37+00:00","author":{"@id":"https:\/\/laprensacristiana.com\/#\/schema\/person\/3e7d82c6bfd6b1fa67010f8f7cd5256e"},"breadcrumb":{"@id":"https:\/\/laprensacristiana.com\/?p=15762#breadcrumb"},"inLanguage":"es","potentialAction":[{"@type":"ReadAction","target":["https:\/\/laprensacristiana.com\/?p=15762"]}]},{"@type":"BreadcrumbList","@id":"https:\/\/laprensacristiana.com\/?p=15762#breadcrumb","itemListElement":[{"@type":"ListItem","position":1,"name":"Portada","item":"https:\/\/laprensacristiana.com\/"},{"@type":"ListItem","position":2,"name":"Sociedad B\u00edblica de Irlanda lanza proyecto \u00abBiblias para beb\u00e9s\u00bb"}]},{"@type":"WebSite","@id":"https:\/\/laprensacristiana.com\/#website","url":"https:\/\/laprensacristiana.com\/","name":"La Prensa Cristiana","description":"Anunciando Las Buenas Nuevas","potentialAction":[{"@type":"SearchAction","target":{"@type":"EntryPoint","urlTemplate":"https:\/\/laprensacristiana.com\/?s={search_term_string}"},"query-input":"required name=search_term_string"}],"inLanguage":"es"},{"@type":"Person","@id":"https:\/\/laprensacristiana.com\/#\/schema\/person\/3e7d82c6bfd6b1fa67010f8f7cd5256e","name":"EDITOR","image":{"@type":"ImageObject","inLanguage":"es","@id":"https:\/\/laprensacristiana.com\/#\/schema\/person\/image\/","url":"https:\/\/secure.gravatar.com\/avatar\/72069dfb6c13772d9e8381e3638666d2?s=96&d=mm&r=g","contentUrl":"https:\/\/secure.gravatar.com\/avatar\/72069dfb6c13772d9e8381e3638666d2?s=96&d=mm&r=g","caption":"EDITOR"},"url":"https:\/\/laprensacristiana.com\/?author=3"}]}},"_links":{"self":[{"href":"https:\/\/laprensacristiana.com\/index.php?rest_route=\/wp\/v2\/posts\/15762"}],"collection":[{"href":"https:\/\/laprensacristiana.com\/index.php?rest_route=\/wp\/v2\/posts"}],"about":[{"href":"https:\/\/laprensacristiana.com\/index.php?rest_route=\/wp\/v2\/types\/post"}],"author":[{"embeddable":true,"href":"https:\/\/laprensacristiana.com\/index.php?rest_route=\/wp\/v2\/users\/3"}],"replies":[{"embeddable":true,"href":"https:\/\/laprensacristiana.com\/index.php?rest_route=%2Fwp%2Fv2%2Fcomments&post=15762"}],"version-history":[{"count":1,"href":"https:\/\/laprensacristiana.com\/index.php?rest_route=\/wp\/v2\/posts\/15762\/revisions"}],"predecessor-version":[{"id":15767,"href":"https:\/\/laprensacristiana.com\/index.php?rest_route=\/wp\/v2\/posts\/15762\/revisions\/15767"}],"wp:featuredmedia":[{"embeddable":true,"href":"https:\/\/laprensacristiana.com\/index.php?rest_route=\/wp\/v2\/media\/15763"}],"wp:attachment":[{"href":"https:\/\/laprensacristiana.com\/index.php?rest_route=%2Fwp%2Fv2%2Fmedia&parent=15762"}],"wp:term":[{"taxonomy":"category","embeddable":true,"href":"https:\/\/laprensacristiana.com\/index.php?rest_route=%2Fwp%2Fv2%2Fcategories&post=15762"},{"taxonomy":"post_tag","embeddable":true,"href":"https:\/\/laprensacristiana.com\/index.php?rest_route=%2Fwp%2Fv2%2Ftags&post=15762"}],"curies":[{"name":"wp","href":"https:\/\/api.w.org\/{rel}","templated":true}]}}