{"id":15790,"date":"2024-01-08T16:10:10","date_gmt":"2024-01-08T16:10:10","guid":{"rendered":"https:\/\/laprensacristiana.com\/?p=15790"},"modified":"2024-01-08T16:10:11","modified_gmt":"2024-01-08T16:10:11","slug":"13-millones-de-personas-evangelizadas-por-asociacion-luis-palau-durante-2023","status":"publish","type":"post","link":"https:\/\/laprensacristiana.com\/?p=15790","title":{"rendered":"13 millones de personas evangelizadas por Asociaci\u00f3n Luis Palau durante 2023"},"content":{"rendered":"\n<p>Por: Edwin G\u00f3ngora <\/p>\n\n\n\n<p>Nadie puede negar que la palabra de Dios trasciende y como lo dice Hechos 1:8 esta ser\u00e1 predicada \u201chasta lo \u00faltimo de la tierra\u201d.&nbsp;&nbsp;<\/p>\n\n\n\n<p>Dicha labor qued\u00f3 plasmada a lo largo del a\u00f1o 2023 cuando la Asociaci\u00f3n Luis Palau llegara a m\u00e1s de 13 millones de personas, por medio de campa\u00f1as evangel\u00edsticas en diferentes ciudades, pueblos y estados del mundo.<\/p>\n\n\n\n<figure class=\"wp-block-image size-large\"><img decoding=\"async\" loading=\"lazy\" width=\"1024\" height=\"449\" src=\"https:\/\/laprensacristiana.com\/wp-content\/uploads\/2024\/01\/WhatsApp-Image-2024-01-05-at-3.33.24-PM-1024x449.jpeg\" alt=\"\" class=\"wp-image-15792\" srcset=\"https:\/\/laprensacristiana.com\/wp-content\/uploads\/2024\/01\/WhatsApp-Image-2024-01-05-at-3.33.24-PM-1024x449.jpeg 1024w, https:\/\/laprensacristiana.com\/wp-content\/uploads\/2024\/01\/WhatsApp-Image-2024-01-05-at-3.33.24-PM-300x132.jpeg 300w, https:\/\/laprensacristiana.com\/wp-content\/uploads\/2024\/01\/WhatsApp-Image-2024-01-05-at-3.33.24-PM-768x337.jpeg 768w, https:\/\/laprensacristiana.com\/wp-content\/uploads\/2024\/01\/WhatsApp-Image-2024-01-05-at-3.33.24-PM-696x305.jpeg 696w, https:\/\/laprensacristiana.com\/wp-content\/uploads\/2024\/01\/WhatsApp-Image-2024-01-05-at-3.33.24-PM-1068x468.jpeg 1068w, https:\/\/laprensacristiana.com\/wp-content\/uploads\/2024\/01\/WhatsApp-Image-2024-01-05-at-3.33.24-PM-600x263.jpeg 600w, https:\/\/laprensacristiana.com\/wp-content\/uploads\/2024\/01\/WhatsApp-Image-2024-01-05-at-3.33.24-PM.jpeg 1140w\" sizes=\"(max-width: 1024px) 100vw, 1024px\" \/><\/figure>\n\n\n\n<p>En un informe de sus actividades realizado el a\u00f1o pasado y hecho p\u00fablico en su sitio web, la fundaci\u00f3n destaca que de esos 13 millones de personas que acudieron a las actividades realizadas, 2 millones 901 mil 985 entregaron su vida a Cristo; mientras que 1 mill\u00f3n de personas con gobiernos hostiles al evangelio fueron las que abrieron sus puertas para que se predicara las buenas nuevas y muchos decidieran seguir a Cristo.<\/p>\n\n\n\n<p>Entre las naciones visitadas en Am\u00e9rica Latina y que fueron impactadas con la palabra estuvieron Costa Rica (24 y 25 de marzo) y Uruguay (17 y 18 de noviembre) donde brindaron atenci\u00f3n sanitaria, visitaron a reclusos de las penitenciar\u00edas y brindaron un espect\u00e1culo musical y evangel\u00edstico.<\/p>\n\n\n\n<p>En marzo, realizaron el festival de m\u00fasica y conferencias South by Southwest (SXSW) en Austin, Texas, con la colaboraci\u00f3n de iglesias locales, donde por primera vez en este evento se incluy\u00f3 un segmento evangel\u00edstico.<\/p>\n\n\n\n<figure class=\"wp-block-image size-large\"><img decoding=\"async\" loading=\"lazy\" width=\"1024\" height=\"701\" src=\"https:\/\/laprensacristiana.com\/wp-content\/uploads\/2024\/01\/WhatsApp-Image-2024-01-05-at-3.33.24-PM-3-1024x701.jpeg\" alt=\"\" class=\"wp-image-15793\" srcset=\"https:\/\/laprensacristiana.com\/wp-content\/uploads\/2024\/01\/WhatsApp-Image-2024-01-05-at-3.33.24-PM-3-1024x701.jpeg 1024w, https:\/\/laprensacristiana.com\/wp-content\/uploads\/2024\/01\/WhatsApp-Image-2024-01-05-at-3.33.24-PM-3-300x205.jpeg 300w, https:\/\/laprensacristiana.com\/wp-content\/uploads\/2024\/01\/WhatsApp-Image-2024-01-05-at-3.33.24-PM-3-768x526.jpeg 768w, https:\/\/laprensacristiana.com\/wp-content\/uploads\/2024\/01\/WhatsApp-Image-2024-01-05-at-3.33.24-PM-3-218x150.jpeg 218w, https:\/\/laprensacristiana.com\/wp-content\/uploads\/2024\/01\/WhatsApp-Image-2024-01-05-at-3.33.24-PM-3-696x476.jpeg 696w, https:\/\/laprensacristiana.com\/wp-content\/uploads\/2024\/01\/WhatsApp-Image-2024-01-05-at-3.33.24-PM-3-1068x731.jpeg 1068w, https:\/\/laprensacristiana.com\/wp-content\/uploads\/2024\/01\/WhatsApp-Image-2024-01-05-at-3.33.24-PM-3-600x411.jpeg 600w, https:\/\/laprensacristiana.com\/wp-content\/uploads\/2024\/01\/WhatsApp-Image-2024-01-05-at-3.33.24-PM-3.jpeg 1081w\" sizes=\"(max-width: 1024px) 100vw, 1024px\" \/><\/figure>\n\n\n\n<p>A este fueron invitados como oradores Nona Jones, directora de contenido y asociaciones de YouVersion y Pat Gelsinger, CEO de Intel, as\u00ed como algunas bandas cristianas que tocaron para bendecir a los presentes.<\/p>\n\n\n\n<p>La Asociaci\u00f3n Luis Palau no detendr\u00e1 su misi\u00f3n de expandir la palabra, durante este 2024 y as\u00ed como la promulgo el a\u00f1o anterior al buscar difundirla en todas partes del mundo, haciendo cumplir lo que nos dice Juan en su cap\u00edtulo 20, verso 21,&nbsp; \u201cComo me envi\u00f3 el Padre, as\u00ed tambi\u00e9n yo os env\u00edo\u201d.<\/p>\n\n\n\n<figure class=\"wp-block-image size-large\"><img decoding=\"async\" loading=\"lazy\" width=\"1024\" height=\"682\" src=\"https:\/\/laprensacristiana.com\/wp-content\/uploads\/2024\/01\/WhatsApp-Image-2024-01-05-at-3.33.24-PM-1-1024x682.jpeg\" alt=\"\" class=\"wp-image-15794\" srcset=\"https:\/\/laprensacristiana.com\/wp-content\/uploads\/2024\/01\/WhatsApp-Image-2024-01-05-at-3.33.24-PM-1-1024x682.jpeg 1024w, https:\/\/laprensacristiana.com\/wp-content\/uploads\/2024\/01\/WhatsApp-Image-2024-01-05-at-3.33.24-PM-1-300x200.jpeg 300w, https:\/\/laprensacristiana.com\/wp-content\/uploads\/2024\/01\/WhatsApp-Image-2024-01-05-at-3.33.24-PM-1-768x512.jpeg 768w, https:\/\/laprensacristiana.com\/wp-content\/uploads\/2024\/01\/WhatsApp-Image-2024-01-05-at-3.33.24-PM-1-696x464.jpeg 696w, https:\/\/laprensacristiana.com\/wp-content\/uploads\/2024\/01\/WhatsApp-Image-2024-01-05-at-3.33.24-PM-1-1068x712.jpeg 1068w, https:\/\/laprensacristiana.com\/wp-content\/uploads\/2024\/01\/WhatsApp-Image-2024-01-05-at-3.33.24-PM-1-600x400.jpeg 600w, https:\/\/laprensacristiana.com\/wp-content\/uploads\/2024\/01\/WhatsApp-Image-2024-01-05-at-3.33.24-PM-1.jpeg 1280w\" sizes=\"(max-width: 1024px) 100vw, 1024px\" \/><\/figure>\n","protected":false},"excerpt":{"rendered":"<p>Por: Edwin G\u00f3ngora Nadie puede negar que la palabra de Dios trasciende y como lo dice Hechos 1:8 esta ser\u00e1 predicada \u201chasta lo \u00faltimo de la tierra\u201d.&nbsp;&nbsp; Dicha labor qued\u00f3 plasmada a lo largo del a\u00f1o 2023 cuando la Asociaci\u00f3n Luis Palau llegara a m\u00e1s de 13 millones de personas, por medio de campa\u00f1as evangel\u00edsticas [&hellip;]<\/p>\n","protected":false},"author":3,"featured_media":15791,"comment_status":"open","ping_status":"open","sticky":false,"template":"","format":"standard","meta":[],"categories":[56],"tags":[],"yoast_head":"<!-- This site is optimized with the Yoast SEO plugin v20.8 - https:\/\/yoast.com\/wordpress\/plugins\/seo\/ -->\n<title>13 millones de personas evangelizadas por Asociaci\u00f3n Luis Palau durante 2023 - La Prensa Cristiana<\/title>\n<meta name=\"robots\" content=\"index, follow, max-snippet:-1, max-image-preview:large, max-video-preview:-1\" \/>\n<link rel=\"canonical\" href=\"https:\/\/laprensacristiana.com\/?p=15790\" \/>\n<meta property=\"og:locale\" content=\"es_ES\" \/>\n<meta property=\"og:type\" content=\"article\" \/>\n<meta property=\"og:title\" content=\"13 millones de personas evangelizadas por Asociaci\u00f3n Luis Palau durante 2023 - La Prensa Cristiana\" \/>\n<meta property=\"og:description\" content=\"Por: Edwin G\u00f3ngora Nadie puede negar que la palabra de Dios trasciende y como lo dice Hechos 1:8 esta ser\u00e1 predicada \u201chasta lo \u00faltimo de la tierra\u201d.&nbsp;&nbsp; Dicha labor qued\u00f3 plasmada a lo largo del a\u00f1o 2023 cuando la Asociaci\u00f3n Luis Palau llegara a m\u00e1s de 13 millones de personas, por medio de campa\u00f1as evangel\u00edsticas [&hellip;]\" \/>\n<meta property=\"og:url\" content=\"https:\/\/laprensacristiana.com\/?p=15790\" \/>\n<meta property=\"og:site_name\" content=\"La Prensa Cristiana\" \/>\n<meta property=\"article:published_time\" content=\"2024-01-08T16:10:10+00:00\" \/>\n<meta property=\"article:modified_time\" content=\"2024-01-08T16:10:11+00:00\" \/>\n<meta property=\"og:image\" content=\"https:\/\/laprensacristiana.com\/wp-content\/uploads\/2024\/01\/WhatsApp-Image-2024-01-05-at-3.33.24-PM-2.jpeg\" \/>\n\t<meta property=\"og:image:width\" content=\"1440\" \/>\n\t<meta property=\"og:image:height\" content=\"1080\" \/>\n\t<meta property=\"og:image:type\" content=\"image\/jpeg\" \/>\n<meta name=\"author\" content=\"EDITOR\" \/>\n<meta name=\"twitter:card\" content=\"summary_large_image\" \/>\n<meta name=\"twitter:label1\" content=\"Escrito por\" \/>\n\t<meta name=\"twitter:data1\" content=\"EDITOR\" \/>\n\t<meta name=\"twitter:label2\" content=\"Tiempo de lectura\" \/>\n\t<meta name=\"twitter:data2\" content=\"2 minutos\" \/>\n<script type=\"application\/ld+json\" class=\"yoast-schema-graph\">{\"@context\":\"https:\/\/schema.org\",\"@graph\":[{\"@type\":\"WebPage\",\"@id\":\"https:\/\/laprensacristiana.com\/?p=15790\",\"url\":\"https:\/\/laprensacristiana.com\/?p=15790\",\"name\":\"13 millones de personas evangelizadas por Asociaci\u00f3n Luis Palau durante 2023 - La Prensa Cristiana\",\"isPartOf\":{\"@id\":\"https:\/\/laprensacristiana.com\/#website\"},\"datePublished\":\"2024-01-08T16:10:10+00:00\",\"dateModified\":\"2024-01-08T16:10:11+00:00\",\"author\":{\"@id\":\"https:\/\/laprensacristiana.com\/#\/schema\/person\/3e7d82c6bfd6b1fa67010f8f7cd5256e\"},\"breadcrumb\":{\"@id\":\"https:\/\/laprensacristiana.com\/?p=15790#breadcrumb\"},\"inLanguage\":\"es\",\"potentialAction\":[{\"@type\":\"ReadAction\",\"target\":[\"https:\/\/laprensacristiana.com\/?p=15790\"]}]},{\"@type\":\"BreadcrumbList\",\"@id\":\"https:\/\/laprensacristiana.com\/?p=15790#breadcrumb\",\"itemListElement\":[{\"@type\":\"ListItem\",\"position\":1,\"name\":\"Portada\",\"item\":\"https:\/\/laprensacristiana.com\/\"},{\"@type\":\"ListItem\",\"position\":2,\"name\":\"13 millones de personas evangelizadas por Asociaci\u00f3n Luis Palau durante 2023\"}]},{\"@type\":\"WebSite\",\"@id\":\"https:\/\/laprensacristiana.com\/#website\",\"url\":\"https:\/\/laprensacristiana.com\/\",\"name\":\"La Prensa Cristiana\",\"description\":\"Anunciando Las Buenas Nuevas\",\"potentialAction\":[{\"@type\":\"SearchAction\",\"target\":{\"@type\":\"EntryPoint\",\"urlTemplate\":\"https:\/\/laprensacristiana.com\/?s={search_term_string}\"},\"query-input\":\"required name=search_term_string\"}],\"inLanguage\":\"es\"},{\"@type\":\"Person\",\"@id\":\"https:\/\/laprensacristiana.com\/#\/schema\/person\/3e7d82c6bfd6b1fa67010f8f7cd5256e\",\"name\":\"EDITOR\",\"image\":{\"@type\":\"ImageObject\",\"inLanguage\":\"es\",\"@id\":\"https:\/\/laprensacristiana.com\/#\/schema\/person\/image\/\",\"url\":\"https:\/\/secure.gravatar.com\/avatar\/72069dfb6c13772d9e8381e3638666d2?s=96&d=mm&r=g\",\"contentUrl\":\"https:\/\/secure.gravatar.com\/avatar\/72069dfb6c13772d9e8381e3638666d2?s=96&d=mm&r=g\",\"caption\":\"EDITOR\"},\"url\":\"https:\/\/laprensacristiana.com\/?author=3\"}]}<\/script>\n<!-- \/ Yoast SEO plugin. -->","yoast_head_json":{"title":"13 millones de personas evangelizadas por Asociaci\u00f3n Luis Palau durante 2023 - La Prensa Cristiana","robots":{"index":"index","follow":"follow","max-snippet":"max-snippet:-1","max-image-preview":"max-image-preview:large","max-video-preview":"max-video-preview:-1"},"canonical":"https:\/\/laprensacristiana.com\/?p=15790","og_locale":"es_ES","og_type":"article","og_title":"13 millones de personas evangelizadas por Asociaci\u00f3n Luis Palau durante 2023 - La Prensa Cristiana","og_description":"Por: Edwin G\u00f3ngora Nadie puede negar que la palabra de Dios trasciende y como lo dice Hechos 1:8 esta ser\u00e1 predicada \u201chasta lo \u00faltimo de la tierra\u201d.&nbsp;&nbsp; Dicha labor qued\u00f3 plasmada a lo largo del a\u00f1o 2023 cuando la Asociaci\u00f3n Luis Palau llegara a m\u00e1s de 13 millones de personas, por medio de campa\u00f1as evangel\u00edsticas [&hellip;]","og_url":"https:\/\/laprensacristiana.com\/?p=15790","og_site_name":"La Prensa Cristiana","article_published_time":"2024-01-08T16:10:10+00:00","article_modified_time":"2024-01-08T16:10:11+00:00","og_image":[{"width":1440,"height":1080,"url":"https:\/\/laprensacristiana.com\/wp-content\/uploads\/2024\/01\/WhatsApp-Image-2024-01-05-at-3.33.24-PM-2.jpeg","type":"image\/jpeg"}],"author":"EDITOR","twitter_card":"summary_large_image","twitter_misc":{"Escrito por":"EDITOR","Tiempo de lectura":"2 minutos"},"schema":{"@context":"https:\/\/schema.org","@graph":[{"@type":"WebPage","@id":"https:\/\/laprensacristiana.com\/?p=15790","url":"https:\/\/laprensacristiana.com\/?p=15790","name":"13 millones de personas evangelizadas por Asociaci\u00f3n Luis Palau durante 2023 - La Prensa Cristiana","isPartOf":{"@id":"https:\/\/laprensacristiana.com\/#website"},"datePublished":"2024-01-08T16:10:10+00:00","dateModified":"2024-01-08T16:10:11+00:00","author":{"@id":"https:\/\/laprensacristiana.com\/#\/schema\/person\/3e7d82c6bfd6b1fa67010f8f7cd5256e"},"breadcrumb":{"@id":"https:\/\/laprensacristiana.com\/?p=15790#breadcrumb"},"inLanguage":"es","potentialAction":[{"@type":"ReadAction","target":["https:\/\/laprensacristiana.com\/?p=15790"]}]},{"@type":"BreadcrumbList","@id":"https:\/\/laprensacristiana.com\/?p=15790#breadcrumb","itemListElement":[{"@type":"ListItem","position":1,"name":"Portada","item":"https:\/\/laprensacristiana.com\/"},{"@type":"ListItem","position":2,"name":"13 millones de personas evangelizadas por Asociaci\u00f3n Luis Palau durante 2023"}]},{"@type":"WebSite","@id":"https:\/\/laprensacristiana.com\/#website","url":"https:\/\/laprensacristiana.com\/","name":"La Prensa Cristiana","description":"Anunciando Las Buenas Nuevas","potentialAction":[{"@type":"SearchAction","target":{"@type":"EntryPoint","urlTemplate":"https:\/\/laprensacristiana.com\/?s={search_term_string}"},"query-input":"required name=search_term_string"}],"inLanguage":"es"},{"@type":"Person","@id":"https:\/\/laprensacristiana.com\/#\/schema\/person\/3e7d82c6bfd6b1fa67010f8f7cd5256e","name":"EDITOR","image":{"@type":"ImageObject","inLanguage":"es","@id":"https:\/\/laprensacristiana.com\/#\/schema\/person\/image\/","url":"https:\/\/secure.gravatar.com\/avatar\/72069dfb6c13772d9e8381e3638666d2?s=96&d=mm&r=g","contentUrl":"https:\/\/secure.gravatar.com\/avatar\/72069dfb6c13772d9e8381e3638666d2?s=96&d=mm&r=g","caption":"EDITOR"},"url":"https:\/\/laprensacristiana.com\/?author=3"}]}},"_links":{"self":[{"href":"https:\/\/laprensacristiana.com\/index.php?rest_route=\/wp\/v2\/posts\/15790"}],"collection":[{"href":"https:\/\/laprensacristiana.com\/index.php?rest_route=\/wp\/v2\/posts"}],"about":[{"href":"https:\/\/laprensacristiana.com\/index.php?rest_route=\/wp\/v2\/types\/post"}],"author":[{"embeddable":true,"href":"https:\/\/laprensacristiana.com\/index.php?rest_route=\/wp\/v2\/users\/3"}],"replies":[{"embeddable":true,"href":"https:\/\/laprensacristiana.com\/index.php?rest_route=%2Fwp%2Fv2%2Fcomments&post=15790"}],"version-history":[{"count":1,"href":"https:\/\/laprensacristiana.com\/index.php?rest_route=\/wp\/v2\/posts\/15790\/revisions"}],"predecessor-version":[{"id":15795,"href":"https:\/\/laprensacristiana.com\/index.php?rest_route=\/wp\/v2\/posts\/15790\/revisions\/15795"}],"wp:featuredmedia":[{"embeddable":true,"href":"https:\/\/laprensacristiana.com\/index.php?rest_route=\/wp\/v2\/media\/15791"}],"wp:attachment":[{"href":"https:\/\/laprensacristiana.com\/index.php?rest_route=%2Fwp%2Fv2%2Fmedia&parent=15790"}],"wp:term":[{"taxonomy":"category","embeddable":true,"href":"https:\/\/laprensacristiana.com\/index.php?rest_route=%2Fwp%2Fv2%2Fcategories&post=15790"},{"taxonomy":"post_tag","embeddable":true,"href":"https:\/\/laprensacristiana.com\/index.php?rest_route=%2Fwp%2Fv2%2Ftags&post=15790"}],"curies":[{"name":"wp","href":"https:\/\/api.w.org\/{rel}","templated":true}]}}