{"id":15806,"date":"2024-01-09T16:11:16","date_gmt":"2024-01-09T16:11:16","guid":{"rendered":"https:\/\/laprensacristiana.com\/?p=15806"},"modified":"2024-01-09T16:11:16","modified_gmt":"2024-01-09T16:11:16","slug":"desafios-de-la-iglesia-evangelica-en-espana","status":"publish","type":"post","link":"https:\/\/laprensacristiana.com\/?p=15806","title":{"rendered":"Desaf\u00edos de la Iglesia Evang\u00e9lica en Espa\u00f1a"},"content":{"rendered":"\n<p>Por: Edwin G\u00f3ngora <\/p>\n\n\n\n<p>Compartir la palabra de Dios y anunciar sus buenas nuevas contin\u00faa siendo hoy en d\u00eda algo complicado en varios pa\u00edses del mundo.<\/p>\n\n\n\n<p>Para quienes realizan esta labor y por predicar la palabra de Dios experimentan persecuci\u00f3n, cobra fuerza lo que dice en Lucas cap\u00edtulo 6, verso 22, \u201cDichosos ustedes cuando los odien, cuando los discriminen, los insulten y los desprestigien por causa del Hijo del hombre\u201d. Son los riesgos que incluye esta verdadera y amorosa acci\u00f3n de ganar almas de millones de personas para Cristo.<\/p>\n\n\n\n<p>Uno de los pa\u00edses que enfrenta una fuerte amenaza en su libertad religiosa es Espa\u00f1a, as\u00ed lo reporta la Federaci\u00f3n de Entidades Religiosas Evang\u00e9licas de ese pa\u00eds (FEREDE) que en un extenso informe puntualiza varios aspectos que siguen causando mella para que compartir las buenas nuevas se haga sin restricci\u00f3n alguna.<\/p>\n\n\n\n<p>La FEREDE, se\u00f1ala como uno de estos factores el hecho que se han perpetuado una serie de discriminaciones practicadas durante la dictadura de Francisco Franco y que prevaleci\u00f3 por m\u00e1s de 30 a\u00f1os. Hoy aspectos como que los pastores y lideres cristianos no se les permite cotizar en la seguridad social sigue vigente.<\/p>\n\n\n\n<p>Otro aspecto es el relacionado con los lugares para realizar los cultos.<\/p>\n\n\n\n<p>En Murcia por ejemplo se impide que sean alquilados lugares para las reuniones y sus habitantes prefieren expulsar a quienes formen parte de estos sectores, considerados aun como minor\u00edas.<\/p>\n\n\n\n<p>Mientras tanto en Valencia la autoridad de esa ciudad niega la solicitud de miles de alumnos cristianos evang\u00e9licos y sus familias, porque se permita la ense\u00f1anza de la Biblia, amparado en los derechos que tienen reconocidos por ley. Sin embargo, las peticiones hechas no han tenido \u00e9xito, debiendo acudir a los tribunales para que resuelvan. El problema se extiende a otras comunidades aleda\u00f1as.<\/p>\n\n\n\n<p>El bloqueo incluye tambi\u00e9n aspectos tributarios.<\/p>\n\n\n\n<p>As\u00ed tambi\u00e9n las medidas discriminatorias incluyen el hecho que familiares de cristianos fallecidos, no pueden ser velados y\/o hacer uso de alguna capilla para honrar por \u00faltima vez a su familiar.<\/p>\n\n\n\n<p>En este caso deben solicitar permiso al sacerdote cat\u00f3lico para usar la capilla existente o usar salas o lugares poco dignos y no habilitados ni acondicionados para los actos f\u00fanebres correspondientes.<\/p>\n\n\n\n<p>Esto es lo que sucede en el tanatorio de Talavera de la Reina y en la mayor\u00eda de los hospitales de ciudadanos cat\u00f3licos que cuentan con una capilla y con medios para recibir asistencia religiosa de su propia confesi\u00f3n.<\/p>\n\n\n\n<p>Algo muy similar se vive en otros Ayuntamientos y Administraciones P\u00fablicas que no respetan la neutralidad y aconfesionalidad debida del Estado, como cuando nombran a v\u00edrgenes como alcaldesas perpetuas de toda la ciudadan\u00eda, denuncia FEREDE.<\/p>\n\n\n\n<p>Al 2023 esta ha sido la realidad que miles de familias con la fe cristiana evang\u00e9lica han tenido que enfrentar.<\/p>\n\n\n\n<p>Los miembros de Federaci\u00f3n de Entidades Religiosas Evang\u00e9licas de Espa\u00f1a destacan que han hecho aportaciones peque\u00f1as, pero constructivas y solidarias, sin embargo, no han sido suficientes y externan su preocupaci\u00f3n por que la situaci\u00f3n de discriminaci\u00f3n y de libertad religiosa se mantenga o agudice. No obstante, el balance global les permite ver hacia adelante y asegurar que el 2024 traer\u00e1 mejores esperanzas y confianza de que Dios apoye el trabajo de todos los fieles, pastores, iglesias y entidades que realizan una intensa labor de llevar la luz del evangelio, el santo esp\u00edritu de Jesucristo.<\/p>\n","protected":false},"excerpt":{"rendered":"<p>Por: Edwin G\u00f3ngora Compartir la palabra de Dios y anunciar sus buenas nuevas contin\u00faa siendo hoy en d\u00eda algo complicado en varios pa\u00edses del mundo. Para quienes realizan esta labor y por predicar la palabra de Dios experimentan persecuci\u00f3n, cobra fuerza lo que dice en Lucas cap\u00edtulo 6, verso 22, \u201cDichosos ustedes cuando los odien, [&hellip;]<\/p>\n","protected":false},"author":3,"featured_media":15807,"comment_status":"open","ping_status":"open","sticky":false,"template":"","format":"standard","meta":[],"categories":[56],"tags":[],"yoast_head":"<!-- This site is optimized with the Yoast SEO plugin v20.8 - https:\/\/yoast.com\/wordpress\/plugins\/seo\/ -->\n<title>Desaf\u00edos de la Iglesia Evang\u00e9lica en Espa\u00f1a - La Prensa Cristiana<\/title>\n<meta name=\"robots\" content=\"index, follow, max-snippet:-1, max-image-preview:large, max-video-preview:-1\" \/>\n<link rel=\"canonical\" href=\"https:\/\/laprensacristiana.com\/?p=15806\" \/>\n<meta property=\"og:locale\" content=\"es_ES\" \/>\n<meta property=\"og:type\" content=\"article\" \/>\n<meta property=\"og:title\" content=\"Desaf\u00edos de la Iglesia Evang\u00e9lica en Espa\u00f1a - La Prensa Cristiana\" \/>\n<meta property=\"og:description\" content=\"Por: Edwin G\u00f3ngora Compartir la palabra de Dios y anunciar sus buenas nuevas contin\u00faa siendo hoy en d\u00eda algo complicado en varios pa\u00edses del mundo. Para quienes realizan esta labor y por predicar la palabra de Dios experimentan persecuci\u00f3n, cobra fuerza lo que dice en Lucas cap\u00edtulo 6, verso 22, \u201cDichosos ustedes cuando los odien, [&hellip;]\" \/>\n<meta property=\"og:url\" content=\"https:\/\/laprensacristiana.com\/?p=15806\" \/>\n<meta property=\"og:site_name\" content=\"La Prensa Cristiana\" \/>\n<meta property=\"article:published_time\" content=\"2024-01-09T16:11:16+00:00\" \/>\n<meta property=\"og:image\" content=\"https:\/\/laprensacristiana.com\/wp-content\/uploads\/2024\/01\/pereseguidos-EN-ESPANA.jpg\" \/>\n\t<meta property=\"og:image:width\" content=\"800\" \/>\n\t<meta property=\"og:image:height\" content=\"500\" \/>\n\t<meta property=\"og:image:type\" content=\"image\/jpeg\" \/>\n<meta name=\"author\" content=\"EDITOR\" \/>\n<meta name=\"twitter:card\" content=\"summary_large_image\" \/>\n<meta name=\"twitter:label1\" content=\"Escrito por\" \/>\n\t<meta name=\"twitter:data1\" content=\"EDITOR\" \/>\n\t<meta name=\"twitter:label2\" content=\"Tiempo de lectura\" \/>\n\t<meta name=\"twitter:data2\" content=\"3 minutos\" \/>\n<script type=\"application\/ld+json\" class=\"yoast-schema-graph\">{\"@context\":\"https:\/\/schema.org\",\"@graph\":[{\"@type\":\"WebPage\",\"@id\":\"https:\/\/laprensacristiana.com\/?p=15806\",\"url\":\"https:\/\/laprensacristiana.com\/?p=15806\",\"name\":\"Desaf\u00edos de la Iglesia Evang\u00e9lica en Espa\u00f1a - La Prensa Cristiana\",\"isPartOf\":{\"@id\":\"https:\/\/laprensacristiana.com\/#website\"},\"datePublished\":\"2024-01-09T16:11:16+00:00\",\"dateModified\":\"2024-01-09T16:11:16+00:00\",\"author\":{\"@id\":\"https:\/\/laprensacristiana.com\/#\/schema\/person\/3e7d82c6bfd6b1fa67010f8f7cd5256e\"},\"breadcrumb\":{\"@id\":\"https:\/\/laprensacristiana.com\/?p=15806#breadcrumb\"},\"inLanguage\":\"es\",\"potentialAction\":[{\"@type\":\"ReadAction\",\"target\":[\"https:\/\/laprensacristiana.com\/?p=15806\"]}]},{\"@type\":\"BreadcrumbList\",\"@id\":\"https:\/\/laprensacristiana.com\/?p=15806#breadcrumb\",\"itemListElement\":[{\"@type\":\"ListItem\",\"position\":1,\"name\":\"Portada\",\"item\":\"https:\/\/laprensacristiana.com\/\"},{\"@type\":\"ListItem\",\"position\":2,\"name\":\"Desaf\u00edos de la Iglesia Evang\u00e9lica en Espa\u00f1a\"}]},{\"@type\":\"WebSite\",\"@id\":\"https:\/\/laprensacristiana.com\/#website\",\"url\":\"https:\/\/laprensacristiana.com\/\",\"name\":\"La Prensa Cristiana\",\"description\":\"Anunciando Las Buenas Nuevas\",\"potentialAction\":[{\"@type\":\"SearchAction\",\"target\":{\"@type\":\"EntryPoint\",\"urlTemplate\":\"https:\/\/laprensacristiana.com\/?s={search_term_string}\"},\"query-input\":\"required name=search_term_string\"}],\"inLanguage\":\"es\"},{\"@type\":\"Person\",\"@id\":\"https:\/\/laprensacristiana.com\/#\/schema\/person\/3e7d82c6bfd6b1fa67010f8f7cd5256e\",\"name\":\"EDITOR\",\"image\":{\"@type\":\"ImageObject\",\"inLanguage\":\"es\",\"@id\":\"https:\/\/laprensacristiana.com\/#\/schema\/person\/image\/\",\"url\":\"https:\/\/secure.gravatar.com\/avatar\/72069dfb6c13772d9e8381e3638666d2?s=96&d=mm&r=g\",\"contentUrl\":\"https:\/\/secure.gravatar.com\/avatar\/72069dfb6c13772d9e8381e3638666d2?s=96&d=mm&r=g\",\"caption\":\"EDITOR\"},\"url\":\"https:\/\/laprensacristiana.com\/?author=3\"}]}<\/script>\n<!-- \/ Yoast SEO plugin. -->","yoast_head_json":{"title":"Desaf\u00edos de la Iglesia Evang\u00e9lica en Espa\u00f1a - La Prensa Cristiana","robots":{"index":"index","follow":"follow","max-snippet":"max-snippet:-1","max-image-preview":"max-image-preview:large","max-video-preview":"max-video-preview:-1"},"canonical":"https:\/\/laprensacristiana.com\/?p=15806","og_locale":"es_ES","og_type":"article","og_title":"Desaf\u00edos de la Iglesia Evang\u00e9lica en Espa\u00f1a - La Prensa Cristiana","og_description":"Por: Edwin G\u00f3ngora Compartir la palabra de Dios y anunciar sus buenas nuevas contin\u00faa siendo hoy en d\u00eda algo complicado en varios pa\u00edses del mundo. Para quienes realizan esta labor y por predicar la palabra de Dios experimentan persecuci\u00f3n, cobra fuerza lo que dice en Lucas cap\u00edtulo 6, verso 22, \u201cDichosos ustedes cuando los odien, [&hellip;]","og_url":"https:\/\/laprensacristiana.com\/?p=15806","og_site_name":"La Prensa Cristiana","article_published_time":"2024-01-09T16:11:16+00:00","og_image":[{"width":800,"height":500,"url":"https:\/\/laprensacristiana.com\/wp-content\/uploads\/2024\/01\/pereseguidos-EN-ESPANA.jpg","type":"image\/jpeg"}],"author":"EDITOR","twitter_card":"summary_large_image","twitter_misc":{"Escrito por":"EDITOR","Tiempo de lectura":"3 minutos"},"schema":{"@context":"https:\/\/schema.org","@graph":[{"@type":"WebPage","@id":"https:\/\/laprensacristiana.com\/?p=15806","url":"https:\/\/laprensacristiana.com\/?p=15806","name":"Desaf\u00edos de la Iglesia Evang\u00e9lica en Espa\u00f1a - La Prensa Cristiana","isPartOf":{"@id":"https:\/\/laprensacristiana.com\/#website"},"datePublished":"2024-01-09T16:11:16+00:00","dateModified":"2024-01-09T16:11:16+00:00","author":{"@id":"https:\/\/laprensacristiana.com\/#\/schema\/person\/3e7d82c6bfd6b1fa67010f8f7cd5256e"},"breadcrumb":{"@id":"https:\/\/laprensacristiana.com\/?p=15806#breadcrumb"},"inLanguage":"es","potentialAction":[{"@type":"ReadAction","target":["https:\/\/laprensacristiana.com\/?p=15806"]}]},{"@type":"BreadcrumbList","@id":"https:\/\/laprensacristiana.com\/?p=15806#breadcrumb","itemListElement":[{"@type":"ListItem","position":1,"name":"Portada","item":"https:\/\/laprensacristiana.com\/"},{"@type":"ListItem","position":2,"name":"Desaf\u00edos de la Iglesia Evang\u00e9lica en Espa\u00f1a"}]},{"@type":"WebSite","@id":"https:\/\/laprensacristiana.com\/#website","url":"https:\/\/laprensacristiana.com\/","name":"La Prensa Cristiana","description":"Anunciando Las Buenas Nuevas","potentialAction":[{"@type":"SearchAction","target":{"@type":"EntryPoint","urlTemplate":"https:\/\/laprensacristiana.com\/?s={search_term_string}"},"query-input":"required name=search_term_string"}],"inLanguage":"es"},{"@type":"Person","@id":"https:\/\/laprensacristiana.com\/#\/schema\/person\/3e7d82c6bfd6b1fa67010f8f7cd5256e","name":"EDITOR","image":{"@type":"ImageObject","inLanguage":"es","@id":"https:\/\/laprensacristiana.com\/#\/schema\/person\/image\/","url":"https:\/\/secure.gravatar.com\/avatar\/72069dfb6c13772d9e8381e3638666d2?s=96&d=mm&r=g","contentUrl":"https:\/\/secure.gravatar.com\/avatar\/72069dfb6c13772d9e8381e3638666d2?s=96&d=mm&r=g","caption":"EDITOR"},"url":"https:\/\/laprensacristiana.com\/?author=3"}]}},"_links":{"self":[{"href":"https:\/\/laprensacristiana.com\/index.php?rest_route=\/wp\/v2\/posts\/15806"}],"collection":[{"href":"https:\/\/laprensacristiana.com\/index.php?rest_route=\/wp\/v2\/posts"}],"about":[{"href":"https:\/\/laprensacristiana.com\/index.php?rest_route=\/wp\/v2\/types\/post"}],"author":[{"embeddable":true,"href":"https:\/\/laprensacristiana.com\/index.php?rest_route=\/wp\/v2\/users\/3"}],"replies":[{"embeddable":true,"href":"https:\/\/laprensacristiana.com\/index.php?rest_route=%2Fwp%2Fv2%2Fcomments&post=15806"}],"version-history":[{"count":1,"href":"https:\/\/laprensacristiana.com\/index.php?rest_route=\/wp\/v2\/posts\/15806\/revisions"}],"predecessor-version":[{"id":15808,"href":"https:\/\/laprensacristiana.com\/index.php?rest_route=\/wp\/v2\/posts\/15806\/revisions\/15808"}],"wp:featuredmedia":[{"embeddable":true,"href":"https:\/\/laprensacristiana.com\/index.php?rest_route=\/wp\/v2\/media\/15807"}],"wp:attachment":[{"href":"https:\/\/laprensacristiana.com\/index.php?rest_route=%2Fwp%2Fv2%2Fmedia&parent=15806"}],"wp:term":[{"taxonomy":"category","embeddable":true,"href":"https:\/\/laprensacristiana.com\/index.php?rest_route=%2Fwp%2Fv2%2Fcategories&post=15806"},{"taxonomy":"post_tag","embeddable":true,"href":"https:\/\/laprensacristiana.com\/index.php?rest_route=%2Fwp%2Fv2%2Ftags&post=15806"}],"curies":[{"name":"wp","href":"https:\/\/api.w.org\/{rel}","templated":true}]}}