{"id":15809,"date":"2024-01-09T18:19:16","date_gmt":"2024-01-09T18:19:16","guid":{"rendered":"https:\/\/laprensacristiana.com\/?p=15809"},"modified":"2024-01-09T18:19:17","modified_gmt":"2024-01-09T18:19:17","slug":"transformando-la-soledad-nuevo-libro-de-ruth-graham","status":"publish","type":"post","link":"https:\/\/laprensacristiana.com\/?p=15809","title":{"rendered":"\u00abTransformando la soledad\u00bb Nuevo libro de Ruth Graham"},"content":{"rendered":"\n<p>Por: Edwin G\u00f3ngora <\/p>\n\n\n\n<p>El pr\u00f3ximo 26 de enero es la fecha programada para que la escritora Ruth Graham comparta su libro \u201cTransformando la soledad\u201d, lo que har\u00e1 en un evento denominado caf\u00e9 y conversaci\u00f3n.<\/p>\n\n\n\n<p>Ruth Graham plantea que la soledad no conoce estaciones. Puede aparecer en momentos de mucho trabajo y con un calendario social lleno con la misma facilidad que cuando se cancelan planes y los amigos est\u00e1n lejos. Y es posible que nos sorprenda lo com\u00fan que es la soledad entre nuestros amigos, familiares y colegas. Pero no es inevitable ni es para siempre.<\/p>\n\n\n\n<p>Como adulta soltera durante muchos a\u00f1os, Ruth Graham comprende la soledad.<\/p>\n\n\n\n<p>En Transformando la Soledad, Graham invita a entregar su soledad a Dios y trabajar con \u00e9l para tomar decisiones saludables que conduzcan a la vida, la alegr\u00eda y la comunidad.<\/p>\n\n\n\n<figure class=\"wp-block-image size-full\"><img decoding=\"async\" loading=\"lazy\" width=\"634\" height=\"423\" src=\"https:\/\/laprensacristiana.com\/wp-content\/uploads\/2024\/01\/TRANSFORMANDO-TU-SOLEDAD.jpg\" alt=\"\" class=\"wp-image-15811\" srcset=\"https:\/\/laprensacristiana.com\/wp-content\/uploads\/2024\/01\/TRANSFORMANDO-TU-SOLEDAD.jpg 634w, https:\/\/laprensacristiana.com\/wp-content\/uploads\/2024\/01\/TRANSFORMANDO-TU-SOLEDAD-300x200.jpg 300w, https:\/\/laprensacristiana.com\/wp-content\/uploads\/2024\/01\/TRANSFORMANDO-TU-SOLEDAD-600x400.jpg 600w\" sizes=\"(max-width: 634px) 100vw, 634px\" \/><\/figure>\n\n\n\n<p>A trav\u00e9s de principios y ejemplos b\u00edblicos, junto con historias de la vida real, descubrir\u00e1 c\u00f3mo las necesidades fundamentales que impulsan su soledad (la necesidad de ser conocido, de ser elegido, de pertenecer y de ser valorado) pueden satisfacerse a medida que Dios transforma su vida de aparente soledad en una experiencia positiva que logra sus prop\u00f3sitos y te lleva a una relaci\u00f3n m\u00e1s cercana, m\u00e1s \u00edntima y significativa con \u00e9l y los dem\u00e1s.<\/p>\n\n\n\n<p>La soledad no es la \u00faltima palabra. Dios te dise\u00f1\u00f3 para la conexi\u00f3n y, a trav\u00e9s de su poder, la encontrar\u00e1s. Literatura propicia que puede ayudar a quien padezca de esto y mostrarle que al convivir con Dios y su amor, nadie est\u00e1 a la deriva.<\/p>\n","protected":false},"excerpt":{"rendered":"<p>Por: Edwin G\u00f3ngora El pr\u00f3ximo 26 de enero es la fecha programada para que la escritora Ruth Graham comparta su libro \u201cTransformando la soledad\u201d, lo que har\u00e1 en un evento denominado caf\u00e9 y conversaci\u00f3n. Ruth Graham plantea que la soledad no conoce estaciones. Puede aparecer en momentos de mucho trabajo y con un calendario social [&hellip;]<\/p>\n","protected":false},"author":3,"featured_media":15810,"comment_status":"open","ping_status":"open","sticky":false,"template":"","format":"standard","meta":[],"categories":[56],"tags":[],"yoast_head":"<!-- This site is optimized with the Yoast SEO plugin v20.8 - https:\/\/yoast.com\/wordpress\/plugins\/seo\/ -->\n<title>\u00abTransformando la soledad\u00bb Nuevo libro de Ruth Graham - La Prensa Cristiana<\/title>\n<meta name=\"robots\" content=\"index, follow, max-snippet:-1, max-image-preview:large, max-video-preview:-1\" \/>\n<link rel=\"canonical\" href=\"https:\/\/laprensacristiana.com\/?p=15809\" \/>\n<meta property=\"og:locale\" content=\"es_ES\" \/>\n<meta property=\"og:type\" content=\"article\" \/>\n<meta property=\"og:title\" content=\"\u00abTransformando la soledad\u00bb Nuevo libro de Ruth Graham - La Prensa Cristiana\" \/>\n<meta property=\"og:description\" content=\"Por: Edwin G\u00f3ngora El pr\u00f3ximo 26 de enero es la fecha programada para que la escritora Ruth Graham comparta su libro \u201cTransformando la soledad\u201d, lo que har\u00e1 en un evento denominado caf\u00e9 y conversaci\u00f3n. Ruth Graham plantea que la soledad no conoce estaciones. Puede aparecer en momentos de mucho trabajo y con un calendario social [&hellip;]\" \/>\n<meta property=\"og:url\" content=\"https:\/\/laprensacristiana.com\/?p=15809\" \/>\n<meta property=\"og:site_name\" content=\"La Prensa Cristiana\" \/>\n<meta property=\"article:published_time\" content=\"2024-01-09T18:19:16+00:00\" \/>\n<meta property=\"article:modified_time\" content=\"2024-01-09T18:19:17+00:00\" \/>\n<meta property=\"og:image\" content=\"https:\/\/laprensacristiana.com\/wp-content\/uploads\/2024\/01\/GRAHAM.jpg\" \/>\n\t<meta property=\"og:image:width\" content=\"1280\" \/>\n\t<meta property=\"og:image:height\" content=\"720\" \/>\n\t<meta property=\"og:image:type\" content=\"image\/jpeg\" \/>\n<meta name=\"author\" content=\"EDITOR\" \/>\n<meta name=\"twitter:card\" content=\"summary_large_image\" \/>\n<meta name=\"twitter:label1\" content=\"Escrito por\" \/>\n\t<meta name=\"twitter:data1\" content=\"EDITOR\" \/>\n\t<meta name=\"twitter:label2\" content=\"Tiempo de lectura\" \/>\n\t<meta name=\"twitter:data2\" content=\"2 minutos\" \/>\n<script type=\"application\/ld+json\" class=\"yoast-schema-graph\">{\"@context\":\"https:\/\/schema.org\",\"@graph\":[{\"@type\":\"WebPage\",\"@id\":\"https:\/\/laprensacristiana.com\/?p=15809\",\"url\":\"https:\/\/laprensacristiana.com\/?p=15809\",\"name\":\"\u00abTransformando la soledad\u00bb Nuevo libro de Ruth Graham - La Prensa Cristiana\",\"isPartOf\":{\"@id\":\"https:\/\/laprensacristiana.com\/#website\"},\"datePublished\":\"2024-01-09T18:19:16+00:00\",\"dateModified\":\"2024-01-09T18:19:17+00:00\",\"author\":{\"@id\":\"https:\/\/laprensacristiana.com\/#\/schema\/person\/3e7d82c6bfd6b1fa67010f8f7cd5256e\"},\"breadcrumb\":{\"@id\":\"https:\/\/laprensacristiana.com\/?p=15809#breadcrumb\"},\"inLanguage\":\"es\",\"potentialAction\":[{\"@type\":\"ReadAction\",\"target\":[\"https:\/\/laprensacristiana.com\/?p=15809\"]}]},{\"@type\":\"BreadcrumbList\",\"@id\":\"https:\/\/laprensacristiana.com\/?p=15809#breadcrumb\",\"itemListElement\":[{\"@type\":\"ListItem\",\"position\":1,\"name\":\"Portada\",\"item\":\"https:\/\/laprensacristiana.com\/\"},{\"@type\":\"ListItem\",\"position\":2,\"name\":\"\u00abTransformando la soledad\u00bb Nuevo libro de Ruth Graham\"}]},{\"@type\":\"WebSite\",\"@id\":\"https:\/\/laprensacristiana.com\/#website\",\"url\":\"https:\/\/laprensacristiana.com\/\",\"name\":\"La Prensa Cristiana\",\"description\":\"Anunciando Las Buenas Nuevas\",\"potentialAction\":[{\"@type\":\"SearchAction\",\"target\":{\"@type\":\"EntryPoint\",\"urlTemplate\":\"https:\/\/laprensacristiana.com\/?s={search_term_string}\"},\"query-input\":\"required name=search_term_string\"}],\"inLanguage\":\"es\"},{\"@type\":\"Person\",\"@id\":\"https:\/\/laprensacristiana.com\/#\/schema\/person\/3e7d82c6bfd6b1fa67010f8f7cd5256e\",\"name\":\"EDITOR\",\"image\":{\"@type\":\"ImageObject\",\"inLanguage\":\"es\",\"@id\":\"https:\/\/laprensacristiana.com\/#\/schema\/person\/image\/\",\"url\":\"https:\/\/secure.gravatar.com\/avatar\/72069dfb6c13772d9e8381e3638666d2?s=96&d=mm&r=g\",\"contentUrl\":\"https:\/\/secure.gravatar.com\/avatar\/72069dfb6c13772d9e8381e3638666d2?s=96&d=mm&r=g\",\"caption\":\"EDITOR\"},\"url\":\"https:\/\/laprensacristiana.com\/?author=3\"}]}<\/script>\n<!-- \/ Yoast SEO plugin. -->","yoast_head_json":{"title":"\u00abTransformando la soledad\u00bb Nuevo libro de Ruth Graham - La Prensa Cristiana","robots":{"index":"index","follow":"follow","max-snippet":"max-snippet:-1","max-image-preview":"max-image-preview:large","max-video-preview":"max-video-preview:-1"},"canonical":"https:\/\/laprensacristiana.com\/?p=15809","og_locale":"es_ES","og_type":"article","og_title":"\u00abTransformando la soledad\u00bb Nuevo libro de Ruth Graham - La Prensa Cristiana","og_description":"Por: Edwin G\u00f3ngora El pr\u00f3ximo 26 de enero es la fecha programada para que la escritora Ruth Graham comparta su libro \u201cTransformando la soledad\u201d, lo que har\u00e1 en un evento denominado caf\u00e9 y conversaci\u00f3n. Ruth Graham plantea que la soledad no conoce estaciones. Puede aparecer en momentos de mucho trabajo y con un calendario social [&hellip;]","og_url":"https:\/\/laprensacristiana.com\/?p=15809","og_site_name":"La Prensa Cristiana","article_published_time":"2024-01-09T18:19:16+00:00","article_modified_time":"2024-01-09T18:19:17+00:00","og_image":[{"width":1280,"height":720,"url":"https:\/\/laprensacristiana.com\/wp-content\/uploads\/2024\/01\/GRAHAM.jpg","type":"image\/jpeg"}],"author":"EDITOR","twitter_card":"summary_large_image","twitter_misc":{"Escrito por":"EDITOR","Tiempo de lectura":"2 minutos"},"schema":{"@context":"https:\/\/schema.org","@graph":[{"@type":"WebPage","@id":"https:\/\/laprensacristiana.com\/?p=15809","url":"https:\/\/laprensacristiana.com\/?p=15809","name":"\u00abTransformando la soledad\u00bb Nuevo libro de Ruth Graham - La Prensa Cristiana","isPartOf":{"@id":"https:\/\/laprensacristiana.com\/#website"},"datePublished":"2024-01-09T18:19:16+00:00","dateModified":"2024-01-09T18:19:17+00:00","author":{"@id":"https:\/\/laprensacristiana.com\/#\/schema\/person\/3e7d82c6bfd6b1fa67010f8f7cd5256e"},"breadcrumb":{"@id":"https:\/\/laprensacristiana.com\/?p=15809#breadcrumb"},"inLanguage":"es","potentialAction":[{"@type":"ReadAction","target":["https:\/\/laprensacristiana.com\/?p=15809"]}]},{"@type":"BreadcrumbList","@id":"https:\/\/laprensacristiana.com\/?p=15809#breadcrumb","itemListElement":[{"@type":"ListItem","position":1,"name":"Portada","item":"https:\/\/laprensacristiana.com\/"},{"@type":"ListItem","position":2,"name":"\u00abTransformando la soledad\u00bb Nuevo libro de Ruth Graham"}]},{"@type":"WebSite","@id":"https:\/\/laprensacristiana.com\/#website","url":"https:\/\/laprensacristiana.com\/","name":"La Prensa Cristiana","description":"Anunciando Las Buenas Nuevas","potentialAction":[{"@type":"SearchAction","target":{"@type":"EntryPoint","urlTemplate":"https:\/\/laprensacristiana.com\/?s={search_term_string}"},"query-input":"required name=search_term_string"}],"inLanguage":"es"},{"@type":"Person","@id":"https:\/\/laprensacristiana.com\/#\/schema\/person\/3e7d82c6bfd6b1fa67010f8f7cd5256e","name":"EDITOR","image":{"@type":"ImageObject","inLanguage":"es","@id":"https:\/\/laprensacristiana.com\/#\/schema\/person\/image\/","url":"https:\/\/secure.gravatar.com\/avatar\/72069dfb6c13772d9e8381e3638666d2?s=96&d=mm&r=g","contentUrl":"https:\/\/secure.gravatar.com\/avatar\/72069dfb6c13772d9e8381e3638666d2?s=96&d=mm&r=g","caption":"EDITOR"},"url":"https:\/\/laprensacristiana.com\/?author=3"}]}},"_links":{"self":[{"href":"https:\/\/laprensacristiana.com\/index.php?rest_route=\/wp\/v2\/posts\/15809"}],"collection":[{"href":"https:\/\/laprensacristiana.com\/index.php?rest_route=\/wp\/v2\/posts"}],"about":[{"href":"https:\/\/laprensacristiana.com\/index.php?rest_route=\/wp\/v2\/types\/post"}],"author":[{"embeddable":true,"href":"https:\/\/laprensacristiana.com\/index.php?rest_route=\/wp\/v2\/users\/3"}],"replies":[{"embeddable":true,"href":"https:\/\/laprensacristiana.com\/index.php?rest_route=%2Fwp%2Fv2%2Fcomments&post=15809"}],"version-history":[{"count":1,"href":"https:\/\/laprensacristiana.com\/index.php?rest_route=\/wp\/v2\/posts\/15809\/revisions"}],"predecessor-version":[{"id":15812,"href":"https:\/\/laprensacristiana.com\/index.php?rest_route=\/wp\/v2\/posts\/15809\/revisions\/15812"}],"wp:featuredmedia":[{"embeddable":true,"href":"https:\/\/laprensacristiana.com\/index.php?rest_route=\/wp\/v2\/media\/15810"}],"wp:attachment":[{"href":"https:\/\/laprensacristiana.com\/index.php?rest_route=%2Fwp%2Fv2%2Fmedia&parent=15809"}],"wp:term":[{"taxonomy":"category","embeddable":true,"href":"https:\/\/laprensacristiana.com\/index.php?rest_route=%2Fwp%2Fv2%2Fcategories&post=15809"},{"taxonomy":"post_tag","embeddable":true,"href":"https:\/\/laprensacristiana.com\/index.php?rest_route=%2Fwp%2Fv2%2Ftags&post=15809"}],"curies":[{"name":"wp","href":"https:\/\/api.w.org\/{rel}","templated":true}]}}