{"id":15813,"date":"2024-01-09T19:04:29","date_gmt":"2024-01-09T19:04:29","guid":{"rendered":"https:\/\/laprensacristiana.com\/?p=15813"},"modified":"2024-01-09T19:04:30","modified_gmt":"2024-01-09T19:04:30","slug":"jesus-adrian-romero-anuncia-su-nuevo-tour-terrenal","status":"publish","type":"post","link":"https:\/\/laprensacristiana.com\/?p=15813","title":{"rendered":"Jes\u00fas Adri\u00e1n Romero anuncia su nuevo tour \u00abTerrenal\u00bb"},"content":{"rendered":"\n<p>Por : Edwin G\u00f3ngora <\/p>\n\n\n\n<p>El salmista cristiano de origen mexicano, Jes\u00fas Adri\u00e1n Romero, inicio con mucho entusiasmo este 2024 y en su cuenta de X a brindado detalles de sus pr\u00f3ximas actividades musicales.<\/p>\n\n\n\n<p>Adri\u00e1n Romero invita en diferentes fechas del mes de febrero para que lo acompa\u00f1en en lo que ser\u00e1 el desarrollo de su nuevo tour denominado: \u201cTerrenal\u201d.<\/p>\n\n\n\n<p>La gira arranca el 8 de febrero en Chicago, para luego visitar el 10 Washington y el 11 en New York.<\/p>\n\n\n\n<p>El cantante a colocado un video que contiene el concepto de lo que su tour representa y aparece su imagen con voz en off que dice \u201cAunque el haya puesto eternidad en mi coraz\u00f3n y mis ojos est\u00e1n puestos en las cosas de arriba, quiero ser parte de la transformaci\u00f3n y renovaci\u00f3n de este mundo, porque al final de todo habr\u00e1 una tierra nueva\u201d.<\/p>\n\n\n\n<figure class=\"wp-block-image size-large\"><img decoding=\"async\" loading=\"lazy\" width=\"1024\" height=\"569\" src=\"https:\/\/laprensacristiana.com\/wp-content\/uploads\/2024\/01\/WhatsApp-Image-2024-01-09-at-12.10.34-PM-1024x569.jpeg\" alt=\"\" class=\"wp-image-15815\" srcset=\"https:\/\/laprensacristiana.com\/wp-content\/uploads\/2024\/01\/WhatsApp-Image-2024-01-09-at-12.10.34-PM-1024x569.jpeg 1024w, https:\/\/laprensacristiana.com\/wp-content\/uploads\/2024\/01\/WhatsApp-Image-2024-01-09-at-12.10.34-PM-300x167.jpeg 300w, https:\/\/laprensacristiana.com\/wp-content\/uploads\/2024\/01\/WhatsApp-Image-2024-01-09-at-12.10.34-PM-768x427.jpeg 768w, https:\/\/laprensacristiana.com\/wp-content\/uploads\/2024\/01\/WhatsApp-Image-2024-01-09-at-12.10.34-PM-696x387.jpeg 696w, https:\/\/laprensacristiana.com\/wp-content\/uploads\/2024\/01\/WhatsApp-Image-2024-01-09-at-12.10.34-PM-1068x594.jpeg 1068w, https:\/\/laprensacristiana.com\/wp-content\/uploads\/2024\/01\/WhatsApp-Image-2024-01-09-at-12.10.34-PM-600x334.jpeg 600w, https:\/\/laprensacristiana.com\/wp-content\/uploads\/2024\/01\/WhatsApp-Image-2024-01-09-at-12.10.34-PM.jpeg 1079w\" sizes=\"(max-width: 1024px) 100vw, 1024px\" \/><\/figure>\n\n\n\n<p>En video se ve a Romero bajando de su veh\u00edculo y caminando en un campo abierto donde el viento desliza en su cuerpo. Se ven flores, el cauce de un rio y \u00e1rboles, incluso un manojo de le\u00f1a cae a sus pies.&nbsp;&nbsp;<\/p>\n\n\n\n<p>La voz se vuelve a escuchar y cierra diciendo: \u201cEstoy listo si alg\u00fan d\u00eda me quiere llevar a moradas celestes, pero por hoy soy terrenal\u201d.<\/p>\n\n\n\n<p>Jes\u00fas Adri\u00e1n Romero se alej\u00f3 de los escenarios a finales del a\u00f1o anterior tras reportar problemas en su salud.<\/p>\n\n\n\n<p>Sin embargo, el haber descansado le permiti\u00f3 recuperarse e iniciar este a\u00f1o con las fuerzas del \u201cb\u00fafalo\u201d<\/p>\n\n\n\n<p>La producci\u00f3n que ser\u00e1 tocada durante su tour ya esta disponible en las diferentes plataformas.<\/p>\n\n\n\n<figure class=\"wp-block-image size-large\"><img decoding=\"async\" loading=\"lazy\" width=\"1024\" height=\"317\" src=\"https:\/\/laprensacristiana.com\/wp-content\/uploads\/2024\/01\/WhatsApp-Image-2024-01-09-at-12.10.34-PM-1-1024x317.jpeg\" alt=\"\" class=\"wp-image-15816\" srcset=\"https:\/\/laprensacristiana.com\/wp-content\/uploads\/2024\/01\/WhatsApp-Image-2024-01-09-at-12.10.34-PM-1-1024x317.jpeg 1024w, https:\/\/laprensacristiana.com\/wp-content\/uploads\/2024\/01\/WhatsApp-Image-2024-01-09-at-12.10.34-PM-1-300x93.jpeg 300w, https:\/\/laprensacristiana.com\/wp-content\/uploads\/2024\/01\/WhatsApp-Image-2024-01-09-at-12.10.34-PM-1-768x238.jpeg 768w, https:\/\/laprensacristiana.com\/wp-content\/uploads\/2024\/01\/WhatsApp-Image-2024-01-09-at-12.10.34-PM-1-696x215.jpeg 696w, https:\/\/laprensacristiana.com\/wp-content\/uploads\/2024\/01\/WhatsApp-Image-2024-01-09-at-12.10.34-PM-1-1068x331.jpeg 1068w, https:\/\/laprensacristiana.com\/wp-content\/uploads\/2024\/01\/WhatsApp-Image-2024-01-09-at-12.10.34-PM-1-600x186.jpeg 600w, https:\/\/laprensacristiana.com\/wp-content\/uploads\/2024\/01\/WhatsApp-Image-2024-01-09-at-12.10.34-PM-1.jpeg 1079w\" sizes=\"(max-width: 1024px) 100vw, 1024px\" \/><\/figure>\n","protected":false},"excerpt":{"rendered":"<p>Por : Edwin G\u00f3ngora El salmista cristiano de origen mexicano, Jes\u00fas Adri\u00e1n Romero, inicio con mucho entusiasmo este 2024 y en su cuenta de X a brindado detalles de sus pr\u00f3ximas actividades musicales. Adri\u00e1n Romero invita en diferentes fechas del mes de febrero para que lo acompa\u00f1en en lo que ser\u00e1 el desarrollo de su [&hellip;]<\/p>\n","protected":false},"author":3,"featured_media":15814,"comment_status":"open","ping_status":"open","sticky":false,"template":"","format":"standard","meta":[],"categories":[101],"tags":[],"yoast_head":"<!-- This site is optimized with the Yoast SEO plugin v20.8 - https:\/\/yoast.com\/wordpress\/plugins\/seo\/ -->\n<title>Jes\u00fas Adri\u00e1n Romero anuncia su nuevo tour \u00abTerrenal\u00bb - La Prensa Cristiana<\/title>\n<meta name=\"robots\" content=\"index, follow, max-snippet:-1, max-image-preview:large, max-video-preview:-1\" \/>\n<link rel=\"canonical\" href=\"https:\/\/laprensacristiana.com\/?p=15813\" \/>\n<meta property=\"og:locale\" content=\"es_ES\" \/>\n<meta property=\"og:type\" content=\"article\" \/>\n<meta property=\"og:title\" content=\"Jes\u00fas Adri\u00e1n Romero anuncia su nuevo tour \u00abTerrenal\u00bb - La Prensa Cristiana\" \/>\n<meta property=\"og:description\" content=\"Por : Edwin G\u00f3ngora El salmista cristiano de origen mexicano, Jes\u00fas Adri\u00e1n Romero, inicio con mucho entusiasmo este 2024 y en su cuenta de X a brindado detalles de sus pr\u00f3ximas actividades musicales. Adri\u00e1n Romero invita en diferentes fechas del mes de febrero para que lo acompa\u00f1en en lo que ser\u00e1 el desarrollo de su [&hellip;]\" \/>\n<meta property=\"og:url\" content=\"https:\/\/laprensacristiana.com\/?p=15813\" \/>\n<meta property=\"og:site_name\" content=\"La Prensa Cristiana\" \/>\n<meta property=\"article:published_time\" content=\"2024-01-09T19:04:29+00:00\" \/>\n<meta property=\"article:modified_time\" content=\"2024-01-09T19:04:30+00:00\" \/>\n<meta property=\"og:image\" content=\"https:\/\/laprensacristiana.com\/wp-content\/uploads\/2024\/01\/WhatsApp-Image-2024-01-09-at-12.10.33-PM.jpeg\" \/>\n\t<meta property=\"og:image:width\" content=\"1079\" \/>\n\t<meta property=\"og:image:height\" content=\"1294\" \/>\n\t<meta property=\"og:image:type\" content=\"image\/jpeg\" \/>\n<meta name=\"author\" content=\"EDITOR\" \/>\n<meta name=\"twitter:card\" content=\"summary_large_image\" \/>\n<meta name=\"twitter:label1\" content=\"Escrito por\" \/>\n\t<meta name=\"twitter:data1\" content=\"EDITOR\" \/>\n\t<meta name=\"twitter:label2\" content=\"Tiempo de lectura\" \/>\n\t<meta name=\"twitter:data2\" content=\"2 minutos\" \/>\n<script type=\"application\/ld+json\" class=\"yoast-schema-graph\">{\"@context\":\"https:\/\/schema.org\",\"@graph\":[{\"@type\":\"WebPage\",\"@id\":\"https:\/\/laprensacristiana.com\/?p=15813\",\"url\":\"https:\/\/laprensacristiana.com\/?p=15813\",\"name\":\"Jes\u00fas Adri\u00e1n Romero anuncia su nuevo tour \u00abTerrenal\u00bb - La Prensa Cristiana\",\"isPartOf\":{\"@id\":\"https:\/\/laprensacristiana.com\/#website\"},\"datePublished\":\"2024-01-09T19:04:29+00:00\",\"dateModified\":\"2024-01-09T19:04:30+00:00\",\"author\":{\"@id\":\"https:\/\/laprensacristiana.com\/#\/schema\/person\/3e7d82c6bfd6b1fa67010f8f7cd5256e\"},\"breadcrumb\":{\"@id\":\"https:\/\/laprensacristiana.com\/?p=15813#breadcrumb\"},\"inLanguage\":\"es\",\"potentialAction\":[{\"@type\":\"ReadAction\",\"target\":[\"https:\/\/laprensacristiana.com\/?p=15813\"]}]},{\"@type\":\"BreadcrumbList\",\"@id\":\"https:\/\/laprensacristiana.com\/?p=15813#breadcrumb\",\"itemListElement\":[{\"@type\":\"ListItem\",\"position\":1,\"name\":\"Portada\",\"item\":\"https:\/\/laprensacristiana.com\/\"},{\"@type\":\"ListItem\",\"position\":2,\"name\":\"Jes\u00fas Adri\u00e1n Romero anuncia su nuevo tour \u00abTerrenal\u00bb\"}]},{\"@type\":\"WebSite\",\"@id\":\"https:\/\/laprensacristiana.com\/#website\",\"url\":\"https:\/\/laprensacristiana.com\/\",\"name\":\"La Prensa Cristiana\",\"description\":\"Anunciando Las Buenas Nuevas\",\"potentialAction\":[{\"@type\":\"SearchAction\",\"target\":{\"@type\":\"EntryPoint\",\"urlTemplate\":\"https:\/\/laprensacristiana.com\/?s={search_term_string}\"},\"query-input\":\"required name=search_term_string\"}],\"inLanguage\":\"es\"},{\"@type\":\"Person\",\"@id\":\"https:\/\/laprensacristiana.com\/#\/schema\/person\/3e7d82c6bfd6b1fa67010f8f7cd5256e\",\"name\":\"EDITOR\",\"image\":{\"@type\":\"ImageObject\",\"inLanguage\":\"es\",\"@id\":\"https:\/\/laprensacristiana.com\/#\/schema\/person\/image\/\",\"url\":\"https:\/\/secure.gravatar.com\/avatar\/72069dfb6c13772d9e8381e3638666d2?s=96&d=mm&r=g\",\"contentUrl\":\"https:\/\/secure.gravatar.com\/avatar\/72069dfb6c13772d9e8381e3638666d2?s=96&d=mm&r=g\",\"caption\":\"EDITOR\"},\"url\":\"https:\/\/laprensacristiana.com\/?author=3\"}]}<\/script>\n<!-- \/ Yoast SEO plugin. -->","yoast_head_json":{"title":"Jes\u00fas Adri\u00e1n Romero anuncia su nuevo tour \u00abTerrenal\u00bb - La Prensa Cristiana","robots":{"index":"index","follow":"follow","max-snippet":"max-snippet:-1","max-image-preview":"max-image-preview:large","max-video-preview":"max-video-preview:-1"},"canonical":"https:\/\/laprensacristiana.com\/?p=15813","og_locale":"es_ES","og_type":"article","og_title":"Jes\u00fas Adri\u00e1n Romero anuncia su nuevo tour \u00abTerrenal\u00bb - La Prensa Cristiana","og_description":"Por : Edwin G\u00f3ngora El salmista cristiano de origen mexicano, Jes\u00fas Adri\u00e1n Romero, inicio con mucho entusiasmo este 2024 y en su cuenta de X a brindado detalles de sus pr\u00f3ximas actividades musicales. Adri\u00e1n Romero invita en diferentes fechas del mes de febrero para que lo acompa\u00f1en en lo que ser\u00e1 el desarrollo de su [&hellip;]","og_url":"https:\/\/laprensacristiana.com\/?p=15813","og_site_name":"La Prensa Cristiana","article_published_time":"2024-01-09T19:04:29+00:00","article_modified_time":"2024-01-09T19:04:30+00:00","og_image":[{"width":1079,"height":1294,"url":"https:\/\/laprensacristiana.com\/wp-content\/uploads\/2024\/01\/WhatsApp-Image-2024-01-09-at-12.10.33-PM.jpeg","type":"image\/jpeg"}],"author":"EDITOR","twitter_card":"summary_large_image","twitter_misc":{"Escrito por":"EDITOR","Tiempo de lectura":"2 minutos"},"schema":{"@context":"https:\/\/schema.org","@graph":[{"@type":"WebPage","@id":"https:\/\/laprensacristiana.com\/?p=15813","url":"https:\/\/laprensacristiana.com\/?p=15813","name":"Jes\u00fas Adri\u00e1n Romero anuncia su nuevo tour \u00abTerrenal\u00bb - La Prensa Cristiana","isPartOf":{"@id":"https:\/\/laprensacristiana.com\/#website"},"datePublished":"2024-01-09T19:04:29+00:00","dateModified":"2024-01-09T19:04:30+00:00","author":{"@id":"https:\/\/laprensacristiana.com\/#\/schema\/person\/3e7d82c6bfd6b1fa67010f8f7cd5256e"},"breadcrumb":{"@id":"https:\/\/laprensacristiana.com\/?p=15813#breadcrumb"},"inLanguage":"es","potentialAction":[{"@type":"ReadAction","target":["https:\/\/laprensacristiana.com\/?p=15813"]}]},{"@type":"BreadcrumbList","@id":"https:\/\/laprensacristiana.com\/?p=15813#breadcrumb","itemListElement":[{"@type":"ListItem","position":1,"name":"Portada","item":"https:\/\/laprensacristiana.com\/"},{"@type":"ListItem","position":2,"name":"Jes\u00fas Adri\u00e1n Romero anuncia su nuevo tour \u00abTerrenal\u00bb"}]},{"@type":"WebSite","@id":"https:\/\/laprensacristiana.com\/#website","url":"https:\/\/laprensacristiana.com\/","name":"La Prensa Cristiana","description":"Anunciando Las Buenas Nuevas","potentialAction":[{"@type":"SearchAction","target":{"@type":"EntryPoint","urlTemplate":"https:\/\/laprensacristiana.com\/?s={search_term_string}"},"query-input":"required name=search_term_string"}],"inLanguage":"es"},{"@type":"Person","@id":"https:\/\/laprensacristiana.com\/#\/schema\/person\/3e7d82c6bfd6b1fa67010f8f7cd5256e","name":"EDITOR","image":{"@type":"ImageObject","inLanguage":"es","@id":"https:\/\/laprensacristiana.com\/#\/schema\/person\/image\/","url":"https:\/\/secure.gravatar.com\/avatar\/72069dfb6c13772d9e8381e3638666d2?s=96&d=mm&r=g","contentUrl":"https:\/\/secure.gravatar.com\/avatar\/72069dfb6c13772d9e8381e3638666d2?s=96&d=mm&r=g","caption":"EDITOR"},"url":"https:\/\/laprensacristiana.com\/?author=3"}]}},"_links":{"self":[{"href":"https:\/\/laprensacristiana.com\/index.php?rest_route=\/wp\/v2\/posts\/15813"}],"collection":[{"href":"https:\/\/laprensacristiana.com\/index.php?rest_route=\/wp\/v2\/posts"}],"about":[{"href":"https:\/\/laprensacristiana.com\/index.php?rest_route=\/wp\/v2\/types\/post"}],"author":[{"embeddable":true,"href":"https:\/\/laprensacristiana.com\/index.php?rest_route=\/wp\/v2\/users\/3"}],"replies":[{"embeddable":true,"href":"https:\/\/laprensacristiana.com\/index.php?rest_route=%2Fwp%2Fv2%2Fcomments&post=15813"}],"version-history":[{"count":1,"href":"https:\/\/laprensacristiana.com\/index.php?rest_route=\/wp\/v2\/posts\/15813\/revisions"}],"predecessor-version":[{"id":15817,"href":"https:\/\/laprensacristiana.com\/index.php?rest_route=\/wp\/v2\/posts\/15813\/revisions\/15817"}],"wp:featuredmedia":[{"embeddable":true,"href":"https:\/\/laprensacristiana.com\/index.php?rest_route=\/wp\/v2\/media\/15814"}],"wp:attachment":[{"href":"https:\/\/laprensacristiana.com\/index.php?rest_route=%2Fwp%2Fv2%2Fmedia&parent=15813"}],"wp:term":[{"taxonomy":"category","embeddable":true,"href":"https:\/\/laprensacristiana.com\/index.php?rest_route=%2Fwp%2Fv2%2Fcategories&post=15813"},{"taxonomy":"post_tag","embeddable":true,"href":"https:\/\/laprensacristiana.com\/index.php?rest_route=%2Fwp%2Fv2%2Ftags&post=15813"}],"curies":[{"name":"wp","href":"https:\/\/api.w.org\/{rel}","templated":true}]}}