{"id":15849,"date":"2024-01-11T18:28:53","date_gmt":"2024-01-11T18:28:53","guid":{"rendered":"https:\/\/laprensacristiana.com\/?p=15849"},"modified":"2024-01-11T18:28:54","modified_gmt":"2024-01-11T18:28:54","slug":"organizaciones-evangelicas-ecuatorianas-oran-porque-situacion-belica-encuentre-solucione-pronto","status":"publish","type":"post","link":"https:\/\/laprensacristiana.com\/?p=15849","title":{"rendered":"Organizaciones evang\u00e9licas Ecuatorianas oran porque situaci\u00f3n b\u00e9lica encuentre solucione pronto."},"content":{"rendered":"\n<p>Por: Edwin G\u00f3ngora <\/p>\n\n\n\n<p>Organizaciones evang\u00e9licas Ecuatorianas oran porque situaci\u00f3n b\u00e9lica encuentre solucione pronto.<\/p>\n\n\n\n<p>Ecuador ha vivido en las \u00faltimas horas una tensa situaci\u00f3n en temas de seguridad p\u00fablica y sistema carcelario, lo que llev\u00f3 al presidente Daniel Noboa, decretar estado de excepci\u00f3n para controlar los hechos violentos.<\/p>\n\n\n\n<p>Tras m\u00e1s de 48 horas cr\u00edticas, varias ciudades entre ellas Quito, su capital y Guayaquil&nbsp;&nbsp; han vuelto a una relativa calma, sin embargo, se habla de ataques a bienes privados y poblaci\u00f3n en otras ciudades.<\/p>\n\n\n\n<p>Desde la Iglesia Cristiana Evang\u00e9lica Ecuatoriana ya se realizan acciones que permitan desde su labor eclesial poder contribuir a que la situaci\u00f3n en el pa\u00eds suramericano mejore.<\/p>\n\n\n\n<figure class=\"wp-block-image size-full\"><img decoding=\"async\" loading=\"lazy\" width=\"619\" height=\"452\" src=\"https:\/\/laprensacristiana.com\/wp-content\/uploads\/2024\/01\/WhatsApp-Image-2024-01-11-at-12.25.38-PM.jpeg\" alt=\"\" class=\"wp-image-15852\" srcset=\"https:\/\/laprensacristiana.com\/wp-content\/uploads\/2024\/01\/WhatsApp-Image-2024-01-11-at-12.25.38-PM.jpeg 619w, https:\/\/laprensacristiana.com\/wp-content\/uploads\/2024\/01\/WhatsApp-Image-2024-01-11-at-12.25.38-PM-300x219.jpeg 300w, https:\/\/laprensacristiana.com\/wp-content\/uploads\/2024\/01\/WhatsApp-Image-2024-01-11-at-12.25.38-PM-600x438.jpeg 600w\" sizes=\"(max-width: 619px) 100vw, 619px\" \/><\/figure>\n\n\n\n<p>Daniel Oliva es Secretario General de La Sociedad B\u00edblica de Ecuador y pidi\u00f3 oraci\u00f3n por el pa\u00eds, pero puntualmente por transparencia y legalidad en el combate a los grupos calificados como terroristas. Protecci\u00f3n para las iglesias y sus pastores, que trabajan en las zonas m\u00e1s conflictivas. Una de ellas la vicepresidente de la junta directiva de la Sociedad B\u00edblica, Laura Saa y varios de sus socios, colaboradores y compa\u00f1eros que viven y sirven al Se\u00f1or en zonas que est\u00e1n siendo atacadas por los grupos delictivos.<\/p>\n\n\n\n<p>La petici\u00f3n de oraci\u00f3n incluye a las autoridades de gobierno para que act\u00faen con sabidur\u00eda y sus consejeros generen buenos planes y apoyen el desarrollo de los adolescentes y j\u00f3venes que hoy son reclutados por los grupos delictivos.<\/p>\n\n\n\n<p>Al respecto la Alianza Evang\u00e9lica Latina (AEL) emiti\u00f3 un comunicado en el que manifiesta su solidaridad con el pueblo ecuatoriano y lamenta la escalada de violencia, al tiempo de repudiar se coarten los derechos de los ciudadanos a vivir en un ambiente de paz y justicia.<\/p>\n\n\n\n<figure class=\"wp-block-image size-large\"><img decoding=\"async\" loading=\"lazy\" width=\"728\" height=\"1024\" src=\"https:\/\/laprensacristiana.com\/wp-content\/uploads\/2024\/01\/COMUNICADO-AEL-728x1024.jpg\" alt=\"\" class=\"wp-image-15851\" srcset=\"https:\/\/laprensacristiana.com\/wp-content\/uploads\/2024\/01\/COMUNICADO-AEL-728x1024.jpg 728w, https:\/\/laprensacristiana.com\/wp-content\/uploads\/2024\/01\/COMUNICADO-AEL-213x300.jpg 213w, https:\/\/laprensacristiana.com\/wp-content\/uploads\/2024\/01\/COMUNICADO-AEL-768x1080.jpg 768w, https:\/\/laprensacristiana.com\/wp-content\/uploads\/2024\/01\/COMUNICADO-AEL-696x978.jpg 696w, https:\/\/laprensacristiana.com\/wp-content\/uploads\/2024\/01\/COMUNICADO-AEL-600x843.jpg 600w, https:\/\/laprensacristiana.com\/wp-content\/uploads\/2024\/01\/COMUNICADO-AEL.jpg 961w\" sizes=\"(max-width: 728px) 100vw, 728px\" \/><\/figure>\n\n\n\n<p>Como Alianza se\u00f1ala el comunicado, promovemos el amor, el respeto, la justicia, la paz, la resoluci\u00f3n de todo conflicto a trav\u00e9s del dialogo, porque la violencia no es nunca el camino.<\/p>\n\n\n\n<p>La Alianza Evang\u00e9lica Latina se une en oraci\u00f3n para interceder por Ecuador, porque Dios en su infinita misericordia puede cambiar situaciones, sanar corazones y transformar vidas.&nbsp;<\/p>\n\n\n\n<p>Confiamos que Dios tiene el control y har\u00e1 que las cosas mejoren en los pr\u00f3ximos d\u00edas.<\/p>\n","protected":false},"excerpt":{"rendered":"<p>Por: Edwin G\u00f3ngora Organizaciones evang\u00e9licas Ecuatorianas oran porque situaci\u00f3n b\u00e9lica encuentre solucione pronto. Ecuador ha vivido en las \u00faltimas horas una tensa situaci\u00f3n en temas de seguridad p\u00fablica y sistema carcelario, lo que llev\u00f3 al presidente Daniel Noboa, decretar estado de excepci\u00f3n para controlar los hechos violentos. Tras m\u00e1s de 48 horas cr\u00edticas, varias ciudades [&hellip;]<\/p>\n","protected":false},"author":3,"featured_media":15850,"comment_status":"open","ping_status":"open","sticky":false,"template":"","format":"standard","meta":[],"categories":[56],"tags":[],"yoast_head":"<!-- This site is optimized with the Yoast SEO plugin v20.8 - https:\/\/yoast.com\/wordpress\/plugins\/seo\/ -->\n<title>Organizaciones evang\u00e9licas Ecuatorianas oran porque situaci\u00f3n b\u00e9lica encuentre solucione pronto. - La Prensa Cristiana<\/title>\n<meta name=\"robots\" content=\"index, follow, max-snippet:-1, max-image-preview:large, max-video-preview:-1\" \/>\n<link rel=\"canonical\" href=\"https:\/\/laprensacristiana.com\/?p=15849\" \/>\n<meta property=\"og:locale\" content=\"es_ES\" \/>\n<meta property=\"og:type\" content=\"article\" \/>\n<meta property=\"og:title\" content=\"Organizaciones evang\u00e9licas Ecuatorianas oran porque situaci\u00f3n b\u00e9lica encuentre solucione pronto. - La Prensa Cristiana\" \/>\n<meta property=\"og:description\" content=\"Por: Edwin G\u00f3ngora Organizaciones evang\u00e9licas Ecuatorianas oran porque situaci\u00f3n b\u00e9lica encuentre solucione pronto. Ecuador ha vivido en las \u00faltimas horas una tensa situaci\u00f3n en temas de seguridad p\u00fablica y sistema carcelario, lo que llev\u00f3 al presidente Daniel Noboa, decretar estado de excepci\u00f3n para controlar los hechos violentos. Tras m\u00e1s de 48 horas cr\u00edticas, varias ciudades [&hellip;]\" \/>\n<meta property=\"og:url\" content=\"https:\/\/laprensacristiana.com\/?p=15849\" \/>\n<meta property=\"og:site_name\" content=\"La Prensa Cristiana\" \/>\n<meta property=\"article:published_time\" content=\"2024-01-11T18:28:53+00:00\" \/>\n<meta property=\"article:modified_time\" content=\"2024-01-11T18:28:54+00:00\" \/>\n<meta property=\"og:image\" content=\"https:\/\/laprensacristiana.com\/wp-content\/uploads\/2024\/01\/WhatsApp-Image-2024-01-11-at-11.10.26-AM.jpeg\" \/>\n\t<meta property=\"og:image:width\" content=\"1024\" \/>\n\t<meta property=\"og:image:height\" content=\"614\" \/>\n\t<meta property=\"og:image:type\" content=\"image\/jpeg\" \/>\n<meta name=\"author\" content=\"EDITOR\" \/>\n<meta name=\"twitter:card\" content=\"summary_large_image\" \/>\n<meta name=\"twitter:label1\" content=\"Escrito por\" \/>\n\t<meta name=\"twitter:data1\" content=\"EDITOR\" \/>\n\t<meta name=\"twitter:label2\" content=\"Tiempo de lectura\" \/>\n\t<meta name=\"twitter:data2\" content=\"3 minutos\" \/>\n<script type=\"application\/ld+json\" class=\"yoast-schema-graph\">{\"@context\":\"https:\/\/schema.org\",\"@graph\":[{\"@type\":\"WebPage\",\"@id\":\"https:\/\/laprensacristiana.com\/?p=15849\",\"url\":\"https:\/\/laprensacristiana.com\/?p=15849\",\"name\":\"Organizaciones evang\u00e9licas Ecuatorianas oran porque situaci\u00f3n b\u00e9lica encuentre solucione pronto. - La Prensa Cristiana\",\"isPartOf\":{\"@id\":\"https:\/\/laprensacristiana.com\/#website\"},\"datePublished\":\"2024-01-11T18:28:53+00:00\",\"dateModified\":\"2024-01-11T18:28:54+00:00\",\"author\":{\"@id\":\"https:\/\/laprensacristiana.com\/#\/schema\/person\/3e7d82c6bfd6b1fa67010f8f7cd5256e\"},\"breadcrumb\":{\"@id\":\"https:\/\/laprensacristiana.com\/?p=15849#breadcrumb\"},\"inLanguage\":\"es\",\"potentialAction\":[{\"@type\":\"ReadAction\",\"target\":[\"https:\/\/laprensacristiana.com\/?p=15849\"]}]},{\"@type\":\"BreadcrumbList\",\"@id\":\"https:\/\/laprensacristiana.com\/?p=15849#breadcrumb\",\"itemListElement\":[{\"@type\":\"ListItem\",\"position\":1,\"name\":\"Portada\",\"item\":\"https:\/\/laprensacristiana.com\/\"},{\"@type\":\"ListItem\",\"position\":2,\"name\":\"Organizaciones evang\u00e9licas Ecuatorianas oran porque situaci\u00f3n b\u00e9lica encuentre solucione pronto.\"}]},{\"@type\":\"WebSite\",\"@id\":\"https:\/\/laprensacristiana.com\/#website\",\"url\":\"https:\/\/laprensacristiana.com\/\",\"name\":\"La Prensa Cristiana\",\"description\":\"Anunciando Las Buenas Nuevas\",\"potentialAction\":[{\"@type\":\"SearchAction\",\"target\":{\"@type\":\"EntryPoint\",\"urlTemplate\":\"https:\/\/laprensacristiana.com\/?s={search_term_string}\"},\"query-input\":\"required name=search_term_string\"}],\"inLanguage\":\"es\"},{\"@type\":\"Person\",\"@id\":\"https:\/\/laprensacristiana.com\/#\/schema\/person\/3e7d82c6bfd6b1fa67010f8f7cd5256e\",\"name\":\"EDITOR\",\"image\":{\"@type\":\"ImageObject\",\"inLanguage\":\"es\",\"@id\":\"https:\/\/laprensacristiana.com\/#\/schema\/person\/image\/\",\"url\":\"https:\/\/secure.gravatar.com\/avatar\/72069dfb6c13772d9e8381e3638666d2?s=96&d=mm&r=g\",\"contentUrl\":\"https:\/\/secure.gravatar.com\/avatar\/72069dfb6c13772d9e8381e3638666d2?s=96&d=mm&r=g\",\"caption\":\"EDITOR\"},\"url\":\"https:\/\/laprensacristiana.com\/?author=3\"}]}<\/script>\n<!-- \/ Yoast SEO plugin. -->","yoast_head_json":{"title":"Organizaciones evang\u00e9licas Ecuatorianas oran porque situaci\u00f3n b\u00e9lica encuentre solucione pronto. - La Prensa Cristiana","robots":{"index":"index","follow":"follow","max-snippet":"max-snippet:-1","max-image-preview":"max-image-preview:large","max-video-preview":"max-video-preview:-1"},"canonical":"https:\/\/laprensacristiana.com\/?p=15849","og_locale":"es_ES","og_type":"article","og_title":"Organizaciones evang\u00e9licas Ecuatorianas oran porque situaci\u00f3n b\u00e9lica encuentre solucione pronto. - La Prensa Cristiana","og_description":"Por: Edwin G\u00f3ngora Organizaciones evang\u00e9licas Ecuatorianas oran porque situaci\u00f3n b\u00e9lica encuentre solucione pronto. Ecuador ha vivido en las \u00faltimas horas una tensa situaci\u00f3n en temas de seguridad p\u00fablica y sistema carcelario, lo que llev\u00f3 al presidente Daniel Noboa, decretar estado de excepci\u00f3n para controlar los hechos violentos. Tras m\u00e1s de 48 horas cr\u00edticas, varias ciudades [&hellip;]","og_url":"https:\/\/laprensacristiana.com\/?p=15849","og_site_name":"La Prensa Cristiana","article_published_time":"2024-01-11T18:28:53+00:00","article_modified_time":"2024-01-11T18:28:54+00:00","og_image":[{"width":1024,"height":614,"url":"https:\/\/laprensacristiana.com\/wp-content\/uploads\/2024\/01\/WhatsApp-Image-2024-01-11-at-11.10.26-AM.jpeg","type":"image\/jpeg"}],"author":"EDITOR","twitter_card":"summary_large_image","twitter_misc":{"Escrito por":"EDITOR","Tiempo de lectura":"3 minutos"},"schema":{"@context":"https:\/\/schema.org","@graph":[{"@type":"WebPage","@id":"https:\/\/laprensacristiana.com\/?p=15849","url":"https:\/\/laprensacristiana.com\/?p=15849","name":"Organizaciones evang\u00e9licas Ecuatorianas oran porque situaci\u00f3n b\u00e9lica encuentre solucione pronto. - La Prensa Cristiana","isPartOf":{"@id":"https:\/\/laprensacristiana.com\/#website"},"datePublished":"2024-01-11T18:28:53+00:00","dateModified":"2024-01-11T18:28:54+00:00","author":{"@id":"https:\/\/laprensacristiana.com\/#\/schema\/person\/3e7d82c6bfd6b1fa67010f8f7cd5256e"},"breadcrumb":{"@id":"https:\/\/laprensacristiana.com\/?p=15849#breadcrumb"},"inLanguage":"es","potentialAction":[{"@type":"ReadAction","target":["https:\/\/laprensacristiana.com\/?p=15849"]}]},{"@type":"BreadcrumbList","@id":"https:\/\/laprensacristiana.com\/?p=15849#breadcrumb","itemListElement":[{"@type":"ListItem","position":1,"name":"Portada","item":"https:\/\/laprensacristiana.com\/"},{"@type":"ListItem","position":2,"name":"Organizaciones evang\u00e9licas Ecuatorianas oran porque situaci\u00f3n b\u00e9lica encuentre solucione pronto."}]},{"@type":"WebSite","@id":"https:\/\/laprensacristiana.com\/#website","url":"https:\/\/laprensacristiana.com\/","name":"La Prensa Cristiana","description":"Anunciando Las Buenas Nuevas","potentialAction":[{"@type":"SearchAction","target":{"@type":"EntryPoint","urlTemplate":"https:\/\/laprensacristiana.com\/?s={search_term_string}"},"query-input":"required name=search_term_string"}],"inLanguage":"es"},{"@type":"Person","@id":"https:\/\/laprensacristiana.com\/#\/schema\/person\/3e7d82c6bfd6b1fa67010f8f7cd5256e","name":"EDITOR","image":{"@type":"ImageObject","inLanguage":"es","@id":"https:\/\/laprensacristiana.com\/#\/schema\/person\/image\/","url":"https:\/\/secure.gravatar.com\/avatar\/72069dfb6c13772d9e8381e3638666d2?s=96&d=mm&r=g","contentUrl":"https:\/\/secure.gravatar.com\/avatar\/72069dfb6c13772d9e8381e3638666d2?s=96&d=mm&r=g","caption":"EDITOR"},"url":"https:\/\/laprensacristiana.com\/?author=3"}]}},"_links":{"self":[{"href":"https:\/\/laprensacristiana.com\/index.php?rest_route=\/wp\/v2\/posts\/15849"}],"collection":[{"href":"https:\/\/laprensacristiana.com\/index.php?rest_route=\/wp\/v2\/posts"}],"about":[{"href":"https:\/\/laprensacristiana.com\/index.php?rest_route=\/wp\/v2\/types\/post"}],"author":[{"embeddable":true,"href":"https:\/\/laprensacristiana.com\/index.php?rest_route=\/wp\/v2\/users\/3"}],"replies":[{"embeddable":true,"href":"https:\/\/laprensacristiana.com\/index.php?rest_route=%2Fwp%2Fv2%2Fcomments&post=15849"}],"version-history":[{"count":1,"href":"https:\/\/laprensacristiana.com\/index.php?rest_route=\/wp\/v2\/posts\/15849\/revisions"}],"predecessor-version":[{"id":15853,"href":"https:\/\/laprensacristiana.com\/index.php?rest_route=\/wp\/v2\/posts\/15849\/revisions\/15853"}],"wp:featuredmedia":[{"embeddable":true,"href":"https:\/\/laprensacristiana.com\/index.php?rest_route=\/wp\/v2\/media\/15850"}],"wp:attachment":[{"href":"https:\/\/laprensacristiana.com\/index.php?rest_route=%2Fwp%2Fv2%2Fmedia&parent=15849"}],"wp:term":[{"taxonomy":"category","embeddable":true,"href":"https:\/\/laprensacristiana.com\/index.php?rest_route=%2Fwp%2Fv2%2Fcategories&post=15849"},{"taxonomy":"post_tag","embeddable":true,"href":"https:\/\/laprensacristiana.com\/index.php?rest_route=%2Fwp%2Fv2%2Ftags&post=15849"}],"curies":[{"name":"wp","href":"https:\/\/api.w.org\/{rel}","templated":true}]}}