{"id":1586,"date":"2016-10-03T17:05:15","date_gmt":"2016-10-03T17:05:15","guid":{"rendered":"https:\/\/laprensacristiana.com\/?p=1586"},"modified":"2020-07-02T01:43:13","modified_gmt":"2020-07-02T01:43:13","slug":"san-martin-un-municipio-declarado-territorio-del-senor","status":"publish","type":"post","link":"https:\/\/laprensacristiana.com\/?p=1586","title":{"rendered":"San Mart\u00edn, un municipio declarado territorio del Se\u00f1or Jesucristo"},"content":{"rendered":"<p>Con fe en Jes\u00fas diferentes iglesias que forman parte del \u201cAltar de la unidad\u201d marcharon el pasado 1 de octubre, por las principales calles del municipio de San Mart\u00edn.<\/p>\n<p>Son 10 a\u00f1os de existencia del ministerio, que busca la unidad de las iglesias Cristianas Evang\u00e9licas que se encuentran en el municipio; esta vez formaron parte de la marcha aproximadamente 30 iglesias, acompa\u00f1adas por sus pastores.<\/p>\n<figure id=\"attachment_1590\" aria-describedby=\"caption-attachment-1590\" style=\"width: 300px\" class=\"wp-caption alignnone\"><img decoding=\"async\" loading=\"lazy\" class=\"size-medium wp-image-1590\" src=\"https:\/\/laprensacristiana.com\/wp-content\/uploads\/2016\/10\/marcha3-300x169.jpg\" alt=\"Foto cortes\u00eda, hermana Rochac Yamileth\" width=\"300\" height=\"169\" srcset=\"https:\/\/laprensacristiana.com\/wp-content\/uploads\/2016\/10\/marcha3-300x169.jpg 300w, https:\/\/laprensacristiana.com\/wp-content\/uploads\/2016\/10\/marcha3-600x338.jpg 600w, https:\/\/laprensacristiana.com\/wp-content\/uploads\/2016\/10\/marcha3-768x432.jpg 768w, https:\/\/laprensacristiana.com\/wp-content\/uploads\/2016\/10\/marcha3-1024x576.jpg 1024w, https:\/\/laprensacristiana.com\/wp-content\/uploads\/2016\/10\/marcha3-696x392.jpg 696w, https:\/\/laprensacristiana.com\/wp-content\/uploads\/2016\/10\/marcha3-1068x601.jpg 1068w, https:\/\/laprensacristiana.com\/wp-content\/uploads\/2016\/10\/marcha3-747x420.jpg 747w, https:\/\/laprensacristiana.com\/wp-content\/uploads\/2016\/10\/marcha3.jpg 1280w\" sizes=\"(max-width: 300px) 100vw, 300px\" \/><figcaption id=\"caption-attachment-1590\" class=\"wp-caption-text\">Foto cortes\u00eda, hermana Rochac Yamileth<\/figcaption><\/figure>\n<p>Su objetivo principal fue declarar que Jes\u00fas es el Se\u00f1or y que El Salvador es territorio de \u00c9l. Como parte de la adoraci\u00f3n al Se\u00f1or, en el transcurso de la marcha se fue exaltando su nombre con diferentes alabanzas, adem\u00e1s de las oraciones que se dieron en cada centro de estudio y delegaciones de la Polic\u00eda Nacional Civil (PNC), donde los agentes pudieron recibir oraci\u00f3n y ministraci\u00f3n por parte de los miembros de cada iglesia representada.<\/p>\n<figure id=\"attachment_1591\" aria-describedby=\"caption-attachment-1591\" style=\"width: 300px\" class=\"wp-caption alignnone\"><img decoding=\"async\" loading=\"lazy\" class=\"size-medium wp-image-1591\" src=\"https:\/\/laprensacristiana.com\/wp-content\/uploads\/2016\/10\/marcha6-300x169.jpg\" alt=\"Foto cortes\u00eda, hermana Rochac Yamileth\" width=\"300\" height=\"169\" srcset=\"https:\/\/laprensacristiana.com\/wp-content\/uploads\/2016\/10\/marcha6-300x169.jpg 300w, https:\/\/laprensacristiana.com\/wp-content\/uploads\/2016\/10\/marcha6-600x338.jpg 600w, https:\/\/laprensacristiana.com\/wp-content\/uploads\/2016\/10\/marcha6-768x432.jpg 768w, https:\/\/laprensacristiana.com\/wp-content\/uploads\/2016\/10\/marcha6-1024x576.jpg 1024w, https:\/\/laprensacristiana.com\/wp-content\/uploads\/2016\/10\/marcha6-696x392.jpg 696w, https:\/\/laprensacristiana.com\/wp-content\/uploads\/2016\/10\/marcha6-1068x601.jpg 1068w, https:\/\/laprensacristiana.com\/wp-content\/uploads\/2016\/10\/marcha6-747x420.jpg 747w, https:\/\/laprensacristiana.com\/wp-content\/uploads\/2016\/10\/marcha6.jpg 1280w\" sizes=\"(max-width: 300px) 100vw, 300px\" \/><figcaption id=\"caption-attachment-1591\" class=\"wp-caption-text\">Foto cortes\u00eda, hermana Rochac Yamileth<\/figcaption><\/figure>\n<p>La marcha fue acompa\u00f1ada por el Alcalde de San Mart\u00edn, quien adem\u00e1s develo una placa que declara a El Salvador, como territorio de Jesucristo.<\/p>\n<figure id=\"attachment_1588\" aria-describedby=\"caption-attachment-1588\" style=\"width: 300px\" class=\"wp-caption alignnone\"><img decoding=\"async\" loading=\"lazy\" class=\"size-medium wp-image-1588\" src=\"https:\/\/laprensacristiana.com\/wp-content\/uploads\/2016\/10\/marcha1-300x169.jpg\" alt=\"Foto cortes\u00eda, hermana Rochac Yamileth\" width=\"300\" height=\"169\" srcset=\"https:\/\/laprensacristiana.com\/wp-content\/uploads\/2016\/10\/marcha1-300x169.jpg 300w, https:\/\/laprensacristiana.com\/wp-content\/uploads\/2016\/10\/marcha1-600x338.jpg 600w, https:\/\/laprensacristiana.com\/wp-content\/uploads\/2016\/10\/marcha1-768x432.jpg 768w, https:\/\/laprensacristiana.com\/wp-content\/uploads\/2016\/10\/marcha1-1024x576.jpg 1024w, https:\/\/laprensacristiana.com\/wp-content\/uploads\/2016\/10\/marcha1-696x392.jpg 696w, https:\/\/laprensacristiana.com\/wp-content\/uploads\/2016\/10\/marcha1-1068x601.jpg 1068w, https:\/\/laprensacristiana.com\/wp-content\/uploads\/2016\/10\/marcha1-747x420.jpg 747w, https:\/\/laprensacristiana.com\/wp-content\/uploads\/2016\/10\/marcha1.jpg 1280w\" sizes=\"(max-width: 300px) 100vw, 300px\" \/><figcaption id=\"caption-attachment-1588\" class=\"wp-caption-text\">Foto cortes\u00eda, hermana Rochac Yamileth<\/figcaption><\/figure>\n<p>Adem\u00e1s de la proclamaci\u00f3n de Dios en el municipio, hubo Palabra edificadora con el Pastor Mauricio Navas. Pudieron ser alcanzadas personas inconversas, quienes por medio del testimonio de cada asistente, conocieron acerca del poder de Jes\u00fas.<\/p>\n<figure id=\"attachment_1592\" aria-describedby=\"caption-attachment-1592\" style=\"width: 169px\" class=\"wp-caption alignnone\"><img decoding=\"async\" loading=\"lazy\" class=\"size-medium wp-image-1592\" src=\"https:\/\/laprensacristiana.com\/wp-content\/uploads\/2016\/10\/marcha4-169x300.jpg\" alt=\"Foto cortes\u00eda, hermana Rochac Yamileth\" width=\"169\" height=\"300\" srcset=\"https:\/\/laprensacristiana.com\/wp-content\/uploads\/2016\/10\/marcha4-169x300.jpg 169w, https:\/\/laprensacristiana.com\/wp-content\/uploads\/2016\/10\/marcha4-600x1067.jpg 600w, https:\/\/laprensacristiana.com\/wp-content\/uploads\/2016\/10\/marcha4-576x1024.jpg 576w, https:\/\/laprensacristiana.com\/wp-content\/uploads\/2016\/10\/marcha4-696x1237.jpg 696w, https:\/\/laprensacristiana.com\/wp-content\/uploads\/2016\/10\/marcha4-236x420.jpg 236w, https:\/\/laprensacristiana.com\/wp-content\/uploads\/2016\/10\/marcha4.jpg 720w\" sizes=\"(max-width: 169px) 100vw, 169px\" \/><figcaption id=\"caption-attachment-1592\" class=\"wp-caption-text\">Foto cortes\u00eda, hermana Rochac Yamileth<\/figcaption><\/figure>\n<figure id=\"attachment_1593\" aria-describedby=\"caption-attachment-1593\" style=\"width: 169px\" class=\"wp-caption alignnone\"><img decoding=\"async\" loading=\"lazy\" class=\"size-medium wp-image-1593\" src=\"https:\/\/laprensacristiana.com\/wp-content\/uploads\/2016\/10\/marcha5-169x300.jpg\" alt=\"Foto cortes\u00eda, hermana Rochac Yamileth\" width=\"169\" height=\"300\" srcset=\"https:\/\/laprensacristiana.com\/wp-content\/uploads\/2016\/10\/marcha5-169x300.jpg 169w, https:\/\/laprensacristiana.com\/wp-content\/uploads\/2016\/10\/marcha5-600x1067.jpg 600w, https:\/\/laprensacristiana.com\/wp-content\/uploads\/2016\/10\/marcha5-576x1024.jpg 576w, https:\/\/laprensacristiana.com\/wp-content\/uploads\/2016\/10\/marcha5-696x1237.jpg 696w, https:\/\/laprensacristiana.com\/wp-content\/uploads\/2016\/10\/marcha5-236x420.jpg 236w, https:\/\/laprensacristiana.com\/wp-content\/uploads\/2016\/10\/marcha5.jpg 720w\" sizes=\"(max-width: 169px) 100vw, 169px\" \/><figcaption id=\"caption-attachment-1593\" class=\"wp-caption-text\">Foto cortes\u00eda, hermana Rochac Yamileth<\/figcaption><\/figure>\n<figure id=\"attachment_1594\" aria-describedby=\"caption-attachment-1594\" style=\"width: 300px\" class=\"wp-caption alignnone\"><img decoding=\"async\" loading=\"lazy\" class=\"size-medium wp-image-1594\" src=\"https:\/\/laprensacristiana.com\/wp-content\/uploads\/2016\/10\/marcha7-300x169.jpg\" alt=\"Foto cortes\u00eda, hermana Rochac Yamileth\" width=\"300\" height=\"169\" srcset=\"https:\/\/laprensacristiana.com\/wp-content\/uploads\/2016\/10\/marcha7-300x169.jpg 300w, https:\/\/laprensacristiana.com\/wp-content\/uploads\/2016\/10\/marcha7-600x338.jpg 600w, https:\/\/laprensacristiana.com\/wp-content\/uploads\/2016\/10\/marcha7-768x432.jpg 768w, https:\/\/laprensacristiana.com\/wp-content\/uploads\/2016\/10\/marcha7-1024x576.jpg 1024w, https:\/\/laprensacristiana.com\/wp-content\/uploads\/2016\/10\/marcha7-696x392.jpg 696w, https:\/\/laprensacristiana.com\/wp-content\/uploads\/2016\/10\/marcha7-1068x601.jpg 1068w, https:\/\/laprensacristiana.com\/wp-content\/uploads\/2016\/10\/marcha7-747x420.jpg 747w, https:\/\/laprensacristiana.com\/wp-content\/uploads\/2016\/10\/marcha7.jpg 1280w\" sizes=\"(max-width: 300px) 100vw, 300px\" \/><figcaption id=\"caption-attachment-1594\" class=\"wp-caption-text\">Foto cortes\u00eda, hermana Rochac Yamileth<\/figcaption><\/figure>\n<p>&nbsp;<\/p>\n","protected":false},"excerpt":{"rendered":"<p>Con fe en Jes\u00fas diferentes iglesias que forman parte del \u201cAltar de la unidad\u201d marcharon el pasado 1 de octubre, por las principales calles del municipio de San Mart\u00edn. Son 10 a\u00f1os de existencia del ministerio, que busca la unidad de las iglesias Cristianas Evang\u00e9licas que se encuentran en el municipio; esta vez formaron parte [&hellip;]<\/p>\n","protected":false},"author":3,"featured_media":1589,"comment_status":"open","ping_status":"open","sticky":false,"template":"","format":"standard","meta":[],"categories":[56],"tags":[],"yoast_head":"<!-- This site is optimized with the Yoast SEO plugin v20.8 - https:\/\/yoast.com\/wordpress\/plugins\/seo\/ -->\n<title>San Mart\u00edn, un municipio declarado territorio del Se\u00f1or Jesucristo - La Prensa Cristiana<\/title>\n<meta name=\"robots\" content=\"index, follow, max-snippet:-1, max-image-preview:large, max-video-preview:-1\" \/>\n<link rel=\"canonical\" href=\"https:\/\/laprensacristiana.com\/?p=1586\" \/>\n<meta property=\"og:locale\" content=\"es_ES\" \/>\n<meta property=\"og:type\" content=\"article\" \/>\n<meta property=\"og:title\" content=\"San Mart\u00edn, un municipio declarado territorio del Se\u00f1or Jesucristo - La Prensa Cristiana\" \/>\n<meta property=\"og:description\" content=\"Con fe en Jes\u00fas diferentes iglesias que forman parte del \u201cAltar de la unidad\u201d marcharon el pasado 1 de octubre, por las principales calles del municipio de San Mart\u00edn. Son 10 a\u00f1os de existencia del ministerio, que busca la unidad de las iglesias Cristianas Evang\u00e9licas que se encuentran en el municipio; esta vez formaron parte [&hellip;]\" \/>\n<meta property=\"og:url\" content=\"https:\/\/laprensacristiana.com\/?p=1586\" \/>\n<meta property=\"og:site_name\" content=\"La Prensa Cristiana\" \/>\n<meta property=\"article:published_time\" content=\"2016-10-03T17:05:15+00:00\" \/>\n<meta property=\"article:modified_time\" content=\"2020-07-02T01:43:13+00:00\" \/>\n<meta property=\"og:image\" content=\"https:\/\/laprensacristiana.com\/wp-content\/uploads\/2016\/10\/marcha2-1.jpg\" \/>\n\t<meta property=\"og:image:width\" content=\"1280\" \/>\n\t<meta property=\"og:image:height\" content=\"720\" \/>\n\t<meta property=\"og:image:type\" content=\"image\/jpeg\" \/>\n<meta name=\"author\" content=\"EDITOR\" \/>\n<meta name=\"twitter:card\" content=\"summary_large_image\" \/>\n<meta name=\"twitter:label1\" content=\"Escrito por\" \/>\n\t<meta name=\"twitter:data1\" content=\"EDITOR\" \/>\n\t<meta name=\"twitter:label2\" content=\"Tiempo de lectura\" \/>\n\t<meta name=\"twitter:data2\" content=\"1 minuto\" \/>\n<script type=\"application\/ld+json\" class=\"yoast-schema-graph\">{\"@context\":\"https:\/\/schema.org\",\"@graph\":[{\"@type\":\"WebPage\",\"@id\":\"https:\/\/laprensacristiana.com\/?p=1586\",\"url\":\"https:\/\/laprensacristiana.com\/?p=1586\",\"name\":\"San Mart\u00edn, un municipio declarado territorio del Se\u00f1or Jesucristo - La Prensa Cristiana\",\"isPartOf\":{\"@id\":\"https:\/\/laprensacristiana.com\/#website\"},\"datePublished\":\"2016-10-03T17:05:15+00:00\",\"dateModified\":\"2020-07-02T01:43:13+00:00\",\"author\":{\"@id\":\"https:\/\/laprensacristiana.com\/#\/schema\/person\/3e7d82c6bfd6b1fa67010f8f7cd5256e\"},\"breadcrumb\":{\"@id\":\"https:\/\/laprensacristiana.com\/?p=1586#breadcrumb\"},\"inLanguage\":\"es\",\"potentialAction\":[{\"@type\":\"ReadAction\",\"target\":[\"https:\/\/laprensacristiana.com\/?p=1586\"]}]},{\"@type\":\"BreadcrumbList\",\"@id\":\"https:\/\/laprensacristiana.com\/?p=1586#breadcrumb\",\"itemListElement\":[{\"@type\":\"ListItem\",\"position\":1,\"name\":\"Portada\",\"item\":\"https:\/\/laprensacristiana.com\/\"},{\"@type\":\"ListItem\",\"position\":2,\"name\":\"San Mart\u00edn, un municipio declarado territorio del Se\u00f1or Jesucristo\"}]},{\"@type\":\"WebSite\",\"@id\":\"https:\/\/laprensacristiana.com\/#website\",\"url\":\"https:\/\/laprensacristiana.com\/\",\"name\":\"La Prensa Cristiana\",\"description\":\"Anunciando Las Buenas Nuevas\",\"potentialAction\":[{\"@type\":\"SearchAction\",\"target\":{\"@type\":\"EntryPoint\",\"urlTemplate\":\"https:\/\/laprensacristiana.com\/?s={search_term_string}\"},\"query-input\":\"required name=search_term_string\"}],\"inLanguage\":\"es\"},{\"@type\":\"Person\",\"@id\":\"https:\/\/laprensacristiana.com\/#\/schema\/person\/3e7d82c6bfd6b1fa67010f8f7cd5256e\",\"name\":\"EDITOR\",\"image\":{\"@type\":\"ImageObject\",\"inLanguage\":\"es\",\"@id\":\"https:\/\/laprensacristiana.com\/#\/schema\/person\/image\/\",\"url\":\"https:\/\/secure.gravatar.com\/avatar\/72069dfb6c13772d9e8381e3638666d2?s=96&d=mm&r=g\",\"contentUrl\":\"https:\/\/secure.gravatar.com\/avatar\/72069dfb6c13772d9e8381e3638666d2?s=96&d=mm&r=g\",\"caption\":\"EDITOR\"},\"url\":\"https:\/\/laprensacristiana.com\/?author=3\"}]}<\/script>\n<!-- \/ Yoast SEO plugin. -->","yoast_head_json":{"title":"San Mart\u00edn, un municipio declarado territorio del Se\u00f1or Jesucristo - La Prensa Cristiana","robots":{"index":"index","follow":"follow","max-snippet":"max-snippet:-1","max-image-preview":"max-image-preview:large","max-video-preview":"max-video-preview:-1"},"canonical":"https:\/\/laprensacristiana.com\/?p=1586","og_locale":"es_ES","og_type":"article","og_title":"San Mart\u00edn, un municipio declarado territorio del Se\u00f1or Jesucristo - La Prensa Cristiana","og_description":"Con fe en Jes\u00fas diferentes iglesias que forman parte del \u201cAltar de la unidad\u201d marcharon el pasado 1 de octubre, por las principales calles del municipio de San Mart\u00edn. Son 10 a\u00f1os de existencia del ministerio, que busca la unidad de las iglesias Cristianas Evang\u00e9licas que se encuentran en el municipio; esta vez formaron parte [&hellip;]","og_url":"https:\/\/laprensacristiana.com\/?p=1586","og_site_name":"La Prensa Cristiana","article_published_time":"2016-10-03T17:05:15+00:00","article_modified_time":"2020-07-02T01:43:13+00:00","og_image":[{"width":1280,"height":720,"url":"https:\/\/laprensacristiana.com\/wp-content\/uploads\/2016\/10\/marcha2-1.jpg","type":"image\/jpeg"}],"author":"EDITOR","twitter_card":"summary_large_image","twitter_misc":{"Escrito por":"EDITOR","Tiempo de lectura":"1 minuto"},"schema":{"@context":"https:\/\/schema.org","@graph":[{"@type":"WebPage","@id":"https:\/\/laprensacristiana.com\/?p=1586","url":"https:\/\/laprensacristiana.com\/?p=1586","name":"San Mart\u00edn, un municipio declarado territorio del Se\u00f1or Jesucristo - La Prensa Cristiana","isPartOf":{"@id":"https:\/\/laprensacristiana.com\/#website"},"datePublished":"2016-10-03T17:05:15+00:00","dateModified":"2020-07-02T01:43:13+00:00","author":{"@id":"https:\/\/laprensacristiana.com\/#\/schema\/person\/3e7d82c6bfd6b1fa67010f8f7cd5256e"},"breadcrumb":{"@id":"https:\/\/laprensacristiana.com\/?p=1586#breadcrumb"},"inLanguage":"es","potentialAction":[{"@type":"ReadAction","target":["https:\/\/laprensacristiana.com\/?p=1586"]}]},{"@type":"BreadcrumbList","@id":"https:\/\/laprensacristiana.com\/?p=1586#breadcrumb","itemListElement":[{"@type":"ListItem","position":1,"name":"Portada","item":"https:\/\/laprensacristiana.com\/"},{"@type":"ListItem","position":2,"name":"San Mart\u00edn, un municipio declarado territorio del Se\u00f1or Jesucristo"}]},{"@type":"WebSite","@id":"https:\/\/laprensacristiana.com\/#website","url":"https:\/\/laprensacristiana.com\/","name":"La Prensa Cristiana","description":"Anunciando Las Buenas Nuevas","potentialAction":[{"@type":"SearchAction","target":{"@type":"EntryPoint","urlTemplate":"https:\/\/laprensacristiana.com\/?s={search_term_string}"},"query-input":"required name=search_term_string"}],"inLanguage":"es"},{"@type":"Person","@id":"https:\/\/laprensacristiana.com\/#\/schema\/person\/3e7d82c6bfd6b1fa67010f8f7cd5256e","name":"EDITOR","image":{"@type":"ImageObject","inLanguage":"es","@id":"https:\/\/laprensacristiana.com\/#\/schema\/person\/image\/","url":"https:\/\/secure.gravatar.com\/avatar\/72069dfb6c13772d9e8381e3638666d2?s=96&d=mm&r=g","contentUrl":"https:\/\/secure.gravatar.com\/avatar\/72069dfb6c13772d9e8381e3638666d2?s=96&d=mm&r=g","caption":"EDITOR"},"url":"https:\/\/laprensacristiana.com\/?author=3"}]}},"_links":{"self":[{"href":"https:\/\/laprensacristiana.com\/index.php?rest_route=\/wp\/v2\/posts\/1586"}],"collection":[{"href":"https:\/\/laprensacristiana.com\/index.php?rest_route=\/wp\/v2\/posts"}],"about":[{"href":"https:\/\/laprensacristiana.com\/index.php?rest_route=\/wp\/v2\/types\/post"}],"author":[{"embeddable":true,"href":"https:\/\/laprensacristiana.com\/index.php?rest_route=\/wp\/v2\/users\/3"}],"replies":[{"embeddable":true,"href":"https:\/\/laprensacristiana.com\/index.php?rest_route=%2Fwp%2Fv2%2Fcomments&post=1586"}],"version-history":[{"count":3,"href":"https:\/\/laprensacristiana.com\/index.php?rest_route=\/wp\/v2\/posts\/1586\/revisions"}],"predecessor-version":[{"id":1597,"href":"https:\/\/laprensacristiana.com\/index.php?rest_route=\/wp\/v2\/posts\/1586\/revisions\/1597"}],"wp:featuredmedia":[{"embeddable":true,"href":"https:\/\/laprensacristiana.com\/index.php?rest_route=\/wp\/v2\/media\/1589"}],"wp:attachment":[{"href":"https:\/\/laprensacristiana.com\/index.php?rest_route=%2Fwp%2Fv2%2Fmedia&parent=1586"}],"wp:term":[{"taxonomy":"category","embeddable":true,"href":"https:\/\/laprensacristiana.com\/index.php?rest_route=%2Fwp%2Fv2%2Fcategories&post=1586"},{"taxonomy":"post_tag","embeddable":true,"href":"https:\/\/laprensacristiana.com\/index.php?rest_route=%2Fwp%2Fv2%2Ftags&post=1586"}],"curies":[{"name":"wp","href":"https:\/\/api.w.org\/{rel}","templated":true}]}}