{"id":15862,"date":"2024-01-12T13:49:44","date_gmt":"2024-01-12T13:49:44","guid":{"rendered":"https:\/\/laprensacristiana.com\/?p=15862"},"modified":"2024-01-12T13:49:46","modified_gmt":"2024-01-12T13:49:46","slug":"protagonista-de-the-chosen-narra-en-documental-sus-experiencias-interpretando-a-jesus","status":"publish","type":"post","link":"https:\/\/laprensacristiana.com\/?p=15862","title":{"rendered":"Protagonista de \u00abThe Chosen\u00bb narra en documental sus experiencias interpretando a Jes\u00fas"},"content":{"rendered":"\n<p>Por: Edwin G\u00f3ngora <\/p>\n\n\n\n<p>Cada uno es protagonista en el papel principal de su vida, pero los actores y las actrices se vuelven multifac\u00e9ticos al interpretar a lo largo de su carrera una serie de protag\u00f3nicos que marcan su vida, como la de varios de sus espectadores.<\/p>\n\n\n\n<p>Este es el caso de Jonathan Rumi\u00e9, quien desde hace unos a\u00f1os atr\u00e1s interpreta el papel de Jes\u00fas en la serie para televisi\u00f3n The Chosen.<\/p>\n\n\n\n<figure class=\"wp-block-image size-large\"><img decoding=\"async\" loading=\"lazy\" width=\"1024\" height=\"542\" src=\"https:\/\/laprensacristiana.com\/wp-content\/uploads\/2024\/01\/WhatsApp-Image-2024-01-11-at-9.59.37-AM-1024x542.jpeg\" alt=\"\" class=\"wp-image-15864\" srcset=\"https:\/\/laprensacristiana.com\/wp-content\/uploads\/2024\/01\/WhatsApp-Image-2024-01-11-at-9.59.37-AM-1024x542.jpeg 1024w, https:\/\/laprensacristiana.com\/wp-content\/uploads\/2024\/01\/WhatsApp-Image-2024-01-11-at-9.59.37-AM-300x159.jpeg 300w, https:\/\/laprensacristiana.com\/wp-content\/uploads\/2024\/01\/WhatsApp-Image-2024-01-11-at-9.59.37-AM-768x406.jpeg 768w, https:\/\/laprensacristiana.com\/wp-content\/uploads\/2024\/01\/WhatsApp-Image-2024-01-11-at-9.59.37-AM-1536x813.jpeg 1536w, https:\/\/laprensacristiana.com\/wp-content\/uploads\/2024\/01\/WhatsApp-Image-2024-01-11-at-9.59.37-AM-696x368.jpeg 696w, https:\/\/laprensacristiana.com\/wp-content\/uploads\/2024\/01\/WhatsApp-Image-2024-01-11-at-9.59.37-AM-1068x565.jpeg 1068w, https:\/\/laprensacristiana.com\/wp-content\/uploads\/2024\/01\/WhatsApp-Image-2024-01-11-at-9.59.37-AM-600x317.jpeg 600w, https:\/\/laprensacristiana.com\/wp-content\/uploads\/2024\/01\/WhatsApp-Image-2024-01-11-at-9.59.37-AM.jpeg 1599w\" sizes=\"(max-width: 1024px) 100vw, 1024px\" \/><\/figure>\n\n\n\n<p>Jonathan tiene una carrera muy definida en la actuaci\u00f3n, sin embargo, su protag\u00f3nico en la serie ha marcado una huella con gran impacto para su vida y para millones de personas que la han seguido de cerca.<\/p>\n\n\n\n<p>El 4 de enero el actor public\u00f3 en su cuenta de Instagram: \u201cBueno, est\u00e1 aqu\u00ed, m\u00e1s de dos a\u00f1os y finalmente lleg\u00f3\u201d, en alusi\u00f3n a una serie documental de cuatro partes que han titulado Jonathan y Jes\u00f9s, que describe sus experiencias interpretando a Jes\u00f9s en la serie.<\/p>\n\n\n\n<figure class=\"wp-block-image size-large\"><img decoding=\"async\" loading=\"lazy\" width=\"1024\" height=\"552\" src=\"https:\/\/laprensacristiana.com\/wp-content\/uploads\/2024\/01\/WhatsApp-Image-2024-01-11-at-9.59.36-AM-1-1024x552.jpeg\" alt=\"\" class=\"wp-image-15865\" srcset=\"https:\/\/laprensacristiana.com\/wp-content\/uploads\/2024\/01\/WhatsApp-Image-2024-01-11-at-9.59.36-AM-1-1024x552.jpeg 1024w, https:\/\/laprensacristiana.com\/wp-content\/uploads\/2024\/01\/WhatsApp-Image-2024-01-11-at-9.59.36-AM-1-300x162.jpeg 300w, https:\/\/laprensacristiana.com\/wp-content\/uploads\/2024\/01\/WhatsApp-Image-2024-01-11-at-9.59.36-AM-1-768x414.jpeg 768w, https:\/\/laprensacristiana.com\/wp-content\/uploads\/2024\/01\/WhatsApp-Image-2024-01-11-at-9.59.36-AM-1-1536x828.jpeg 1536w, https:\/\/laprensacristiana.com\/wp-content\/uploads\/2024\/01\/WhatsApp-Image-2024-01-11-at-9.59.36-AM-1-696x375.jpeg 696w, https:\/\/laprensacristiana.com\/wp-content\/uploads\/2024\/01\/WhatsApp-Image-2024-01-11-at-9.59.36-AM-1-1068x576.jpeg 1068w, https:\/\/laprensacristiana.com\/wp-content\/uploads\/2024\/01\/WhatsApp-Image-2024-01-11-at-9.59.36-AM-1-600x324.jpeg 600w, https:\/\/laprensacristiana.com\/wp-content\/uploads\/2024\/01\/WhatsApp-Image-2024-01-11-at-9.59.36-AM-1.jpeg 1600w\" sizes=\"(max-width: 1024px) 100vw, 1024px\" \/><\/figure>\n\n\n\n<p>El actor se\u00f1ala que en el documental se explora el efecto que ha tenido el papel de Jes\u00fas en los espectadores, as\u00ed como los desaf\u00edos que esto le ha significado, su impacto monumental y transformador del universo que Jesucristo ha tenido en la historia y la cultura de todo el mundo.<\/p>\n\n\n\n<p>Justo antes de que a Roumie se le ofreciera la oportunidad de interpretar el papel de Jesucristo, hab\u00eda llegado al punto de su viaje en el que entreg\u00f3 su vida a Cristo.&nbsp; \u00abEstaba literalmente en un hoyo y Dios como que me dio una mano y me sac\u00f3 del hoyo. Estaba arruinado. Estaba endeudado. Ten\u00eda suficiente comida para que el d\u00eda durara todo el d\u00eda\u00bb<\/p>\n\n\n\n<p>\u00abMuy a menudo, no me siento digno de interpretar a Jes\u00fas. Lucho mucho con eso. Pero tambi\u00e9n reconozco lo que Dios ha hecho por mi vida como resultado de interpretar a Cristo y c\u00f3mo Dios ha cambiado mi vida.\u00bb<\/p>\n\n\n\n<figure class=\"wp-block-image size-large\"><img decoding=\"async\" loading=\"lazy\" width=\"1024\" height=\"555\" src=\"https:\/\/laprensacristiana.com\/wp-content\/uploads\/2024\/01\/WhatsApp-Image-2024-01-11-at-9.59.37-AM-1-1024x555.jpeg\" alt=\"\" class=\"wp-image-15866\" srcset=\"https:\/\/laprensacristiana.com\/wp-content\/uploads\/2024\/01\/WhatsApp-Image-2024-01-11-at-9.59.37-AM-1-1024x555.jpeg 1024w, https:\/\/laprensacristiana.com\/wp-content\/uploads\/2024\/01\/WhatsApp-Image-2024-01-11-at-9.59.37-AM-1-300x163.jpeg 300w, https:\/\/laprensacristiana.com\/wp-content\/uploads\/2024\/01\/WhatsApp-Image-2024-01-11-at-9.59.37-AM-1-768x416.jpeg 768w, https:\/\/laprensacristiana.com\/wp-content\/uploads\/2024\/01\/WhatsApp-Image-2024-01-11-at-9.59.37-AM-1-1536x832.jpeg 1536w, https:\/\/laprensacristiana.com\/wp-content\/uploads\/2024\/01\/WhatsApp-Image-2024-01-11-at-9.59.37-AM-1-696x377.jpeg 696w, https:\/\/laprensacristiana.com\/wp-content\/uploads\/2024\/01\/WhatsApp-Image-2024-01-11-at-9.59.37-AM-1-1068x579.jpeg 1068w, https:\/\/laprensacristiana.com\/wp-content\/uploads\/2024\/01\/WhatsApp-Image-2024-01-11-at-9.59.37-AM-1-600x325.jpeg 600w, https:\/\/laprensacristiana.com\/wp-content\/uploads\/2024\/01\/WhatsApp-Image-2024-01-11-at-9.59.37-AM-1.jpeg 1600w\" sizes=\"(max-width: 1024px) 100vw, 1024px\" \/><\/figure>\n\n\n\n<p>El actor agradece a todos los que se tomaron el tiempo de participar documental maravilloso y lleno de gracia.<\/p>\n\n\n\n<p>Adelanta que, en los pr\u00f3ximos d\u00edas, intentar\u00e9 etiquetar a todos los que participaron de alguna manera en esta producci\u00f3n personal.<\/p>\n","protected":false},"excerpt":{"rendered":"<p>Por: Edwin G\u00f3ngora Cada uno es protagonista en el papel principal de su vida, pero los actores y las actrices se vuelven multifac\u00e9ticos al interpretar a lo largo de su carrera una serie de protag\u00f3nicos que marcan su vida, como la de varios de sus espectadores. Este es el caso de Jonathan Rumi\u00e9, quien desde [&hellip;]<\/p>\n","protected":false},"author":3,"featured_media":15863,"comment_status":"open","ping_status":"open","sticky":false,"template":"","format":"standard","meta":[],"categories":[56],"tags":[],"yoast_head":"<!-- This site is optimized with the Yoast SEO plugin v20.8 - https:\/\/yoast.com\/wordpress\/plugins\/seo\/ -->\n<title>Protagonista de \u00abThe Chosen\u00bb narra en documental sus experiencias interpretando a Jes\u00fas - La Prensa Cristiana<\/title>\n<meta name=\"robots\" content=\"index, follow, max-snippet:-1, max-image-preview:large, max-video-preview:-1\" \/>\n<link rel=\"canonical\" href=\"https:\/\/laprensacristiana.com\/?p=15862\" \/>\n<meta property=\"og:locale\" content=\"es_ES\" \/>\n<meta property=\"og:type\" content=\"article\" \/>\n<meta property=\"og:title\" content=\"Protagonista de \u00abThe Chosen\u00bb narra en documental sus experiencias interpretando a Jes\u00fas - La Prensa Cristiana\" \/>\n<meta property=\"og:description\" content=\"Por: Edwin G\u00f3ngora Cada uno es protagonista en el papel principal de su vida, pero los actores y las actrices se vuelven multifac\u00e9ticos al interpretar a lo largo de su carrera una serie de protag\u00f3nicos que marcan su vida, como la de varios de sus espectadores. Este es el caso de Jonathan Rumi\u00e9, quien desde [&hellip;]\" \/>\n<meta property=\"og:url\" content=\"https:\/\/laprensacristiana.com\/?p=15862\" \/>\n<meta property=\"og:site_name\" content=\"La Prensa Cristiana\" \/>\n<meta property=\"article:published_time\" content=\"2024-01-12T13:49:44+00:00\" \/>\n<meta property=\"article:modified_time\" content=\"2024-01-12T13:49:46+00:00\" \/>\n<meta property=\"og:image\" content=\"https:\/\/laprensacristiana.com\/wp-content\/uploads\/2024\/01\/WhatsApp-Image-2024-01-11-at-1.05.36-PM.jpeg\" \/>\n\t<meta property=\"og:image:width\" content=\"853\" \/>\n\t<meta property=\"og:image:height\" content=\"499\" \/>\n\t<meta property=\"og:image:type\" content=\"image\/jpeg\" \/>\n<meta name=\"author\" content=\"EDITOR\" \/>\n<meta name=\"twitter:card\" content=\"summary_large_image\" \/>\n<meta name=\"twitter:label1\" content=\"Escrito por\" \/>\n\t<meta name=\"twitter:data1\" content=\"EDITOR\" \/>\n\t<meta name=\"twitter:label2\" content=\"Tiempo de lectura\" \/>\n\t<meta name=\"twitter:data2\" content=\"3 minutos\" \/>\n<script type=\"application\/ld+json\" class=\"yoast-schema-graph\">{\"@context\":\"https:\/\/schema.org\",\"@graph\":[{\"@type\":\"WebPage\",\"@id\":\"https:\/\/laprensacristiana.com\/?p=15862\",\"url\":\"https:\/\/laprensacristiana.com\/?p=15862\",\"name\":\"Protagonista de \u00abThe Chosen\u00bb narra en documental sus experiencias interpretando a Jes\u00fas - La Prensa Cristiana\",\"isPartOf\":{\"@id\":\"https:\/\/laprensacristiana.com\/#website\"},\"datePublished\":\"2024-01-12T13:49:44+00:00\",\"dateModified\":\"2024-01-12T13:49:46+00:00\",\"author\":{\"@id\":\"https:\/\/laprensacristiana.com\/#\/schema\/person\/3e7d82c6bfd6b1fa67010f8f7cd5256e\"},\"breadcrumb\":{\"@id\":\"https:\/\/laprensacristiana.com\/?p=15862#breadcrumb\"},\"inLanguage\":\"es\",\"potentialAction\":[{\"@type\":\"ReadAction\",\"target\":[\"https:\/\/laprensacristiana.com\/?p=15862\"]}]},{\"@type\":\"BreadcrumbList\",\"@id\":\"https:\/\/laprensacristiana.com\/?p=15862#breadcrumb\",\"itemListElement\":[{\"@type\":\"ListItem\",\"position\":1,\"name\":\"Portada\",\"item\":\"https:\/\/laprensacristiana.com\/\"},{\"@type\":\"ListItem\",\"position\":2,\"name\":\"Protagonista de \u00abThe Chosen\u00bb narra en documental sus experiencias interpretando a Jes\u00fas\"}]},{\"@type\":\"WebSite\",\"@id\":\"https:\/\/laprensacristiana.com\/#website\",\"url\":\"https:\/\/laprensacristiana.com\/\",\"name\":\"La Prensa Cristiana\",\"description\":\"Anunciando Las Buenas Nuevas\",\"potentialAction\":[{\"@type\":\"SearchAction\",\"target\":{\"@type\":\"EntryPoint\",\"urlTemplate\":\"https:\/\/laprensacristiana.com\/?s={search_term_string}\"},\"query-input\":\"required name=search_term_string\"}],\"inLanguage\":\"es\"},{\"@type\":\"Person\",\"@id\":\"https:\/\/laprensacristiana.com\/#\/schema\/person\/3e7d82c6bfd6b1fa67010f8f7cd5256e\",\"name\":\"EDITOR\",\"image\":{\"@type\":\"ImageObject\",\"inLanguage\":\"es\",\"@id\":\"https:\/\/laprensacristiana.com\/#\/schema\/person\/image\/\",\"url\":\"https:\/\/secure.gravatar.com\/avatar\/72069dfb6c13772d9e8381e3638666d2?s=96&d=mm&r=g\",\"contentUrl\":\"https:\/\/secure.gravatar.com\/avatar\/72069dfb6c13772d9e8381e3638666d2?s=96&d=mm&r=g\",\"caption\":\"EDITOR\"},\"url\":\"https:\/\/laprensacristiana.com\/?author=3\"}]}<\/script>\n<!-- \/ Yoast SEO plugin. -->","yoast_head_json":{"title":"Protagonista de \u00abThe Chosen\u00bb narra en documental sus experiencias interpretando a Jes\u00fas - La Prensa Cristiana","robots":{"index":"index","follow":"follow","max-snippet":"max-snippet:-1","max-image-preview":"max-image-preview:large","max-video-preview":"max-video-preview:-1"},"canonical":"https:\/\/laprensacristiana.com\/?p=15862","og_locale":"es_ES","og_type":"article","og_title":"Protagonista de \u00abThe Chosen\u00bb narra en documental sus experiencias interpretando a Jes\u00fas - La Prensa Cristiana","og_description":"Por: Edwin G\u00f3ngora Cada uno es protagonista en el papel principal de su vida, pero los actores y las actrices se vuelven multifac\u00e9ticos al interpretar a lo largo de su carrera una serie de protag\u00f3nicos que marcan su vida, como la de varios de sus espectadores. Este es el caso de Jonathan Rumi\u00e9, quien desde [&hellip;]","og_url":"https:\/\/laprensacristiana.com\/?p=15862","og_site_name":"La Prensa Cristiana","article_published_time":"2024-01-12T13:49:44+00:00","article_modified_time":"2024-01-12T13:49:46+00:00","og_image":[{"width":853,"height":499,"url":"https:\/\/laprensacristiana.com\/wp-content\/uploads\/2024\/01\/WhatsApp-Image-2024-01-11-at-1.05.36-PM.jpeg","type":"image\/jpeg"}],"author":"EDITOR","twitter_card":"summary_large_image","twitter_misc":{"Escrito por":"EDITOR","Tiempo de lectura":"3 minutos"},"schema":{"@context":"https:\/\/schema.org","@graph":[{"@type":"WebPage","@id":"https:\/\/laprensacristiana.com\/?p=15862","url":"https:\/\/laprensacristiana.com\/?p=15862","name":"Protagonista de \u00abThe Chosen\u00bb narra en documental sus experiencias interpretando a Jes\u00fas - La Prensa Cristiana","isPartOf":{"@id":"https:\/\/laprensacristiana.com\/#website"},"datePublished":"2024-01-12T13:49:44+00:00","dateModified":"2024-01-12T13:49:46+00:00","author":{"@id":"https:\/\/laprensacristiana.com\/#\/schema\/person\/3e7d82c6bfd6b1fa67010f8f7cd5256e"},"breadcrumb":{"@id":"https:\/\/laprensacristiana.com\/?p=15862#breadcrumb"},"inLanguage":"es","potentialAction":[{"@type":"ReadAction","target":["https:\/\/laprensacristiana.com\/?p=15862"]}]},{"@type":"BreadcrumbList","@id":"https:\/\/laprensacristiana.com\/?p=15862#breadcrumb","itemListElement":[{"@type":"ListItem","position":1,"name":"Portada","item":"https:\/\/laprensacristiana.com\/"},{"@type":"ListItem","position":2,"name":"Protagonista de \u00abThe Chosen\u00bb narra en documental sus experiencias interpretando a Jes\u00fas"}]},{"@type":"WebSite","@id":"https:\/\/laprensacristiana.com\/#website","url":"https:\/\/laprensacristiana.com\/","name":"La Prensa Cristiana","description":"Anunciando Las Buenas Nuevas","potentialAction":[{"@type":"SearchAction","target":{"@type":"EntryPoint","urlTemplate":"https:\/\/laprensacristiana.com\/?s={search_term_string}"},"query-input":"required name=search_term_string"}],"inLanguage":"es"},{"@type":"Person","@id":"https:\/\/laprensacristiana.com\/#\/schema\/person\/3e7d82c6bfd6b1fa67010f8f7cd5256e","name":"EDITOR","image":{"@type":"ImageObject","inLanguage":"es","@id":"https:\/\/laprensacristiana.com\/#\/schema\/person\/image\/","url":"https:\/\/secure.gravatar.com\/avatar\/72069dfb6c13772d9e8381e3638666d2?s=96&d=mm&r=g","contentUrl":"https:\/\/secure.gravatar.com\/avatar\/72069dfb6c13772d9e8381e3638666d2?s=96&d=mm&r=g","caption":"EDITOR"},"url":"https:\/\/laprensacristiana.com\/?author=3"}]}},"_links":{"self":[{"href":"https:\/\/laprensacristiana.com\/index.php?rest_route=\/wp\/v2\/posts\/15862"}],"collection":[{"href":"https:\/\/laprensacristiana.com\/index.php?rest_route=\/wp\/v2\/posts"}],"about":[{"href":"https:\/\/laprensacristiana.com\/index.php?rest_route=\/wp\/v2\/types\/post"}],"author":[{"embeddable":true,"href":"https:\/\/laprensacristiana.com\/index.php?rest_route=\/wp\/v2\/users\/3"}],"replies":[{"embeddable":true,"href":"https:\/\/laprensacristiana.com\/index.php?rest_route=%2Fwp%2Fv2%2Fcomments&post=15862"}],"version-history":[{"count":1,"href":"https:\/\/laprensacristiana.com\/index.php?rest_route=\/wp\/v2\/posts\/15862\/revisions"}],"predecessor-version":[{"id":15867,"href":"https:\/\/laprensacristiana.com\/index.php?rest_route=\/wp\/v2\/posts\/15862\/revisions\/15867"}],"wp:featuredmedia":[{"embeddable":true,"href":"https:\/\/laprensacristiana.com\/index.php?rest_route=\/wp\/v2\/media\/15863"}],"wp:attachment":[{"href":"https:\/\/laprensacristiana.com\/index.php?rest_route=%2Fwp%2Fv2%2Fmedia&parent=15862"}],"wp:term":[{"taxonomy":"category","embeddable":true,"href":"https:\/\/laprensacristiana.com\/index.php?rest_route=%2Fwp%2Fv2%2Fcategories&post=15862"},{"taxonomy":"post_tag","embeddable":true,"href":"https:\/\/laprensacristiana.com\/index.php?rest_route=%2Fwp%2Fv2%2Ftags&post=15862"}],"curies":[{"name":"wp","href":"https:\/\/api.w.org\/{rel}","templated":true}]}}