{"id":15868,"date":"2024-01-12T14:32:31","date_gmt":"2024-01-12T14:32:31","guid":{"rendered":"https:\/\/laprensacristiana.com\/?p=15868"},"modified":"2024-01-12T14:32:32","modified_gmt":"2024-01-12T14:32:32","slug":"mas-de-360-millones-de-cristianos-a-nivel-mundial-son-perseguidas-por-su-fe","status":"publish","type":"post","link":"https:\/\/laprensacristiana.com\/?p=15868","title":{"rendered":"M\u00e1s de 360 millones de cristianos a nivel mundial son perseguidas por su fe."},"content":{"rendered":"\n<p>Por: Edwin G\u00f3ngora <\/p>\n\n\n\n<p>Por ahora no es el t\u00edtulo de ninguna serie de televisi\u00f3n y mucho menos de alguna pel\u00edcula, es una frase que refleja una terrible realidad en el mundo, cuando se maneja la cifra que m\u00e1s de 360 millones de personas que profesan la fe cristiana son objeto de persecuci\u00f3n.<\/p>\n\n\n\n<p>El dato se obtiene de un estudio de campo realizado y que es su conjunto brinda un an\u00e1lisis objetivo de la situaci\u00f3n por la que atraviesan millones de cristianos en pa\u00edses donde la persecuci\u00f3n tiene \u201calt\u00edsimos\u201d niveles.<\/p>\n\n\n\n<p>La Lista Mundial de Persecuci\u00f3n, LMP clasifica anualmente los 50 primeros pa\u00edses en que los cristianos se enfrentan a persecuciones extremas. Explora los perfiles de cada pa\u00eds, de tal manera recopilar informaci\u00f3n de su situaci\u00f3n individual, historias y peticiones de oraci\u00f3n, adem\u00e1s que los interesados pueden ayudar a las familias que enfrentan esta situaci\u00f3n.<\/p>\n\n\n\n<p>El informe se\u00f1ala que 1 de cada 5 cristianos en \u00c1frica es perseguido, mientras que en Asia el numero aumenta a 2 de cada 5.<\/p>\n\n\n\n<figure class=\"wp-block-image size-large\"><img decoding=\"async\" loading=\"lazy\" width=\"1024\" height=\"562\" src=\"https:\/\/laprensacristiana.com\/wp-content\/uploads\/2024\/01\/WhatsApp-Image-2024-01-11-at-11.00.24-AM-1024x562.jpeg\" alt=\"\" class=\"wp-image-15870\" srcset=\"https:\/\/laprensacristiana.com\/wp-content\/uploads\/2024\/01\/WhatsApp-Image-2024-01-11-at-11.00.24-AM-1024x562.jpeg 1024w, https:\/\/laprensacristiana.com\/wp-content\/uploads\/2024\/01\/WhatsApp-Image-2024-01-11-at-11.00.24-AM-300x165.jpeg 300w, https:\/\/laprensacristiana.com\/wp-content\/uploads\/2024\/01\/WhatsApp-Image-2024-01-11-at-11.00.24-AM-768x422.jpeg 768w, https:\/\/laprensacristiana.com\/wp-content\/uploads\/2024\/01\/WhatsApp-Image-2024-01-11-at-11.00.24-AM-1536x843.jpeg 1536w, https:\/\/laprensacristiana.com\/wp-content\/uploads\/2024\/01\/WhatsApp-Image-2024-01-11-at-11.00.24-AM-696x382.jpeg 696w, https:\/\/laprensacristiana.com\/wp-content\/uploads\/2024\/01\/WhatsApp-Image-2024-01-11-at-11.00.24-AM-1068x586.jpeg 1068w, https:\/\/laprensacristiana.com\/wp-content\/uploads\/2024\/01\/WhatsApp-Image-2024-01-11-at-11.00.24-AM-600x329.jpeg 600w, https:\/\/laprensacristiana.com\/wp-content\/uploads\/2024\/01\/WhatsApp-Image-2024-01-11-at-11.00.24-AM.jpeg 1599w\" sizes=\"(max-width: 1024px) 100vw, 1024px\" \/><\/figure>\n\n\n\n<p>Dentro de los par\u00e1metros utilizados por el estudio, la situaci\u00f3n en Am\u00e9rica Latina refleja que de cada 15 cristianos 1 es perseguido.<\/p>\n\n\n\n<p>La persecuci\u00f3n lamentablemente encuentra acompa\u00f1amiento en otro tipo de expresiones violentas y los datos reportan que 5,621 cristianos han sido asesinados, 2,110 iglesias atacadas y 4,542 cristianos han sido detenidos.&nbsp;<\/p>\n\n\n\n<p>La persecuci\u00f3n puede tener varias definiciones, pero para LMP su definici\u00f3n es amplia, al considerar que incluye una dimensi\u00f3n muy visible de la violencia f\u00edsica como la parte mas evidente, lo que afecta enormemente el que hacer de la vida cristiana, su familia, la misma sociedad y hasta el quehacer de una naci\u00f3n.<\/p>\n\n\n\n<figure class=\"wp-block-image size-large\"><img decoding=\"async\" loading=\"lazy\" width=\"1024\" height=\"734\" src=\"https:\/\/laprensacristiana.com\/wp-content\/uploads\/2024\/01\/WhatsApp-Image-2024-01-11-at-11.00.23-AM-2-1024x734.jpeg\" alt=\"\" class=\"wp-image-15871\" srcset=\"https:\/\/laprensacristiana.com\/wp-content\/uploads\/2024\/01\/WhatsApp-Image-2024-01-11-at-11.00.23-AM-2-1024x734.jpeg 1024w, https:\/\/laprensacristiana.com\/wp-content\/uploads\/2024\/01\/WhatsApp-Image-2024-01-11-at-11.00.23-AM-2-300x215.jpeg 300w, https:\/\/laprensacristiana.com\/wp-content\/uploads\/2024\/01\/WhatsApp-Image-2024-01-11-at-11.00.23-AM-2-768x550.jpeg 768w, https:\/\/laprensacristiana.com\/wp-content\/uploads\/2024\/01\/WhatsApp-Image-2024-01-11-at-11.00.23-AM-2-696x499.jpeg 696w, https:\/\/laprensacristiana.com\/wp-content\/uploads\/2024\/01\/WhatsApp-Image-2024-01-11-at-11.00.23-AM-2-1068x766.jpeg 1068w, https:\/\/laprensacristiana.com\/wp-content\/uploads\/2024\/01\/WhatsApp-Image-2024-01-11-at-11.00.23-AM-2-600x430.jpeg 600w, https:\/\/laprensacristiana.com\/wp-content\/uploads\/2024\/01\/WhatsApp-Image-2024-01-11-at-11.00.23-AM-2.jpeg 1211w\" sizes=\"(max-width: 1024px) 100vw, 1024px\" \/><\/figure>\n\n\n\n<p>Si bien la persecuci\u00f3n es una realidad plasmada firmemente en las escrituras, es de mencionar que existe una realidad donde esta no es tan grabe, por ahora, y sus manifestaciones de intolerancia en su contra no son extremistas.<\/p>\n\n\n\n<p>Esto exhorta a que si se vive en un pa\u00eds donde la libertad de culto es permitida, debe ser aprovechada, agradecer a Dios por ello, orar porque se mantenga y continuar en la evangelizaci\u00f3n, predicaci\u00f3n y ganar almas.<\/p>\n\n\n\n<figure class=\"wp-block-image size-full\"><img decoding=\"async\" loading=\"lazy\" width=\"824\" height=\"474\" src=\"https:\/\/laprensacristiana.com\/wp-content\/uploads\/2024\/01\/WhatsApp-Image-2024-01-11-at-11.00.23-AM-1.jpeg\" alt=\"\" class=\"wp-image-15872\" srcset=\"https:\/\/laprensacristiana.com\/wp-content\/uploads\/2024\/01\/WhatsApp-Image-2024-01-11-at-11.00.23-AM-1.jpeg 824w, https:\/\/laprensacristiana.com\/wp-content\/uploads\/2024\/01\/WhatsApp-Image-2024-01-11-at-11.00.23-AM-1-300x173.jpeg 300w, https:\/\/laprensacristiana.com\/wp-content\/uploads\/2024\/01\/WhatsApp-Image-2024-01-11-at-11.00.23-AM-1-768x442.jpeg 768w, https:\/\/laprensacristiana.com\/wp-content\/uploads\/2024\/01\/WhatsApp-Image-2024-01-11-at-11.00.23-AM-1-696x400.jpeg 696w, https:\/\/laprensacristiana.com\/wp-content\/uploads\/2024\/01\/WhatsApp-Image-2024-01-11-at-11.00.23-AM-1-600x345.jpeg 600w\" sizes=\"(max-width: 824px) 100vw, 824px\" \/><\/figure>\n","protected":false},"excerpt":{"rendered":"<p>Por: Edwin G\u00f3ngora Por ahora no es el t\u00edtulo de ninguna serie de televisi\u00f3n y mucho menos de alguna pel\u00edcula, es una frase que refleja una terrible realidad en el mundo, cuando se maneja la cifra que m\u00e1s de 360 millones de personas que profesan la fe cristiana son objeto de persecuci\u00f3n. El dato se [&hellip;]<\/p>\n","protected":false},"author":3,"featured_media":15869,"comment_status":"open","ping_status":"open","sticky":false,"template":"","format":"standard","meta":[],"categories":[56],"tags":[],"yoast_head":"<!-- This site is optimized with the Yoast SEO plugin v20.8 - https:\/\/yoast.com\/wordpress\/plugins\/seo\/ -->\n<title>M\u00e1s de 360 millones de cristianos a nivel mundial son perseguidas por su fe. - La Prensa Cristiana<\/title>\n<meta name=\"robots\" content=\"index, follow, max-snippet:-1, max-image-preview:large, max-video-preview:-1\" \/>\n<link rel=\"canonical\" href=\"https:\/\/laprensacristiana.com\/?p=15868\" \/>\n<meta property=\"og:locale\" content=\"es_ES\" \/>\n<meta property=\"og:type\" content=\"article\" \/>\n<meta property=\"og:title\" content=\"M\u00e1s de 360 millones de cristianos a nivel mundial son perseguidas por su fe. - La Prensa Cristiana\" \/>\n<meta property=\"og:description\" content=\"Por: Edwin G\u00f3ngora Por ahora no es el t\u00edtulo de ninguna serie de televisi\u00f3n y mucho menos de alguna pel\u00edcula, es una frase que refleja una terrible realidad en el mundo, cuando se maneja la cifra que m\u00e1s de 360 millones de personas que profesan la fe cristiana son objeto de persecuci\u00f3n. El dato se [&hellip;]\" \/>\n<meta property=\"og:url\" content=\"https:\/\/laprensacristiana.com\/?p=15868\" \/>\n<meta property=\"og:site_name\" content=\"La Prensa Cristiana\" \/>\n<meta property=\"article:published_time\" content=\"2024-01-12T14:32:31+00:00\" \/>\n<meta property=\"article:modified_time\" content=\"2024-01-12T14:32:32+00:00\" \/>\n<meta property=\"og:image\" content=\"https:\/\/laprensacristiana.com\/wp-content\/uploads\/2024\/01\/WhatsApp-Image-2024-01-11-at-11.00.23-AM.jpeg\" \/>\n\t<meta property=\"og:image:width\" content=\"1600\" \/>\n\t<meta property=\"og:image:height\" content=\"1016\" \/>\n\t<meta property=\"og:image:type\" content=\"image\/jpeg\" \/>\n<meta name=\"author\" content=\"EDITOR\" \/>\n<meta name=\"twitter:card\" content=\"summary_large_image\" \/>\n<meta name=\"twitter:label1\" content=\"Escrito por\" \/>\n\t<meta name=\"twitter:data1\" content=\"EDITOR\" \/>\n\t<meta name=\"twitter:label2\" content=\"Tiempo de lectura\" \/>\n\t<meta name=\"twitter:data2\" content=\"3 minutos\" \/>\n<script type=\"application\/ld+json\" class=\"yoast-schema-graph\">{\"@context\":\"https:\/\/schema.org\",\"@graph\":[{\"@type\":\"WebPage\",\"@id\":\"https:\/\/laprensacristiana.com\/?p=15868\",\"url\":\"https:\/\/laprensacristiana.com\/?p=15868\",\"name\":\"M\u00e1s de 360 millones de cristianos a nivel mundial son perseguidas por su fe. - La Prensa Cristiana\",\"isPartOf\":{\"@id\":\"https:\/\/laprensacristiana.com\/#website\"},\"datePublished\":\"2024-01-12T14:32:31+00:00\",\"dateModified\":\"2024-01-12T14:32:32+00:00\",\"author\":{\"@id\":\"https:\/\/laprensacristiana.com\/#\/schema\/person\/3e7d82c6bfd6b1fa67010f8f7cd5256e\"},\"breadcrumb\":{\"@id\":\"https:\/\/laprensacristiana.com\/?p=15868#breadcrumb\"},\"inLanguage\":\"es\",\"potentialAction\":[{\"@type\":\"ReadAction\",\"target\":[\"https:\/\/laprensacristiana.com\/?p=15868\"]}]},{\"@type\":\"BreadcrumbList\",\"@id\":\"https:\/\/laprensacristiana.com\/?p=15868#breadcrumb\",\"itemListElement\":[{\"@type\":\"ListItem\",\"position\":1,\"name\":\"Portada\",\"item\":\"https:\/\/laprensacristiana.com\/\"},{\"@type\":\"ListItem\",\"position\":2,\"name\":\"M\u00e1s de 360 millones de cristianos a nivel mundial son perseguidas por su fe.\"}]},{\"@type\":\"WebSite\",\"@id\":\"https:\/\/laprensacristiana.com\/#website\",\"url\":\"https:\/\/laprensacristiana.com\/\",\"name\":\"La Prensa Cristiana\",\"description\":\"Anunciando Las Buenas Nuevas\",\"potentialAction\":[{\"@type\":\"SearchAction\",\"target\":{\"@type\":\"EntryPoint\",\"urlTemplate\":\"https:\/\/laprensacristiana.com\/?s={search_term_string}\"},\"query-input\":\"required name=search_term_string\"}],\"inLanguage\":\"es\"},{\"@type\":\"Person\",\"@id\":\"https:\/\/laprensacristiana.com\/#\/schema\/person\/3e7d82c6bfd6b1fa67010f8f7cd5256e\",\"name\":\"EDITOR\",\"image\":{\"@type\":\"ImageObject\",\"inLanguage\":\"es\",\"@id\":\"https:\/\/laprensacristiana.com\/#\/schema\/person\/image\/\",\"url\":\"https:\/\/secure.gravatar.com\/avatar\/72069dfb6c13772d9e8381e3638666d2?s=96&d=mm&r=g\",\"contentUrl\":\"https:\/\/secure.gravatar.com\/avatar\/72069dfb6c13772d9e8381e3638666d2?s=96&d=mm&r=g\",\"caption\":\"EDITOR\"},\"url\":\"https:\/\/laprensacristiana.com\/?author=3\"}]}<\/script>\n<!-- \/ Yoast SEO plugin. -->","yoast_head_json":{"title":"M\u00e1s de 360 millones de cristianos a nivel mundial son perseguidas por su fe. - La Prensa Cristiana","robots":{"index":"index","follow":"follow","max-snippet":"max-snippet:-1","max-image-preview":"max-image-preview:large","max-video-preview":"max-video-preview:-1"},"canonical":"https:\/\/laprensacristiana.com\/?p=15868","og_locale":"es_ES","og_type":"article","og_title":"M\u00e1s de 360 millones de cristianos a nivel mundial son perseguidas por su fe. - La Prensa Cristiana","og_description":"Por: Edwin G\u00f3ngora Por ahora no es el t\u00edtulo de ninguna serie de televisi\u00f3n y mucho menos de alguna pel\u00edcula, es una frase que refleja una terrible realidad en el mundo, cuando se maneja la cifra que m\u00e1s de 360 millones de personas que profesan la fe cristiana son objeto de persecuci\u00f3n. El dato se [&hellip;]","og_url":"https:\/\/laprensacristiana.com\/?p=15868","og_site_name":"La Prensa Cristiana","article_published_time":"2024-01-12T14:32:31+00:00","article_modified_time":"2024-01-12T14:32:32+00:00","og_image":[{"width":1600,"height":1016,"url":"https:\/\/laprensacristiana.com\/wp-content\/uploads\/2024\/01\/WhatsApp-Image-2024-01-11-at-11.00.23-AM.jpeg","type":"image\/jpeg"}],"author":"EDITOR","twitter_card":"summary_large_image","twitter_misc":{"Escrito por":"EDITOR","Tiempo de lectura":"3 minutos"},"schema":{"@context":"https:\/\/schema.org","@graph":[{"@type":"WebPage","@id":"https:\/\/laprensacristiana.com\/?p=15868","url":"https:\/\/laprensacristiana.com\/?p=15868","name":"M\u00e1s de 360 millones de cristianos a nivel mundial son perseguidas por su fe. - La Prensa Cristiana","isPartOf":{"@id":"https:\/\/laprensacristiana.com\/#website"},"datePublished":"2024-01-12T14:32:31+00:00","dateModified":"2024-01-12T14:32:32+00:00","author":{"@id":"https:\/\/laprensacristiana.com\/#\/schema\/person\/3e7d82c6bfd6b1fa67010f8f7cd5256e"},"breadcrumb":{"@id":"https:\/\/laprensacristiana.com\/?p=15868#breadcrumb"},"inLanguage":"es","potentialAction":[{"@type":"ReadAction","target":["https:\/\/laprensacristiana.com\/?p=15868"]}]},{"@type":"BreadcrumbList","@id":"https:\/\/laprensacristiana.com\/?p=15868#breadcrumb","itemListElement":[{"@type":"ListItem","position":1,"name":"Portada","item":"https:\/\/laprensacristiana.com\/"},{"@type":"ListItem","position":2,"name":"M\u00e1s de 360 millones de cristianos a nivel mundial son perseguidas por su fe."}]},{"@type":"WebSite","@id":"https:\/\/laprensacristiana.com\/#website","url":"https:\/\/laprensacristiana.com\/","name":"La Prensa Cristiana","description":"Anunciando Las Buenas Nuevas","potentialAction":[{"@type":"SearchAction","target":{"@type":"EntryPoint","urlTemplate":"https:\/\/laprensacristiana.com\/?s={search_term_string}"},"query-input":"required name=search_term_string"}],"inLanguage":"es"},{"@type":"Person","@id":"https:\/\/laprensacristiana.com\/#\/schema\/person\/3e7d82c6bfd6b1fa67010f8f7cd5256e","name":"EDITOR","image":{"@type":"ImageObject","inLanguage":"es","@id":"https:\/\/laprensacristiana.com\/#\/schema\/person\/image\/","url":"https:\/\/secure.gravatar.com\/avatar\/72069dfb6c13772d9e8381e3638666d2?s=96&d=mm&r=g","contentUrl":"https:\/\/secure.gravatar.com\/avatar\/72069dfb6c13772d9e8381e3638666d2?s=96&d=mm&r=g","caption":"EDITOR"},"url":"https:\/\/laprensacristiana.com\/?author=3"}]}},"_links":{"self":[{"href":"https:\/\/laprensacristiana.com\/index.php?rest_route=\/wp\/v2\/posts\/15868"}],"collection":[{"href":"https:\/\/laprensacristiana.com\/index.php?rest_route=\/wp\/v2\/posts"}],"about":[{"href":"https:\/\/laprensacristiana.com\/index.php?rest_route=\/wp\/v2\/types\/post"}],"author":[{"embeddable":true,"href":"https:\/\/laprensacristiana.com\/index.php?rest_route=\/wp\/v2\/users\/3"}],"replies":[{"embeddable":true,"href":"https:\/\/laprensacristiana.com\/index.php?rest_route=%2Fwp%2Fv2%2Fcomments&post=15868"}],"version-history":[{"count":1,"href":"https:\/\/laprensacristiana.com\/index.php?rest_route=\/wp\/v2\/posts\/15868\/revisions"}],"predecessor-version":[{"id":15873,"href":"https:\/\/laprensacristiana.com\/index.php?rest_route=\/wp\/v2\/posts\/15868\/revisions\/15873"}],"wp:featuredmedia":[{"embeddable":true,"href":"https:\/\/laprensacristiana.com\/index.php?rest_route=\/wp\/v2\/media\/15869"}],"wp:attachment":[{"href":"https:\/\/laprensacristiana.com\/index.php?rest_route=%2Fwp%2Fv2%2Fmedia&parent=15868"}],"wp:term":[{"taxonomy":"category","embeddable":true,"href":"https:\/\/laprensacristiana.com\/index.php?rest_route=%2Fwp%2Fv2%2Fcategories&post=15868"},{"taxonomy":"post_tag","embeddable":true,"href":"https:\/\/laprensacristiana.com\/index.php?rest_route=%2Fwp%2Fv2%2Ftags&post=15868"}],"curies":[{"name":"wp","href":"https:\/\/api.w.org\/{rel}","templated":true}]}}