{"id":15883,"date":"2024-01-12T20:51:55","date_gmt":"2024-01-12T20:51:55","guid":{"rendered":"https:\/\/laprensacristiana.com\/?p=15883"},"modified":"2024-01-12T20:51:56","modified_gmt":"2024-01-12T20:51:56","slug":"unipas-somos-el-cuerpo-de-cristo-y-nos-une-una-misma-fe","status":"publish","type":"post","link":"https:\/\/laprensacristiana.com\/?p=15883","title":{"rendered":"\u00abUNIPAS\u00bb Somos el cuerpo de Cristo y nos une una misma fe"},"content":{"rendered":"\n<p>Por: Edwin G\u00f3ngora y Luis Medina<\/p>\n\n\n\n<p>La unidad entre la iglesia es vital, y es que para prevalecer en su mensaje esta debe existir siempre.<\/p>\n\n\n\n<p>En Lourdes Colon, departamento de La Libertad, aqu\u00ed en El Salvador, un grupo de pastores de la zona y de varias iglesias a nivel nacional, han conformado la Unidad de Pastores, UNIPAS, de tal manera conocerse, ayudarse y fortalecer su labor de llevar las buenas nuevas a todos.<\/p>\n\n\n\n<p>El Pastor Yuri Mart\u00ednez, quien dirige la Iglesia en Avivamiento Tierra de Bendici\u00f3n y preside este movimiento, se\u00f1al\u00f3 a La Prensa Cristiana que: \u201cEl prop\u00f3sito de estas reuniones que tiene lugar el segundo viernes de cada mes, se tienen con la intenci\u00f3n de generar amistad entre nosotros y podamos auxiliarnos y ayudar en lo que podamos necesitar\u201d.<\/p>\n\n\n\n<figure class=\"wp-block-image size-full\"><img decoding=\"async\" loading=\"lazy\" width=\"1024\" height=\"768\" src=\"https:\/\/laprensacristiana.com\/wp-content\/uploads\/2024\/01\/WhatsApp-Image-2024-01-12-at-2.22.49-PM-1.jpeg\" alt=\"\" class=\"wp-image-15885\" srcset=\"https:\/\/laprensacristiana.com\/wp-content\/uploads\/2024\/01\/WhatsApp-Image-2024-01-12-at-2.22.49-PM-1.jpeg 1024w, https:\/\/laprensacristiana.com\/wp-content\/uploads\/2024\/01\/WhatsApp-Image-2024-01-12-at-2.22.49-PM-1-300x225.jpeg 300w, https:\/\/laprensacristiana.com\/wp-content\/uploads\/2024\/01\/WhatsApp-Image-2024-01-12-at-2.22.49-PM-1-768x576.jpeg 768w, https:\/\/laprensacristiana.com\/wp-content\/uploads\/2024\/01\/WhatsApp-Image-2024-01-12-at-2.22.49-PM-1-696x522.jpeg 696w, https:\/\/laprensacristiana.com\/wp-content\/uploads\/2024\/01\/WhatsApp-Image-2024-01-12-at-2.22.49-PM-1-600x450.jpeg 600w\" sizes=\"(max-width: 1024px) 100vw, 1024px\" \/><\/figure>\n\n\n\n<p>El Pastor Mart\u00ednez argumenta. \u201cLos pastores somos bien cerrados, pero si podemos extendernos la mano econ\u00f3micamente hablando, de v\u00edveres o medicamentos, en cual cualquier necesidad que atraviese un pastor o su familia, podemos nosotros ayudarnos\u201d.<\/p>\n\n\n\n<p>La convocatoria ha tenido muy buena respuesta ya que entre 50 y m\u00e1s de 130 pastores de diferentes iglesias han participado en las reuniones.<\/p>\n\n\n\n<figure class=\"wp-block-image size-full\"><img decoding=\"async\" loading=\"lazy\" width=\"1024\" height=\"768\" src=\"https:\/\/laprensacristiana.com\/wp-content\/uploads\/2024\/01\/WhatsApp-Image-2024-01-12-at-2.22.49-PM-3.jpeg\" alt=\"\" class=\"wp-image-15886\" srcset=\"https:\/\/laprensacristiana.com\/wp-content\/uploads\/2024\/01\/WhatsApp-Image-2024-01-12-at-2.22.49-PM-3.jpeg 1024w, https:\/\/laprensacristiana.com\/wp-content\/uploads\/2024\/01\/WhatsApp-Image-2024-01-12-at-2.22.49-PM-3-300x225.jpeg 300w, https:\/\/laprensacristiana.com\/wp-content\/uploads\/2024\/01\/WhatsApp-Image-2024-01-12-at-2.22.49-PM-3-768x576.jpeg 768w, https:\/\/laprensacristiana.com\/wp-content\/uploads\/2024\/01\/WhatsApp-Image-2024-01-12-at-2.22.49-PM-3-696x522.jpeg 696w, https:\/\/laprensacristiana.com\/wp-content\/uploads\/2024\/01\/WhatsApp-Image-2024-01-12-at-2.22.49-PM-3-600x450.jpeg 600w\" sizes=\"(max-width: 1024px) 100vw, 1024px\" \/><\/figure>\n\n\n\n<p>A la realizada este viernes fue invitado el Doctor Basilio Pati\u00f1o, Director Fundador de la Red Ministerial Apost\u00f3lica (REMA) y quien brinda mentor\u00eda y asesor\u00eda a ministerios en 16 pa\u00edses en Norte, Centro, Suram\u00e9rica y Europa, adem\u00e1s de ser<\/p>\n\n\n\n<p>autor de varios t\u00edtulos, entre ellos: Hacia un liderazgo apost\u00f3lico, Cosmovisi\u00f3n de Reino, La oraci\u00f3n en el nuevo pacto.<\/p>\n\n\n\n<p>Durante su participaci\u00f3n el Doctor Pati\u00f1o habl\u00f3 acerca del fen\u00f3meno de la uni\u00f3n y la unidad espiritual real del pastorado. El asegura que \u201cexiste mucha desconfianza, celos, no hay amistad profunda y no hay reciprocidad en lo que es la gracia de Dios en cada uno\u201d.<\/p>\n\n\n\n<figure class=\"wp-block-image size-full\"><img decoding=\"async\" loading=\"lazy\" width=\"1024\" height=\"768\" src=\"https:\/\/laprensacristiana.com\/wp-content\/uploads\/2024\/01\/WhatsApp-Image-2024-01-12-at-2.22.49-PM.jpeg\" alt=\"\" class=\"wp-image-15887\" srcset=\"https:\/\/laprensacristiana.com\/wp-content\/uploads\/2024\/01\/WhatsApp-Image-2024-01-12-at-2.22.49-PM.jpeg 1024w, https:\/\/laprensacristiana.com\/wp-content\/uploads\/2024\/01\/WhatsApp-Image-2024-01-12-at-2.22.49-PM-300x225.jpeg 300w, https:\/\/laprensacristiana.com\/wp-content\/uploads\/2024\/01\/WhatsApp-Image-2024-01-12-at-2.22.49-PM-768x576.jpeg 768w, https:\/\/laprensacristiana.com\/wp-content\/uploads\/2024\/01\/WhatsApp-Image-2024-01-12-at-2.22.49-PM-696x522.jpeg 696w, https:\/\/laprensacristiana.com\/wp-content\/uploads\/2024\/01\/WhatsApp-Image-2024-01-12-at-2.22.49-PM-600x450.jpeg 600w\" sizes=\"(max-width: 1024px) 100vw, 1024px\" \/><\/figure>\n\n\n\n<p>En su exposici\u00f3n mencion\u00f3 adem\u00e1s que \u201cno hemos nosotros entendido y vivido la realidad de lo que es ser uno en Cristo Jes\u00fas, entonces amados m\u00edos, unidad no se da por una reuni\u00f3n, usted puede estar reunidos, pero no unidos\u201d.<\/p>\n\n\n\n<p>Para el pastor Basilio Pati\u00f1o \u201cUnidad, no es porque hagamos un evento juntos es porque en el esp\u00edritu sabemos que somos el cuerpo de Cristo y que nos une una misma fe, un mismo Se\u00f1or, una misma esperanza, un mismo esp\u00edritu, un mismo Dios, el mismo padre\u201d.<\/p>\n\n\n\n<p>Es de la opini\u00f3n que \u201cs\u00f3lo en la medida que nuestro esp\u00edritu sea refrendado en Cristo no podemos llegar a tener ese entendimiento de qu\u00e9 es lo que yo hago, con qui\u00e9n lo hago, para qui\u00e9n lo hago. Hasta que no sepa que t\u00fa eres Cristo en un cuerpo y lo vea as\u00ed estar\u00e9 mirando a una persona que tiene unas habilidades y que tienes una competencia\u201d.<\/p>\n\n\n\n<p>Su planteamiento lo fundamenta en la vivencia que tuvo el ap\u00f3stol Pablo cuando se le revel\u00f3 Cristo y que en ese mismo momento se le revel\u00f3 la iglesia.<\/p>\n\n\n\n<figure class=\"wp-block-image size-full\"><img decoding=\"async\" loading=\"lazy\" width=\"1024\" height=\"768\" src=\"https:\/\/laprensacristiana.com\/wp-content\/uploads\/2024\/01\/WhatsApp-Image-2024-01-12-at-2.22.50-PM.jpeg\" alt=\"\" class=\"wp-image-15888\" srcset=\"https:\/\/laprensacristiana.com\/wp-content\/uploads\/2024\/01\/WhatsApp-Image-2024-01-12-at-2.22.50-PM.jpeg 1024w, https:\/\/laprensacristiana.com\/wp-content\/uploads\/2024\/01\/WhatsApp-Image-2024-01-12-at-2.22.50-PM-300x225.jpeg 300w, https:\/\/laprensacristiana.com\/wp-content\/uploads\/2024\/01\/WhatsApp-Image-2024-01-12-at-2.22.50-PM-768x576.jpeg 768w, https:\/\/laprensacristiana.com\/wp-content\/uploads\/2024\/01\/WhatsApp-Image-2024-01-12-at-2.22.50-PM-696x522.jpeg 696w, https:\/\/laprensacristiana.com\/wp-content\/uploads\/2024\/01\/WhatsApp-Image-2024-01-12-at-2.22.50-PM-600x450.jpeg 600w\" sizes=\"(max-width: 1024px) 100vw, 1024px\" \/><\/figure>\n\n\n\n<p>\u00bfQui\u00e9n eres, se\u00f1or? Yo soy Jes\u00fas, a quien t\u00fa persigues.<\/p>\n\n\n\n<p>\u201cCuando \u00e9l vio que al que persegu\u00eda era a Cristo porque era Cristo impartido en un cuerpo, fue que \u00e9l entendi\u00f3 qu\u00e9 era lo que ten\u00eda que edificar por eso fue un enemigo ac\u00e9rrimo a la divisi\u00f3n, disensiones, contienda y sectarismo, porque en Cristo somos un mismo cuerpo\u201d, concluy\u00f3 el Dr. Pati\u00f1o.<\/p>\n\n\n\n<p>Cabe destacar que la reuni\u00f3n de este mes se desarroll\u00f3 en la Iglesia Peniel Lourdes, dirigida por el pastor Rigoberto Orantes, y fundada por el Dr. Edgar Borja, donde tambi\u00e9n opera una de las sedes de CAPUCOM.<\/p>\n\n\n\n<figure class=\"wp-block-image size-full\"><img decoding=\"async\" loading=\"lazy\" width=\"1024\" height=\"768\" src=\"https:\/\/laprensacristiana.com\/wp-content\/uploads\/2024\/01\/WhatsApp-Image-2024-01-12-at-2.22.50-PM-1.jpeg\" alt=\"\" class=\"wp-image-15889\" srcset=\"https:\/\/laprensacristiana.com\/wp-content\/uploads\/2024\/01\/WhatsApp-Image-2024-01-12-at-2.22.50-PM-1.jpeg 1024w, https:\/\/laprensacristiana.com\/wp-content\/uploads\/2024\/01\/WhatsApp-Image-2024-01-12-at-2.22.50-PM-1-300x225.jpeg 300w, https:\/\/laprensacristiana.com\/wp-content\/uploads\/2024\/01\/WhatsApp-Image-2024-01-12-at-2.22.50-PM-1-768x576.jpeg 768w, https:\/\/laprensacristiana.com\/wp-content\/uploads\/2024\/01\/WhatsApp-Image-2024-01-12-at-2.22.50-PM-1-696x522.jpeg 696w, https:\/\/laprensacristiana.com\/wp-content\/uploads\/2024\/01\/WhatsApp-Image-2024-01-12-at-2.22.50-PM-1-600x450.jpeg 600w\" sizes=\"(max-width: 1024px) 100vw, 1024px\" \/><\/figure>\n","protected":false},"excerpt":{"rendered":"<p>Por: Edwin G\u00f3ngora y Luis Medina La unidad entre la iglesia es vital, y es que para prevalecer en su mensaje esta debe existir siempre. En Lourdes Colon, departamento de La Libertad, aqu\u00ed en El Salvador, un grupo de pastores de la zona y de varias iglesias a nivel nacional, han conformado la Unidad de [&hellip;]<\/p>\n","protected":false},"author":3,"featured_media":15884,"comment_status":"open","ping_status":"open","sticky":false,"template":"","format":"standard","meta":[],"categories":[56],"tags":[],"yoast_head":"<!-- This site is optimized with the Yoast SEO plugin v20.8 - https:\/\/yoast.com\/wordpress\/plugins\/seo\/ -->\n<title>\u00abUNIPAS\u00bb Somos el cuerpo de Cristo y nos une una misma fe - La Prensa Cristiana<\/title>\n<meta name=\"robots\" content=\"index, follow, max-snippet:-1, max-image-preview:large, max-video-preview:-1\" \/>\n<link rel=\"canonical\" href=\"https:\/\/laprensacristiana.com\/?p=15883\" \/>\n<meta property=\"og:locale\" content=\"es_ES\" \/>\n<meta property=\"og:type\" content=\"article\" \/>\n<meta property=\"og:title\" content=\"\u00abUNIPAS\u00bb Somos el cuerpo de Cristo y nos une una misma fe - La Prensa Cristiana\" \/>\n<meta property=\"og:description\" content=\"Por: Edwin G\u00f3ngora y Luis Medina La unidad entre la iglesia es vital, y es que para prevalecer en su mensaje esta debe existir siempre. En Lourdes Colon, departamento de La Libertad, aqu\u00ed en El Salvador, un grupo de pastores de la zona y de varias iglesias a nivel nacional, han conformado la Unidad de [&hellip;]\" \/>\n<meta property=\"og:url\" content=\"https:\/\/laprensacristiana.com\/?p=15883\" \/>\n<meta property=\"og:site_name\" content=\"La Prensa Cristiana\" \/>\n<meta property=\"article:published_time\" content=\"2024-01-12T20:51:55+00:00\" \/>\n<meta property=\"article:modified_time\" content=\"2024-01-12T20:51:56+00:00\" \/>\n<meta property=\"og:image\" content=\"https:\/\/laprensacristiana.com\/wp-content\/uploads\/2024\/01\/WhatsApp-Image-2024-01-12-at-2.22.49-PM-2.jpeg\" \/>\n\t<meta property=\"og:image:width\" content=\"1024\" \/>\n\t<meta property=\"og:image:height\" content=\"768\" \/>\n\t<meta property=\"og:image:type\" content=\"image\/jpeg\" \/>\n<meta name=\"author\" content=\"EDITOR\" \/>\n<meta name=\"twitter:card\" content=\"summary_large_image\" \/>\n<meta name=\"twitter:label1\" content=\"Escrito por\" \/>\n\t<meta name=\"twitter:data1\" content=\"EDITOR\" \/>\n\t<meta name=\"twitter:label2\" content=\"Tiempo de lectura\" \/>\n\t<meta name=\"twitter:data2\" content=\"4 minutos\" \/>\n<script type=\"application\/ld+json\" class=\"yoast-schema-graph\">{\"@context\":\"https:\/\/schema.org\",\"@graph\":[{\"@type\":\"WebPage\",\"@id\":\"https:\/\/laprensacristiana.com\/?p=15883\",\"url\":\"https:\/\/laprensacristiana.com\/?p=15883\",\"name\":\"\u00abUNIPAS\u00bb Somos el cuerpo de Cristo y nos une una misma fe - La Prensa Cristiana\",\"isPartOf\":{\"@id\":\"https:\/\/laprensacristiana.com\/#website\"},\"datePublished\":\"2024-01-12T20:51:55+00:00\",\"dateModified\":\"2024-01-12T20:51:56+00:00\",\"author\":{\"@id\":\"https:\/\/laprensacristiana.com\/#\/schema\/person\/3e7d82c6bfd6b1fa67010f8f7cd5256e\"},\"breadcrumb\":{\"@id\":\"https:\/\/laprensacristiana.com\/?p=15883#breadcrumb\"},\"inLanguage\":\"es\",\"potentialAction\":[{\"@type\":\"ReadAction\",\"target\":[\"https:\/\/laprensacristiana.com\/?p=15883\"]}]},{\"@type\":\"BreadcrumbList\",\"@id\":\"https:\/\/laprensacristiana.com\/?p=15883#breadcrumb\",\"itemListElement\":[{\"@type\":\"ListItem\",\"position\":1,\"name\":\"Portada\",\"item\":\"https:\/\/laprensacristiana.com\/\"},{\"@type\":\"ListItem\",\"position\":2,\"name\":\"\u00abUNIPAS\u00bb Somos el cuerpo de Cristo y nos une una misma fe\"}]},{\"@type\":\"WebSite\",\"@id\":\"https:\/\/laprensacristiana.com\/#website\",\"url\":\"https:\/\/laprensacristiana.com\/\",\"name\":\"La Prensa Cristiana\",\"description\":\"Anunciando Las Buenas Nuevas\",\"potentialAction\":[{\"@type\":\"SearchAction\",\"target\":{\"@type\":\"EntryPoint\",\"urlTemplate\":\"https:\/\/laprensacristiana.com\/?s={search_term_string}\"},\"query-input\":\"required name=search_term_string\"}],\"inLanguage\":\"es\"},{\"@type\":\"Person\",\"@id\":\"https:\/\/laprensacristiana.com\/#\/schema\/person\/3e7d82c6bfd6b1fa67010f8f7cd5256e\",\"name\":\"EDITOR\",\"image\":{\"@type\":\"ImageObject\",\"inLanguage\":\"es\",\"@id\":\"https:\/\/laprensacristiana.com\/#\/schema\/person\/image\/\",\"url\":\"https:\/\/secure.gravatar.com\/avatar\/72069dfb6c13772d9e8381e3638666d2?s=96&d=mm&r=g\",\"contentUrl\":\"https:\/\/secure.gravatar.com\/avatar\/72069dfb6c13772d9e8381e3638666d2?s=96&d=mm&r=g\",\"caption\":\"EDITOR\"},\"url\":\"https:\/\/laprensacristiana.com\/?author=3\"}]}<\/script>\n<!-- \/ Yoast SEO plugin. -->","yoast_head_json":{"title":"\u00abUNIPAS\u00bb Somos el cuerpo de Cristo y nos une una misma fe - La Prensa Cristiana","robots":{"index":"index","follow":"follow","max-snippet":"max-snippet:-1","max-image-preview":"max-image-preview:large","max-video-preview":"max-video-preview:-1"},"canonical":"https:\/\/laprensacristiana.com\/?p=15883","og_locale":"es_ES","og_type":"article","og_title":"\u00abUNIPAS\u00bb Somos el cuerpo de Cristo y nos une una misma fe - La Prensa Cristiana","og_description":"Por: Edwin G\u00f3ngora y Luis Medina La unidad entre la iglesia es vital, y es que para prevalecer en su mensaje esta debe existir siempre. En Lourdes Colon, departamento de La Libertad, aqu\u00ed en El Salvador, un grupo de pastores de la zona y de varias iglesias a nivel nacional, han conformado la Unidad de [&hellip;]","og_url":"https:\/\/laprensacristiana.com\/?p=15883","og_site_name":"La Prensa Cristiana","article_published_time":"2024-01-12T20:51:55+00:00","article_modified_time":"2024-01-12T20:51:56+00:00","og_image":[{"width":1024,"height":768,"url":"https:\/\/laprensacristiana.com\/wp-content\/uploads\/2024\/01\/WhatsApp-Image-2024-01-12-at-2.22.49-PM-2.jpeg","type":"image\/jpeg"}],"author":"EDITOR","twitter_card":"summary_large_image","twitter_misc":{"Escrito por":"EDITOR","Tiempo de lectura":"4 minutos"},"schema":{"@context":"https:\/\/schema.org","@graph":[{"@type":"WebPage","@id":"https:\/\/laprensacristiana.com\/?p=15883","url":"https:\/\/laprensacristiana.com\/?p=15883","name":"\u00abUNIPAS\u00bb Somos el cuerpo de Cristo y nos une una misma fe - La Prensa Cristiana","isPartOf":{"@id":"https:\/\/laprensacristiana.com\/#website"},"datePublished":"2024-01-12T20:51:55+00:00","dateModified":"2024-01-12T20:51:56+00:00","author":{"@id":"https:\/\/laprensacristiana.com\/#\/schema\/person\/3e7d82c6bfd6b1fa67010f8f7cd5256e"},"breadcrumb":{"@id":"https:\/\/laprensacristiana.com\/?p=15883#breadcrumb"},"inLanguage":"es","potentialAction":[{"@type":"ReadAction","target":["https:\/\/laprensacristiana.com\/?p=15883"]}]},{"@type":"BreadcrumbList","@id":"https:\/\/laprensacristiana.com\/?p=15883#breadcrumb","itemListElement":[{"@type":"ListItem","position":1,"name":"Portada","item":"https:\/\/laprensacristiana.com\/"},{"@type":"ListItem","position":2,"name":"\u00abUNIPAS\u00bb Somos el cuerpo de Cristo y nos une una misma fe"}]},{"@type":"WebSite","@id":"https:\/\/laprensacristiana.com\/#website","url":"https:\/\/laprensacristiana.com\/","name":"La Prensa Cristiana","description":"Anunciando Las Buenas Nuevas","potentialAction":[{"@type":"SearchAction","target":{"@type":"EntryPoint","urlTemplate":"https:\/\/laprensacristiana.com\/?s={search_term_string}"},"query-input":"required name=search_term_string"}],"inLanguage":"es"},{"@type":"Person","@id":"https:\/\/laprensacristiana.com\/#\/schema\/person\/3e7d82c6bfd6b1fa67010f8f7cd5256e","name":"EDITOR","image":{"@type":"ImageObject","inLanguage":"es","@id":"https:\/\/laprensacristiana.com\/#\/schema\/person\/image\/","url":"https:\/\/secure.gravatar.com\/avatar\/72069dfb6c13772d9e8381e3638666d2?s=96&d=mm&r=g","contentUrl":"https:\/\/secure.gravatar.com\/avatar\/72069dfb6c13772d9e8381e3638666d2?s=96&d=mm&r=g","caption":"EDITOR"},"url":"https:\/\/laprensacristiana.com\/?author=3"}]}},"_links":{"self":[{"href":"https:\/\/laprensacristiana.com\/index.php?rest_route=\/wp\/v2\/posts\/15883"}],"collection":[{"href":"https:\/\/laprensacristiana.com\/index.php?rest_route=\/wp\/v2\/posts"}],"about":[{"href":"https:\/\/laprensacristiana.com\/index.php?rest_route=\/wp\/v2\/types\/post"}],"author":[{"embeddable":true,"href":"https:\/\/laprensacristiana.com\/index.php?rest_route=\/wp\/v2\/users\/3"}],"replies":[{"embeddable":true,"href":"https:\/\/laprensacristiana.com\/index.php?rest_route=%2Fwp%2Fv2%2Fcomments&post=15883"}],"version-history":[{"count":1,"href":"https:\/\/laprensacristiana.com\/index.php?rest_route=\/wp\/v2\/posts\/15883\/revisions"}],"predecessor-version":[{"id":15890,"href":"https:\/\/laprensacristiana.com\/index.php?rest_route=\/wp\/v2\/posts\/15883\/revisions\/15890"}],"wp:featuredmedia":[{"embeddable":true,"href":"https:\/\/laprensacristiana.com\/index.php?rest_route=\/wp\/v2\/media\/15884"}],"wp:attachment":[{"href":"https:\/\/laprensacristiana.com\/index.php?rest_route=%2Fwp%2Fv2%2Fmedia&parent=15883"}],"wp:term":[{"taxonomy":"category","embeddable":true,"href":"https:\/\/laprensacristiana.com\/index.php?rest_route=%2Fwp%2Fv2%2Fcategories&post=15883"},{"taxonomy":"post_tag","embeddable":true,"href":"https:\/\/laprensacristiana.com\/index.php?rest_route=%2Fwp%2Fv2%2Ftags&post=15883"}],"curies":[{"name":"wp","href":"https:\/\/api.w.org\/{rel}","templated":true}]}}