{"id":15894,"date":"2024-01-15T19:41:25","date_gmt":"2024-01-15T19:41:25","guid":{"rendered":"https:\/\/laprensacristiana.com\/?p=15894"},"modified":"2024-01-15T19:41:26","modified_gmt":"2024-01-15T19:41:26","slug":"vida-real-worship-una-mezcla-de-lo-original-con-himnos-tradicionales-que-esta-gustando","status":"publish","type":"post","link":"https:\/\/laprensacristiana.com\/?p=15894","title":{"rendered":"Vida Real Worship, una mezcla de lo original con himnos tradicionales que est\u00e1 gustando."},"content":{"rendered":"\n<p>Por: Edwin G\u00f3ngora <\/p>\n\n\n\n<p>Se trata de una banda que nace en la iglesia del mismo nombre, en Boston, Massachusetts, Estados Unidos y que desde sus primeras grabaciones en 2016 a logrado entrar al gusto musical de quienes escuchan m\u00fasica cristiana.<\/p>\n\n\n\n<p>Una banda musical en la que 2 salvadore\u00f1os forman parte de las voces principales.<\/p>\n\n\n\n<p>Abner Garc\u00eda, es el tecladista y ayuda en la composici\u00f3n de las canciones que producen. Con el platicamos unos minutos para conocer como marcha su labor.<\/p>\n\n\n\n<p><strong>\u00bfQu\u00e9 significa para ustedes formar parte de un grupo de m\u00fasica cristiana en la iglesia y trabajar por esas letras, por esas alabanzas que tengan contenido y reflejen la palabra de Dios?<\/strong><\/p>\n\n\n\n<p>\u201cPues la verdad que es un gran privilegio es una bendici\u00f3n poder trabajar en lo que a nosotros nos apasiona, el llamado que Dios nos hizo, pues tiene esa caracter\u00edstica que uno disfruta, porque uno ama lo que el Se\u00f1or le ha dado para hacer, entonces para nosotros es una bendici\u00f3n poder trabajar en lo que nos gusta hacer y servir, llevar la verdad al pueblo de Dios\u201d.<\/p>\n\n\n\n<p>En Vida Real Worship son cuatro las voces principales, Dilcia Prudencio, salvadore\u00f1a, qui\u00e9n hoy radica en Boston, Carie Morales hija del pastor general de la Iglesia, de padres salvadore\u00f1os, pero ella nacida en Estados Unidos, \u00e9l pastor Juan Carlos Morales, tambi\u00e9n salvadore\u00f1os y Abner Garc\u00eda de origen guatemalteco pero que vive en Boston desde hace 18 a\u00f1os.<\/p>\n\n\n\n<figure class=\"wp-block-image size-large\"><img decoding=\"async\" loading=\"lazy\" width=\"819\" height=\"1024\" src=\"https:\/\/laprensacristiana.com\/wp-content\/uploads\/2024\/01\/Alabanzas-26-819x1024.png\" alt=\"\" class=\"wp-image-15896\" srcset=\"https:\/\/laprensacristiana.com\/wp-content\/uploads\/2024\/01\/Alabanzas-26-819x1024.png 819w, https:\/\/laprensacristiana.com\/wp-content\/uploads\/2024\/01\/Alabanzas-26-240x300.png 240w, https:\/\/laprensacristiana.com\/wp-content\/uploads\/2024\/01\/Alabanzas-26-768x960.png 768w, https:\/\/laprensacristiana.com\/wp-content\/uploads\/2024\/01\/Alabanzas-26-696x870.png 696w, https:\/\/laprensacristiana.com\/wp-content\/uploads\/2024\/01\/Alabanzas-26-1068x1335.png 1068w, https:\/\/laprensacristiana.com\/wp-content\/uploads\/2024\/01\/Alabanzas-26-600x750.png 600w, https:\/\/laprensacristiana.com\/wp-content\/uploads\/2024\/01\/Alabanzas-26.png 1080w\" sizes=\"(max-width: 819px) 100vw, 819px\" \/><\/figure>\n\n\n\n<p>En lo que, al contenido de sus producciones musicales respecta, consultamos a Abner cual es el estilo que desarrollan y que tanto lo que producen ha logrado impactar entre la congregaci\u00f3n de su iglesia y el p\u00fablico cristiano en general.<\/p>\n\n\n\n<p><strong>\u00bfC\u00f3mo han sido recibidos ustedes, desde cu\u00e1ndo est\u00e1n haciendo todo este contenido musical desde la Iglesia para la comunidad cristiana?<\/strong><\/p>\n\n\n\n<p>\u201cLa banda, comenz\u00f3 a grabar en el a\u00f1o 2016, que se hizo el primer disco y por la bendita gracia de Dios creo que ha tenido una buena recepci\u00f3n, la gente est\u00e1 buscando el contenido, estamos haciendo una mezcla de canciones originales con himnos tradicionales y creo que eso ha ayudado a que los hermanos de m\u00e1s tiempo, de m\u00e1s edad les gusta esa m\u00fasica y se aceptada tambi\u00e9n por los j\u00f3venes, por el estilo, un poquito m\u00e1s contempor\u00e1neo\u201d.<\/p>\n\n\n\n<p><strong>\u00bfC\u00f3mo ve la m\u00fasica cristiana, la fuerza que ha tenido o creen que es copia de la m\u00fasica secular?<\/strong><\/p>\n\n\n\n<p>\u201cYo creo que Dios le ha dado a la Iglesia much\u00edsima inspiraci\u00f3n, nosotros pudi\u00e9ramos tomar ideas, quiz\u00e1s en cuanto a la producci\u00f3n, pero nunca comprometer la esencia de lo que es la m\u00fasica de adoraci\u00f3n, que es una m\u00fasica que busca exaltar al Se\u00f1or y no llamar la atenci\u00f3n hacia las personas que est\u00e1n interpretando.<\/p>\n\n\n\n<figure class=\"wp-block-image size-large\"><img decoding=\"async\" loading=\"lazy\" width=\"819\" height=\"1024\" src=\"https:\/\/laprensacristiana.com\/wp-content\/uploads\/2024\/01\/Alabanzas-27-819x1024.png\" alt=\"\" class=\"wp-image-15897\" srcset=\"https:\/\/laprensacristiana.com\/wp-content\/uploads\/2024\/01\/Alabanzas-27-819x1024.png 819w, https:\/\/laprensacristiana.com\/wp-content\/uploads\/2024\/01\/Alabanzas-27-240x300.png 240w, https:\/\/laprensacristiana.com\/wp-content\/uploads\/2024\/01\/Alabanzas-27-768x960.png 768w, https:\/\/laprensacristiana.com\/wp-content\/uploads\/2024\/01\/Alabanzas-27-696x870.png 696w, https:\/\/laprensacristiana.com\/wp-content\/uploads\/2024\/01\/Alabanzas-27-1068x1335.png 1068w, https:\/\/laprensacristiana.com\/wp-content\/uploads\/2024\/01\/Alabanzas-27-600x750.png 600w, https:\/\/laprensacristiana.com\/wp-content\/uploads\/2024\/01\/Alabanzas-27.png 1080w\" sizes=\"(max-width: 819px) 100vw, 819px\" \/><\/figure>\n\n\n\n<p>Creo que es muy, muy importante buscar a Dios buscar su presencia para que \u00e9l nos brinde la creatividad y la capacidad de poder ofrecer algo original sin necesidad de estar copiando, o plagiando cosas que el mundo est\u00e1 haciendo\u201d.<\/p>\n\n\n\n<p>Vida Real Worship realiz\u00f3 una peque\u00f1a gira el fin de semana al pa\u00eds, donde estuvieron en distintas iglesias, entre ellas Iglesias Compaz y Vida Real de Metap\u00e1n, adem\u00e1s de brindar un concierto en el estadio de esta localidad.<\/p>\n\n\n\n<figure class=\"wp-block-image size-full\"><img decoding=\"async\" loading=\"lazy\" width=\"1016\" height=\"986\" src=\"https:\/\/laprensacristiana.com\/wp-content\/uploads\/2024\/01\/WhatsApp-Image-2024-01-15-at-1.19.05-PM.jpeg\" alt=\"\" class=\"wp-image-15898\" srcset=\"https:\/\/laprensacristiana.com\/wp-content\/uploads\/2024\/01\/WhatsApp-Image-2024-01-15-at-1.19.05-PM.jpeg 1016w, https:\/\/laprensacristiana.com\/wp-content\/uploads\/2024\/01\/WhatsApp-Image-2024-01-15-at-1.19.05-PM-300x291.jpeg 300w, https:\/\/laprensacristiana.com\/wp-content\/uploads\/2024\/01\/WhatsApp-Image-2024-01-15-at-1.19.05-PM-768x745.jpeg 768w, https:\/\/laprensacristiana.com\/wp-content\/uploads\/2024\/01\/WhatsApp-Image-2024-01-15-at-1.19.05-PM-696x675.jpeg 696w, https:\/\/laprensacristiana.com\/wp-content\/uploads\/2024\/01\/WhatsApp-Image-2024-01-15-at-1.19.05-PM-600x582.jpeg 600w\" sizes=\"(max-width: 1016px) 100vw, 1016px\" \/><\/figure>\n\n\n\n<p>Para que usted escuche las producciones de Vida Real Worship puede visitar las plataformas en Spotify, Apple Music, Amazon Music y YouTube, donde cuentan con un canal de donde pueden encontrar todos sus videoclips y algunos materiales de apoyo que ser\u00e1n de bendici\u00f3n, si como en Facebook e Instagram<\/p>\n\n\n\n<p><a href=\"https:\/\/youtu.be\/00hQbWpOaxQ?si=r9FEYLC6BcFJ8QIv\">https:\/\/youtu.be\/00hQbWpOaxQ?si=r9FEYLC6BcFJ8QIv<\/a> <\/p>\n","protected":false},"excerpt":{"rendered":"<p>Por: Edwin G\u00f3ngora Se trata de una banda que nace en la iglesia del mismo nombre, en Boston, Massachusetts, Estados Unidos y que desde sus primeras grabaciones en 2016 a logrado entrar al gusto musical de quienes escuchan m\u00fasica cristiana. Una banda musical en la que 2 salvadore\u00f1os forman parte de las voces principales. Abner [&hellip;]<\/p>\n","protected":false},"author":3,"featured_media":15895,"comment_status":"open","ping_status":"open","sticky":false,"template":"","format":"standard","meta":[],"categories":[114],"tags":[],"yoast_head":"<!-- This site is optimized with the Yoast SEO plugin v20.8 - https:\/\/yoast.com\/wordpress\/plugins\/seo\/ -->\n<title>Vida Real Worship, una mezcla de lo original con himnos tradicionales que est\u00e1 gustando. - La Prensa Cristiana<\/title>\n<meta name=\"robots\" content=\"index, follow, max-snippet:-1, max-image-preview:large, max-video-preview:-1\" \/>\n<link rel=\"canonical\" href=\"https:\/\/laprensacristiana.com\/?p=15894\" \/>\n<meta property=\"og:locale\" content=\"es_ES\" \/>\n<meta property=\"og:type\" content=\"article\" \/>\n<meta property=\"og:title\" content=\"Vida Real Worship, una mezcla de lo original con himnos tradicionales que est\u00e1 gustando. - La Prensa Cristiana\" \/>\n<meta property=\"og:description\" content=\"Por: Edwin G\u00f3ngora Se trata de una banda que nace en la iglesia del mismo nombre, en Boston, Massachusetts, Estados Unidos y que desde sus primeras grabaciones en 2016 a logrado entrar al gusto musical de quienes escuchan m\u00fasica cristiana. Una banda musical en la que 2 salvadore\u00f1os forman parte de las voces principales. Abner [&hellip;]\" \/>\n<meta property=\"og:url\" content=\"https:\/\/laprensacristiana.com\/?p=15894\" \/>\n<meta property=\"og:site_name\" content=\"La Prensa Cristiana\" \/>\n<meta property=\"article:published_time\" content=\"2024-01-15T19:41:25+00:00\" \/>\n<meta property=\"article:modified_time\" content=\"2024-01-15T19:41:26+00:00\" \/>\n<meta property=\"og:image\" content=\"https:\/\/laprensacristiana.com\/wp-content\/uploads\/2024\/01\/WhatsApp-Image-2024-01-15-at-1.31.51-PM.jpeg\" \/>\n\t<meta property=\"og:image:width\" content=\"1600\" \/>\n\t<meta property=\"og:image:height\" content=\"925\" \/>\n\t<meta property=\"og:image:type\" content=\"image\/jpeg\" \/>\n<meta name=\"author\" content=\"EDITOR\" \/>\n<meta name=\"twitter:card\" content=\"summary_large_image\" \/>\n<meta name=\"twitter:label1\" content=\"Escrito por\" \/>\n\t<meta name=\"twitter:data1\" content=\"EDITOR\" \/>\n\t<meta name=\"twitter:label2\" content=\"Tiempo de lectura\" \/>\n\t<meta name=\"twitter:data2\" content=\"4 minutos\" \/>\n<script type=\"application\/ld+json\" class=\"yoast-schema-graph\">{\"@context\":\"https:\/\/schema.org\",\"@graph\":[{\"@type\":\"WebPage\",\"@id\":\"https:\/\/laprensacristiana.com\/?p=15894\",\"url\":\"https:\/\/laprensacristiana.com\/?p=15894\",\"name\":\"Vida Real Worship, una mezcla de lo original con himnos tradicionales que est\u00e1 gustando. - La Prensa Cristiana\",\"isPartOf\":{\"@id\":\"https:\/\/laprensacristiana.com\/#website\"},\"datePublished\":\"2024-01-15T19:41:25+00:00\",\"dateModified\":\"2024-01-15T19:41:26+00:00\",\"author\":{\"@id\":\"https:\/\/laprensacristiana.com\/#\/schema\/person\/3e7d82c6bfd6b1fa67010f8f7cd5256e\"},\"breadcrumb\":{\"@id\":\"https:\/\/laprensacristiana.com\/?p=15894#breadcrumb\"},\"inLanguage\":\"es\",\"potentialAction\":[{\"@type\":\"ReadAction\",\"target\":[\"https:\/\/laprensacristiana.com\/?p=15894\"]}]},{\"@type\":\"BreadcrumbList\",\"@id\":\"https:\/\/laprensacristiana.com\/?p=15894#breadcrumb\",\"itemListElement\":[{\"@type\":\"ListItem\",\"position\":1,\"name\":\"Portada\",\"item\":\"https:\/\/laprensacristiana.com\/\"},{\"@type\":\"ListItem\",\"position\":2,\"name\":\"Vida Real Worship, una mezcla de lo original con himnos tradicionales que est\u00e1 gustando.\"}]},{\"@type\":\"WebSite\",\"@id\":\"https:\/\/laprensacristiana.com\/#website\",\"url\":\"https:\/\/laprensacristiana.com\/\",\"name\":\"La Prensa Cristiana\",\"description\":\"Anunciando Las Buenas Nuevas\",\"potentialAction\":[{\"@type\":\"SearchAction\",\"target\":{\"@type\":\"EntryPoint\",\"urlTemplate\":\"https:\/\/laprensacristiana.com\/?s={search_term_string}\"},\"query-input\":\"required name=search_term_string\"}],\"inLanguage\":\"es\"},{\"@type\":\"Person\",\"@id\":\"https:\/\/laprensacristiana.com\/#\/schema\/person\/3e7d82c6bfd6b1fa67010f8f7cd5256e\",\"name\":\"EDITOR\",\"image\":{\"@type\":\"ImageObject\",\"inLanguage\":\"es\",\"@id\":\"https:\/\/laprensacristiana.com\/#\/schema\/person\/image\/\",\"url\":\"https:\/\/secure.gravatar.com\/avatar\/72069dfb6c13772d9e8381e3638666d2?s=96&d=mm&r=g\",\"contentUrl\":\"https:\/\/secure.gravatar.com\/avatar\/72069dfb6c13772d9e8381e3638666d2?s=96&d=mm&r=g\",\"caption\":\"EDITOR\"},\"url\":\"https:\/\/laprensacristiana.com\/?author=3\"}]}<\/script>\n<!-- \/ Yoast SEO plugin. -->","yoast_head_json":{"title":"Vida Real Worship, una mezcla de lo original con himnos tradicionales que est\u00e1 gustando. - La Prensa Cristiana","robots":{"index":"index","follow":"follow","max-snippet":"max-snippet:-1","max-image-preview":"max-image-preview:large","max-video-preview":"max-video-preview:-1"},"canonical":"https:\/\/laprensacristiana.com\/?p=15894","og_locale":"es_ES","og_type":"article","og_title":"Vida Real Worship, una mezcla de lo original con himnos tradicionales que est\u00e1 gustando. - La Prensa Cristiana","og_description":"Por: Edwin G\u00f3ngora Se trata de una banda que nace en la iglesia del mismo nombre, en Boston, Massachusetts, Estados Unidos y que desde sus primeras grabaciones en 2016 a logrado entrar al gusto musical de quienes escuchan m\u00fasica cristiana. Una banda musical en la que 2 salvadore\u00f1os forman parte de las voces principales. Abner [&hellip;]","og_url":"https:\/\/laprensacristiana.com\/?p=15894","og_site_name":"La Prensa Cristiana","article_published_time":"2024-01-15T19:41:25+00:00","article_modified_time":"2024-01-15T19:41:26+00:00","og_image":[{"width":1600,"height":925,"url":"https:\/\/laprensacristiana.com\/wp-content\/uploads\/2024\/01\/WhatsApp-Image-2024-01-15-at-1.31.51-PM.jpeg","type":"image\/jpeg"}],"author":"EDITOR","twitter_card":"summary_large_image","twitter_misc":{"Escrito por":"EDITOR","Tiempo de lectura":"4 minutos"},"schema":{"@context":"https:\/\/schema.org","@graph":[{"@type":"WebPage","@id":"https:\/\/laprensacristiana.com\/?p=15894","url":"https:\/\/laprensacristiana.com\/?p=15894","name":"Vida Real Worship, una mezcla de lo original con himnos tradicionales que est\u00e1 gustando. - La Prensa Cristiana","isPartOf":{"@id":"https:\/\/laprensacristiana.com\/#website"},"datePublished":"2024-01-15T19:41:25+00:00","dateModified":"2024-01-15T19:41:26+00:00","author":{"@id":"https:\/\/laprensacristiana.com\/#\/schema\/person\/3e7d82c6bfd6b1fa67010f8f7cd5256e"},"breadcrumb":{"@id":"https:\/\/laprensacristiana.com\/?p=15894#breadcrumb"},"inLanguage":"es","potentialAction":[{"@type":"ReadAction","target":["https:\/\/laprensacristiana.com\/?p=15894"]}]},{"@type":"BreadcrumbList","@id":"https:\/\/laprensacristiana.com\/?p=15894#breadcrumb","itemListElement":[{"@type":"ListItem","position":1,"name":"Portada","item":"https:\/\/laprensacristiana.com\/"},{"@type":"ListItem","position":2,"name":"Vida Real Worship, una mezcla de lo original con himnos tradicionales que est\u00e1 gustando."}]},{"@type":"WebSite","@id":"https:\/\/laprensacristiana.com\/#website","url":"https:\/\/laprensacristiana.com\/","name":"La Prensa Cristiana","description":"Anunciando Las Buenas Nuevas","potentialAction":[{"@type":"SearchAction","target":{"@type":"EntryPoint","urlTemplate":"https:\/\/laprensacristiana.com\/?s={search_term_string}"},"query-input":"required name=search_term_string"}],"inLanguage":"es"},{"@type":"Person","@id":"https:\/\/laprensacristiana.com\/#\/schema\/person\/3e7d82c6bfd6b1fa67010f8f7cd5256e","name":"EDITOR","image":{"@type":"ImageObject","inLanguage":"es","@id":"https:\/\/laprensacristiana.com\/#\/schema\/person\/image\/","url":"https:\/\/secure.gravatar.com\/avatar\/72069dfb6c13772d9e8381e3638666d2?s=96&d=mm&r=g","contentUrl":"https:\/\/secure.gravatar.com\/avatar\/72069dfb6c13772d9e8381e3638666d2?s=96&d=mm&r=g","caption":"EDITOR"},"url":"https:\/\/laprensacristiana.com\/?author=3"}]}},"_links":{"self":[{"href":"https:\/\/laprensacristiana.com\/index.php?rest_route=\/wp\/v2\/posts\/15894"}],"collection":[{"href":"https:\/\/laprensacristiana.com\/index.php?rest_route=\/wp\/v2\/posts"}],"about":[{"href":"https:\/\/laprensacristiana.com\/index.php?rest_route=\/wp\/v2\/types\/post"}],"author":[{"embeddable":true,"href":"https:\/\/laprensacristiana.com\/index.php?rest_route=\/wp\/v2\/users\/3"}],"replies":[{"embeddable":true,"href":"https:\/\/laprensacristiana.com\/index.php?rest_route=%2Fwp%2Fv2%2Fcomments&post=15894"}],"version-history":[{"count":1,"href":"https:\/\/laprensacristiana.com\/index.php?rest_route=\/wp\/v2\/posts\/15894\/revisions"}],"predecessor-version":[{"id":15899,"href":"https:\/\/laprensacristiana.com\/index.php?rest_route=\/wp\/v2\/posts\/15894\/revisions\/15899"}],"wp:featuredmedia":[{"embeddable":true,"href":"https:\/\/laprensacristiana.com\/index.php?rest_route=\/wp\/v2\/media\/15895"}],"wp:attachment":[{"href":"https:\/\/laprensacristiana.com\/index.php?rest_route=%2Fwp%2Fv2%2Fmedia&parent=15894"}],"wp:term":[{"taxonomy":"category","embeddable":true,"href":"https:\/\/laprensacristiana.com\/index.php?rest_route=%2Fwp%2Fv2%2Fcategories&post=15894"},{"taxonomy":"post_tag","embeddable":true,"href":"https:\/\/laprensacristiana.com\/index.php?rest_route=%2Fwp%2Fv2%2Ftags&post=15894"}],"curies":[{"name":"wp","href":"https:\/\/api.w.org\/{rel}","templated":true}]}}