{"id":15905,"date":"2024-01-16T14:44:07","date_gmt":"2024-01-16T14:44:07","guid":{"rendered":"https:\/\/laprensacristiana.com\/?p=15905"},"modified":"2024-01-16T14:44:08","modified_gmt":"2024-01-16T14:44:08","slug":"alianza-evangelica-latina-promueve-esfuerzos-para-eliminar-al-maximo-la-violencia-contra-la-mujer","status":"publish","type":"post","link":"https:\/\/laprensacristiana.com\/?p=15905","title":{"rendered":"Alianza Evang\u00e9lica Latina promueve esfuerzos para eliminar al m\u00e1ximo la violencia contra la mujer"},"content":{"rendered":"\n<p>Por: Edwin G\u00f3ngora <\/p>\n\n\n\n<p>Bajo el precepto b\u00edblico que la mujer merece ser protegida como \u201cvaso m\u00e1s fr\u00e1gil\u201d, haciendo referencia al vers\u00edculo de 1 Pedro 3:7 \u201cUstedes, maridos, igualmente, convivan de manera comprensiva con sus mujeres, como con un vaso m\u00e1s fr\u00e1gil, puesto que es mujer, d\u00e1ndole honor por ser heredera como ustedes de la gracia de la vida, para que sus oraciones no sean estorbadas\u201d.&nbsp; La Comisi\u00f3n de la Mujer de la Alianza Evang\u00e9lica Latina ha se\u00f1alado su compromiso en apoyar e impulsar desde su labor diferentes acciones para eliminar todo tipo de expresi\u00f3n de violencia contra la mujer.<\/p>\n\n\n\n<p>Si bien esta actividad se realiza cada 25 de noviembre, la comisi\u00f3n de la mujer de AEL, llev\u00f3 a cabo una Jornada de Oraci\u00f3n en la que se expuso aspectos claves que deben ser tomados para que pr\u00e1cticas como estas no tengan lugar en ninguna esfera de la sociedad.<\/p>\n\n\n\n<figure class=\"wp-block-image size-large is-resized\"><img decoding=\"async\" loading=\"lazy\" src=\"https:\/\/laprensacristiana.com\/wp-content\/uploads\/2024\/01\/WhatsApp-Image-2024-01-15-at-3.17.41-PM-1024x362.jpeg\" alt=\"\" class=\"wp-image-15907\" width=\"747\" height=\"285\"\/><\/figure>\n\n\n\n<p>Al respecto el presidente de AEL Pr. Juan Cruz Cellammare, resalt\u00f3 la importancia de las mujeres en las alianzas latinas e inst\u00f3 a que ocupen m\u00e1s cargos de influencia.<\/p>\n\n\n\n<p>La opini\u00f3n acerca del tema tambi\u00e9n gener\u00f3 el comentario del Director ejecutivo de la AEL Jonatan Proietti, quien adem\u00e1s de agradecer por el trabajo que desempe\u00f1a la AEL Mujer, or\u00f3 para que puedan cumplir con el objetivo de proteger a la mujer latina de las amenazas de violencia que puedan ser objeto.<\/p>\n\n\n\n<p>Por su parte el presidente de la Alianza Cristiana de Iglesias Evang\u00e9licas de la Rep\u00fablica Argentina (ACIERA), Christian Hooft, destac\u00f3 que Jes\u00fas defendi\u00f3 el respeto a la mujer por lo cual merece ser protegida.<\/p>\n\n\n\n<p>La pastora Ligia Wurfel, delegada de la Aciera, or\u00f3 para que las mujeres que sufran de violencia intrafamiliar puedan salir de esa situaci\u00f3n y que busquen ayuda, mientras que la Coordinadora de la AEL Mujer, Dra. F\u00e1tima Oliva, clam\u00f3 para que cada mujer pueda ser sanada y que busque a Dios.<\/p>\n\n\n\n<p>El Pr. Henry Nogales, presidente de la Asociaci\u00f3n Nacional de Evang\u00e9licos de Bolivia (ANDEB), reconoci\u00f3 el trabajo de la mujer y pidi\u00f3 perd\u00f3n en nombre de la sociedad por todo el da\u00f1o ocasionado a ellas.<\/p>\n\n\n\n<figure class=\"wp-block-image size-full\"><img decoding=\"async\" loading=\"lazy\" width=\"493\" height=\"762\" src=\"https:\/\/laprensacristiana.com\/wp-content\/uploads\/2024\/01\/WhatsApp-Image-2024-01-15-at-6.31.01-PM.jpeg\" alt=\"\" class=\"wp-image-15908\" srcset=\"https:\/\/laprensacristiana.com\/wp-content\/uploads\/2024\/01\/WhatsApp-Image-2024-01-15-at-6.31.01-PM.jpeg 493w, https:\/\/laprensacristiana.com\/wp-content\/uploads\/2024\/01\/WhatsApp-Image-2024-01-15-at-6.31.01-PM-194x300.jpeg 194w\" sizes=\"(max-width: 493px) 100vw, 493px\" \/><\/figure>\n\n\n\n<p>La Representante de la Federaci\u00f3n Alianza Evang\u00e9lica Costarricense (FAEC), Marielos Mora, intercedi\u00f3 para que se promuevan leyes a favor de la protecci\u00f3n de las mujeres y, en el caso de que ya existan, se proporcionen los mecanismos para su cumplimiento.<\/p>\n\n\n\n<p>La oraci\u00f3n a favor de la mujer busca que la iglesia pueda tener empat\u00eda con ellas, sentir su sufrimiento y compadecerse para poder construir una sociedad mejor y sin violencia hacia la mujer. Pero lo m\u00e1s importante evitar a toda costa que ninguna acci\u00f3n de violencia se haga efectiva en su contra.<\/p>\n","protected":false},"excerpt":{"rendered":"<p>Por: Edwin G\u00f3ngora Bajo el precepto b\u00edblico que la mujer merece ser protegida como \u201cvaso m\u00e1s fr\u00e1gil\u201d, haciendo referencia al vers\u00edculo de 1 Pedro 3:7 \u201cUstedes, maridos, igualmente, convivan de manera comprensiva con sus mujeres, como con un vaso m\u00e1s fr\u00e1gil, puesto que es mujer, d\u00e1ndole honor por ser heredera como ustedes de la gracia [&hellip;]<\/p>\n","protected":false},"author":3,"featured_media":15906,"comment_status":"open","ping_status":"open","sticky":false,"template":"","format":"standard","meta":[],"categories":[56],"tags":[],"yoast_head":"<!-- This site is optimized with the Yoast SEO plugin v20.8 - https:\/\/yoast.com\/wordpress\/plugins\/seo\/ -->\n<title>Alianza Evang\u00e9lica Latina promueve esfuerzos para eliminar al m\u00e1ximo la violencia contra la mujer - La Prensa Cristiana<\/title>\n<meta name=\"robots\" content=\"index, follow, max-snippet:-1, max-image-preview:large, max-video-preview:-1\" \/>\n<link rel=\"canonical\" href=\"https:\/\/laprensacristiana.com\/?p=15905\" \/>\n<meta property=\"og:locale\" content=\"es_ES\" \/>\n<meta property=\"og:type\" content=\"article\" \/>\n<meta property=\"og:title\" content=\"Alianza Evang\u00e9lica Latina promueve esfuerzos para eliminar al m\u00e1ximo la violencia contra la mujer - La Prensa Cristiana\" \/>\n<meta property=\"og:description\" content=\"Por: Edwin G\u00f3ngora Bajo el precepto b\u00edblico que la mujer merece ser protegida como \u201cvaso m\u00e1s fr\u00e1gil\u201d, haciendo referencia al vers\u00edculo de 1 Pedro 3:7 \u201cUstedes, maridos, igualmente, convivan de manera comprensiva con sus mujeres, como con un vaso m\u00e1s fr\u00e1gil, puesto que es mujer, d\u00e1ndole honor por ser heredera como ustedes de la gracia [&hellip;]\" \/>\n<meta property=\"og:url\" content=\"https:\/\/laprensacristiana.com\/?p=15905\" \/>\n<meta property=\"og:site_name\" content=\"La Prensa Cristiana\" \/>\n<meta property=\"article:published_time\" content=\"2024-01-16T14:44:07+00:00\" \/>\n<meta property=\"article:modified_time\" content=\"2024-01-16T14:44:08+00:00\" \/>\n<meta property=\"og:image\" content=\"https:\/\/laprensacristiana.com\/wp-content\/uploads\/2024\/01\/WhatsApp-Image-2024-01-16-at-8.09.00-AM.jpeg\" \/>\n\t<meta property=\"og:image:width\" content=\"1600\" \/>\n\t<meta property=\"og:image:height\" content=\"960\" \/>\n\t<meta property=\"og:image:type\" content=\"image\/jpeg\" \/>\n<meta name=\"author\" content=\"EDITOR\" \/>\n<meta name=\"twitter:card\" content=\"summary_large_image\" \/>\n<meta name=\"twitter:label1\" content=\"Escrito por\" \/>\n\t<meta name=\"twitter:data1\" content=\"EDITOR\" \/>\n\t<meta name=\"twitter:label2\" content=\"Tiempo de lectura\" \/>\n\t<meta name=\"twitter:data2\" content=\"3 minutos\" \/>\n<script type=\"application\/ld+json\" class=\"yoast-schema-graph\">{\"@context\":\"https:\/\/schema.org\",\"@graph\":[{\"@type\":\"WebPage\",\"@id\":\"https:\/\/laprensacristiana.com\/?p=15905\",\"url\":\"https:\/\/laprensacristiana.com\/?p=15905\",\"name\":\"Alianza Evang\u00e9lica Latina promueve esfuerzos para eliminar al m\u00e1ximo la violencia contra la mujer - La Prensa Cristiana\",\"isPartOf\":{\"@id\":\"https:\/\/laprensacristiana.com\/#website\"},\"datePublished\":\"2024-01-16T14:44:07+00:00\",\"dateModified\":\"2024-01-16T14:44:08+00:00\",\"author\":{\"@id\":\"https:\/\/laprensacristiana.com\/#\/schema\/person\/3e7d82c6bfd6b1fa67010f8f7cd5256e\"},\"breadcrumb\":{\"@id\":\"https:\/\/laprensacristiana.com\/?p=15905#breadcrumb\"},\"inLanguage\":\"es\",\"potentialAction\":[{\"@type\":\"ReadAction\",\"target\":[\"https:\/\/laprensacristiana.com\/?p=15905\"]}]},{\"@type\":\"BreadcrumbList\",\"@id\":\"https:\/\/laprensacristiana.com\/?p=15905#breadcrumb\",\"itemListElement\":[{\"@type\":\"ListItem\",\"position\":1,\"name\":\"Portada\",\"item\":\"https:\/\/laprensacristiana.com\/\"},{\"@type\":\"ListItem\",\"position\":2,\"name\":\"Alianza Evang\u00e9lica Latina promueve esfuerzos para eliminar al m\u00e1ximo la violencia contra la mujer\"}]},{\"@type\":\"WebSite\",\"@id\":\"https:\/\/laprensacristiana.com\/#website\",\"url\":\"https:\/\/laprensacristiana.com\/\",\"name\":\"La Prensa Cristiana\",\"description\":\"Anunciando Las Buenas Nuevas\",\"potentialAction\":[{\"@type\":\"SearchAction\",\"target\":{\"@type\":\"EntryPoint\",\"urlTemplate\":\"https:\/\/laprensacristiana.com\/?s={search_term_string}\"},\"query-input\":\"required name=search_term_string\"}],\"inLanguage\":\"es\"},{\"@type\":\"Person\",\"@id\":\"https:\/\/laprensacristiana.com\/#\/schema\/person\/3e7d82c6bfd6b1fa67010f8f7cd5256e\",\"name\":\"EDITOR\",\"image\":{\"@type\":\"ImageObject\",\"inLanguage\":\"es\",\"@id\":\"https:\/\/laprensacristiana.com\/#\/schema\/person\/image\/\",\"url\":\"https:\/\/secure.gravatar.com\/avatar\/72069dfb6c13772d9e8381e3638666d2?s=96&d=mm&r=g\",\"contentUrl\":\"https:\/\/secure.gravatar.com\/avatar\/72069dfb6c13772d9e8381e3638666d2?s=96&d=mm&r=g\",\"caption\":\"EDITOR\"},\"url\":\"https:\/\/laprensacristiana.com\/?author=3\"}]}<\/script>\n<!-- \/ Yoast SEO plugin. -->","yoast_head_json":{"title":"Alianza Evang\u00e9lica Latina promueve esfuerzos para eliminar al m\u00e1ximo la violencia contra la mujer - La Prensa Cristiana","robots":{"index":"index","follow":"follow","max-snippet":"max-snippet:-1","max-image-preview":"max-image-preview:large","max-video-preview":"max-video-preview:-1"},"canonical":"https:\/\/laprensacristiana.com\/?p=15905","og_locale":"es_ES","og_type":"article","og_title":"Alianza Evang\u00e9lica Latina promueve esfuerzos para eliminar al m\u00e1ximo la violencia contra la mujer - La Prensa Cristiana","og_description":"Por: Edwin G\u00f3ngora Bajo el precepto b\u00edblico que la mujer merece ser protegida como \u201cvaso m\u00e1s fr\u00e1gil\u201d, haciendo referencia al vers\u00edculo de 1 Pedro 3:7 \u201cUstedes, maridos, igualmente, convivan de manera comprensiva con sus mujeres, como con un vaso m\u00e1s fr\u00e1gil, puesto que es mujer, d\u00e1ndole honor por ser heredera como ustedes de la gracia [&hellip;]","og_url":"https:\/\/laprensacristiana.com\/?p=15905","og_site_name":"La Prensa Cristiana","article_published_time":"2024-01-16T14:44:07+00:00","article_modified_time":"2024-01-16T14:44:08+00:00","og_image":[{"width":1600,"height":960,"url":"https:\/\/laprensacristiana.com\/wp-content\/uploads\/2024\/01\/WhatsApp-Image-2024-01-16-at-8.09.00-AM.jpeg","type":"image\/jpeg"}],"author":"EDITOR","twitter_card":"summary_large_image","twitter_misc":{"Escrito por":"EDITOR","Tiempo de lectura":"3 minutos"},"schema":{"@context":"https:\/\/schema.org","@graph":[{"@type":"WebPage","@id":"https:\/\/laprensacristiana.com\/?p=15905","url":"https:\/\/laprensacristiana.com\/?p=15905","name":"Alianza Evang\u00e9lica Latina promueve esfuerzos para eliminar al m\u00e1ximo la violencia contra la mujer - La Prensa Cristiana","isPartOf":{"@id":"https:\/\/laprensacristiana.com\/#website"},"datePublished":"2024-01-16T14:44:07+00:00","dateModified":"2024-01-16T14:44:08+00:00","author":{"@id":"https:\/\/laprensacristiana.com\/#\/schema\/person\/3e7d82c6bfd6b1fa67010f8f7cd5256e"},"breadcrumb":{"@id":"https:\/\/laprensacristiana.com\/?p=15905#breadcrumb"},"inLanguage":"es","potentialAction":[{"@type":"ReadAction","target":["https:\/\/laprensacristiana.com\/?p=15905"]}]},{"@type":"BreadcrumbList","@id":"https:\/\/laprensacristiana.com\/?p=15905#breadcrumb","itemListElement":[{"@type":"ListItem","position":1,"name":"Portada","item":"https:\/\/laprensacristiana.com\/"},{"@type":"ListItem","position":2,"name":"Alianza Evang\u00e9lica Latina promueve esfuerzos para eliminar al m\u00e1ximo la violencia contra la mujer"}]},{"@type":"WebSite","@id":"https:\/\/laprensacristiana.com\/#website","url":"https:\/\/laprensacristiana.com\/","name":"La Prensa Cristiana","description":"Anunciando Las Buenas Nuevas","potentialAction":[{"@type":"SearchAction","target":{"@type":"EntryPoint","urlTemplate":"https:\/\/laprensacristiana.com\/?s={search_term_string}"},"query-input":"required name=search_term_string"}],"inLanguage":"es"},{"@type":"Person","@id":"https:\/\/laprensacristiana.com\/#\/schema\/person\/3e7d82c6bfd6b1fa67010f8f7cd5256e","name":"EDITOR","image":{"@type":"ImageObject","inLanguage":"es","@id":"https:\/\/laprensacristiana.com\/#\/schema\/person\/image\/","url":"https:\/\/secure.gravatar.com\/avatar\/72069dfb6c13772d9e8381e3638666d2?s=96&d=mm&r=g","contentUrl":"https:\/\/secure.gravatar.com\/avatar\/72069dfb6c13772d9e8381e3638666d2?s=96&d=mm&r=g","caption":"EDITOR"},"url":"https:\/\/laprensacristiana.com\/?author=3"}]}},"_links":{"self":[{"href":"https:\/\/laprensacristiana.com\/index.php?rest_route=\/wp\/v2\/posts\/15905"}],"collection":[{"href":"https:\/\/laprensacristiana.com\/index.php?rest_route=\/wp\/v2\/posts"}],"about":[{"href":"https:\/\/laprensacristiana.com\/index.php?rest_route=\/wp\/v2\/types\/post"}],"author":[{"embeddable":true,"href":"https:\/\/laprensacristiana.com\/index.php?rest_route=\/wp\/v2\/users\/3"}],"replies":[{"embeddable":true,"href":"https:\/\/laprensacristiana.com\/index.php?rest_route=%2Fwp%2Fv2%2Fcomments&post=15905"}],"version-history":[{"count":1,"href":"https:\/\/laprensacristiana.com\/index.php?rest_route=\/wp\/v2\/posts\/15905\/revisions"}],"predecessor-version":[{"id":15909,"href":"https:\/\/laprensacristiana.com\/index.php?rest_route=\/wp\/v2\/posts\/15905\/revisions\/15909"}],"wp:featuredmedia":[{"embeddable":true,"href":"https:\/\/laprensacristiana.com\/index.php?rest_route=\/wp\/v2\/media\/15906"}],"wp:attachment":[{"href":"https:\/\/laprensacristiana.com\/index.php?rest_route=%2Fwp%2Fv2%2Fmedia&parent=15905"}],"wp:term":[{"taxonomy":"category","embeddable":true,"href":"https:\/\/laprensacristiana.com\/index.php?rest_route=%2Fwp%2Fv2%2Fcategories&post=15905"},{"taxonomy":"post_tag","embeddable":true,"href":"https:\/\/laprensacristiana.com\/index.php?rest_route=%2Fwp%2Fv2%2Ftags&post=15905"}],"curies":[{"name":"wp","href":"https:\/\/api.w.org\/{rel}","templated":true}]}}