{"id":15910,"date":"2024-01-16T16:20:53","date_gmt":"2024-01-16T16:20:53","guid":{"rendered":"https:\/\/laprensacristiana.com\/?p=15910"},"modified":"2024-01-16T16:20:54","modified_gmt":"2024-01-16T16:20:54","slug":"cristian-morales-comparte-una-emotiva-historia-en-dos-canciones","status":"publish","type":"post","link":"https:\/\/laprensacristiana.com\/?p=15910","title":{"rendered":"Cristian Morales comparte una emotiva historia en dos canciones"},"content":{"rendered":"\n<p>Por: Dami\u00e1n Sileo <\/p>\n\n\n\n<p><strong>El cantautor guatemalteco Cristian Morales desdobla una historia de pruebas y victorias en dos sentidas canciones producidas por el argentino Jos\u00e9 Luis Guerrisi. Ambas cuentan con sus correspondientes videoclips y ya est\u00e1n disponibles en plataformas.<\/strong><br><br>No hay demasiados precedentes que den pie a esta modalidad de hacer canciones con secuelas. Con\u00a0<em>\u00abPru\u00e9bame, Se\u00f1or\u00bb (El diagn\u00f3stico)\u00a0<\/em>y\u00a0<em>\u00abTestimonio soy de Ti (La \u00faltima palabra)\u00bb<\/em>,\u00a0<strong>Cristian Morales\u00a0<\/strong>nos regala una historia conmovedora que, en su primer episodio, nos muestra a un padre de familia recibiendo una noticia devastadora. El proceso de la canci\u00f3n transita por el lamento tras el reconocimiento de la prueba, pero tambi\u00e9n es una invitaci\u00f3n a Dios a que pruebe su fe.\u00a0<em>\u00abPru\u00e9bame, Se\u00f1or, no importa las l\u00e1grimas que tenga que llorar; s\u00f3lo s\u00e9 que en ti puedo confiar\u00bb<\/em>, expresa uno de sus p\u00e1rrafos.<br><\/p>\n\n\n\n<figure class=\"wp-block-image size-large\"><img decoding=\"async\" loading=\"lazy\" width=\"1024\" height=\"1006\" src=\"https:\/\/laprensacristiana.com\/wp-content\/uploads\/2024\/01\/WhatsApp-Image-2024-01-16-at-9.58.19-AM-1024x1006.jpeg\" alt=\"\" class=\"wp-image-15912\" srcset=\"https:\/\/laprensacristiana.com\/wp-content\/uploads\/2024\/01\/WhatsApp-Image-2024-01-16-at-9.58.19-AM-1024x1006.jpeg 1024w, https:\/\/laprensacristiana.com\/wp-content\/uploads\/2024\/01\/WhatsApp-Image-2024-01-16-at-9.58.19-AM-300x295.jpeg 300w, https:\/\/laprensacristiana.com\/wp-content\/uploads\/2024\/01\/WhatsApp-Image-2024-01-16-at-9.58.19-AM-768x754.jpeg 768w, https:\/\/laprensacristiana.com\/wp-content\/uploads\/2024\/01\/WhatsApp-Image-2024-01-16-at-9.58.19-AM-696x684.jpeg 696w, https:\/\/laprensacristiana.com\/wp-content\/uploads\/2024\/01\/WhatsApp-Image-2024-01-16-at-9.58.19-AM-1068x1049.jpeg 1068w, https:\/\/laprensacristiana.com\/wp-content\/uploads\/2024\/01\/WhatsApp-Image-2024-01-16-at-9.58.19-AM-600x589.jpeg 600w, https:\/\/laprensacristiana.com\/wp-content\/uploads\/2024\/01\/WhatsApp-Image-2024-01-16-at-9.58.19-AM.jpeg 1079w\" sizes=\"(max-width: 1024px) 100vw, 1024px\" \/><\/figure>\n\n\n\n<p>La secuela de este tema, lanzado en las redes apenas dos meses despu\u00e9s, cierra el relato con una confesi\u00f3n de parte:\u00a0<em>\u00abSe\u00f1or, yo s\u00e9 que t\u00fa tienes la \u00faltima palabra\u00bb<\/em>. La canci\u00f3n, interpretada a d\u00fao con\u00a0<strong>Silas Gonz\u00e1lez<\/strong>, al igual que la anterior, lleva al oyente a encontrarse con el Dios sanador, proveedor y presente en toda circunstancia.<br><br>Ambos temas fueron escritos por\u00a0<strong>Cristian Morales\u00a0<\/strong>y producidos art\u00edsticamente por\u00a0<strong>Jos\u00e9 Luis Guerrisi<\/strong>, un eximio m\u00fasico argentino que durante la \u00faltima d\u00e9cada vivi\u00f3 en Centroam\u00e9rica y actualmente en los Estados Unidos para continuar produciendo a diversos artistas latinos.\u00a0<em>\u00abMi estad\u00eda en Guatemala y otros pa\u00edses de Centroam\u00e9rica me abri\u00f3 un mundo de posibilidades para producir a excelentes cantantes de esta regi\u00f3n. Es notable la cantidad y calidad de voces que se encuentran en los pa\u00edses del centro del continente. El caso de Cristian es uno de ellos, y Dios me dio el privilegio de volcar mi experiencia en todo el proceso de estas canciones y sus correspondientes videoclips\u00bb<\/em>, cuenta\u00a0<strong>Guerrisi<\/strong>. <br><br>A la ductilidad del productor argentino, se le agregaron, para la manufactura de estas canciones, figuras de talla internacional. El propio\u00a0<strong>Guerrisi\u00a0<\/strong>lo destaca al mencionar que\u00a0<em>\u00aben ambas canciones tuve el privilegio de trabajar con m\u00fasicos de primera l\u00ednea como V\u00edctor Patr\u00f3n, de Mexico, pianista de Ricardo Arjona. En el bajo contamos con el talentoso Javier Portillo, de Argentina y Diego Cuevas tambi\u00e9n de Argentina, quien se desempe\u00f1a como guitarrista de Lilly Goodman, actualmente. En las direcci\u00f3n de cuerdas trabajamos con Sergio Cuquejo, de Paraguay, quien particip\u00f3 en distintos proyectos como &#8216;Luis Miguel (La Serie)&#8217;, y de artistas de trayectoria como Carlos Rivera, Jes\u00fas Adri\u00e1n Romero y, recientemente, en la producci\u00f3n de Marcos Vidal, &#8216;Lo que vemos&#8217;, la cual ha sido galardonada con un Grammy Latino como Mejor \u00c1lbum Cristiano en Espa\u00f1ol, en 2023\u00bb.<br><\/em><br><em>\u00abPru\u00e9bame, Se\u00f1or\u00bb (El diagn\u00f3stico)\u00a0<\/em>y\u00a0<em>\u00abTestimonio soy de ti (La \u00faltima palabra)\u00bb\u00a0<\/em>ya est\u00e1n rodando en las radios de Am\u00e9rica Latina y Estados Unidos, en tanto que los videoclips pueden verse en el canal de Youtube de\u00a0<strong>Cristian Morales<\/strong>.<\/p>\n\n\n\n<p><\/p>\n\n\n\n<p><em>\u00abPru\u00e9bame, Se\u00f1or\u00bb&nbsp;<\/em>(El diagn\u00f3stico):&nbsp;<a href=\"https:\/\/www.youtube.com\/watch?v=KHTlOMn7kAs\" target=\"_blank\" rel=\"noreferrer noopener\">https:\/\/www.youtube.com\/watch?v=KHTlOMn7kAs<\/a><br><br><em>\u00abTestimonio soy de ti\u00bb&nbsp;<\/em>(La \u00faltima palabra):&nbsp;<a href=\"https:\/\/www.youtube.com\/watch?v=P3IC3iD2VKM\" target=\"_blank\" rel=\"noreferrer noopener\">https:\/\/www.youtube.com\/watch?v=P3IC3iD2VKM<\/a><\/p>\n\n\n\n<p><\/p>\n","protected":false},"excerpt":{"rendered":"<p>Por: Dami\u00e1n Sileo El cantautor guatemalteco Cristian Morales desdobla una historia de pruebas y victorias en dos sentidas canciones producidas por el argentino Jos\u00e9 Luis Guerrisi. Ambas cuentan con sus correspondientes videoclips y ya est\u00e1n disponibles en plataformas. No hay demasiados precedentes que den pie a esta modalidad de hacer canciones con secuelas. Con\u00a0\u00abPru\u00e9bame, Se\u00f1or\u00bb [&hellip;]<\/p>\n","protected":false},"author":3,"featured_media":15911,"comment_status":"open","ping_status":"open","sticky":false,"template":"","format":"standard","meta":[],"categories":[114],"tags":[],"yoast_head":"<!-- This site is optimized with the Yoast SEO plugin v20.8 - https:\/\/yoast.com\/wordpress\/plugins\/seo\/ -->\n<title>Cristian Morales comparte una emotiva historia en dos canciones - La Prensa Cristiana<\/title>\n<meta name=\"robots\" content=\"index, follow, max-snippet:-1, max-image-preview:large, max-video-preview:-1\" \/>\n<link rel=\"canonical\" href=\"https:\/\/laprensacristiana.com\/?p=15910\" \/>\n<meta property=\"og:locale\" content=\"es_ES\" \/>\n<meta property=\"og:type\" content=\"article\" \/>\n<meta property=\"og:title\" content=\"Cristian Morales comparte una emotiva historia en dos canciones - La Prensa Cristiana\" \/>\n<meta property=\"og:description\" content=\"Por: Dami\u00e1n Sileo El cantautor guatemalteco Cristian Morales desdobla una historia de pruebas y victorias en dos sentidas canciones producidas por el argentino Jos\u00e9 Luis Guerrisi. Ambas cuentan con sus correspondientes videoclips y ya est\u00e1n disponibles en plataformas. No hay demasiados precedentes que den pie a esta modalidad de hacer canciones con secuelas. Con\u00a0\u00abPru\u00e9bame, Se\u00f1or\u00bb [&hellip;]\" \/>\n<meta property=\"og:url\" content=\"https:\/\/laprensacristiana.com\/?p=15910\" \/>\n<meta property=\"og:site_name\" content=\"La Prensa Cristiana\" \/>\n<meta property=\"article:published_time\" content=\"2024-01-16T16:20:53+00:00\" \/>\n<meta property=\"article:modified_time\" content=\"2024-01-16T16:20:54+00:00\" \/>\n<meta property=\"og:image\" content=\"https:\/\/laprensacristiana.com\/wp-content\/uploads\/2024\/01\/WhatsApp-Image-2024-01-16-at-9.58.19-AM-1.jpeg\" \/>\n\t<meta property=\"og:image:width\" content=\"1079\" \/>\n\t<meta property=\"og:image:height\" content=\"1078\" \/>\n\t<meta property=\"og:image:type\" content=\"image\/jpeg\" \/>\n<meta name=\"author\" content=\"EDITOR\" \/>\n<meta name=\"twitter:card\" content=\"summary_large_image\" \/>\n<meta name=\"twitter:label1\" content=\"Escrito por\" \/>\n\t<meta name=\"twitter:data1\" content=\"EDITOR\" \/>\n\t<meta name=\"twitter:label2\" content=\"Tiempo de lectura\" \/>\n\t<meta name=\"twitter:data2\" content=\"3 minutos\" \/>\n<script type=\"application\/ld+json\" class=\"yoast-schema-graph\">{\"@context\":\"https:\/\/schema.org\",\"@graph\":[{\"@type\":\"WebPage\",\"@id\":\"https:\/\/laprensacristiana.com\/?p=15910\",\"url\":\"https:\/\/laprensacristiana.com\/?p=15910\",\"name\":\"Cristian Morales comparte una emotiva historia en dos canciones - La Prensa Cristiana\",\"isPartOf\":{\"@id\":\"https:\/\/laprensacristiana.com\/#website\"},\"datePublished\":\"2024-01-16T16:20:53+00:00\",\"dateModified\":\"2024-01-16T16:20:54+00:00\",\"author\":{\"@id\":\"https:\/\/laprensacristiana.com\/#\/schema\/person\/3e7d82c6bfd6b1fa67010f8f7cd5256e\"},\"breadcrumb\":{\"@id\":\"https:\/\/laprensacristiana.com\/?p=15910#breadcrumb\"},\"inLanguage\":\"es\",\"potentialAction\":[{\"@type\":\"ReadAction\",\"target\":[\"https:\/\/laprensacristiana.com\/?p=15910\"]}]},{\"@type\":\"BreadcrumbList\",\"@id\":\"https:\/\/laprensacristiana.com\/?p=15910#breadcrumb\",\"itemListElement\":[{\"@type\":\"ListItem\",\"position\":1,\"name\":\"Portada\",\"item\":\"https:\/\/laprensacristiana.com\/\"},{\"@type\":\"ListItem\",\"position\":2,\"name\":\"Cristian Morales comparte una emotiva historia en dos canciones\"}]},{\"@type\":\"WebSite\",\"@id\":\"https:\/\/laprensacristiana.com\/#website\",\"url\":\"https:\/\/laprensacristiana.com\/\",\"name\":\"La Prensa Cristiana\",\"description\":\"Anunciando Las Buenas Nuevas\",\"potentialAction\":[{\"@type\":\"SearchAction\",\"target\":{\"@type\":\"EntryPoint\",\"urlTemplate\":\"https:\/\/laprensacristiana.com\/?s={search_term_string}\"},\"query-input\":\"required name=search_term_string\"}],\"inLanguage\":\"es\"},{\"@type\":\"Person\",\"@id\":\"https:\/\/laprensacristiana.com\/#\/schema\/person\/3e7d82c6bfd6b1fa67010f8f7cd5256e\",\"name\":\"EDITOR\",\"image\":{\"@type\":\"ImageObject\",\"inLanguage\":\"es\",\"@id\":\"https:\/\/laprensacristiana.com\/#\/schema\/person\/image\/\",\"url\":\"https:\/\/secure.gravatar.com\/avatar\/72069dfb6c13772d9e8381e3638666d2?s=96&d=mm&r=g\",\"contentUrl\":\"https:\/\/secure.gravatar.com\/avatar\/72069dfb6c13772d9e8381e3638666d2?s=96&d=mm&r=g\",\"caption\":\"EDITOR\"},\"url\":\"https:\/\/laprensacristiana.com\/?author=3\"}]}<\/script>\n<!-- \/ Yoast SEO plugin. -->","yoast_head_json":{"title":"Cristian Morales comparte una emotiva historia en dos canciones - La Prensa Cristiana","robots":{"index":"index","follow":"follow","max-snippet":"max-snippet:-1","max-image-preview":"max-image-preview:large","max-video-preview":"max-video-preview:-1"},"canonical":"https:\/\/laprensacristiana.com\/?p=15910","og_locale":"es_ES","og_type":"article","og_title":"Cristian Morales comparte una emotiva historia en dos canciones - La Prensa Cristiana","og_description":"Por: Dami\u00e1n Sileo El cantautor guatemalteco Cristian Morales desdobla una historia de pruebas y victorias en dos sentidas canciones producidas por el argentino Jos\u00e9 Luis Guerrisi. Ambas cuentan con sus correspondientes videoclips y ya est\u00e1n disponibles en plataformas. No hay demasiados precedentes que den pie a esta modalidad de hacer canciones con secuelas. Con\u00a0\u00abPru\u00e9bame, Se\u00f1or\u00bb [&hellip;]","og_url":"https:\/\/laprensacristiana.com\/?p=15910","og_site_name":"La Prensa Cristiana","article_published_time":"2024-01-16T16:20:53+00:00","article_modified_time":"2024-01-16T16:20:54+00:00","og_image":[{"width":1079,"height":1078,"url":"https:\/\/laprensacristiana.com\/wp-content\/uploads\/2024\/01\/WhatsApp-Image-2024-01-16-at-9.58.19-AM-1.jpeg","type":"image\/jpeg"}],"author":"EDITOR","twitter_card":"summary_large_image","twitter_misc":{"Escrito por":"EDITOR","Tiempo de lectura":"3 minutos"},"schema":{"@context":"https:\/\/schema.org","@graph":[{"@type":"WebPage","@id":"https:\/\/laprensacristiana.com\/?p=15910","url":"https:\/\/laprensacristiana.com\/?p=15910","name":"Cristian Morales comparte una emotiva historia en dos canciones - La Prensa Cristiana","isPartOf":{"@id":"https:\/\/laprensacristiana.com\/#website"},"datePublished":"2024-01-16T16:20:53+00:00","dateModified":"2024-01-16T16:20:54+00:00","author":{"@id":"https:\/\/laprensacristiana.com\/#\/schema\/person\/3e7d82c6bfd6b1fa67010f8f7cd5256e"},"breadcrumb":{"@id":"https:\/\/laprensacristiana.com\/?p=15910#breadcrumb"},"inLanguage":"es","potentialAction":[{"@type":"ReadAction","target":["https:\/\/laprensacristiana.com\/?p=15910"]}]},{"@type":"BreadcrumbList","@id":"https:\/\/laprensacristiana.com\/?p=15910#breadcrumb","itemListElement":[{"@type":"ListItem","position":1,"name":"Portada","item":"https:\/\/laprensacristiana.com\/"},{"@type":"ListItem","position":2,"name":"Cristian Morales comparte una emotiva historia en dos canciones"}]},{"@type":"WebSite","@id":"https:\/\/laprensacristiana.com\/#website","url":"https:\/\/laprensacristiana.com\/","name":"La Prensa Cristiana","description":"Anunciando Las Buenas Nuevas","potentialAction":[{"@type":"SearchAction","target":{"@type":"EntryPoint","urlTemplate":"https:\/\/laprensacristiana.com\/?s={search_term_string}"},"query-input":"required name=search_term_string"}],"inLanguage":"es"},{"@type":"Person","@id":"https:\/\/laprensacristiana.com\/#\/schema\/person\/3e7d82c6bfd6b1fa67010f8f7cd5256e","name":"EDITOR","image":{"@type":"ImageObject","inLanguage":"es","@id":"https:\/\/laprensacristiana.com\/#\/schema\/person\/image\/","url":"https:\/\/secure.gravatar.com\/avatar\/72069dfb6c13772d9e8381e3638666d2?s=96&d=mm&r=g","contentUrl":"https:\/\/secure.gravatar.com\/avatar\/72069dfb6c13772d9e8381e3638666d2?s=96&d=mm&r=g","caption":"EDITOR"},"url":"https:\/\/laprensacristiana.com\/?author=3"}]}},"_links":{"self":[{"href":"https:\/\/laprensacristiana.com\/index.php?rest_route=\/wp\/v2\/posts\/15910"}],"collection":[{"href":"https:\/\/laprensacristiana.com\/index.php?rest_route=\/wp\/v2\/posts"}],"about":[{"href":"https:\/\/laprensacristiana.com\/index.php?rest_route=\/wp\/v2\/types\/post"}],"author":[{"embeddable":true,"href":"https:\/\/laprensacristiana.com\/index.php?rest_route=\/wp\/v2\/users\/3"}],"replies":[{"embeddable":true,"href":"https:\/\/laprensacristiana.com\/index.php?rest_route=%2Fwp%2Fv2%2Fcomments&post=15910"}],"version-history":[{"count":1,"href":"https:\/\/laprensacristiana.com\/index.php?rest_route=\/wp\/v2\/posts\/15910\/revisions"}],"predecessor-version":[{"id":15913,"href":"https:\/\/laprensacristiana.com\/index.php?rest_route=\/wp\/v2\/posts\/15910\/revisions\/15913"}],"wp:featuredmedia":[{"embeddable":true,"href":"https:\/\/laprensacristiana.com\/index.php?rest_route=\/wp\/v2\/media\/15911"}],"wp:attachment":[{"href":"https:\/\/laprensacristiana.com\/index.php?rest_route=%2Fwp%2Fv2%2Fmedia&parent=15910"}],"wp:term":[{"taxonomy":"category","embeddable":true,"href":"https:\/\/laprensacristiana.com\/index.php?rest_route=%2Fwp%2Fv2%2Fcategories&post=15910"},{"taxonomy":"post_tag","embeddable":true,"href":"https:\/\/laprensacristiana.com\/index.php?rest_route=%2Fwp%2Fv2%2Ftags&post=15910"}],"curies":[{"name":"wp","href":"https:\/\/api.w.org\/{rel}","templated":true}]}}