{"id":15967,"date":"2024-01-18T19:56:50","date_gmt":"2024-01-18T19:56:50","guid":{"rendered":"https:\/\/laprensacristiana.com\/?p=15967"},"modified":"2024-01-18T19:56:51","modified_gmt":"2024-01-18T19:56:51","slug":"en-inglaterra-lanzan-guia-del-lenguaje-de-la-iglesia-inclusiva","status":"publish","type":"post","link":"https:\/\/laprensacristiana.com\/?p=15967","title":{"rendered":"En Inglaterra lanzan \u201cGu\u00eda del lenguaje de la iglesia inclusiva\u201d"},"content":{"rendered":"\n<p>Por: Edwin G\u00f3ngora <\/p>\n\n\n\n<p>Hoy en d\u00eda hacer referencia del lenguaje inclusivo, se refiere a una comunicaci\u00f3n verbal y escrita que busca no discriminar por raz\u00f3n de sexo, g\u00e9nero social o identidad de g\u00e9nero a una persona.&nbsp; Adem\u00e1s, este tipo de lenguaje es uno de los factores claves que determinan las actitudes culturales y sociales, por lo tanto, seg\u00fan sus promotores su uso contribuye a la paridad de g\u00e9nero.<\/p>\n\n\n\n<p>En las diferentes esferas sociales, aun no plenamente convencidos, el lenguaje inclusivo ya se usa, previendo no marginar a nadie.<\/p>\n\n\n\n<p>Al respecto la Iglesia Metodista de Inglaterra, publico recientemente un documento denominado \u201cGu\u00eda del lenguaje de la iglesia inclusiva\u201d en la que insta a sus feligreses<\/p>\n\n\n\n<p>evitar ciertas palabras bas\u00e1ndose en que su uso hace \u201csuposiciones\u201d sobre la vida familiar.<\/p>\n\n\n\n<figure class=\"wp-block-image size-full\"><img decoding=\"async\" loading=\"lazy\" width=\"735\" height=\"483\" src=\"https:\/\/laprensacristiana.com\/wp-content\/uploads\/2024\/01\/WhatsApp-Image-2024-01-18-at-1.35.48-PM.jpeg\" alt=\"\" class=\"wp-image-15969\" srcset=\"https:\/\/laprensacristiana.com\/wp-content\/uploads\/2024\/01\/WhatsApp-Image-2024-01-18-at-1.35.48-PM.jpeg 735w, https:\/\/laprensacristiana.com\/wp-content\/uploads\/2024\/01\/WhatsApp-Image-2024-01-18-at-1.35.48-PM-300x197.jpeg 300w, https:\/\/laprensacristiana.com\/wp-content\/uploads\/2024\/01\/WhatsApp-Image-2024-01-18-at-1.35.48-PM-696x457.jpeg 696w, https:\/\/laprensacristiana.com\/wp-content\/uploads\/2024\/01\/WhatsApp-Image-2024-01-18-at-1.35.48-PM-600x394.jpeg 600w\" sizes=\"(max-width: 735px) 100vw, 735px\" \/><\/figure>\n\n\n\n<p>La publicaci\u00f3n se\u00f1ala, \u201cComo cristianos, debemos tener el coraje de mantener conversaciones que a veces pueden ser dif\u00edciles, reconocer que a veces excluimos a las personas, escuchar con humildad, arrepentirnos de cualquier lenguaje o im\u00e1genes hirientes y cuidar c\u00f3mo escuchamos y lo que hacemos. diga, escriba o represente en el Esp\u00edritu de Cristo\u201d.<\/p>\n\n\n\n<p>\u00abExiste una variedad infinita en la forma en que la creaci\u00f3n de Dios se expresa en la vida humana\u00bb, explic\u00f3 la gu\u00eda. \u00abVale la pena tener esto en cuenta mientras hablamos y escribimos\u00bb.<\/p>\n\n\n\n<p>\u201cTerminolog\u00eda como &#8216;marido&#8217; y &#8216;esposa&#8217; puede parecer inofensiva, pero hace suposiciones sobre una vida familiar o personal que no es la realidad para muchas personas.<\/p>\n\n\n\n<p>\u201cLas palabras &#8216;padre&#8217;, &#8216;pareja&#8217; e &#8216;hijo&#8217; son un buen punto de partida. &#8216;Cuidador&#8217; es tambi\u00e9n una forma neutral pero comprensible de referirse al cuidador principal de un ni\u00f1o, que puede ser o no su padre\u201d.<\/p>\n\n\n\n<p>&nbsp;Los elementos que contempla la gu\u00eda abri\u00f3 debate en la esfera cristiana evang\u00e9lica.<\/p>\n\n\n\n<p>En un mensaje colocado en su cuenta de Facebook, el evangelista Franklin Graham califica de \u201cverg\u00fcenza\u201d en la iglesia metodista la adopci\u00f3n de esta gu\u00eda.<\/p>\n\n\n\n<figure class=\"wp-block-image size-full\"><img decoding=\"async\" loading=\"lazy\" width=\"626\" height=\"417\" src=\"https:\/\/laprensacristiana.com\/wp-content\/uploads\/2024\/01\/WhatsApp-Image-2024-01-18-at-1.35.49-PM-1.jpeg\" alt=\"\" class=\"wp-image-15970\" srcset=\"https:\/\/laprensacristiana.com\/wp-content\/uploads\/2024\/01\/WhatsApp-Image-2024-01-18-at-1.35.49-PM-1.jpeg 626w, https:\/\/laprensacristiana.com\/wp-content\/uploads\/2024\/01\/WhatsApp-Image-2024-01-18-at-1.35.49-PM-1-300x200.jpeg 300w, https:\/\/laprensacristiana.com\/wp-content\/uploads\/2024\/01\/WhatsApp-Image-2024-01-18-at-1.35.49-PM-1-600x400.jpeg 600w\" sizes=\"(max-width: 626px) 100vw, 626px\" \/><\/figure>\n\n\n\n<p>\u201cEstos son t\u00e9rminos b\u00edblicos, y el matrimonio entre un hombre y una mujer es la verdad b\u00edblica\u201d destaca el Evangelista Graham.&nbsp; La palabra \u00abesposa\u00bb se usa en unos 360 versos en 38 libros de la Biblia. En esencia, est\u00e1n tratando de editar lo que la Palabra de Dios dice y ense\u00f1a a ser m\u00e1s atractivos a los caprichos cambiantes de la cultura.<\/p>\n\n\n\n<p>Graham asegura que, al ver este tipo de cosas, como cristianos estamos advertidos contra esto en las Escrituras. \u201cNo somos llamados a evitar lo que podr\u00eda ofender a la gente, estamos llamados a compartir la verdad de la Palabra de Dios que nos puede guiar y dirigir a trav\u00e9s de cada paso de la vida\u201d. Afirma.<\/p>\n\n\n\n<p>Estas recomendaciones no es la primera vez que se implementan, reformas descaradamente anticristianas dise\u00f1adas para acomodar a la comunidad LGBT a instancias del \u00f3rgano de gobierno de la iglesia.<\/p>\n\n\n\n<p>En 2021, la iglesia vot\u00f3 abrumadoramente a favor de redefinir el matrimonio para incluir a las parejas homosexuales y oficiar bodas entre personas del mismo sexo, seg\u00fan algunos medios informativos.&nbsp; Sin embargo, por ahora no est\u00e1 permitido en la Iglesia de Inglaterra.<\/p>\n\n\n\n<figure class=\"wp-block-image size-full\"><img decoding=\"async\" loading=\"lazy\" width=\"736\" height=\"471\" src=\"https:\/\/laprensacristiana.com\/wp-content\/uploads\/2024\/01\/WhatsApp-Image-2024-01-18-at-1.35.49-PM-2.jpeg\" alt=\"\" class=\"wp-image-15971\" srcset=\"https:\/\/laprensacristiana.com\/wp-content\/uploads\/2024\/01\/WhatsApp-Image-2024-01-18-at-1.35.49-PM-2.jpeg 736w, https:\/\/laprensacristiana.com\/wp-content\/uploads\/2024\/01\/WhatsApp-Image-2024-01-18-at-1.35.49-PM-2-300x192.jpeg 300w, https:\/\/laprensacristiana.com\/wp-content\/uploads\/2024\/01\/WhatsApp-Image-2024-01-18-at-1.35.49-PM-2-696x445.jpeg 696w, https:\/\/laprensacristiana.com\/wp-content\/uploads\/2024\/01\/WhatsApp-Image-2024-01-18-at-1.35.49-PM-2-600x384.jpeg 600w\" sizes=\"(max-width: 736px) 100vw, 736px\" \/><\/figure>\n","protected":false},"excerpt":{"rendered":"<p>Por: Edwin G\u00f3ngora Hoy en d\u00eda hacer referencia del lenguaje inclusivo, se refiere a una comunicaci\u00f3n verbal y escrita que busca no discriminar por raz\u00f3n de sexo, g\u00e9nero social o identidad de g\u00e9nero a una persona.&nbsp; Adem\u00e1s, este tipo de lenguaje es uno de los factores claves que determinan las actitudes culturales y sociales, por [&hellip;]<\/p>\n","protected":false},"author":3,"featured_media":15968,"comment_status":"open","ping_status":"open","sticky":false,"template":"","format":"standard","meta":[],"categories":[56],"tags":[],"yoast_head":"<!-- This site is optimized with the Yoast SEO plugin v20.8 - https:\/\/yoast.com\/wordpress\/plugins\/seo\/ -->\n<title>En Inglaterra lanzan \u201cGu\u00eda del lenguaje de la iglesia inclusiva\u201d - La Prensa Cristiana<\/title>\n<meta name=\"robots\" content=\"index, follow, max-snippet:-1, max-image-preview:large, max-video-preview:-1\" \/>\n<link rel=\"canonical\" href=\"https:\/\/laprensacristiana.com\/?p=15967\" \/>\n<meta property=\"og:locale\" content=\"es_ES\" \/>\n<meta property=\"og:type\" content=\"article\" \/>\n<meta property=\"og:title\" content=\"En Inglaterra lanzan \u201cGu\u00eda del lenguaje de la iglesia inclusiva\u201d - La Prensa Cristiana\" \/>\n<meta property=\"og:description\" content=\"Por: Edwin G\u00f3ngora Hoy en d\u00eda hacer referencia del lenguaje inclusivo, se refiere a una comunicaci\u00f3n verbal y escrita que busca no discriminar por raz\u00f3n de sexo, g\u00e9nero social o identidad de g\u00e9nero a una persona.&nbsp; Adem\u00e1s, este tipo de lenguaje es uno de los factores claves que determinan las actitudes culturales y sociales, por [&hellip;]\" \/>\n<meta property=\"og:url\" content=\"https:\/\/laprensacristiana.com\/?p=15967\" \/>\n<meta property=\"og:site_name\" content=\"La Prensa Cristiana\" \/>\n<meta property=\"article:published_time\" content=\"2024-01-18T19:56:50+00:00\" \/>\n<meta property=\"article:modified_time\" content=\"2024-01-18T19:56:51+00:00\" \/>\n<meta property=\"og:image\" content=\"https:\/\/laprensacristiana.com\/wp-content\/uploads\/2024\/01\/WhatsApp-Image-2024-01-18-at-1.50.45-PM.jpeg\" \/>\n\t<meta property=\"og:image:width\" content=\"1032\" \/>\n\t<meta property=\"og:image:height\" content=\"594\" \/>\n\t<meta property=\"og:image:type\" content=\"image\/jpeg\" \/>\n<meta name=\"author\" content=\"EDITOR\" \/>\n<meta name=\"twitter:card\" content=\"summary_large_image\" \/>\n<meta name=\"twitter:label1\" content=\"Escrito por\" \/>\n\t<meta name=\"twitter:data1\" content=\"EDITOR\" \/>\n\t<meta name=\"twitter:label2\" content=\"Tiempo de lectura\" \/>\n\t<meta name=\"twitter:data2\" content=\"3 minutos\" \/>\n<script type=\"application\/ld+json\" class=\"yoast-schema-graph\">{\"@context\":\"https:\/\/schema.org\",\"@graph\":[{\"@type\":\"WebPage\",\"@id\":\"https:\/\/laprensacristiana.com\/?p=15967\",\"url\":\"https:\/\/laprensacristiana.com\/?p=15967\",\"name\":\"En Inglaterra lanzan \u201cGu\u00eda del lenguaje de la iglesia inclusiva\u201d - La Prensa Cristiana\",\"isPartOf\":{\"@id\":\"https:\/\/laprensacristiana.com\/#website\"},\"datePublished\":\"2024-01-18T19:56:50+00:00\",\"dateModified\":\"2024-01-18T19:56:51+00:00\",\"author\":{\"@id\":\"https:\/\/laprensacristiana.com\/#\/schema\/person\/3e7d82c6bfd6b1fa67010f8f7cd5256e\"},\"breadcrumb\":{\"@id\":\"https:\/\/laprensacristiana.com\/?p=15967#breadcrumb\"},\"inLanguage\":\"es\",\"potentialAction\":[{\"@type\":\"ReadAction\",\"target\":[\"https:\/\/laprensacristiana.com\/?p=15967\"]}]},{\"@type\":\"BreadcrumbList\",\"@id\":\"https:\/\/laprensacristiana.com\/?p=15967#breadcrumb\",\"itemListElement\":[{\"@type\":\"ListItem\",\"position\":1,\"name\":\"Portada\",\"item\":\"https:\/\/laprensacristiana.com\/\"},{\"@type\":\"ListItem\",\"position\":2,\"name\":\"En Inglaterra lanzan \u201cGu\u00eda del lenguaje de la iglesia inclusiva\u201d\"}]},{\"@type\":\"WebSite\",\"@id\":\"https:\/\/laprensacristiana.com\/#website\",\"url\":\"https:\/\/laprensacristiana.com\/\",\"name\":\"La Prensa Cristiana\",\"description\":\"Anunciando Las Buenas Nuevas\",\"potentialAction\":[{\"@type\":\"SearchAction\",\"target\":{\"@type\":\"EntryPoint\",\"urlTemplate\":\"https:\/\/laprensacristiana.com\/?s={search_term_string}\"},\"query-input\":\"required name=search_term_string\"}],\"inLanguage\":\"es\"},{\"@type\":\"Person\",\"@id\":\"https:\/\/laprensacristiana.com\/#\/schema\/person\/3e7d82c6bfd6b1fa67010f8f7cd5256e\",\"name\":\"EDITOR\",\"image\":{\"@type\":\"ImageObject\",\"inLanguage\":\"es\",\"@id\":\"https:\/\/laprensacristiana.com\/#\/schema\/person\/image\/\",\"url\":\"https:\/\/secure.gravatar.com\/avatar\/72069dfb6c13772d9e8381e3638666d2?s=96&d=mm&r=g\",\"contentUrl\":\"https:\/\/secure.gravatar.com\/avatar\/72069dfb6c13772d9e8381e3638666d2?s=96&d=mm&r=g\",\"caption\":\"EDITOR\"},\"url\":\"https:\/\/laprensacristiana.com\/?author=3\"}]}<\/script>\n<!-- \/ Yoast SEO plugin. -->","yoast_head_json":{"title":"En Inglaterra lanzan \u201cGu\u00eda del lenguaje de la iglesia inclusiva\u201d - La Prensa Cristiana","robots":{"index":"index","follow":"follow","max-snippet":"max-snippet:-1","max-image-preview":"max-image-preview:large","max-video-preview":"max-video-preview:-1"},"canonical":"https:\/\/laprensacristiana.com\/?p=15967","og_locale":"es_ES","og_type":"article","og_title":"En Inglaterra lanzan \u201cGu\u00eda del lenguaje de la iglesia inclusiva\u201d - La Prensa Cristiana","og_description":"Por: Edwin G\u00f3ngora Hoy en d\u00eda hacer referencia del lenguaje inclusivo, se refiere a una comunicaci\u00f3n verbal y escrita que busca no discriminar por raz\u00f3n de sexo, g\u00e9nero social o identidad de g\u00e9nero a una persona.&nbsp; Adem\u00e1s, este tipo de lenguaje es uno de los factores claves que determinan las actitudes culturales y sociales, por [&hellip;]","og_url":"https:\/\/laprensacristiana.com\/?p=15967","og_site_name":"La Prensa Cristiana","article_published_time":"2024-01-18T19:56:50+00:00","article_modified_time":"2024-01-18T19:56:51+00:00","og_image":[{"width":1032,"height":594,"url":"https:\/\/laprensacristiana.com\/wp-content\/uploads\/2024\/01\/WhatsApp-Image-2024-01-18-at-1.50.45-PM.jpeg","type":"image\/jpeg"}],"author":"EDITOR","twitter_card":"summary_large_image","twitter_misc":{"Escrito por":"EDITOR","Tiempo de lectura":"3 minutos"},"schema":{"@context":"https:\/\/schema.org","@graph":[{"@type":"WebPage","@id":"https:\/\/laprensacristiana.com\/?p=15967","url":"https:\/\/laprensacristiana.com\/?p=15967","name":"En Inglaterra lanzan \u201cGu\u00eda del lenguaje de la iglesia inclusiva\u201d - La Prensa Cristiana","isPartOf":{"@id":"https:\/\/laprensacristiana.com\/#website"},"datePublished":"2024-01-18T19:56:50+00:00","dateModified":"2024-01-18T19:56:51+00:00","author":{"@id":"https:\/\/laprensacristiana.com\/#\/schema\/person\/3e7d82c6bfd6b1fa67010f8f7cd5256e"},"breadcrumb":{"@id":"https:\/\/laprensacristiana.com\/?p=15967#breadcrumb"},"inLanguage":"es","potentialAction":[{"@type":"ReadAction","target":["https:\/\/laprensacristiana.com\/?p=15967"]}]},{"@type":"BreadcrumbList","@id":"https:\/\/laprensacristiana.com\/?p=15967#breadcrumb","itemListElement":[{"@type":"ListItem","position":1,"name":"Portada","item":"https:\/\/laprensacristiana.com\/"},{"@type":"ListItem","position":2,"name":"En Inglaterra lanzan \u201cGu\u00eda del lenguaje de la iglesia inclusiva\u201d"}]},{"@type":"WebSite","@id":"https:\/\/laprensacristiana.com\/#website","url":"https:\/\/laprensacristiana.com\/","name":"La Prensa Cristiana","description":"Anunciando Las Buenas Nuevas","potentialAction":[{"@type":"SearchAction","target":{"@type":"EntryPoint","urlTemplate":"https:\/\/laprensacristiana.com\/?s={search_term_string}"},"query-input":"required name=search_term_string"}],"inLanguage":"es"},{"@type":"Person","@id":"https:\/\/laprensacristiana.com\/#\/schema\/person\/3e7d82c6bfd6b1fa67010f8f7cd5256e","name":"EDITOR","image":{"@type":"ImageObject","inLanguage":"es","@id":"https:\/\/laprensacristiana.com\/#\/schema\/person\/image\/","url":"https:\/\/secure.gravatar.com\/avatar\/72069dfb6c13772d9e8381e3638666d2?s=96&d=mm&r=g","contentUrl":"https:\/\/secure.gravatar.com\/avatar\/72069dfb6c13772d9e8381e3638666d2?s=96&d=mm&r=g","caption":"EDITOR"},"url":"https:\/\/laprensacristiana.com\/?author=3"}]}},"_links":{"self":[{"href":"https:\/\/laprensacristiana.com\/index.php?rest_route=\/wp\/v2\/posts\/15967"}],"collection":[{"href":"https:\/\/laprensacristiana.com\/index.php?rest_route=\/wp\/v2\/posts"}],"about":[{"href":"https:\/\/laprensacristiana.com\/index.php?rest_route=\/wp\/v2\/types\/post"}],"author":[{"embeddable":true,"href":"https:\/\/laprensacristiana.com\/index.php?rest_route=\/wp\/v2\/users\/3"}],"replies":[{"embeddable":true,"href":"https:\/\/laprensacristiana.com\/index.php?rest_route=%2Fwp%2Fv2%2Fcomments&post=15967"}],"version-history":[{"count":1,"href":"https:\/\/laprensacristiana.com\/index.php?rest_route=\/wp\/v2\/posts\/15967\/revisions"}],"predecessor-version":[{"id":15972,"href":"https:\/\/laprensacristiana.com\/index.php?rest_route=\/wp\/v2\/posts\/15967\/revisions\/15972"}],"wp:featuredmedia":[{"embeddable":true,"href":"https:\/\/laprensacristiana.com\/index.php?rest_route=\/wp\/v2\/media\/15968"}],"wp:attachment":[{"href":"https:\/\/laprensacristiana.com\/index.php?rest_route=%2Fwp%2Fv2%2Fmedia&parent=15967"}],"wp:term":[{"taxonomy":"category","embeddable":true,"href":"https:\/\/laprensacristiana.com\/index.php?rest_route=%2Fwp%2Fv2%2Fcategories&post=15967"},{"taxonomy":"post_tag","embeddable":true,"href":"https:\/\/laprensacristiana.com\/index.php?rest_route=%2Fwp%2Fv2%2Ftags&post=15967"}],"curies":[{"name":"wp","href":"https:\/\/api.w.org\/{rel}","templated":true}]}}