{"id":16004,"date":"2024-01-22T15:55:26","date_gmt":"2024-01-22T15:55:26","guid":{"rendered":"https:\/\/laprensacristiana.com\/?p=16004"},"modified":"2024-01-22T15:55:27","modified_gmt":"2024-01-22T15:55:27","slug":"iglesia-river-envia-asistencia-alimentaria-a-ecuador","status":"publish","type":"post","link":"https:\/\/laprensacristiana.com\/?p=16004","title":{"rendered":"Iglesia River env\u00eda asistencia alimentaria a Ecuador"},"content":{"rendered":"\n<p>Por: Edwin G\u00f3ngora <\/p>\n\n\n\n<p>Iglesia River env\u00eda asistencia alimentaria a Ecuador<\/p>\n\n\n\n<p>Un respiro importante fue lo que obtuvieron habitantes de diferentes zonas de Ecuador con el env\u00edo de recursos que pudo concretar recientemente el ministerio que preside el pastor Dante Gebel.<\/p>\n\n\n\n<figure class=\"wp-block-image size-large\"><img decoding=\"async\" loading=\"lazy\" width=\"1024\" height=\"577\" src=\"https:\/\/laprensacristiana.com\/wp-content\/uploads\/2024\/01\/RIVER-ECUADOR-2-1024x577.jpg\" alt=\"\" class=\"wp-image-16006\" srcset=\"https:\/\/laprensacristiana.com\/wp-content\/uploads\/2024\/01\/RIVER-ECUADOR-2-1024x577.jpg 1024w, https:\/\/laprensacristiana.com\/wp-content\/uploads\/2024\/01\/RIVER-ECUADOR-2-300x169.jpg 300w, https:\/\/laprensacristiana.com\/wp-content\/uploads\/2024\/01\/RIVER-ECUADOR-2-768x433.jpg 768w, https:\/\/laprensacristiana.com\/wp-content\/uploads\/2024\/01\/RIVER-ECUADOR-2-1536x866.jpg 1536w, https:\/\/laprensacristiana.com\/wp-content\/uploads\/2024\/01\/RIVER-ECUADOR-2-696x392.jpg 696w, https:\/\/laprensacristiana.com\/wp-content\/uploads\/2024\/01\/RIVER-ECUADOR-2-1068x602.jpg 1068w, https:\/\/laprensacristiana.com\/wp-content\/uploads\/2024\/01\/RIVER-ECUADOR-2-1920x1082.jpg 1920w, https:\/\/laprensacristiana.com\/wp-content\/uploads\/2024\/01\/RIVER-ECUADOR-2-600x338.jpg 600w, https:\/\/laprensacristiana.com\/wp-content\/uploads\/2024\/01\/RIVER-ECUADOR-2.jpg 2048w\" sizes=\"(max-width: 1024px) 100vw, 1024px\" \/><\/figure>\n\n\n\n<p>Denominado: \u201cPlan de Emergencia en Ecuador\u201d, la Iglesia River, envi\u00f3 y entreg\u00f3 por medio de sus servidores canastas b\u00e1sicas a familias que han resultado afectados por la situaci\u00f3n beligerante que vive este pa\u00eds desde hace unas semanas, de tal manera puedan menguar sus necesidades b\u00e1sicas.<\/p>\n\n\n\n<p>En su cuenta de Twitter el Pastor Dante Gebel escribi\u00f3: \u201cFinalmente, pudimos enviar recursos para la gente m\u00e1s necesitada de este querido pa\u00eds, y demostrarles que no est\u00e1n solos\u201d.<\/p>\n\n\n\n<p>En las gr\u00e1ficas se observa filas de ecuatorianas esperando ser bendecidos con provisi\u00f3n que este ministerio pudo hacerles llegar, donde adultos mayores y madres de familias recibieron la dotaci\u00f3n.<\/p>\n\n\n\n<figure class=\"wp-block-image size-large\"><img decoding=\"async\" loading=\"lazy\" width=\"1024\" height=\"577\" src=\"https:\/\/laprensacristiana.com\/wp-content\/uploads\/2024\/01\/RIVER-ECUADOR-3-1024x577.jpg\" alt=\"\" class=\"wp-image-16007\" srcset=\"https:\/\/laprensacristiana.com\/wp-content\/uploads\/2024\/01\/RIVER-ECUADOR-3-1024x577.jpg 1024w, https:\/\/laprensacristiana.com\/wp-content\/uploads\/2024\/01\/RIVER-ECUADOR-3-300x169.jpg 300w, https:\/\/laprensacristiana.com\/wp-content\/uploads\/2024\/01\/RIVER-ECUADOR-3-768x433.jpg 768w, https:\/\/laprensacristiana.com\/wp-content\/uploads\/2024\/01\/RIVER-ECUADOR-3-1536x866.jpg 1536w, https:\/\/laprensacristiana.com\/wp-content\/uploads\/2024\/01\/RIVER-ECUADOR-3-696x392.jpg 696w, https:\/\/laprensacristiana.com\/wp-content\/uploads\/2024\/01\/RIVER-ECUADOR-3-1068x602.jpg 1068w, https:\/\/laprensacristiana.com\/wp-content\/uploads\/2024\/01\/RIVER-ECUADOR-3-1920x1082.jpg 1920w, https:\/\/laprensacristiana.com\/wp-content\/uploads\/2024\/01\/RIVER-ECUADOR-3-600x338.jpg 600w, https:\/\/laprensacristiana.com\/wp-content\/uploads\/2024\/01\/RIVER-ECUADOR-3.jpg 2048w\" sizes=\"(max-width: 1024px) 100vw, 1024px\" \/><\/figure>\n\n\n\n<p>La iglesia River se caracteriza por auxiliar a quienes lo necesiten y extender su mano para hacer prevalecer la palabra de Dios y ayudar a nuestro semejante.<\/p>\n\n\n\n<p>El mensaje del pastor Gebel cierra diciendo: \u00a1Gracias a todos los que fueron parte de este desaf\u00edo! SOMOS RIVER. Esto es Iglesia \u00bfacaso existe otra manera?<\/p>\n\n\n\n<figure class=\"wp-block-image size-large\"><img decoding=\"async\" loading=\"lazy\" width=\"1024\" height=\"577\" src=\"https:\/\/laprensacristiana.com\/wp-content\/uploads\/2024\/01\/RIVER-ECUADOR-1-1024x577.jpg\" alt=\"\" class=\"wp-image-16008\" srcset=\"https:\/\/laprensacristiana.com\/wp-content\/uploads\/2024\/01\/RIVER-ECUADOR-1-1024x577.jpg 1024w, https:\/\/laprensacristiana.com\/wp-content\/uploads\/2024\/01\/RIVER-ECUADOR-1-300x169.jpg 300w, https:\/\/laprensacristiana.com\/wp-content\/uploads\/2024\/01\/RIVER-ECUADOR-1-768x433.jpg 768w, https:\/\/laprensacristiana.com\/wp-content\/uploads\/2024\/01\/RIVER-ECUADOR-1-1536x866.jpg 1536w, https:\/\/laprensacristiana.com\/wp-content\/uploads\/2024\/01\/RIVER-ECUADOR-1-696x392.jpg 696w, https:\/\/laprensacristiana.com\/wp-content\/uploads\/2024\/01\/RIVER-ECUADOR-1-1068x602.jpg 1068w, https:\/\/laprensacristiana.com\/wp-content\/uploads\/2024\/01\/RIVER-ECUADOR-1-1920x1082.jpg 1920w, https:\/\/laprensacristiana.com\/wp-content\/uploads\/2024\/01\/RIVER-ECUADOR-1-600x338.jpg 600w, https:\/\/laprensacristiana.com\/wp-content\/uploads\/2024\/01\/RIVER-ECUADOR-1.jpg 2048w\" sizes=\"(max-width: 1024px) 100vw, 1024px\" \/><\/figure>\n","protected":false},"excerpt":{"rendered":"<p>Por: Edwin G\u00f3ngora Iglesia River env\u00eda asistencia alimentaria a Ecuador Un respiro importante fue lo que obtuvieron habitantes de diferentes zonas de Ecuador con el env\u00edo de recursos que pudo concretar recientemente el ministerio que preside el pastor Dante Gebel. Denominado: \u201cPlan de Emergencia en Ecuador\u201d, la Iglesia River, envi\u00f3 y entreg\u00f3 por medio de [&hellip;]<\/p>\n","protected":false},"author":3,"featured_media":16005,"comment_status":"open","ping_status":"open","sticky":false,"template":"","format":"standard","meta":[],"categories":[56],"tags":[],"yoast_head":"<!-- This site is optimized with the Yoast SEO plugin v20.8 - https:\/\/yoast.com\/wordpress\/plugins\/seo\/ -->\n<title>Iglesia River env\u00eda asistencia alimentaria a Ecuador - La Prensa Cristiana<\/title>\n<meta name=\"robots\" content=\"index, follow, max-snippet:-1, max-image-preview:large, max-video-preview:-1\" \/>\n<link rel=\"canonical\" href=\"https:\/\/laprensacristiana.com\/?p=16004\" \/>\n<meta property=\"og:locale\" content=\"es_ES\" \/>\n<meta property=\"og:type\" content=\"article\" \/>\n<meta property=\"og:title\" content=\"Iglesia River env\u00eda asistencia alimentaria a Ecuador - La Prensa Cristiana\" \/>\n<meta property=\"og:description\" content=\"Por: Edwin G\u00f3ngora Iglesia River env\u00eda asistencia alimentaria a Ecuador Un respiro importante fue lo que obtuvieron habitantes de diferentes zonas de Ecuador con el env\u00edo de recursos que pudo concretar recientemente el ministerio que preside el pastor Dante Gebel. Denominado: \u201cPlan de Emergencia en Ecuador\u201d, la Iglesia River, envi\u00f3 y entreg\u00f3 por medio de [&hellip;]\" \/>\n<meta property=\"og:url\" content=\"https:\/\/laprensacristiana.com\/?p=16004\" \/>\n<meta property=\"og:site_name\" content=\"La Prensa Cristiana\" \/>\n<meta property=\"article:published_time\" content=\"2024-01-22T15:55:26+00:00\" \/>\n<meta property=\"article:modified_time\" content=\"2024-01-22T15:55:27+00:00\" \/>\n<meta property=\"og:image\" content=\"https:\/\/laprensacristiana.com\/wp-content\/uploads\/2024\/01\/RIVER-ECUADOR-4.jpg\" \/>\n\t<meta property=\"og:image:width\" content=\"2048\" \/>\n\t<meta property=\"og:image:height\" content=\"1152\" \/>\n\t<meta property=\"og:image:type\" content=\"image\/jpeg\" \/>\n<meta name=\"author\" content=\"EDITOR\" \/>\n<meta name=\"twitter:card\" content=\"summary_large_image\" \/>\n<meta name=\"twitter:label1\" content=\"Escrito por\" \/>\n\t<meta name=\"twitter:data1\" content=\"EDITOR\" \/>\n\t<meta name=\"twitter:label2\" content=\"Tiempo de lectura\" \/>\n\t<meta name=\"twitter:data2\" content=\"2 minutos\" \/>\n<script type=\"application\/ld+json\" class=\"yoast-schema-graph\">{\"@context\":\"https:\/\/schema.org\",\"@graph\":[{\"@type\":\"WebPage\",\"@id\":\"https:\/\/laprensacristiana.com\/?p=16004\",\"url\":\"https:\/\/laprensacristiana.com\/?p=16004\",\"name\":\"Iglesia River env\u00eda asistencia alimentaria a Ecuador - La Prensa Cristiana\",\"isPartOf\":{\"@id\":\"https:\/\/laprensacristiana.com\/#website\"},\"datePublished\":\"2024-01-22T15:55:26+00:00\",\"dateModified\":\"2024-01-22T15:55:27+00:00\",\"author\":{\"@id\":\"https:\/\/laprensacristiana.com\/#\/schema\/person\/3e7d82c6bfd6b1fa67010f8f7cd5256e\"},\"breadcrumb\":{\"@id\":\"https:\/\/laprensacristiana.com\/?p=16004#breadcrumb\"},\"inLanguage\":\"es\",\"potentialAction\":[{\"@type\":\"ReadAction\",\"target\":[\"https:\/\/laprensacristiana.com\/?p=16004\"]}]},{\"@type\":\"BreadcrumbList\",\"@id\":\"https:\/\/laprensacristiana.com\/?p=16004#breadcrumb\",\"itemListElement\":[{\"@type\":\"ListItem\",\"position\":1,\"name\":\"Portada\",\"item\":\"https:\/\/laprensacristiana.com\/\"},{\"@type\":\"ListItem\",\"position\":2,\"name\":\"Iglesia River env\u00eda asistencia alimentaria a Ecuador\"}]},{\"@type\":\"WebSite\",\"@id\":\"https:\/\/laprensacristiana.com\/#website\",\"url\":\"https:\/\/laprensacristiana.com\/\",\"name\":\"La Prensa Cristiana\",\"description\":\"Anunciando Las Buenas Nuevas\",\"potentialAction\":[{\"@type\":\"SearchAction\",\"target\":{\"@type\":\"EntryPoint\",\"urlTemplate\":\"https:\/\/laprensacristiana.com\/?s={search_term_string}\"},\"query-input\":\"required name=search_term_string\"}],\"inLanguage\":\"es\"},{\"@type\":\"Person\",\"@id\":\"https:\/\/laprensacristiana.com\/#\/schema\/person\/3e7d82c6bfd6b1fa67010f8f7cd5256e\",\"name\":\"EDITOR\",\"image\":{\"@type\":\"ImageObject\",\"inLanguage\":\"es\",\"@id\":\"https:\/\/laprensacristiana.com\/#\/schema\/person\/image\/\",\"url\":\"https:\/\/secure.gravatar.com\/avatar\/72069dfb6c13772d9e8381e3638666d2?s=96&d=mm&r=g\",\"contentUrl\":\"https:\/\/secure.gravatar.com\/avatar\/72069dfb6c13772d9e8381e3638666d2?s=96&d=mm&r=g\",\"caption\":\"EDITOR\"},\"url\":\"https:\/\/laprensacristiana.com\/?author=3\"}]}<\/script>\n<!-- \/ Yoast SEO plugin. -->","yoast_head_json":{"title":"Iglesia River env\u00eda asistencia alimentaria a Ecuador - La Prensa Cristiana","robots":{"index":"index","follow":"follow","max-snippet":"max-snippet:-1","max-image-preview":"max-image-preview:large","max-video-preview":"max-video-preview:-1"},"canonical":"https:\/\/laprensacristiana.com\/?p=16004","og_locale":"es_ES","og_type":"article","og_title":"Iglesia River env\u00eda asistencia alimentaria a Ecuador - La Prensa Cristiana","og_description":"Por: Edwin G\u00f3ngora Iglesia River env\u00eda asistencia alimentaria a Ecuador Un respiro importante fue lo que obtuvieron habitantes de diferentes zonas de Ecuador con el env\u00edo de recursos que pudo concretar recientemente el ministerio que preside el pastor Dante Gebel. Denominado: \u201cPlan de Emergencia en Ecuador\u201d, la Iglesia River, envi\u00f3 y entreg\u00f3 por medio de [&hellip;]","og_url":"https:\/\/laprensacristiana.com\/?p=16004","og_site_name":"La Prensa Cristiana","article_published_time":"2024-01-22T15:55:26+00:00","article_modified_time":"2024-01-22T15:55:27+00:00","og_image":[{"width":2048,"height":1152,"url":"https:\/\/laprensacristiana.com\/wp-content\/uploads\/2024\/01\/RIVER-ECUADOR-4.jpg","type":"image\/jpeg"}],"author":"EDITOR","twitter_card":"summary_large_image","twitter_misc":{"Escrito por":"EDITOR","Tiempo de lectura":"2 minutos"},"schema":{"@context":"https:\/\/schema.org","@graph":[{"@type":"WebPage","@id":"https:\/\/laprensacristiana.com\/?p=16004","url":"https:\/\/laprensacristiana.com\/?p=16004","name":"Iglesia River env\u00eda asistencia alimentaria a Ecuador - La Prensa Cristiana","isPartOf":{"@id":"https:\/\/laprensacristiana.com\/#website"},"datePublished":"2024-01-22T15:55:26+00:00","dateModified":"2024-01-22T15:55:27+00:00","author":{"@id":"https:\/\/laprensacristiana.com\/#\/schema\/person\/3e7d82c6bfd6b1fa67010f8f7cd5256e"},"breadcrumb":{"@id":"https:\/\/laprensacristiana.com\/?p=16004#breadcrumb"},"inLanguage":"es","potentialAction":[{"@type":"ReadAction","target":["https:\/\/laprensacristiana.com\/?p=16004"]}]},{"@type":"BreadcrumbList","@id":"https:\/\/laprensacristiana.com\/?p=16004#breadcrumb","itemListElement":[{"@type":"ListItem","position":1,"name":"Portada","item":"https:\/\/laprensacristiana.com\/"},{"@type":"ListItem","position":2,"name":"Iglesia River env\u00eda asistencia alimentaria a Ecuador"}]},{"@type":"WebSite","@id":"https:\/\/laprensacristiana.com\/#website","url":"https:\/\/laprensacristiana.com\/","name":"La Prensa Cristiana","description":"Anunciando Las Buenas Nuevas","potentialAction":[{"@type":"SearchAction","target":{"@type":"EntryPoint","urlTemplate":"https:\/\/laprensacristiana.com\/?s={search_term_string}"},"query-input":"required name=search_term_string"}],"inLanguage":"es"},{"@type":"Person","@id":"https:\/\/laprensacristiana.com\/#\/schema\/person\/3e7d82c6bfd6b1fa67010f8f7cd5256e","name":"EDITOR","image":{"@type":"ImageObject","inLanguage":"es","@id":"https:\/\/laprensacristiana.com\/#\/schema\/person\/image\/","url":"https:\/\/secure.gravatar.com\/avatar\/72069dfb6c13772d9e8381e3638666d2?s=96&d=mm&r=g","contentUrl":"https:\/\/secure.gravatar.com\/avatar\/72069dfb6c13772d9e8381e3638666d2?s=96&d=mm&r=g","caption":"EDITOR"},"url":"https:\/\/laprensacristiana.com\/?author=3"}]}},"_links":{"self":[{"href":"https:\/\/laprensacristiana.com\/index.php?rest_route=\/wp\/v2\/posts\/16004"}],"collection":[{"href":"https:\/\/laprensacristiana.com\/index.php?rest_route=\/wp\/v2\/posts"}],"about":[{"href":"https:\/\/laprensacristiana.com\/index.php?rest_route=\/wp\/v2\/types\/post"}],"author":[{"embeddable":true,"href":"https:\/\/laprensacristiana.com\/index.php?rest_route=\/wp\/v2\/users\/3"}],"replies":[{"embeddable":true,"href":"https:\/\/laprensacristiana.com\/index.php?rest_route=%2Fwp%2Fv2%2Fcomments&post=16004"}],"version-history":[{"count":1,"href":"https:\/\/laprensacristiana.com\/index.php?rest_route=\/wp\/v2\/posts\/16004\/revisions"}],"predecessor-version":[{"id":16009,"href":"https:\/\/laprensacristiana.com\/index.php?rest_route=\/wp\/v2\/posts\/16004\/revisions\/16009"}],"wp:featuredmedia":[{"embeddable":true,"href":"https:\/\/laprensacristiana.com\/index.php?rest_route=\/wp\/v2\/media\/16005"}],"wp:attachment":[{"href":"https:\/\/laprensacristiana.com\/index.php?rest_route=%2Fwp%2Fv2%2Fmedia&parent=16004"}],"wp:term":[{"taxonomy":"category","embeddable":true,"href":"https:\/\/laprensacristiana.com\/index.php?rest_route=%2Fwp%2Fv2%2Fcategories&post=16004"},{"taxonomy":"post_tag","embeddable":true,"href":"https:\/\/laprensacristiana.com\/index.php?rest_route=%2Fwp%2Fv2%2Ftags&post=16004"}],"curies":[{"name":"wp","href":"https:\/\/api.w.org\/{rel}","templated":true}]}}