{"id":16010,"date":"2024-01-22T20:44:53","date_gmt":"2024-01-22T20:44:53","guid":{"rendered":"https:\/\/laprensacristiana.com\/?p=16010"},"modified":"2024-01-22T20:44:53","modified_gmt":"2024-01-22T20:44:53","slug":"iglesia-confades-celebra-31-anos-de-compartir-la-palabra-de-dios","status":"publish","type":"post","link":"https:\/\/laprensacristiana.com\/?p=16010","title":{"rendered":"Iglesia CONFADES celebra 31 a\u00f1os de compartir la palabra de Dios."},"content":{"rendered":"\n<p>Por: Edwin G\u00f3ngora <\/p>\n\n\n\n<p>Desde 1993 predicar la palabra de Dios ha sido una de las prioridades que cada vez se hace con excelencia y comprometidos con cada una de las directrices que Dios dio por medio de la Biblia.<\/p>\n\n\n\n<p>Este es el caso de Iglesia Congregaci\u00f3n Familiar de la Asambleas de Dios (CONFADES) que avanza en esta labor y obtiene en cada servicio con la palabra fresca que el Se\u00f1or le brinda al pastor Edwin Guzm\u00e1n, quien dirige la congregaci\u00f3n.<\/p>\n\n\n\n<p>Congregaci\u00f3n Familiar celebr\u00f3 este 22 de enero su trig\u00e9simo primer aniversario, lo que demuestra que su labor esta de la mano con el Se\u00f1or y cada vez esta se extiende al compartir con los habitantes de San Marcos y zonas aleda\u00f1as sus promesas.<\/p>\n\n\n\n<p>Este fin de semana realizaron un culto especial en agradecimiento por permitirles desarrollar diversas actividades que buscan salvar, discipular y edificar vidas.<\/p>\n\n\n\n<p>Durante el culto el pastor Edwin Guzm\u00e1n record\u00f3 a los hermanos que fueron pioneros en el surgimiento de este ministerio y se convirtieron en punta de lanza de lo que son actualmente en el servicio a Dios.<\/p>\n\n\n\n<p>Durante la actividad se recordaron testimonios de lo que Dios ha hecho en varios miembros de la congregaci\u00f3n, lo que demuestra asegur\u00f3 el Pastor Guzm\u00e1n que su mano no se aparta de nosotros. As\u00ed tambi\u00e9n destac\u00f3 que: \u201cEl reino de Dios no solo perdona pecados y limpia, sino que tambi\u00e9n da gracia, sabidur\u00eda y conocimiento para prosperar y salir adelante de todas sus necesidades\u201d.<\/p>\n\n\n\n<p>Dentro de la labor que como iglesia realiza CONFADES, el pastor Guzm\u00e1n se\u00f1al\u00f3 que una de sus prioridades es que cada uno de los que forma parte de este ministerio sea bueno en cada una de las actividades que realiza.<\/p>\n\n\n\n<p>\u201cAqu\u00ed hermano lo vamos a sacar, lo vamos a impulsar, queremos que usted sea un hombre y mujer de Dios, un buen ministro de alabanza, un buen pastor, un buen misionero, pero tambi\u00e9n queremos que sea buen doctor, un buen panadeo, ingeniero, que pueda ser un buen alcalde y deportista; en fin, aqu\u00ed le vamos a decir que tiene que cubrir todas las \u00e1reas que el mundo tiene con el mensaje del evangelio, del reino de los cielos y siempre servir y adorar al Se\u00f1or de Se\u00f1ores\u201d. Indic\u00f3 el pastor Edwin Guzm\u00e1n.&nbsp;<\/p>\n\n\n\n<p>En la actividad se record\u00f3 que el primero local donde funcionaron se ubic\u00f3 sobre la s\u00e9ptima avenida sur, para luego trasladarse a la d\u00e9cima calle y posteriormente a la Colonia Las Mercedes, por la autopista sur, para ser llevados por Dios al actual local que ocupan en San Marcos, donde aseguran ser de bendici\u00f3n para la comunidad.<\/p>\n\n\n\n<p>\u201cQueremos sacudirles las garrapatas que usted trae, de lo religioso y legalista que usted traiga, entienda y conozca un mensaje que da vida y transforma, que cambia, que produce paz y felicidad, pero que le dar\u00e1 estabilidad y seguridad, esperanza y vida, que le cambiar\u00e1 el rumbo de su vida a usted y su familia\u201d.&nbsp;<\/p>\n\n\n\n<p>La predica central de aniversario estuvo a cargo del Pastor y Doctor Kenton Moody, Misionero De las Asambleas de Dios, quien habl\u00f3 acerca del h\u00e1bito de amar.<\/p>\n\n\n\n<p>El trabajo ministerial de Iglesia Congregaci\u00f3n Familiar de la Asambleas de Dios, no se detiene y aseguran obtener mejores resultados, de tal manera m\u00e1s almas acepten a Cristo y no se pierdan.<\/p>\n","protected":false},"excerpt":{"rendered":"<p>Por: Edwin G\u00f3ngora Desde 1993 predicar la palabra de Dios ha sido una de las prioridades que cada vez se hace con excelencia y comprometidos con cada una de las directrices que Dios dio por medio de la Biblia. Este es el caso de Iglesia Congregaci\u00f3n Familiar de la Asambleas de Dios (CONFADES) que avanza [&hellip;]<\/p>\n","protected":false},"author":3,"featured_media":16011,"comment_status":"open","ping_status":"open","sticky":false,"template":"","format":"standard","meta":[],"categories":[56],"tags":[],"yoast_head":"<!-- This site is optimized with the Yoast SEO plugin v20.8 - https:\/\/yoast.com\/wordpress\/plugins\/seo\/ -->\n<title>Iglesia CONFADES celebra 31 a\u00f1os de compartir la palabra de Dios. - La Prensa Cristiana<\/title>\n<meta name=\"robots\" content=\"index, follow, max-snippet:-1, max-image-preview:large, max-video-preview:-1\" \/>\n<link rel=\"canonical\" href=\"https:\/\/laprensacristiana.com\/?p=16010\" \/>\n<meta property=\"og:locale\" content=\"es_ES\" \/>\n<meta property=\"og:type\" content=\"article\" \/>\n<meta property=\"og:title\" content=\"Iglesia CONFADES celebra 31 a\u00f1os de compartir la palabra de Dios. - La Prensa Cristiana\" \/>\n<meta property=\"og:description\" content=\"Por: Edwin G\u00f3ngora Desde 1993 predicar la palabra de Dios ha sido una de las prioridades que cada vez se hace con excelencia y comprometidos con cada una de las directrices que Dios dio por medio de la Biblia. Este es el caso de Iglesia Congregaci\u00f3n Familiar de la Asambleas de Dios (CONFADES) que avanza [&hellip;]\" \/>\n<meta property=\"og:url\" content=\"https:\/\/laprensacristiana.com\/?p=16010\" \/>\n<meta property=\"og:site_name\" content=\"La Prensa Cristiana\" \/>\n<meta property=\"article:published_time\" content=\"2024-01-22T20:44:53+00:00\" \/>\n<meta property=\"og:image\" content=\"https:\/\/laprensacristiana.com\/wp-content\/uploads\/2024\/01\/WhatsApp-Image-2024-01-21-at-10.54.34-AM-1.jpeg\" \/>\n\t<meta property=\"og:image:width\" content=\"1600\" \/>\n\t<meta property=\"og:image:height\" content=\"1200\" \/>\n\t<meta property=\"og:image:type\" content=\"image\/jpeg\" \/>\n<meta name=\"author\" content=\"EDITOR\" \/>\n<meta name=\"twitter:card\" content=\"summary_large_image\" \/>\n<meta name=\"twitter:label1\" content=\"Escrito por\" \/>\n\t<meta name=\"twitter:data1\" content=\"EDITOR\" \/>\n\t<meta name=\"twitter:label2\" content=\"Tiempo de lectura\" \/>\n\t<meta name=\"twitter:data2\" content=\"3 minutos\" \/>\n<script type=\"application\/ld+json\" class=\"yoast-schema-graph\">{\"@context\":\"https:\/\/schema.org\",\"@graph\":[{\"@type\":\"WebPage\",\"@id\":\"https:\/\/laprensacristiana.com\/?p=16010\",\"url\":\"https:\/\/laprensacristiana.com\/?p=16010\",\"name\":\"Iglesia CONFADES celebra 31 a\u00f1os de compartir la palabra de Dios. - La Prensa Cristiana\",\"isPartOf\":{\"@id\":\"https:\/\/laprensacristiana.com\/#website\"},\"datePublished\":\"2024-01-22T20:44:53+00:00\",\"dateModified\":\"2024-01-22T20:44:53+00:00\",\"author\":{\"@id\":\"https:\/\/laprensacristiana.com\/#\/schema\/person\/3e7d82c6bfd6b1fa67010f8f7cd5256e\"},\"breadcrumb\":{\"@id\":\"https:\/\/laprensacristiana.com\/?p=16010#breadcrumb\"},\"inLanguage\":\"es\",\"potentialAction\":[{\"@type\":\"ReadAction\",\"target\":[\"https:\/\/laprensacristiana.com\/?p=16010\"]}]},{\"@type\":\"BreadcrumbList\",\"@id\":\"https:\/\/laprensacristiana.com\/?p=16010#breadcrumb\",\"itemListElement\":[{\"@type\":\"ListItem\",\"position\":1,\"name\":\"Portada\",\"item\":\"https:\/\/laprensacristiana.com\/\"},{\"@type\":\"ListItem\",\"position\":2,\"name\":\"Iglesia CONFADES celebra 31 a\u00f1os de compartir la palabra de Dios.\"}]},{\"@type\":\"WebSite\",\"@id\":\"https:\/\/laprensacristiana.com\/#website\",\"url\":\"https:\/\/laprensacristiana.com\/\",\"name\":\"La Prensa Cristiana\",\"description\":\"Anunciando Las Buenas Nuevas\",\"potentialAction\":[{\"@type\":\"SearchAction\",\"target\":{\"@type\":\"EntryPoint\",\"urlTemplate\":\"https:\/\/laprensacristiana.com\/?s={search_term_string}\"},\"query-input\":\"required name=search_term_string\"}],\"inLanguage\":\"es\"},{\"@type\":\"Person\",\"@id\":\"https:\/\/laprensacristiana.com\/#\/schema\/person\/3e7d82c6bfd6b1fa67010f8f7cd5256e\",\"name\":\"EDITOR\",\"image\":{\"@type\":\"ImageObject\",\"inLanguage\":\"es\",\"@id\":\"https:\/\/laprensacristiana.com\/#\/schema\/person\/image\/\",\"url\":\"https:\/\/secure.gravatar.com\/avatar\/72069dfb6c13772d9e8381e3638666d2?s=96&d=mm&r=g\",\"contentUrl\":\"https:\/\/secure.gravatar.com\/avatar\/72069dfb6c13772d9e8381e3638666d2?s=96&d=mm&r=g\",\"caption\":\"EDITOR\"},\"url\":\"https:\/\/laprensacristiana.com\/?author=3\"}]}<\/script>\n<!-- \/ Yoast SEO plugin. -->","yoast_head_json":{"title":"Iglesia CONFADES celebra 31 a\u00f1os de compartir la palabra de Dios. - La Prensa Cristiana","robots":{"index":"index","follow":"follow","max-snippet":"max-snippet:-1","max-image-preview":"max-image-preview:large","max-video-preview":"max-video-preview:-1"},"canonical":"https:\/\/laprensacristiana.com\/?p=16010","og_locale":"es_ES","og_type":"article","og_title":"Iglesia CONFADES celebra 31 a\u00f1os de compartir la palabra de Dios. - La Prensa Cristiana","og_description":"Por: Edwin G\u00f3ngora Desde 1993 predicar la palabra de Dios ha sido una de las prioridades que cada vez se hace con excelencia y comprometidos con cada una de las directrices que Dios dio por medio de la Biblia. Este es el caso de Iglesia Congregaci\u00f3n Familiar de la Asambleas de Dios (CONFADES) que avanza [&hellip;]","og_url":"https:\/\/laprensacristiana.com\/?p=16010","og_site_name":"La Prensa Cristiana","article_published_time":"2024-01-22T20:44:53+00:00","og_image":[{"width":1600,"height":1200,"url":"https:\/\/laprensacristiana.com\/wp-content\/uploads\/2024\/01\/WhatsApp-Image-2024-01-21-at-10.54.34-AM-1.jpeg","type":"image\/jpeg"}],"author":"EDITOR","twitter_card":"summary_large_image","twitter_misc":{"Escrito por":"EDITOR","Tiempo de lectura":"3 minutos"},"schema":{"@context":"https:\/\/schema.org","@graph":[{"@type":"WebPage","@id":"https:\/\/laprensacristiana.com\/?p=16010","url":"https:\/\/laprensacristiana.com\/?p=16010","name":"Iglesia CONFADES celebra 31 a\u00f1os de compartir la palabra de Dios. - La Prensa Cristiana","isPartOf":{"@id":"https:\/\/laprensacristiana.com\/#website"},"datePublished":"2024-01-22T20:44:53+00:00","dateModified":"2024-01-22T20:44:53+00:00","author":{"@id":"https:\/\/laprensacristiana.com\/#\/schema\/person\/3e7d82c6bfd6b1fa67010f8f7cd5256e"},"breadcrumb":{"@id":"https:\/\/laprensacristiana.com\/?p=16010#breadcrumb"},"inLanguage":"es","potentialAction":[{"@type":"ReadAction","target":["https:\/\/laprensacristiana.com\/?p=16010"]}]},{"@type":"BreadcrumbList","@id":"https:\/\/laprensacristiana.com\/?p=16010#breadcrumb","itemListElement":[{"@type":"ListItem","position":1,"name":"Portada","item":"https:\/\/laprensacristiana.com\/"},{"@type":"ListItem","position":2,"name":"Iglesia CONFADES celebra 31 a\u00f1os de compartir la palabra de Dios."}]},{"@type":"WebSite","@id":"https:\/\/laprensacristiana.com\/#website","url":"https:\/\/laprensacristiana.com\/","name":"La Prensa Cristiana","description":"Anunciando Las Buenas Nuevas","potentialAction":[{"@type":"SearchAction","target":{"@type":"EntryPoint","urlTemplate":"https:\/\/laprensacristiana.com\/?s={search_term_string}"},"query-input":"required name=search_term_string"}],"inLanguage":"es"},{"@type":"Person","@id":"https:\/\/laprensacristiana.com\/#\/schema\/person\/3e7d82c6bfd6b1fa67010f8f7cd5256e","name":"EDITOR","image":{"@type":"ImageObject","inLanguage":"es","@id":"https:\/\/laprensacristiana.com\/#\/schema\/person\/image\/","url":"https:\/\/secure.gravatar.com\/avatar\/72069dfb6c13772d9e8381e3638666d2?s=96&d=mm&r=g","contentUrl":"https:\/\/secure.gravatar.com\/avatar\/72069dfb6c13772d9e8381e3638666d2?s=96&d=mm&r=g","caption":"EDITOR"},"url":"https:\/\/laprensacristiana.com\/?author=3"}]}},"_links":{"self":[{"href":"https:\/\/laprensacristiana.com\/index.php?rest_route=\/wp\/v2\/posts\/16010"}],"collection":[{"href":"https:\/\/laprensacristiana.com\/index.php?rest_route=\/wp\/v2\/posts"}],"about":[{"href":"https:\/\/laprensacristiana.com\/index.php?rest_route=\/wp\/v2\/types\/post"}],"author":[{"embeddable":true,"href":"https:\/\/laprensacristiana.com\/index.php?rest_route=\/wp\/v2\/users\/3"}],"replies":[{"embeddable":true,"href":"https:\/\/laprensacristiana.com\/index.php?rest_route=%2Fwp%2Fv2%2Fcomments&post=16010"}],"version-history":[{"count":1,"href":"https:\/\/laprensacristiana.com\/index.php?rest_route=\/wp\/v2\/posts\/16010\/revisions"}],"predecessor-version":[{"id":16012,"href":"https:\/\/laprensacristiana.com\/index.php?rest_route=\/wp\/v2\/posts\/16010\/revisions\/16012"}],"wp:featuredmedia":[{"embeddable":true,"href":"https:\/\/laprensacristiana.com\/index.php?rest_route=\/wp\/v2\/media\/16011"}],"wp:attachment":[{"href":"https:\/\/laprensacristiana.com\/index.php?rest_route=%2Fwp%2Fv2%2Fmedia&parent=16010"}],"wp:term":[{"taxonomy":"category","embeddable":true,"href":"https:\/\/laprensacristiana.com\/index.php?rest_route=%2Fwp%2Fv2%2Fcategories&post=16010"},{"taxonomy":"post_tag","embeddable":true,"href":"https:\/\/laprensacristiana.com\/index.php?rest_route=%2Fwp%2Fv2%2Ftags&post=16010"}],"curies":[{"name":"wp","href":"https:\/\/api.w.org\/{rel}","templated":true}]}}