{"id":16031,"date":"2024-01-23T22:38:53","date_gmt":"2024-01-23T22:38:53","guid":{"rendered":"https:\/\/laprensacristiana.com\/?p=16031"},"modified":"2024-01-23T22:38:54","modified_gmt":"2024-01-23T22:38:54","slug":"priscila-matiesco-presento-santo-espiritu","status":"publish","type":"post","link":"https:\/\/laprensacristiana.com\/?p=16031","title":{"rendered":"Priscila Matiesco present\u00f3 \u00abSanto Esp\u00edritu\u00bb"},"content":{"rendered":"\n<p>Por: Dami\u00e1n Sileo <\/p>\n\n\n\n<p><\/p>\n\n\n\n<p><strong>La cantante argentina Priscila Marisco present\u00f3 el sencillo \u00abSanto Esp\u00edritu\u00bb, grabado con el acompa\u00f1amiento musical de Agust\u00edn Da Costa (bater\u00eda), Emir Vald\u00e9s (bajo), Ren\u00e9 G\u00f3mez (teclado), Franco Chiniec (guitarra el\u00e9ctrica), Agust\u00edn Seva (guitarra el\u00e9ctrica), Joni Tevez y Evangelina Crubinca (coros). La producci\u00f3n general de MDG Music Group y la representaci\u00f3n de Mat\u00edas de Gyldenfeldt.<\/strong><br><br><em>\u00abSanto Esp\u00edritu, fuego que consume, purifica mi interior, toma todo en m\u00ed. Y al entrar en tu intimidad, me puedo acercar, y cantarte Santo. Arde en m\u00ed, oh, Se\u00f1or, y quema todo lo que me separa de Ti\u00bb<\/em>, reza la canci\u00f3n.<br><br>El videoclip fue rodado en el Estudio Embajada situado en CABA por\u00a0<strong>Pedro Knigge\u00a0<\/strong>y su equipo, la edici\u00f3n estuvo a cargo de\u00a0<strong>Thomas Luque<\/strong>\u00a0y la mezcla y masterizaci\u00f3n la realiz\u00f3\u00a0<strong>Emil Matiesco<\/strong>.\u00a0<em>\u00abLa canci\u00f3n naci\u00f3 en la intimidad de un devocional en casa, pidiendo al Esp\u00edritu Santo que me visite, que saque de m\u00ed todo aquello que me alejara de \u00e9l y el Se\u00f1or inspir\u00f3 ese momento para poner mi oraci\u00f3n en melod\u00edas. Por eso es una canci\u00f3n tan corta pero tan profunda y poderosa a la vez\u00bb<\/em>, explic\u00f3 la autora.<br><br><strong>Priscila Matiesco<\/strong>\u00a0naci\u00f3 en Buenos Aires, Argentina. Es abogada, esposa, madre de Mallory y forma parte del liderazgo en el ministerio de alabanza y adoraci\u00f3n del Centro Familiar Cristiano de la ciudad de Mart\u00ednez, en Buenos Aires. Antes de incursionar como compositora, lanz\u00f3 notables versiones de\u00a0<em>\u201cOc\u00e9anos\u201d, \u201cHermoso nombre\u201d y \u201cCuerdas de amor\u201d<\/em>\u00a0entre otros cl\u00e1sicos. Y a partir de la representaci\u00f3n de\u00a0<strong>Mat\u00edas de Gyldenfeldt<\/strong>, se ha consolidado en su carrera present\u00e1ndose en destacados eventos como\u00a0<strong><em>\u201cArgentina Despierta\u201d, \u201cLa Plata Adora\u201d\u00a0<\/em><\/strong>y de los conciertos del\u00a0<strong>Grupo Barak<\/strong>\u00a0en Tecn\u00f3polis y el Luna Park donde present\u00f3\u00a0<strong><em>\u201cFuego &amp; Poder\u201d.<\/em><\/strong><br><br>En sociedad con su marido<strong>\u00a0Alan G\u00fcell<\/strong>, tecladista y director musical de su banda estable, compuso muchas de las canciones que hoy entona en sus conciertos. Entre ellas\u00a0<em>\u201cAqu\u00ed estoy\u201d, \u201cEn tus brazos\u201d, \u201cLibre\u201d, \u201cRendimos honor\u201d, \u201cA tus pies\u201d, \u201cTodo es posible\u201d, \u201cLatidos\u201d y \u201cEsp\u00edritu Santo\u201d. Adem\u00e1s del EP \u201cEn Mi Hogar\u201d<\/em>\u00a0y el \u00e1lbum\u00a0<strong><em>\u201cHimno de Victoria\u201d<\/em><\/strong>\u00a0que se encuentra disponible en Spotify superando los 12K de oyentes mensuales. Tambi\u00e9n es la primera cantante cristiana y latina en tener parte de su cat\u00e1logo en Dolby Atmos. Y en YouTube cuenta con 15K de suscriptores y m\u00e1s de 30 videoclips.<br><br><em>\u201cSanto Esp\u00edritu\u201d\u00a0<\/em>est\u00e1 disponible en todas las plataformas digitales.<br>Redes sociales: @priscilamatiesco y @mdgmusicgroup.<br><br><a href=\"https:\/\/www.youtube.com\/watch?v=mXswO-GvSh0\" target=\"_blank\" rel=\"noreferrer noopener\">https:\/\/www.youtube.com\/watch?v=mXswO-GvSh0<\/a> <\/p>\n","protected":false},"excerpt":{"rendered":"<p>Por: Dami\u00e1n Sileo La cantante argentina Priscila Marisco present\u00f3 el sencillo \u00abSanto Esp\u00edritu\u00bb, grabado con el acompa\u00f1amiento musical de Agust\u00edn Da Costa (bater\u00eda), Emir Vald\u00e9s (bajo), Ren\u00e9 G\u00f3mez (teclado), Franco Chiniec (guitarra el\u00e9ctrica), Agust\u00edn Seva (guitarra el\u00e9ctrica), Joni Tevez y Evangelina Crubinca (coros). La producci\u00f3n general de MDG Music Group y la representaci\u00f3n de Mat\u00edas [&hellip;]<\/p>\n","protected":false},"author":3,"featured_media":16032,"comment_status":"open","ping_status":"open","sticky":false,"template":"","format":"standard","meta":[],"categories":[114],"tags":[],"yoast_head":"<!-- This site is optimized with the Yoast SEO plugin v20.8 - https:\/\/yoast.com\/wordpress\/plugins\/seo\/ -->\n<title>Priscila Matiesco present\u00f3 &quot;Santo Esp\u00edritu&quot; - La Prensa Cristiana<\/title>\n<meta name=\"robots\" content=\"index, follow, max-snippet:-1, max-image-preview:large, max-video-preview:-1\" \/>\n<link rel=\"canonical\" href=\"https:\/\/laprensacristiana.com\/?p=16031\" \/>\n<meta property=\"og:locale\" content=\"es_ES\" \/>\n<meta property=\"og:type\" content=\"article\" \/>\n<meta property=\"og:title\" content=\"Priscila Matiesco present\u00f3 &quot;Santo Esp\u00edritu&quot; - La Prensa Cristiana\" \/>\n<meta property=\"og:description\" content=\"Por: Dami\u00e1n Sileo La cantante argentina Priscila Marisco present\u00f3 el sencillo \u00abSanto Esp\u00edritu\u00bb, grabado con el acompa\u00f1amiento musical de Agust\u00edn Da Costa (bater\u00eda), Emir Vald\u00e9s (bajo), Ren\u00e9 G\u00f3mez (teclado), Franco Chiniec (guitarra el\u00e9ctrica), Agust\u00edn Seva (guitarra el\u00e9ctrica), Joni Tevez y Evangelina Crubinca (coros). La producci\u00f3n general de MDG Music Group y la representaci\u00f3n de Mat\u00edas [&hellip;]\" \/>\n<meta property=\"og:url\" content=\"https:\/\/laprensacristiana.com\/?p=16031\" \/>\n<meta property=\"og:site_name\" content=\"La Prensa Cristiana\" \/>\n<meta property=\"article:published_time\" content=\"2024-01-23T22:38:53+00:00\" \/>\n<meta property=\"article:modified_time\" content=\"2024-01-23T22:38:54+00:00\" \/>\n<meta property=\"og:image\" content=\"https:\/\/laprensacristiana.com\/wp-content\/uploads\/2024\/01\/WhatsApp-Image-2024-01-23-at-4.31.37-PM-1.jpeg\" \/>\n\t<meta property=\"og:image:width\" content=\"1280\" \/>\n\t<meta property=\"og:image:height\" content=\"720\" \/>\n\t<meta property=\"og:image:type\" content=\"image\/jpeg\" \/>\n<meta name=\"author\" content=\"EDITOR\" \/>\n<meta name=\"twitter:card\" content=\"summary_large_image\" \/>\n<meta name=\"twitter:label1\" content=\"Escrito por\" \/>\n\t<meta name=\"twitter:data1\" content=\"EDITOR\" \/>\n\t<meta name=\"twitter:label2\" content=\"Tiempo de lectura\" \/>\n\t<meta name=\"twitter:data2\" content=\"2 minutos\" \/>\n<script type=\"application\/ld+json\" class=\"yoast-schema-graph\">{\"@context\":\"https:\/\/schema.org\",\"@graph\":[{\"@type\":\"WebPage\",\"@id\":\"https:\/\/laprensacristiana.com\/?p=16031\",\"url\":\"https:\/\/laprensacristiana.com\/?p=16031\",\"name\":\"Priscila Matiesco present\u00f3 \\\"Santo Esp\u00edritu\\\" - La Prensa Cristiana\",\"isPartOf\":{\"@id\":\"https:\/\/laprensacristiana.com\/#website\"},\"datePublished\":\"2024-01-23T22:38:53+00:00\",\"dateModified\":\"2024-01-23T22:38:54+00:00\",\"author\":{\"@id\":\"https:\/\/laprensacristiana.com\/#\/schema\/person\/3e7d82c6bfd6b1fa67010f8f7cd5256e\"},\"breadcrumb\":{\"@id\":\"https:\/\/laprensacristiana.com\/?p=16031#breadcrumb\"},\"inLanguage\":\"es\",\"potentialAction\":[{\"@type\":\"ReadAction\",\"target\":[\"https:\/\/laprensacristiana.com\/?p=16031\"]}]},{\"@type\":\"BreadcrumbList\",\"@id\":\"https:\/\/laprensacristiana.com\/?p=16031#breadcrumb\",\"itemListElement\":[{\"@type\":\"ListItem\",\"position\":1,\"name\":\"Portada\",\"item\":\"https:\/\/laprensacristiana.com\/\"},{\"@type\":\"ListItem\",\"position\":2,\"name\":\"Priscila Matiesco present\u00f3 \u00abSanto Esp\u00edritu\u00bb\"}]},{\"@type\":\"WebSite\",\"@id\":\"https:\/\/laprensacristiana.com\/#website\",\"url\":\"https:\/\/laprensacristiana.com\/\",\"name\":\"La Prensa Cristiana\",\"description\":\"Anunciando Las Buenas Nuevas\",\"potentialAction\":[{\"@type\":\"SearchAction\",\"target\":{\"@type\":\"EntryPoint\",\"urlTemplate\":\"https:\/\/laprensacristiana.com\/?s={search_term_string}\"},\"query-input\":\"required name=search_term_string\"}],\"inLanguage\":\"es\"},{\"@type\":\"Person\",\"@id\":\"https:\/\/laprensacristiana.com\/#\/schema\/person\/3e7d82c6bfd6b1fa67010f8f7cd5256e\",\"name\":\"EDITOR\",\"image\":{\"@type\":\"ImageObject\",\"inLanguage\":\"es\",\"@id\":\"https:\/\/laprensacristiana.com\/#\/schema\/person\/image\/\",\"url\":\"https:\/\/secure.gravatar.com\/avatar\/72069dfb6c13772d9e8381e3638666d2?s=96&d=mm&r=g\",\"contentUrl\":\"https:\/\/secure.gravatar.com\/avatar\/72069dfb6c13772d9e8381e3638666d2?s=96&d=mm&r=g\",\"caption\":\"EDITOR\"},\"url\":\"https:\/\/laprensacristiana.com\/?author=3\"}]}<\/script>\n<!-- \/ Yoast SEO plugin. -->","yoast_head_json":{"title":"Priscila Matiesco present\u00f3 \"Santo Esp\u00edritu\" - La Prensa Cristiana","robots":{"index":"index","follow":"follow","max-snippet":"max-snippet:-1","max-image-preview":"max-image-preview:large","max-video-preview":"max-video-preview:-1"},"canonical":"https:\/\/laprensacristiana.com\/?p=16031","og_locale":"es_ES","og_type":"article","og_title":"Priscila Matiesco present\u00f3 \"Santo Esp\u00edritu\" - La Prensa Cristiana","og_description":"Por: Dami\u00e1n Sileo La cantante argentina Priscila Marisco present\u00f3 el sencillo \u00abSanto Esp\u00edritu\u00bb, grabado con el acompa\u00f1amiento musical de Agust\u00edn Da Costa (bater\u00eda), Emir Vald\u00e9s (bajo), Ren\u00e9 G\u00f3mez (teclado), Franco Chiniec (guitarra el\u00e9ctrica), Agust\u00edn Seva (guitarra el\u00e9ctrica), Joni Tevez y Evangelina Crubinca (coros). La producci\u00f3n general de MDG Music Group y la representaci\u00f3n de Mat\u00edas [&hellip;]","og_url":"https:\/\/laprensacristiana.com\/?p=16031","og_site_name":"La Prensa Cristiana","article_published_time":"2024-01-23T22:38:53+00:00","article_modified_time":"2024-01-23T22:38:54+00:00","og_image":[{"width":1280,"height":720,"url":"https:\/\/laprensacristiana.com\/wp-content\/uploads\/2024\/01\/WhatsApp-Image-2024-01-23-at-4.31.37-PM-1.jpeg","type":"image\/jpeg"}],"author":"EDITOR","twitter_card":"summary_large_image","twitter_misc":{"Escrito por":"EDITOR","Tiempo de lectura":"2 minutos"},"schema":{"@context":"https:\/\/schema.org","@graph":[{"@type":"WebPage","@id":"https:\/\/laprensacristiana.com\/?p=16031","url":"https:\/\/laprensacristiana.com\/?p=16031","name":"Priscila Matiesco present\u00f3 \"Santo Esp\u00edritu\" - La Prensa Cristiana","isPartOf":{"@id":"https:\/\/laprensacristiana.com\/#website"},"datePublished":"2024-01-23T22:38:53+00:00","dateModified":"2024-01-23T22:38:54+00:00","author":{"@id":"https:\/\/laprensacristiana.com\/#\/schema\/person\/3e7d82c6bfd6b1fa67010f8f7cd5256e"},"breadcrumb":{"@id":"https:\/\/laprensacristiana.com\/?p=16031#breadcrumb"},"inLanguage":"es","potentialAction":[{"@type":"ReadAction","target":["https:\/\/laprensacristiana.com\/?p=16031"]}]},{"@type":"BreadcrumbList","@id":"https:\/\/laprensacristiana.com\/?p=16031#breadcrumb","itemListElement":[{"@type":"ListItem","position":1,"name":"Portada","item":"https:\/\/laprensacristiana.com\/"},{"@type":"ListItem","position":2,"name":"Priscila Matiesco present\u00f3 \u00abSanto Esp\u00edritu\u00bb"}]},{"@type":"WebSite","@id":"https:\/\/laprensacristiana.com\/#website","url":"https:\/\/laprensacristiana.com\/","name":"La Prensa Cristiana","description":"Anunciando Las Buenas Nuevas","potentialAction":[{"@type":"SearchAction","target":{"@type":"EntryPoint","urlTemplate":"https:\/\/laprensacristiana.com\/?s={search_term_string}"},"query-input":"required name=search_term_string"}],"inLanguage":"es"},{"@type":"Person","@id":"https:\/\/laprensacristiana.com\/#\/schema\/person\/3e7d82c6bfd6b1fa67010f8f7cd5256e","name":"EDITOR","image":{"@type":"ImageObject","inLanguage":"es","@id":"https:\/\/laprensacristiana.com\/#\/schema\/person\/image\/","url":"https:\/\/secure.gravatar.com\/avatar\/72069dfb6c13772d9e8381e3638666d2?s=96&d=mm&r=g","contentUrl":"https:\/\/secure.gravatar.com\/avatar\/72069dfb6c13772d9e8381e3638666d2?s=96&d=mm&r=g","caption":"EDITOR"},"url":"https:\/\/laprensacristiana.com\/?author=3"}]}},"_links":{"self":[{"href":"https:\/\/laprensacristiana.com\/index.php?rest_route=\/wp\/v2\/posts\/16031"}],"collection":[{"href":"https:\/\/laprensacristiana.com\/index.php?rest_route=\/wp\/v2\/posts"}],"about":[{"href":"https:\/\/laprensacristiana.com\/index.php?rest_route=\/wp\/v2\/types\/post"}],"author":[{"embeddable":true,"href":"https:\/\/laprensacristiana.com\/index.php?rest_route=\/wp\/v2\/users\/3"}],"replies":[{"embeddable":true,"href":"https:\/\/laprensacristiana.com\/index.php?rest_route=%2Fwp%2Fv2%2Fcomments&post=16031"}],"version-history":[{"count":1,"href":"https:\/\/laprensacristiana.com\/index.php?rest_route=\/wp\/v2\/posts\/16031\/revisions"}],"predecessor-version":[{"id":16034,"href":"https:\/\/laprensacristiana.com\/index.php?rest_route=\/wp\/v2\/posts\/16031\/revisions\/16034"}],"wp:featuredmedia":[{"embeddable":true,"href":"https:\/\/laprensacristiana.com\/index.php?rest_route=\/wp\/v2\/media\/16032"}],"wp:attachment":[{"href":"https:\/\/laprensacristiana.com\/index.php?rest_route=%2Fwp%2Fv2%2Fmedia&parent=16031"}],"wp:term":[{"taxonomy":"category","embeddable":true,"href":"https:\/\/laprensacristiana.com\/index.php?rest_route=%2Fwp%2Fv2%2Fcategories&post=16031"},{"taxonomy":"post_tag","embeddable":true,"href":"https:\/\/laprensacristiana.com\/index.php?rest_route=%2Fwp%2Fv2%2Ftags&post=16031"}],"curies":[{"name":"wp","href":"https:\/\/api.w.org\/{rel}","templated":true}]}}