{"id":16040,"date":"2024-01-24T18:15:54","date_gmt":"2024-01-24T18:15:54","guid":{"rendered":"https:\/\/laprensacristiana.com\/?p=16040"},"modified":"2024-01-24T18:15:55","modified_gmt":"2024-01-24T18:15:55","slug":"franklin-graham-se-reune-con-presidente-israeli-por-cooperacion-de-samaritans-purse","status":"publish","type":"post","link":"https:\/\/laprensacristiana.com\/?p=16040","title":{"rendered":"Franklin Graham se re\u00fane con Presidente Israel\u00ed por cooperaci\u00f3n de Samaritan\u2019s Purse"},"content":{"rendered":"\n<p>Por: Edwin G\u00f3ngora <\/p>\n\n\n\n<p>Una visita de cortes\u00eda, pero que busca fortalecer el trabajo de ayuda que la fundaci\u00f3n Samaritan\u2019s Purse ofrece a Israel, fue el punto de conversaci\u00f3n que prevaleci\u00f3 durante el encuentro entre el presidente de Israel Isaac Herzog y el fundador de Samaritan\u2019s Purse el evangelista Franklin Graham.<\/p>\n\n\n\n<p>En momentos como los que vive Israel la ayuda y cooperaci\u00f3n de pa\u00edses e instituciones amigas es importante, pues los ataques y atentados a la poblaci\u00f3n civil han dejado da\u00f1os en infraestructura y debilitado algunas acciones que permitan asistir con eficiencia e inmediates a la poblaci\u00f3n.<\/p>\n\n\n\n<figure class=\"wp-block-image size-large\"><img decoding=\"async\" loading=\"lazy\" width=\"1024\" height=\"681\" src=\"https:\/\/laprensacristiana.com\/wp-content\/uploads\/2024\/01\/israeli-presidente-2-1024x681.jpg\" alt=\"\" class=\"wp-image-16042\" srcset=\"https:\/\/laprensacristiana.com\/wp-content\/uploads\/2024\/01\/israeli-presidente-2-1024x681.jpg 1024w, https:\/\/laprensacristiana.com\/wp-content\/uploads\/2024\/01\/israeli-presidente-2-300x200.jpg 300w, https:\/\/laprensacristiana.com\/wp-content\/uploads\/2024\/01\/israeli-presidente-2-768x511.jpg 768w, https:\/\/laprensacristiana.com\/wp-content\/uploads\/2024\/01\/israeli-presidente-2-696x463.jpg 696w, https:\/\/laprensacristiana.com\/wp-content\/uploads\/2024\/01\/israeli-presidente-2-1068x710.jpg 1068w, https:\/\/laprensacristiana.com\/wp-content\/uploads\/2024\/01\/israeli-presidente-2-600x399.jpg 600w, https:\/\/laprensacristiana.com\/wp-content\/uploads\/2024\/01\/israeli-presidente-2.jpg 1408w\" sizes=\"(max-width: 1024px) 100vw, 1024px\" \/><\/figure>\n\n\n\n<p>En las \u00faltimas semanas la fundaci\u00f3n Samaritan\u2019s Purse a enviado a Israel importantes aportes consistentes en ambulancias e insumos m\u00e9dicos, muy necesarios en la situaci\u00f3n actual.<\/p>\n\n\n\n<p>En su cuenta de X el evangelista Franklin Graham destaca: \u201cfue un honor haberme reunido con el presidente israel\u00ed en su oficina y hablar del trabajo que desde nuestra fundaci\u00f3n realizamos y lo que podemos hacer para ayudar a satisfacer las necesidades m\u00e9dicas de los civiles en Gaza\u201d.<\/p>\n\n\n\n<p>El encuentro conto adem\u00e1s con la presencia de funcionarios del gobierno israel\u00ed, as\u00ed como de personeros que conforman el equipo de trabajo del Evangelista Graham.<\/p>\n\n\n\n<figure class=\"wp-block-image size-large\"><img decoding=\"async\" loading=\"lazy\" width=\"1024\" height=\"681\" src=\"https:\/\/laprensacristiana.com\/wp-content\/uploads\/2024\/01\/reunion-presidente-grham-3-1024x681.jpg\" alt=\"\" class=\"wp-image-16043\" srcset=\"https:\/\/laprensacristiana.com\/wp-content\/uploads\/2024\/01\/reunion-presidente-grham-3-1024x681.jpg 1024w, https:\/\/laprensacristiana.com\/wp-content\/uploads\/2024\/01\/reunion-presidente-grham-3-300x200.jpg 300w, https:\/\/laprensacristiana.com\/wp-content\/uploads\/2024\/01\/reunion-presidente-grham-3-768x511.jpg 768w, https:\/\/laprensacristiana.com\/wp-content\/uploads\/2024\/01\/reunion-presidente-grham-3-696x463.jpg 696w, https:\/\/laprensacristiana.com\/wp-content\/uploads\/2024\/01\/reunion-presidente-grham-3-1068x710.jpg 1068w, https:\/\/laprensacristiana.com\/wp-content\/uploads\/2024\/01\/reunion-presidente-grham-3-600x399.jpg 600w, https:\/\/laprensacristiana.com\/wp-content\/uploads\/2024\/01\/reunion-presidente-grham-3.jpg 1445w\" sizes=\"(max-width: 1024px) 100vw, 1024px\" \/><\/figure>\n","protected":false},"excerpt":{"rendered":"<p>Por: Edwin G\u00f3ngora Una visita de cortes\u00eda, pero que busca fortalecer el trabajo de ayuda que la fundaci\u00f3n Samaritan\u2019s Purse ofrece a Israel, fue el punto de conversaci\u00f3n que prevaleci\u00f3 durante el encuentro entre el presidente de Israel Isaac Herzog y el fundador de Samaritan\u2019s Purse el evangelista Franklin Graham. En momentos como los que [&hellip;]<\/p>\n","protected":false},"author":3,"featured_media":16041,"comment_status":"open","ping_status":"open","sticky":false,"template":"","format":"standard","meta":[],"categories":[56],"tags":[],"yoast_head":"<!-- This site is optimized with the Yoast SEO plugin v20.8 - https:\/\/yoast.com\/wordpress\/plugins\/seo\/ -->\n<title>Franklin Graham se re\u00fane con Presidente Israel\u00ed por cooperaci\u00f3n de Samaritan\u2019s Purse - La Prensa Cristiana<\/title>\n<meta name=\"robots\" content=\"index, follow, max-snippet:-1, max-image-preview:large, max-video-preview:-1\" \/>\n<link rel=\"canonical\" href=\"https:\/\/laprensacristiana.com\/?p=16040\" \/>\n<meta property=\"og:locale\" content=\"es_ES\" \/>\n<meta property=\"og:type\" content=\"article\" \/>\n<meta property=\"og:title\" content=\"Franklin Graham se re\u00fane con Presidente Israel\u00ed por cooperaci\u00f3n de Samaritan\u2019s Purse - La Prensa Cristiana\" \/>\n<meta property=\"og:description\" content=\"Por: Edwin G\u00f3ngora Una visita de cortes\u00eda, pero que busca fortalecer el trabajo de ayuda que la fundaci\u00f3n Samaritan\u2019s Purse ofrece a Israel, fue el punto de conversaci\u00f3n que prevaleci\u00f3 durante el encuentro entre el presidente de Israel Isaac Herzog y el fundador de Samaritan\u2019s Purse el evangelista Franklin Graham. En momentos como los que [&hellip;]\" \/>\n<meta property=\"og:url\" content=\"https:\/\/laprensacristiana.com\/?p=16040\" \/>\n<meta property=\"og:site_name\" content=\"La Prensa Cristiana\" \/>\n<meta property=\"article:published_time\" content=\"2024-01-24T18:15:54+00:00\" \/>\n<meta property=\"article:modified_time\" content=\"2024-01-24T18:15:55+00:00\" \/>\n<meta property=\"og:image\" content=\"https:\/\/laprensacristiana.com\/wp-content\/uploads\/2024\/01\/presidente-israeli-1.jpg\" \/>\n\t<meta property=\"og:image:width\" content=\"1302\" \/>\n\t<meta property=\"og:image:height\" content=\"866\" \/>\n\t<meta property=\"og:image:type\" content=\"image\/jpeg\" \/>\n<meta name=\"author\" content=\"EDITOR\" \/>\n<meta name=\"twitter:card\" content=\"summary_large_image\" \/>\n<meta name=\"twitter:label1\" content=\"Escrito por\" \/>\n\t<meta name=\"twitter:data1\" content=\"EDITOR\" \/>\n\t<meta name=\"twitter:label2\" content=\"Tiempo de lectura\" \/>\n\t<meta name=\"twitter:data2\" content=\"2 minutos\" \/>\n<script type=\"application\/ld+json\" class=\"yoast-schema-graph\">{\"@context\":\"https:\/\/schema.org\",\"@graph\":[{\"@type\":\"WebPage\",\"@id\":\"https:\/\/laprensacristiana.com\/?p=16040\",\"url\":\"https:\/\/laprensacristiana.com\/?p=16040\",\"name\":\"Franklin Graham se re\u00fane con Presidente Israel\u00ed por cooperaci\u00f3n de Samaritan\u2019s Purse - La Prensa Cristiana\",\"isPartOf\":{\"@id\":\"https:\/\/laprensacristiana.com\/#website\"},\"datePublished\":\"2024-01-24T18:15:54+00:00\",\"dateModified\":\"2024-01-24T18:15:55+00:00\",\"author\":{\"@id\":\"https:\/\/laprensacristiana.com\/#\/schema\/person\/3e7d82c6bfd6b1fa67010f8f7cd5256e\"},\"breadcrumb\":{\"@id\":\"https:\/\/laprensacristiana.com\/?p=16040#breadcrumb\"},\"inLanguage\":\"es\",\"potentialAction\":[{\"@type\":\"ReadAction\",\"target\":[\"https:\/\/laprensacristiana.com\/?p=16040\"]}]},{\"@type\":\"BreadcrumbList\",\"@id\":\"https:\/\/laprensacristiana.com\/?p=16040#breadcrumb\",\"itemListElement\":[{\"@type\":\"ListItem\",\"position\":1,\"name\":\"Portada\",\"item\":\"https:\/\/laprensacristiana.com\/\"},{\"@type\":\"ListItem\",\"position\":2,\"name\":\"Franklin Graham se re\u00fane con Presidente Israel\u00ed por cooperaci\u00f3n de Samaritan\u2019s Purse\"}]},{\"@type\":\"WebSite\",\"@id\":\"https:\/\/laprensacristiana.com\/#website\",\"url\":\"https:\/\/laprensacristiana.com\/\",\"name\":\"La Prensa Cristiana\",\"description\":\"Anunciando Las Buenas Nuevas\",\"potentialAction\":[{\"@type\":\"SearchAction\",\"target\":{\"@type\":\"EntryPoint\",\"urlTemplate\":\"https:\/\/laprensacristiana.com\/?s={search_term_string}\"},\"query-input\":\"required name=search_term_string\"}],\"inLanguage\":\"es\"},{\"@type\":\"Person\",\"@id\":\"https:\/\/laprensacristiana.com\/#\/schema\/person\/3e7d82c6bfd6b1fa67010f8f7cd5256e\",\"name\":\"EDITOR\",\"image\":{\"@type\":\"ImageObject\",\"inLanguage\":\"es\",\"@id\":\"https:\/\/laprensacristiana.com\/#\/schema\/person\/image\/\",\"url\":\"https:\/\/secure.gravatar.com\/avatar\/72069dfb6c13772d9e8381e3638666d2?s=96&d=mm&r=g\",\"contentUrl\":\"https:\/\/secure.gravatar.com\/avatar\/72069dfb6c13772d9e8381e3638666d2?s=96&d=mm&r=g\",\"caption\":\"EDITOR\"},\"url\":\"https:\/\/laprensacristiana.com\/?author=3\"}]}<\/script>\n<!-- \/ Yoast SEO plugin. -->","yoast_head_json":{"title":"Franklin Graham se re\u00fane con Presidente Israel\u00ed por cooperaci\u00f3n de Samaritan\u2019s Purse - La Prensa Cristiana","robots":{"index":"index","follow":"follow","max-snippet":"max-snippet:-1","max-image-preview":"max-image-preview:large","max-video-preview":"max-video-preview:-1"},"canonical":"https:\/\/laprensacristiana.com\/?p=16040","og_locale":"es_ES","og_type":"article","og_title":"Franklin Graham se re\u00fane con Presidente Israel\u00ed por cooperaci\u00f3n de Samaritan\u2019s Purse - La Prensa Cristiana","og_description":"Por: Edwin G\u00f3ngora Una visita de cortes\u00eda, pero que busca fortalecer el trabajo de ayuda que la fundaci\u00f3n Samaritan\u2019s Purse ofrece a Israel, fue el punto de conversaci\u00f3n que prevaleci\u00f3 durante el encuentro entre el presidente de Israel Isaac Herzog y el fundador de Samaritan\u2019s Purse el evangelista Franklin Graham. En momentos como los que [&hellip;]","og_url":"https:\/\/laprensacristiana.com\/?p=16040","og_site_name":"La Prensa Cristiana","article_published_time":"2024-01-24T18:15:54+00:00","article_modified_time":"2024-01-24T18:15:55+00:00","og_image":[{"width":1302,"height":866,"url":"https:\/\/laprensacristiana.com\/wp-content\/uploads\/2024\/01\/presidente-israeli-1.jpg","type":"image\/jpeg"}],"author":"EDITOR","twitter_card":"summary_large_image","twitter_misc":{"Escrito por":"EDITOR","Tiempo de lectura":"2 minutos"},"schema":{"@context":"https:\/\/schema.org","@graph":[{"@type":"WebPage","@id":"https:\/\/laprensacristiana.com\/?p=16040","url":"https:\/\/laprensacristiana.com\/?p=16040","name":"Franklin Graham se re\u00fane con Presidente Israel\u00ed por cooperaci\u00f3n de Samaritan\u2019s Purse - La Prensa Cristiana","isPartOf":{"@id":"https:\/\/laprensacristiana.com\/#website"},"datePublished":"2024-01-24T18:15:54+00:00","dateModified":"2024-01-24T18:15:55+00:00","author":{"@id":"https:\/\/laprensacristiana.com\/#\/schema\/person\/3e7d82c6bfd6b1fa67010f8f7cd5256e"},"breadcrumb":{"@id":"https:\/\/laprensacristiana.com\/?p=16040#breadcrumb"},"inLanguage":"es","potentialAction":[{"@type":"ReadAction","target":["https:\/\/laprensacristiana.com\/?p=16040"]}]},{"@type":"BreadcrumbList","@id":"https:\/\/laprensacristiana.com\/?p=16040#breadcrumb","itemListElement":[{"@type":"ListItem","position":1,"name":"Portada","item":"https:\/\/laprensacristiana.com\/"},{"@type":"ListItem","position":2,"name":"Franklin Graham se re\u00fane con Presidente Israel\u00ed por cooperaci\u00f3n de Samaritan\u2019s Purse"}]},{"@type":"WebSite","@id":"https:\/\/laprensacristiana.com\/#website","url":"https:\/\/laprensacristiana.com\/","name":"La Prensa Cristiana","description":"Anunciando Las Buenas Nuevas","potentialAction":[{"@type":"SearchAction","target":{"@type":"EntryPoint","urlTemplate":"https:\/\/laprensacristiana.com\/?s={search_term_string}"},"query-input":"required name=search_term_string"}],"inLanguage":"es"},{"@type":"Person","@id":"https:\/\/laprensacristiana.com\/#\/schema\/person\/3e7d82c6bfd6b1fa67010f8f7cd5256e","name":"EDITOR","image":{"@type":"ImageObject","inLanguage":"es","@id":"https:\/\/laprensacristiana.com\/#\/schema\/person\/image\/","url":"https:\/\/secure.gravatar.com\/avatar\/72069dfb6c13772d9e8381e3638666d2?s=96&d=mm&r=g","contentUrl":"https:\/\/secure.gravatar.com\/avatar\/72069dfb6c13772d9e8381e3638666d2?s=96&d=mm&r=g","caption":"EDITOR"},"url":"https:\/\/laprensacristiana.com\/?author=3"}]}},"_links":{"self":[{"href":"https:\/\/laprensacristiana.com\/index.php?rest_route=\/wp\/v2\/posts\/16040"}],"collection":[{"href":"https:\/\/laprensacristiana.com\/index.php?rest_route=\/wp\/v2\/posts"}],"about":[{"href":"https:\/\/laprensacristiana.com\/index.php?rest_route=\/wp\/v2\/types\/post"}],"author":[{"embeddable":true,"href":"https:\/\/laprensacristiana.com\/index.php?rest_route=\/wp\/v2\/users\/3"}],"replies":[{"embeddable":true,"href":"https:\/\/laprensacristiana.com\/index.php?rest_route=%2Fwp%2Fv2%2Fcomments&post=16040"}],"version-history":[{"count":1,"href":"https:\/\/laprensacristiana.com\/index.php?rest_route=\/wp\/v2\/posts\/16040\/revisions"}],"predecessor-version":[{"id":16044,"href":"https:\/\/laprensacristiana.com\/index.php?rest_route=\/wp\/v2\/posts\/16040\/revisions\/16044"}],"wp:featuredmedia":[{"embeddable":true,"href":"https:\/\/laprensacristiana.com\/index.php?rest_route=\/wp\/v2\/media\/16041"}],"wp:attachment":[{"href":"https:\/\/laprensacristiana.com\/index.php?rest_route=%2Fwp%2Fv2%2Fmedia&parent=16040"}],"wp:term":[{"taxonomy":"category","embeddable":true,"href":"https:\/\/laprensacristiana.com\/index.php?rest_route=%2Fwp%2Fv2%2Fcategories&post=16040"},{"taxonomy":"post_tag","embeddable":true,"href":"https:\/\/laprensacristiana.com\/index.php?rest_route=%2Fwp%2Fv2%2Ftags&post=16040"}],"curies":[{"name":"wp","href":"https:\/\/api.w.org\/{rel}","templated":true}]}}