{"id":16046,"date":"2024-01-24T18:59:53","date_gmt":"2024-01-24T18:59:53","guid":{"rendered":"https:\/\/laprensacristiana.com\/?p=16046"},"modified":"2024-01-24T19:16:50","modified_gmt":"2024-01-24T19:16:50","slug":"fallece-rev-juan-bueno","status":"publish","type":"post","link":"https:\/\/laprensacristiana.com\/?p=16046","title":{"rendered":"Fallece Rev. Juan Bueno"},"content":{"rendered":"\n<p>Por: Edwin Gongora<\/p>\n\n\n\n<p>En un muy breve mensaje escrito en Facebook, la familia del Reverendo Juan Bueno dio a conocer este d\u00eda su fallecimiento de quien marc\u00f3 la vida de miles de personas con la predica de la palabra y en el tema educativo al ser el fundador de los Liceos Cristianos Rev. Juan Bueno aqu\u00ed en el salvador.<\/p>\n\n\n\n<p>\u201cMientras le pusimos el canto, \u201cquiero andar cerca de ti\u201d el Hermano Juan Bueno pas\u00f3 a la gloria en paz, sin dolor\u201d destaca el mensaje.&nbsp;<\/p>\n\n\n\n<p>Su deceso fue a las 12.06 minutos.<\/p>\n\n\n\n<p>El pasado 16 de enero La Prensa Cristiana public\u00f3 una nota en la que sus familiares ped\u00edan oraci\u00f3n por la salud del reverendo, quien se encontraba ingresado en un hospital tras un proceso m\u00e9dico.<\/p>\n\n\n\n<p>La familia manifest\u00f3 que estaba estable, pero d\u00e9bil, por lo que apreciaban sus oraciones para el reverendo.<\/p>\n\n\n\n<p>Descansa en paz reverendo Juan Bueno, quien fue un destacado evangelista, hombre de familia y preocupado por sus semejantes al realizar actividades en el tema educativo.<\/p>\n\n\n\n<p>El reverendo Bueno fue elegido director ejecutivo de las Misiones en Asambleas de Dios en 1997, durante la 47\u00aa reuni\u00f3n del Consejo General, siendo uno de los miembros del equipo de liderazgo y el presb\u00edtero ejecutivo.<\/p>\n\n\n\n<p>Juan Bueno desarroll\u00f3 desde esa fecha una labor de servicio a m\u00e1s de 2,700 misioneros en el mundo, una labor que se suma a las muchas m\u00e1s que realiz\u00f3 en la l\u00ednea general de llevar la palabra de Dios.<\/p>\n\n\n\n<p>Juan Bueno y su esposa Loida han realizado labor que ha llegado incluso a nuestro querido El Salvador.&nbsp; Y por m\u00e1s de 28 a\u00f1os brindaron su apoyo en el tema educativo, al impulsar los Liceos Cristianos, que llegaron a sumar m\u00e1s de 30, proyecto que incluso se extendi\u00f3 a otros pa\u00edses de Am\u00e9rica Latina.<\/p>\n\n\n\n<p>La Prensa Cristiana extiende sus condolencias a la familia del Reverendo Juan Bueno y a quienes aqu\u00ed en el pa\u00eds lo quer\u00edan y respetaban mucho.<\/p>\n","protected":false},"excerpt":{"rendered":"<p>Por: Edwin Gongora En un muy breve mensaje escrito en Facebook, la familia del Reverendo Juan Bueno dio a conocer este d\u00eda su fallecimiento de quien marc\u00f3 la vida de miles de personas con la predica de la palabra y en el tema educativo al ser el fundador de los Liceos Cristianos Rev. Juan Bueno [&hellip;]<\/p>\n","protected":false},"author":3,"featured_media":16047,"comment_status":"open","ping_status":"open","sticky":false,"template":"","format":"standard","meta":[],"categories":[120],"tags":[],"yoast_head":"<!-- This site is optimized with the Yoast SEO plugin v20.8 - https:\/\/yoast.com\/wordpress\/plugins\/seo\/ -->\n<title>Fallece Rev. Juan Bueno - La Prensa Cristiana<\/title>\n<meta name=\"robots\" content=\"index, follow, max-snippet:-1, max-image-preview:large, max-video-preview:-1\" \/>\n<link rel=\"canonical\" href=\"https:\/\/laprensacristiana.com\/?p=16046\" \/>\n<meta property=\"og:locale\" content=\"es_ES\" \/>\n<meta property=\"og:type\" content=\"article\" \/>\n<meta property=\"og:title\" content=\"Fallece Rev. Juan Bueno - La Prensa Cristiana\" \/>\n<meta property=\"og:description\" content=\"Por: Edwin Gongora En un muy breve mensaje escrito en Facebook, la familia del Reverendo Juan Bueno dio a conocer este d\u00eda su fallecimiento de quien marc\u00f3 la vida de miles de personas con la predica de la palabra y en el tema educativo al ser el fundador de los Liceos Cristianos Rev. Juan Bueno [&hellip;]\" \/>\n<meta property=\"og:url\" content=\"https:\/\/laprensacristiana.com\/?p=16046\" \/>\n<meta property=\"og:site_name\" content=\"La Prensa Cristiana\" \/>\n<meta property=\"article:published_time\" content=\"2024-01-24T18:59:53+00:00\" \/>\n<meta property=\"article:modified_time\" content=\"2024-01-24T19:16:50+00:00\" \/>\n<meta property=\"og:image\" content=\"https:\/\/laprensacristiana.com\/wp-content\/uploads\/2024\/01\/Agregar-un-subtitulo-7.png\" \/>\n\t<meta property=\"og:image:width\" content=\"4800\" \/>\n\t<meta property=\"og:image:height\" content=\"2880\" \/>\n\t<meta property=\"og:image:type\" content=\"image\/png\" \/>\n<meta name=\"author\" content=\"EDITOR\" \/>\n<meta name=\"twitter:card\" content=\"summary_large_image\" \/>\n<meta name=\"twitter:label1\" content=\"Escrito por\" \/>\n\t<meta name=\"twitter:data1\" content=\"EDITOR\" \/>\n\t<meta name=\"twitter:label2\" content=\"Tiempo de lectura\" \/>\n\t<meta name=\"twitter:data2\" content=\"2 minutos\" \/>\n<script type=\"application\/ld+json\" class=\"yoast-schema-graph\">{\"@context\":\"https:\/\/schema.org\",\"@graph\":[{\"@type\":\"WebPage\",\"@id\":\"https:\/\/laprensacristiana.com\/?p=16046\",\"url\":\"https:\/\/laprensacristiana.com\/?p=16046\",\"name\":\"Fallece Rev. Juan Bueno - La Prensa Cristiana\",\"isPartOf\":{\"@id\":\"https:\/\/laprensacristiana.com\/#website\"},\"datePublished\":\"2024-01-24T18:59:53+00:00\",\"dateModified\":\"2024-01-24T19:16:50+00:00\",\"author\":{\"@id\":\"https:\/\/laprensacristiana.com\/#\/schema\/person\/3e7d82c6bfd6b1fa67010f8f7cd5256e\"},\"breadcrumb\":{\"@id\":\"https:\/\/laprensacristiana.com\/?p=16046#breadcrumb\"},\"inLanguage\":\"es\",\"potentialAction\":[{\"@type\":\"ReadAction\",\"target\":[\"https:\/\/laprensacristiana.com\/?p=16046\"]}]},{\"@type\":\"BreadcrumbList\",\"@id\":\"https:\/\/laprensacristiana.com\/?p=16046#breadcrumb\",\"itemListElement\":[{\"@type\":\"ListItem\",\"position\":1,\"name\":\"Portada\",\"item\":\"https:\/\/laprensacristiana.com\/\"},{\"@type\":\"ListItem\",\"position\":2,\"name\":\"Fallece Rev. Juan Bueno\"}]},{\"@type\":\"WebSite\",\"@id\":\"https:\/\/laprensacristiana.com\/#website\",\"url\":\"https:\/\/laprensacristiana.com\/\",\"name\":\"La Prensa Cristiana\",\"description\":\"Anunciando Las Buenas Nuevas\",\"potentialAction\":[{\"@type\":\"SearchAction\",\"target\":{\"@type\":\"EntryPoint\",\"urlTemplate\":\"https:\/\/laprensacristiana.com\/?s={search_term_string}\"},\"query-input\":\"required name=search_term_string\"}],\"inLanguage\":\"es\"},{\"@type\":\"Person\",\"@id\":\"https:\/\/laprensacristiana.com\/#\/schema\/person\/3e7d82c6bfd6b1fa67010f8f7cd5256e\",\"name\":\"EDITOR\",\"image\":{\"@type\":\"ImageObject\",\"inLanguage\":\"es\",\"@id\":\"https:\/\/laprensacristiana.com\/#\/schema\/person\/image\/\",\"url\":\"https:\/\/secure.gravatar.com\/avatar\/72069dfb6c13772d9e8381e3638666d2?s=96&d=mm&r=g\",\"contentUrl\":\"https:\/\/secure.gravatar.com\/avatar\/72069dfb6c13772d9e8381e3638666d2?s=96&d=mm&r=g\",\"caption\":\"EDITOR\"},\"url\":\"https:\/\/laprensacristiana.com\/?author=3\"}]}<\/script>\n<!-- \/ Yoast SEO plugin. -->","yoast_head_json":{"title":"Fallece Rev. Juan Bueno - La Prensa Cristiana","robots":{"index":"index","follow":"follow","max-snippet":"max-snippet:-1","max-image-preview":"max-image-preview:large","max-video-preview":"max-video-preview:-1"},"canonical":"https:\/\/laprensacristiana.com\/?p=16046","og_locale":"es_ES","og_type":"article","og_title":"Fallece Rev. Juan Bueno - La Prensa Cristiana","og_description":"Por: Edwin Gongora En un muy breve mensaje escrito en Facebook, la familia del Reverendo Juan Bueno dio a conocer este d\u00eda su fallecimiento de quien marc\u00f3 la vida de miles de personas con la predica de la palabra y en el tema educativo al ser el fundador de los Liceos Cristianos Rev. Juan Bueno [&hellip;]","og_url":"https:\/\/laprensacristiana.com\/?p=16046","og_site_name":"La Prensa Cristiana","article_published_time":"2024-01-24T18:59:53+00:00","article_modified_time":"2024-01-24T19:16:50+00:00","og_image":[{"width":4800,"height":2880,"url":"https:\/\/laprensacristiana.com\/wp-content\/uploads\/2024\/01\/Agregar-un-subtitulo-7.png","type":"image\/png"}],"author":"EDITOR","twitter_card":"summary_large_image","twitter_misc":{"Escrito por":"EDITOR","Tiempo de lectura":"2 minutos"},"schema":{"@context":"https:\/\/schema.org","@graph":[{"@type":"WebPage","@id":"https:\/\/laprensacristiana.com\/?p=16046","url":"https:\/\/laprensacristiana.com\/?p=16046","name":"Fallece Rev. Juan Bueno - La Prensa Cristiana","isPartOf":{"@id":"https:\/\/laprensacristiana.com\/#website"},"datePublished":"2024-01-24T18:59:53+00:00","dateModified":"2024-01-24T19:16:50+00:00","author":{"@id":"https:\/\/laprensacristiana.com\/#\/schema\/person\/3e7d82c6bfd6b1fa67010f8f7cd5256e"},"breadcrumb":{"@id":"https:\/\/laprensacristiana.com\/?p=16046#breadcrumb"},"inLanguage":"es","potentialAction":[{"@type":"ReadAction","target":["https:\/\/laprensacristiana.com\/?p=16046"]}]},{"@type":"BreadcrumbList","@id":"https:\/\/laprensacristiana.com\/?p=16046#breadcrumb","itemListElement":[{"@type":"ListItem","position":1,"name":"Portada","item":"https:\/\/laprensacristiana.com\/"},{"@type":"ListItem","position":2,"name":"Fallece Rev. Juan Bueno"}]},{"@type":"WebSite","@id":"https:\/\/laprensacristiana.com\/#website","url":"https:\/\/laprensacristiana.com\/","name":"La Prensa Cristiana","description":"Anunciando Las Buenas Nuevas","potentialAction":[{"@type":"SearchAction","target":{"@type":"EntryPoint","urlTemplate":"https:\/\/laprensacristiana.com\/?s={search_term_string}"},"query-input":"required name=search_term_string"}],"inLanguage":"es"},{"@type":"Person","@id":"https:\/\/laprensacristiana.com\/#\/schema\/person\/3e7d82c6bfd6b1fa67010f8f7cd5256e","name":"EDITOR","image":{"@type":"ImageObject","inLanguage":"es","@id":"https:\/\/laprensacristiana.com\/#\/schema\/person\/image\/","url":"https:\/\/secure.gravatar.com\/avatar\/72069dfb6c13772d9e8381e3638666d2?s=96&d=mm&r=g","contentUrl":"https:\/\/secure.gravatar.com\/avatar\/72069dfb6c13772d9e8381e3638666d2?s=96&d=mm&r=g","caption":"EDITOR"},"url":"https:\/\/laprensacristiana.com\/?author=3"}]}},"_links":{"self":[{"href":"https:\/\/laprensacristiana.com\/index.php?rest_route=\/wp\/v2\/posts\/16046"}],"collection":[{"href":"https:\/\/laprensacristiana.com\/index.php?rest_route=\/wp\/v2\/posts"}],"about":[{"href":"https:\/\/laprensacristiana.com\/index.php?rest_route=\/wp\/v2\/types\/post"}],"author":[{"embeddable":true,"href":"https:\/\/laprensacristiana.com\/index.php?rest_route=\/wp\/v2\/users\/3"}],"replies":[{"embeddable":true,"href":"https:\/\/laprensacristiana.com\/index.php?rest_route=%2Fwp%2Fv2%2Fcomments&post=16046"}],"version-history":[{"count":2,"href":"https:\/\/laprensacristiana.com\/index.php?rest_route=\/wp\/v2\/posts\/16046\/revisions"}],"predecessor-version":[{"id":16051,"href":"https:\/\/laprensacristiana.com\/index.php?rest_route=\/wp\/v2\/posts\/16046\/revisions\/16051"}],"wp:featuredmedia":[{"embeddable":true,"href":"https:\/\/laprensacristiana.com\/index.php?rest_route=\/wp\/v2\/media\/16047"}],"wp:attachment":[{"href":"https:\/\/laprensacristiana.com\/index.php?rest_route=%2Fwp%2Fv2%2Fmedia&parent=16046"}],"wp:term":[{"taxonomy":"category","embeddable":true,"href":"https:\/\/laprensacristiana.com\/index.php?rest_route=%2Fwp%2Fv2%2Fcategories&post=16046"},{"taxonomy":"post_tag","embeddable":true,"href":"https:\/\/laprensacristiana.com\/index.php?rest_route=%2Fwp%2Fv2%2Ftags&post=16046"}],"curies":[{"name":"wp","href":"https:\/\/api.w.org\/{rel}","templated":true}]}}