{"id":16059,"date":"2024-01-25T18:17:03","date_gmt":"2024-01-25T18:17:03","guid":{"rendered":"https:\/\/laprensacristiana.com\/?p=16059"},"modified":"2024-01-25T18:17:04","modified_gmt":"2024-01-25T18:17:04","slug":"history-makers-gradua-a-mas-de-50-lideres-de-iglesia-el-redil","status":"publish","type":"post","link":"https:\/\/laprensacristiana.com\/?p=16059","title":{"rendered":"History Makers grad\u00faa a m\u00e1s de 50 lideres de Iglesia El Redil"},"content":{"rendered":"\n<p>Por: Edwin G\u00f3ngora <\/p>\n\n\n\n<p>En la capacitaci\u00f3n est\u00e1 el \u00e9xito.<\/p>\n\n\n\n<p>Es una frase que tiene mucho fundamento, debido a que el desaf\u00edo para cumplir el trabajo de la Gran Comisi\u00f3n (ir y predicar el evangelio por todo el mundo) es la falta de l\u00edderes cristianos capacitados.<\/p>\n\n\n\n<p>Esta necesidad es la que motiva constantemente a los diferentes ministerios eclesi\u00e1sticos de las iglesias ofrecer formaci\u00f3n de liderazgo basada en la Biblia para los l\u00edderes de hoy, ma\u00f1ana y siempre.&nbsp;<\/p>\n\n\n\n<p>En la Iglesia Cristiana El Redil, esta m\u00e1xima es bien entendida por sus pastores, quienes le dan el valor que le corresponde.<\/p>\n\n\n\n<figure class=\"wp-block-image size-large\"><img decoding=\"async\" loading=\"lazy\" width=\"1024\" height=\"683\" src=\"https:\/\/laprensacristiana.com\/wp-content\/uploads\/2024\/01\/EL-REDIL-1-1024x683.jpg\" alt=\"\" class=\"wp-image-16061\" srcset=\"https:\/\/laprensacristiana.com\/wp-content\/uploads\/2024\/01\/EL-REDIL-1-1024x683.jpg 1024w, https:\/\/laprensacristiana.com\/wp-content\/uploads\/2024\/01\/EL-REDIL-1-300x200.jpg 300w, https:\/\/laprensacristiana.com\/wp-content\/uploads\/2024\/01\/EL-REDIL-1-768x512.jpg 768w, https:\/\/laprensacristiana.com\/wp-content\/uploads\/2024\/01\/EL-REDIL-1-1536x1024.jpg 1536w, https:\/\/laprensacristiana.com\/wp-content\/uploads\/2024\/01\/EL-REDIL-1-696x464.jpg 696w, https:\/\/laprensacristiana.com\/wp-content\/uploads\/2024\/01\/EL-REDIL-1-1068x712.jpg 1068w, https:\/\/laprensacristiana.com\/wp-content\/uploads\/2024\/01\/EL-REDIL-1-1920x1280.jpg 1920w, https:\/\/laprensacristiana.com\/wp-content\/uploads\/2024\/01\/EL-REDIL-1-600x400.jpg 600w, https:\/\/laprensacristiana.com\/wp-content\/uploads\/2024\/01\/EL-REDIL-1.jpg 2048w\" sizes=\"(max-width: 1024px) 100vw, 1024px\" \/><\/figure>\n\n\n\n<p>Recientemente todos sus equipos de servidores fueron capacitados en una preparaci\u00f3n en la que se les habl\u00f3 acerca los 8 valores de liderazgo, para generar un fuerte impacto en los resultados de las personas que son llevadas a los pies de Cristo.<\/p>\n\n\n\n<p>La organizaci\u00f3n History Makers, (creadores de historias), busca en quienes se desempe\u00f1an en un cargo de liderazgo, tener claro que necesitan ser entrenados adecuadamente con el fin de moldearse en varios aspectos que van desde el comportamiento, estado an\u00edmico, sentimientos y forma de ver a los dem\u00e1s.<\/p>\n\n\n\n<p>Los 8 valores del liderazgo destacan aspectos como la intimidad con Dios, pasi\u00f3n por la cosecha, evangelizaci\u00f3n, prioridad familia, mayordom\u00eda, integridad, liderazgo visionario y multiplicaci\u00f3n de lideres. Durante las jornadas m\u00e1s de 50 servidores fueron entrenados para la excelencia en el servicio.<\/p>\n\n\n\n<figure class=\"wp-block-image size-large\"><img decoding=\"async\" loading=\"lazy\" width=\"1024\" height=\"735\" src=\"https:\/\/laprensacristiana.com\/wp-content\/uploads\/2024\/01\/WhatsApp-Image-2024-01-25-at-9.28.39-AM-1024x735.jpeg\" alt=\"\" class=\"wp-image-16062\" srcset=\"https:\/\/laprensacristiana.com\/wp-content\/uploads\/2024\/01\/WhatsApp-Image-2024-01-25-at-9.28.39-AM-1024x735.jpeg 1024w, https:\/\/laprensacristiana.com\/wp-content\/uploads\/2024\/01\/WhatsApp-Image-2024-01-25-at-9.28.39-AM-300x215.jpeg 300w, https:\/\/laprensacristiana.com\/wp-content\/uploads\/2024\/01\/WhatsApp-Image-2024-01-25-at-9.28.39-AM-768x551.jpeg 768w, https:\/\/laprensacristiana.com\/wp-content\/uploads\/2024\/01\/WhatsApp-Image-2024-01-25-at-9.28.39-AM-696x499.jpeg 696w, https:\/\/laprensacristiana.com\/wp-content\/uploads\/2024\/01\/WhatsApp-Image-2024-01-25-at-9.28.39-AM-600x430.jpeg 600w, https:\/\/laprensacristiana.com\/wp-content\/uploads\/2024\/01\/WhatsApp-Image-2024-01-25-at-9.28.39-AM.jpeg 1040w\" sizes=\"(max-width: 1024px) 100vw, 1024px\" \/><\/figure>\n\n\n\n<p>Los Pastores Sara y Vladimir G\u00e1lvez, est\u00e1n claros de todo esto y aseguran que Dios ha sido bueno al permitir enfrentar este reto y alcanzar la meta: \u201cComo iglesia, buscamos estar capacitados para servirle mejor\u201d. Se\u00f1ala un post colocado en su p\u00e1gina de Facebook.<\/p>\n\n\n\n<p>Debemos recordar que cuando no nos entrenamos damos pasos en falso y si bien Dios permite algunas cosas en nosotros es para observar c\u00f3mo reaccionamos.&nbsp;<\/p>\n\n\n\n<p>Martin Lutero, con relaci\u00f3n al servicio se\u00f1al\u00f3: \u201cDios no quiere que el \u00e9xito llegue sin esfuerzo\u2026 No quiere que me quede en casa sentado ni que deje pasar la vida sin hacer nada, o le entregue mis asuntos y espere hasta que un pollo frito vuele y caiga en mi boca. Eso ser\u00eda tentar a Dios\u201d<\/p>\n\n\n\n<p>Los pastores de Iglesia El Redil hacen una invitaci\u00f3n a quienes les gustar\u00eda ser parte de su ministerio y acompa\u00f1arlos en este viaje de crecimiento.<\/p>\n\n\n\n<figure class=\"wp-block-gallery has-nested-images columns-default is-cropped wp-block-gallery-1 is-layout-flex\">\n<figure class=\"wp-block-image size-large\"><img decoding=\"async\" loading=\"lazy\" width=\"1024\" height=\"683\" data-id=\"16063\"  src=\"https:\/\/laprensacristiana.com\/wp-content\/uploads\/2024\/01\/EL-REDIL-3-1024x683.jpg\" alt=\"\" class=\"wp-image-16063\" srcset=\"https:\/\/laprensacristiana.com\/wp-content\/uploads\/2024\/01\/EL-REDIL-3-1024x683.jpg 1024w, https:\/\/laprensacristiana.com\/wp-content\/uploads\/2024\/01\/EL-REDIL-3-300x200.jpg 300w, https:\/\/laprensacristiana.com\/wp-content\/uploads\/2024\/01\/EL-REDIL-3-768x512.jpg 768w, https:\/\/laprensacristiana.com\/wp-content\/uploads\/2024\/01\/EL-REDIL-3-1536x1024.jpg 1536w, https:\/\/laprensacristiana.com\/wp-content\/uploads\/2024\/01\/EL-REDIL-3-696x464.jpg 696w, https:\/\/laprensacristiana.com\/wp-content\/uploads\/2024\/01\/EL-REDIL-3-1068x712.jpg 1068w, https:\/\/laprensacristiana.com\/wp-content\/uploads\/2024\/01\/EL-REDIL-3-1920x1280.jpg 1920w, https:\/\/laprensacristiana.com\/wp-content\/uploads\/2024\/01\/EL-REDIL-3-600x400.jpg 600w, https:\/\/laprensacristiana.com\/wp-content\/uploads\/2024\/01\/EL-REDIL-3.jpg 2048w\" sizes=\"(max-width: 1024px) 100vw, 1024px\" \/><\/figure>\n<\/figure>\n\n\n\n<figure class=\"wp-block-image size-large\"><img decoding=\"async\" loading=\"lazy\" width=\"1024\" height=\"683\" src=\"https:\/\/laprensacristiana.com\/wp-content\/uploads\/2024\/01\/WhatsApp-Image-2024-01-24-at-9.58.56-PM-1-1024x683.jpeg\" alt=\"\" class=\"wp-image-16064\" srcset=\"https:\/\/laprensacristiana.com\/wp-content\/uploads\/2024\/01\/WhatsApp-Image-2024-01-24-at-9.58.56-PM-1-1024x683.jpeg 1024w, https:\/\/laprensacristiana.com\/wp-content\/uploads\/2024\/01\/WhatsApp-Image-2024-01-24-at-9.58.56-PM-1-300x200.jpeg 300w, https:\/\/laprensacristiana.com\/wp-content\/uploads\/2024\/01\/WhatsApp-Image-2024-01-24-at-9.58.56-PM-1-768x512.jpeg 768w, https:\/\/laprensacristiana.com\/wp-content\/uploads\/2024\/01\/WhatsApp-Image-2024-01-24-at-9.58.56-PM-1-696x464.jpeg 696w, https:\/\/laprensacristiana.com\/wp-content\/uploads\/2024\/01\/WhatsApp-Image-2024-01-24-at-9.58.56-PM-1-1068x712.jpeg 1068w, https:\/\/laprensacristiana.com\/wp-content\/uploads\/2024\/01\/WhatsApp-Image-2024-01-24-at-9.58.56-PM-1-600x400.jpeg 600w, https:\/\/laprensacristiana.com\/wp-content\/uploads\/2024\/01\/WhatsApp-Image-2024-01-24-at-9.58.56-PM-1.jpeg 1296w\" sizes=\"(max-width: 1024px) 100vw, 1024px\" \/><\/figure>\n\n\n\n<figure class=\"wp-block-image size-large\"><img decoding=\"async\" loading=\"lazy\" width=\"1024\" height=\"683\" src=\"https:\/\/laprensacristiana.com\/wp-content\/uploads\/2024\/01\/REDIL-2-1024x683.jpg\" alt=\"\" class=\"wp-image-16065\" srcset=\"https:\/\/laprensacristiana.com\/wp-content\/uploads\/2024\/01\/REDIL-2-1024x683.jpg 1024w, https:\/\/laprensacristiana.com\/wp-content\/uploads\/2024\/01\/REDIL-2-300x200.jpg 300w, https:\/\/laprensacristiana.com\/wp-content\/uploads\/2024\/01\/REDIL-2-768x512.jpg 768w, https:\/\/laprensacristiana.com\/wp-content\/uploads\/2024\/01\/REDIL-2-1536x1024.jpg 1536w, https:\/\/laprensacristiana.com\/wp-content\/uploads\/2024\/01\/REDIL-2-696x464.jpg 696w, https:\/\/laprensacristiana.com\/wp-content\/uploads\/2024\/01\/REDIL-2-1068x712.jpg 1068w, https:\/\/laprensacristiana.com\/wp-content\/uploads\/2024\/01\/REDIL-2-1920x1280.jpg 1920w, https:\/\/laprensacristiana.com\/wp-content\/uploads\/2024\/01\/REDIL-2-600x400.jpg 600w, https:\/\/laprensacristiana.com\/wp-content\/uploads\/2024\/01\/REDIL-2.jpg 2048w\" sizes=\"(max-width: 1024px) 100vw, 1024px\" \/><\/figure>\n","protected":false},"excerpt":{"rendered":"<p>Por: Edwin G\u00f3ngora En la capacitaci\u00f3n est\u00e1 el \u00e9xito. Es una frase que tiene mucho fundamento, debido a que el desaf\u00edo para cumplir el trabajo de la Gran Comisi\u00f3n (ir y predicar el evangelio por todo el mundo) es la falta de l\u00edderes cristianos capacitados. Esta necesidad es la que motiva constantemente a los diferentes [&hellip;]<\/p>\n","protected":false},"author":3,"featured_media":16060,"comment_status":"open","ping_status":"open","sticky":false,"template":"","format":"standard","meta":[],"categories":[56],"tags":[],"yoast_head":"<!-- This site is optimized with the Yoast SEO plugin v20.8 - https:\/\/yoast.com\/wordpress\/plugins\/seo\/ -->\n<title>History Makers grad\u00faa a m\u00e1s de 50 lideres de Iglesia El Redil - La Prensa Cristiana<\/title>\n<meta name=\"robots\" content=\"index, follow, max-snippet:-1, max-image-preview:large, max-video-preview:-1\" \/>\n<link rel=\"canonical\" href=\"https:\/\/laprensacristiana.com\/?p=16059\" \/>\n<meta property=\"og:locale\" content=\"es_ES\" \/>\n<meta property=\"og:type\" content=\"article\" \/>\n<meta property=\"og:title\" content=\"History Makers grad\u00faa a m\u00e1s de 50 lideres de Iglesia El Redil - La Prensa Cristiana\" \/>\n<meta property=\"og:description\" content=\"Por: Edwin G\u00f3ngora En la capacitaci\u00f3n est\u00e1 el \u00e9xito. Es una frase que tiene mucho fundamento, debido a que el desaf\u00edo para cumplir el trabajo de la Gran Comisi\u00f3n (ir y predicar el evangelio por todo el mundo) es la falta de l\u00edderes cristianos capacitados. Esta necesidad es la que motiva constantemente a los diferentes [&hellip;]\" \/>\n<meta property=\"og:url\" content=\"https:\/\/laprensacristiana.com\/?p=16059\" \/>\n<meta property=\"og:site_name\" content=\"La Prensa Cristiana\" \/>\n<meta property=\"article:published_time\" content=\"2024-01-25T18:17:03+00:00\" \/>\n<meta property=\"article:modified_time\" content=\"2024-01-25T18:17:04+00:00\" \/>\n<meta property=\"og:image\" content=\"https:\/\/laprensacristiana.com\/wp-content\/uploads\/2024\/01\/WhatsApp-Image-2024-01-24-at-9.58.56-PM-3.jpeg\" \/>\n\t<meta property=\"og:image:width\" content=\"1296\" \/>\n\t<meta property=\"og:image:height\" content=\"864\" \/>\n\t<meta property=\"og:image:type\" content=\"image\/jpeg\" \/>\n<meta name=\"author\" content=\"EDITOR\" \/>\n<meta name=\"twitter:card\" content=\"summary_large_image\" \/>\n<meta name=\"twitter:label1\" content=\"Escrito por\" \/>\n\t<meta name=\"twitter:data1\" content=\"EDITOR\" \/>\n\t<meta name=\"twitter:label2\" content=\"Tiempo de lectura\" \/>\n\t<meta name=\"twitter:data2\" content=\"3 minutos\" \/>\n<script type=\"application\/ld+json\" class=\"yoast-schema-graph\">{\"@context\":\"https:\/\/schema.org\",\"@graph\":[{\"@type\":\"WebPage\",\"@id\":\"https:\/\/laprensacristiana.com\/?p=16059\",\"url\":\"https:\/\/laprensacristiana.com\/?p=16059\",\"name\":\"History Makers grad\u00faa a m\u00e1s de 50 lideres de Iglesia El Redil - La Prensa Cristiana\",\"isPartOf\":{\"@id\":\"https:\/\/laprensacristiana.com\/#website\"},\"datePublished\":\"2024-01-25T18:17:03+00:00\",\"dateModified\":\"2024-01-25T18:17:04+00:00\",\"author\":{\"@id\":\"https:\/\/laprensacristiana.com\/#\/schema\/person\/3e7d82c6bfd6b1fa67010f8f7cd5256e\"},\"breadcrumb\":{\"@id\":\"https:\/\/laprensacristiana.com\/?p=16059#breadcrumb\"},\"inLanguage\":\"es\",\"potentialAction\":[{\"@type\":\"ReadAction\",\"target\":[\"https:\/\/laprensacristiana.com\/?p=16059\"]}]},{\"@type\":\"BreadcrumbList\",\"@id\":\"https:\/\/laprensacristiana.com\/?p=16059#breadcrumb\",\"itemListElement\":[{\"@type\":\"ListItem\",\"position\":1,\"name\":\"Portada\",\"item\":\"https:\/\/laprensacristiana.com\/\"},{\"@type\":\"ListItem\",\"position\":2,\"name\":\"History Makers grad\u00faa a m\u00e1s de 50 lideres de Iglesia El Redil\"}]},{\"@type\":\"WebSite\",\"@id\":\"https:\/\/laprensacristiana.com\/#website\",\"url\":\"https:\/\/laprensacristiana.com\/\",\"name\":\"La Prensa Cristiana\",\"description\":\"Anunciando Las Buenas Nuevas\",\"potentialAction\":[{\"@type\":\"SearchAction\",\"target\":{\"@type\":\"EntryPoint\",\"urlTemplate\":\"https:\/\/laprensacristiana.com\/?s={search_term_string}\"},\"query-input\":\"required name=search_term_string\"}],\"inLanguage\":\"es\"},{\"@type\":\"Person\",\"@id\":\"https:\/\/laprensacristiana.com\/#\/schema\/person\/3e7d82c6bfd6b1fa67010f8f7cd5256e\",\"name\":\"EDITOR\",\"image\":{\"@type\":\"ImageObject\",\"inLanguage\":\"es\",\"@id\":\"https:\/\/laprensacristiana.com\/#\/schema\/person\/image\/\",\"url\":\"https:\/\/secure.gravatar.com\/avatar\/72069dfb6c13772d9e8381e3638666d2?s=96&d=mm&r=g\",\"contentUrl\":\"https:\/\/secure.gravatar.com\/avatar\/72069dfb6c13772d9e8381e3638666d2?s=96&d=mm&r=g\",\"caption\":\"EDITOR\"},\"url\":\"https:\/\/laprensacristiana.com\/?author=3\"}]}<\/script>\n<!-- \/ Yoast SEO plugin. -->","yoast_head_json":{"title":"History Makers grad\u00faa a m\u00e1s de 50 lideres de Iglesia El Redil - La Prensa Cristiana","robots":{"index":"index","follow":"follow","max-snippet":"max-snippet:-1","max-image-preview":"max-image-preview:large","max-video-preview":"max-video-preview:-1"},"canonical":"https:\/\/laprensacristiana.com\/?p=16059","og_locale":"es_ES","og_type":"article","og_title":"History Makers grad\u00faa a m\u00e1s de 50 lideres de Iglesia El Redil - La Prensa Cristiana","og_description":"Por: Edwin G\u00f3ngora En la capacitaci\u00f3n est\u00e1 el \u00e9xito. Es una frase que tiene mucho fundamento, debido a que el desaf\u00edo para cumplir el trabajo de la Gran Comisi\u00f3n (ir y predicar el evangelio por todo el mundo) es la falta de l\u00edderes cristianos capacitados. Esta necesidad es la que motiva constantemente a los diferentes [&hellip;]","og_url":"https:\/\/laprensacristiana.com\/?p=16059","og_site_name":"La Prensa Cristiana","article_published_time":"2024-01-25T18:17:03+00:00","article_modified_time":"2024-01-25T18:17:04+00:00","og_image":[{"width":1296,"height":864,"url":"https:\/\/laprensacristiana.com\/wp-content\/uploads\/2024\/01\/WhatsApp-Image-2024-01-24-at-9.58.56-PM-3.jpeg","type":"image\/jpeg"}],"author":"EDITOR","twitter_card":"summary_large_image","twitter_misc":{"Escrito por":"EDITOR","Tiempo de lectura":"3 minutos"},"schema":{"@context":"https:\/\/schema.org","@graph":[{"@type":"WebPage","@id":"https:\/\/laprensacristiana.com\/?p=16059","url":"https:\/\/laprensacristiana.com\/?p=16059","name":"History Makers grad\u00faa a m\u00e1s de 50 lideres de Iglesia El Redil - La Prensa Cristiana","isPartOf":{"@id":"https:\/\/laprensacristiana.com\/#website"},"datePublished":"2024-01-25T18:17:03+00:00","dateModified":"2024-01-25T18:17:04+00:00","author":{"@id":"https:\/\/laprensacristiana.com\/#\/schema\/person\/3e7d82c6bfd6b1fa67010f8f7cd5256e"},"breadcrumb":{"@id":"https:\/\/laprensacristiana.com\/?p=16059#breadcrumb"},"inLanguage":"es","potentialAction":[{"@type":"ReadAction","target":["https:\/\/laprensacristiana.com\/?p=16059"]}]},{"@type":"BreadcrumbList","@id":"https:\/\/laprensacristiana.com\/?p=16059#breadcrumb","itemListElement":[{"@type":"ListItem","position":1,"name":"Portada","item":"https:\/\/laprensacristiana.com\/"},{"@type":"ListItem","position":2,"name":"History Makers grad\u00faa a m\u00e1s de 50 lideres de Iglesia El Redil"}]},{"@type":"WebSite","@id":"https:\/\/laprensacristiana.com\/#website","url":"https:\/\/laprensacristiana.com\/","name":"La Prensa Cristiana","description":"Anunciando Las Buenas Nuevas","potentialAction":[{"@type":"SearchAction","target":{"@type":"EntryPoint","urlTemplate":"https:\/\/laprensacristiana.com\/?s={search_term_string}"},"query-input":"required name=search_term_string"}],"inLanguage":"es"},{"@type":"Person","@id":"https:\/\/laprensacristiana.com\/#\/schema\/person\/3e7d82c6bfd6b1fa67010f8f7cd5256e","name":"EDITOR","image":{"@type":"ImageObject","inLanguage":"es","@id":"https:\/\/laprensacristiana.com\/#\/schema\/person\/image\/","url":"https:\/\/secure.gravatar.com\/avatar\/72069dfb6c13772d9e8381e3638666d2?s=96&d=mm&r=g","contentUrl":"https:\/\/secure.gravatar.com\/avatar\/72069dfb6c13772d9e8381e3638666d2?s=96&d=mm&r=g","caption":"EDITOR"},"url":"https:\/\/laprensacristiana.com\/?author=3"}]}},"_links":{"self":[{"href":"https:\/\/laprensacristiana.com\/index.php?rest_route=\/wp\/v2\/posts\/16059"}],"collection":[{"href":"https:\/\/laprensacristiana.com\/index.php?rest_route=\/wp\/v2\/posts"}],"about":[{"href":"https:\/\/laprensacristiana.com\/index.php?rest_route=\/wp\/v2\/types\/post"}],"author":[{"embeddable":true,"href":"https:\/\/laprensacristiana.com\/index.php?rest_route=\/wp\/v2\/users\/3"}],"replies":[{"embeddable":true,"href":"https:\/\/laprensacristiana.com\/index.php?rest_route=%2Fwp%2Fv2%2Fcomments&post=16059"}],"version-history":[{"count":1,"href":"https:\/\/laprensacristiana.com\/index.php?rest_route=\/wp\/v2\/posts\/16059\/revisions"}],"predecessor-version":[{"id":16066,"href":"https:\/\/laprensacristiana.com\/index.php?rest_route=\/wp\/v2\/posts\/16059\/revisions\/16066"}],"wp:featuredmedia":[{"embeddable":true,"href":"https:\/\/laprensacristiana.com\/index.php?rest_route=\/wp\/v2\/media\/16060"}],"wp:attachment":[{"href":"https:\/\/laprensacristiana.com\/index.php?rest_route=%2Fwp%2Fv2%2Fmedia&parent=16059"}],"wp:term":[{"taxonomy":"category","embeddable":true,"href":"https:\/\/laprensacristiana.com\/index.php?rest_route=%2Fwp%2Fv2%2Fcategories&post=16059"},{"taxonomy":"post_tag","embeddable":true,"href":"https:\/\/laprensacristiana.com\/index.php?rest_route=%2Fwp%2Fv2%2Ftags&post=16059"}],"curies":[{"name":"wp","href":"https:\/\/api.w.org\/{rel}","templated":true}]}}