{"id":1606,"date":"2016-10-04T17:16:21","date_gmt":"2016-10-04T17:16:21","guid":{"rendered":"https:\/\/laprensacristiana.com\/?p=1606"},"modified":"2020-07-02T01:43:00","modified_gmt":"2020-07-02T01:43:00","slug":"unidos-por-un-mismo-proposito","status":"publish","type":"post","link":"https:\/\/laprensacristiana.com\/?p=1606","title":{"rendered":"Unidos por un mismo prop\u00f3sito"},"content":{"rendered":"<p>El mes de octubre fue recibido de la mejor manera en diferentes iglesias de las Asambleas de Dios, quienes realizaron su congreso \u201cSalvemos a la Familia El Salvador 2016\u201d.<\/p>\n<figure id=\"attachment_1608\" aria-describedby=\"caption-attachment-1608\" style=\"width: 300px\" class=\"wp-caption alignnone\"><img decoding=\"async\" loading=\"lazy\" class=\"size-medium wp-image-1608\" src=\"https:\/\/laprensacristiana.com\/wp-content\/uploads\/2016\/10\/amilia5-300x169.jpg\" alt=\"www.facebook.com\/Salvemos-a-la-Familia-El-Salvado\" width=\"300\" height=\"169\" srcset=\"https:\/\/laprensacristiana.com\/wp-content\/uploads\/2016\/10\/amilia5-300x169.jpg 300w, https:\/\/laprensacristiana.com\/wp-content\/uploads\/2016\/10\/amilia5-600x338.jpg 600w, https:\/\/laprensacristiana.com\/wp-content\/uploads\/2016\/10\/amilia5-768x432.jpg 768w, https:\/\/laprensacristiana.com\/wp-content\/uploads\/2016\/10\/amilia5-1024x576.jpg 1024w, https:\/\/laprensacristiana.com\/wp-content\/uploads\/2016\/10\/amilia5-696x392.jpg 696w, https:\/\/laprensacristiana.com\/wp-content\/uploads\/2016\/10\/amilia5.jpg 1032w, https:\/\/laprensacristiana.com\/wp-content\/uploads\/2016\/10\/amilia5-746x420.jpg 746w\" sizes=\"(max-width: 300px) 100vw, 300px\" \/><figcaption id=\"caption-attachment-1608\" class=\"wp-caption-text\">www.facebook.com\/Salvemos-a-la-Familia-El-Salvador<\/figcaption><\/figure>\n<p>El viernes 30 de septiembre, se hizo una inauguraci\u00f3n en cada iglesia, el s\u00e1bado 1 de octubre por la ma\u00f1ana se realiz\u00f3 un seminario taller para pastores en el Templo Cristiano de las Asambleas de Dios, contando con la asistencia de aproximadamente 300 siervos de Dios a quienes se les hablo temas de familia y sanidad, motivando a la unidad familiar y ser ejemplo para las familias de la iglesia.<\/p>\n<p>Fueron cinco templos en los cuales simult\u00e1neamente se estuvieron realizando talleres con diferentes temas, siempre enfocados a la familia, los ponentes fueron pastores de Per\u00fa. Guatemala, Colombia y Ecuador quienes desarrollan sus ministerios enfocados a la familia.<\/p>\n<figure id=\"attachment_1610\" aria-describedby=\"caption-attachment-1610\" style=\"width: 300px\" class=\"wp-caption alignnone\"><img decoding=\"async\" loading=\"lazy\" class=\"size-medium wp-image-1610\" src=\"https:\/\/laprensacristiana.com\/wp-content\/uploads\/2016\/10\/familia1-300x200.jpg\" alt=\"www.facebook.com\/Salvemos-a-la-Familia-El-Salvado\" width=\"300\" height=\"200\" srcset=\"https:\/\/laprensacristiana.com\/wp-content\/uploads\/2016\/10\/familia1-300x200.jpg 300w, https:\/\/laprensacristiana.com\/wp-content\/uploads\/2016\/10\/familia1-600x400.jpg 600w, https:\/\/laprensacristiana.com\/wp-content\/uploads\/2016\/10\/familia1-768x512.jpg 768w, https:\/\/laprensacristiana.com\/wp-content\/uploads\/2016\/10\/familia1-1024x683.jpg 1024w, https:\/\/laprensacristiana.com\/wp-content\/uploads\/2016\/10\/familia1-696x464.jpg 696w, https:\/\/laprensacristiana.com\/wp-content\/uploads\/2016\/10\/familia1-1068x712.jpg 1068w, https:\/\/laprensacristiana.com\/wp-content\/uploads\/2016\/10\/familia1-630x420.jpg 630w, https:\/\/laprensacristiana.com\/wp-content\/uploads\/2016\/10\/familia1.jpg 2048w\" sizes=\"(max-width: 300px) 100vw, 300px\" \/><figcaption id=\"caption-attachment-1610\" class=\"wp-caption-text\">www.facebook.com\/Salvemos-a-la-Familia-El-Salvador<\/figcaption><\/figure>\n<p>El pr\u00f3ximo a\u00f1o se espera la visita del pastor Rey Matos y Sixto Porras. Familias enteras pudieron ser bendecidas por Dios, impactadas por su gran poder y desafiadas a poder ser una familia conforme a su Palabra lo ordena.<\/p>\n","protected":false},"excerpt":{"rendered":"<p>El mes de octubre fue recibido de la mejor manera en diferentes iglesias de las Asambleas de Dios, quienes realizaron su congreso \u201cSalvemos a la Familia El Salvador 2016\u201d. El viernes 30 de septiembre, se hizo una inauguraci\u00f3n en cada iglesia, el s\u00e1bado 1 de octubre por la ma\u00f1ana se realiz\u00f3 un seminario taller para [&hellip;]<\/p>\n","protected":false},"author":3,"featured_media":1609,"comment_status":"open","ping_status":"open","sticky":false,"template":"","format":"standard","meta":[],"categories":[36],"tags":[],"yoast_head":"<!-- This site is optimized with the Yoast SEO plugin v20.8 - https:\/\/yoast.com\/wordpress\/plugins\/seo\/ -->\n<title>Unidos por un mismo prop\u00f3sito - La Prensa Cristiana<\/title>\n<meta name=\"robots\" content=\"index, follow, max-snippet:-1, max-image-preview:large, max-video-preview:-1\" \/>\n<link rel=\"canonical\" href=\"https:\/\/laprensacristiana.com\/?p=1606\" \/>\n<meta property=\"og:locale\" content=\"es_ES\" \/>\n<meta property=\"og:type\" content=\"article\" \/>\n<meta property=\"og:title\" content=\"Unidos por un mismo prop\u00f3sito - La Prensa Cristiana\" \/>\n<meta property=\"og:description\" content=\"El mes de octubre fue recibido de la mejor manera en diferentes iglesias de las Asambleas de Dios, quienes realizaron su congreso \u201cSalvemos a la Familia El Salvador 2016\u201d. El viernes 30 de septiembre, se hizo una inauguraci\u00f3n en cada iglesia, el s\u00e1bado 1 de octubre por la ma\u00f1ana se realiz\u00f3 un seminario taller para [&hellip;]\" \/>\n<meta property=\"og:url\" content=\"https:\/\/laprensacristiana.com\/?p=1606\" \/>\n<meta property=\"og:site_name\" content=\"La Prensa Cristiana\" \/>\n<meta property=\"article:published_time\" content=\"2016-10-04T17:16:21+00:00\" \/>\n<meta property=\"article:modified_time\" content=\"2020-07-02T01:43:00+00:00\" \/>\n<meta property=\"og:image\" content=\"https:\/\/laprensacristiana.com\/wp-content\/uploads\/2016\/10\/familia4.jpg\" \/>\n\t<meta property=\"og:image:width\" content=\"960\" \/>\n\t<meta property=\"og:image:height\" content=\"720\" \/>\n\t<meta property=\"og:image:type\" content=\"image\/jpeg\" \/>\n<meta name=\"author\" content=\"EDITOR\" \/>\n<meta name=\"twitter:card\" content=\"summary_large_image\" \/>\n<meta name=\"twitter:label1\" content=\"Escrito por\" \/>\n\t<meta name=\"twitter:data1\" content=\"EDITOR\" \/>\n\t<meta name=\"twitter:label2\" content=\"Tiempo de lectura\" \/>\n\t<meta name=\"twitter:data2\" content=\"1 minuto\" \/>\n<script type=\"application\/ld+json\" class=\"yoast-schema-graph\">{\"@context\":\"https:\/\/schema.org\",\"@graph\":[{\"@type\":\"WebPage\",\"@id\":\"https:\/\/laprensacristiana.com\/?p=1606\",\"url\":\"https:\/\/laprensacristiana.com\/?p=1606\",\"name\":\"Unidos por un mismo prop\u00f3sito - La Prensa Cristiana\",\"isPartOf\":{\"@id\":\"https:\/\/laprensacristiana.com\/#website\"},\"datePublished\":\"2016-10-04T17:16:21+00:00\",\"dateModified\":\"2020-07-02T01:43:00+00:00\",\"author\":{\"@id\":\"https:\/\/laprensacristiana.com\/#\/schema\/person\/3e7d82c6bfd6b1fa67010f8f7cd5256e\"},\"breadcrumb\":{\"@id\":\"https:\/\/laprensacristiana.com\/?p=1606#breadcrumb\"},\"inLanguage\":\"es\",\"potentialAction\":[{\"@type\":\"ReadAction\",\"target\":[\"https:\/\/laprensacristiana.com\/?p=1606\"]}]},{\"@type\":\"BreadcrumbList\",\"@id\":\"https:\/\/laprensacristiana.com\/?p=1606#breadcrumb\",\"itemListElement\":[{\"@type\":\"ListItem\",\"position\":1,\"name\":\"Portada\",\"item\":\"https:\/\/laprensacristiana.com\/\"},{\"@type\":\"ListItem\",\"position\":2,\"name\":\"Unidos por un mismo prop\u00f3sito\"}]},{\"@type\":\"WebSite\",\"@id\":\"https:\/\/laprensacristiana.com\/#website\",\"url\":\"https:\/\/laprensacristiana.com\/\",\"name\":\"La Prensa Cristiana\",\"description\":\"Anunciando Las Buenas Nuevas\",\"potentialAction\":[{\"@type\":\"SearchAction\",\"target\":{\"@type\":\"EntryPoint\",\"urlTemplate\":\"https:\/\/laprensacristiana.com\/?s={search_term_string}\"},\"query-input\":\"required name=search_term_string\"}],\"inLanguage\":\"es\"},{\"@type\":\"Person\",\"@id\":\"https:\/\/laprensacristiana.com\/#\/schema\/person\/3e7d82c6bfd6b1fa67010f8f7cd5256e\",\"name\":\"EDITOR\",\"image\":{\"@type\":\"ImageObject\",\"inLanguage\":\"es\",\"@id\":\"https:\/\/laprensacristiana.com\/#\/schema\/person\/image\/\",\"url\":\"https:\/\/secure.gravatar.com\/avatar\/72069dfb6c13772d9e8381e3638666d2?s=96&d=mm&r=g\",\"contentUrl\":\"https:\/\/secure.gravatar.com\/avatar\/72069dfb6c13772d9e8381e3638666d2?s=96&d=mm&r=g\",\"caption\":\"EDITOR\"},\"url\":\"https:\/\/laprensacristiana.com\/?author=3\"}]}<\/script>\n<!-- \/ Yoast SEO plugin. -->","yoast_head_json":{"title":"Unidos por un mismo prop\u00f3sito - La Prensa Cristiana","robots":{"index":"index","follow":"follow","max-snippet":"max-snippet:-1","max-image-preview":"max-image-preview:large","max-video-preview":"max-video-preview:-1"},"canonical":"https:\/\/laprensacristiana.com\/?p=1606","og_locale":"es_ES","og_type":"article","og_title":"Unidos por un mismo prop\u00f3sito - La Prensa Cristiana","og_description":"El mes de octubre fue recibido de la mejor manera en diferentes iglesias de las Asambleas de Dios, quienes realizaron su congreso \u201cSalvemos a la Familia El Salvador 2016\u201d. El viernes 30 de septiembre, se hizo una inauguraci\u00f3n en cada iglesia, el s\u00e1bado 1 de octubre por la ma\u00f1ana se realiz\u00f3 un seminario taller para [&hellip;]","og_url":"https:\/\/laprensacristiana.com\/?p=1606","og_site_name":"La Prensa Cristiana","article_published_time":"2016-10-04T17:16:21+00:00","article_modified_time":"2020-07-02T01:43:00+00:00","og_image":[{"width":960,"height":720,"url":"https:\/\/laprensacristiana.com\/wp-content\/uploads\/2016\/10\/familia4.jpg","type":"image\/jpeg"}],"author":"EDITOR","twitter_card":"summary_large_image","twitter_misc":{"Escrito por":"EDITOR","Tiempo de lectura":"1 minuto"},"schema":{"@context":"https:\/\/schema.org","@graph":[{"@type":"WebPage","@id":"https:\/\/laprensacristiana.com\/?p=1606","url":"https:\/\/laprensacristiana.com\/?p=1606","name":"Unidos por un mismo prop\u00f3sito - La Prensa Cristiana","isPartOf":{"@id":"https:\/\/laprensacristiana.com\/#website"},"datePublished":"2016-10-04T17:16:21+00:00","dateModified":"2020-07-02T01:43:00+00:00","author":{"@id":"https:\/\/laprensacristiana.com\/#\/schema\/person\/3e7d82c6bfd6b1fa67010f8f7cd5256e"},"breadcrumb":{"@id":"https:\/\/laprensacristiana.com\/?p=1606#breadcrumb"},"inLanguage":"es","potentialAction":[{"@type":"ReadAction","target":["https:\/\/laprensacristiana.com\/?p=1606"]}]},{"@type":"BreadcrumbList","@id":"https:\/\/laprensacristiana.com\/?p=1606#breadcrumb","itemListElement":[{"@type":"ListItem","position":1,"name":"Portada","item":"https:\/\/laprensacristiana.com\/"},{"@type":"ListItem","position":2,"name":"Unidos por un mismo prop\u00f3sito"}]},{"@type":"WebSite","@id":"https:\/\/laprensacristiana.com\/#website","url":"https:\/\/laprensacristiana.com\/","name":"La Prensa Cristiana","description":"Anunciando Las Buenas Nuevas","potentialAction":[{"@type":"SearchAction","target":{"@type":"EntryPoint","urlTemplate":"https:\/\/laprensacristiana.com\/?s={search_term_string}"},"query-input":"required name=search_term_string"}],"inLanguage":"es"},{"@type":"Person","@id":"https:\/\/laprensacristiana.com\/#\/schema\/person\/3e7d82c6bfd6b1fa67010f8f7cd5256e","name":"EDITOR","image":{"@type":"ImageObject","inLanguage":"es","@id":"https:\/\/laprensacristiana.com\/#\/schema\/person\/image\/","url":"https:\/\/secure.gravatar.com\/avatar\/72069dfb6c13772d9e8381e3638666d2?s=96&d=mm&r=g","contentUrl":"https:\/\/secure.gravatar.com\/avatar\/72069dfb6c13772d9e8381e3638666d2?s=96&d=mm&r=g","caption":"EDITOR"},"url":"https:\/\/laprensacristiana.com\/?author=3"}]}},"_links":{"self":[{"href":"https:\/\/laprensacristiana.com\/index.php?rest_route=\/wp\/v2\/posts\/1606"}],"collection":[{"href":"https:\/\/laprensacristiana.com\/index.php?rest_route=\/wp\/v2\/posts"}],"about":[{"href":"https:\/\/laprensacristiana.com\/index.php?rest_route=\/wp\/v2\/types\/post"}],"author":[{"embeddable":true,"href":"https:\/\/laprensacristiana.com\/index.php?rest_route=\/wp\/v2\/users\/3"}],"replies":[{"embeddable":true,"href":"https:\/\/laprensacristiana.com\/index.php?rest_route=%2Fwp%2Fv2%2Fcomments&post=1606"}],"version-history":[{"count":1,"href":"https:\/\/laprensacristiana.com\/index.php?rest_route=\/wp\/v2\/posts\/1606\/revisions"}],"predecessor-version":[{"id":1611,"href":"https:\/\/laprensacristiana.com\/index.php?rest_route=\/wp\/v2\/posts\/1606\/revisions\/1611"}],"wp:featuredmedia":[{"embeddable":true,"href":"https:\/\/laprensacristiana.com\/index.php?rest_route=\/wp\/v2\/media\/1609"}],"wp:attachment":[{"href":"https:\/\/laprensacristiana.com\/index.php?rest_route=%2Fwp%2Fv2%2Fmedia&parent=1606"}],"wp:term":[{"taxonomy":"category","embeddable":true,"href":"https:\/\/laprensacristiana.com\/index.php?rest_route=%2Fwp%2Fv2%2Fcategories&post=1606"},{"taxonomy":"post_tag","embeddable":true,"href":"https:\/\/laprensacristiana.com\/index.php?rest_route=%2Fwp%2Fv2%2Ftags&post=1606"}],"curies":[{"name":"wp","href":"https:\/\/api.w.org\/{rel}","templated":true}]}}