{"id":16073,"date":"2024-01-29T03:31:35","date_gmt":"2024-01-29T03:31:35","guid":{"rendered":"https:\/\/laprensacristiana.com\/?p=16073"},"modified":"2024-01-29T03:31:36","modified_gmt":"2024-01-29T03:31:36","slug":"iglesia-casa-de-bendicion-entrega-reconocimiento-a-la-prensa-cristiana","status":"publish","type":"post","link":"https:\/\/laprensacristiana.com\/?p=16073","title":{"rendered":"Iglesia Casa de Bendici\u00f3n entrega reconocimiento a La Prensa Cristiana"},"content":{"rendered":"\n<p>La Iglesia Cristiana Casa de Bendici\u00f3n, Filipenses 4:13, dirigida por el Dr. Oscar Rodr\u00edguez, iglesia que tiene una proyecci\u00f3n internacional como ministerio y a su vez aportan para el avance del evangelio en El Salvador, reconoci\u00f3 la labor que desarrolla el medio de comunicaci\u00f3n La Prensa Cristiana.<\/p>\n\n\n\n<p>\u201cA veces olvidamos que hay atr\u00e1s, donde est\u00e1 la idea, donde est\u00e1 la creatividad, y cosas que muchas veces no vemos, el esfuerzo, la perseverancia, y la batalla que se lleva\u201d, destac\u00f3 el Dr. Rodr\u00edguez. &nbsp;<\/p>\n\n\n\n<p>Este es el quinto reconocimiento que Iglesia Casa de Bendici\u00f3n otorga a instituciones cristianas en El Salvador.<\/p>\n\n\n\n<p>En el acto realizado en la sede de la iglesia, el Dr. Oscar Rodr\u00edguez ley\u00f3 un escrito que prepar\u00f3 para la ceremonia: \u201cCasa de Bendici\u00f3n se siente feliz de reconocer la labor de una instituci\u00f3n que recibi\u00f3 la misi\u00f3n de comunicar los acontecimientos de la Iglesia de Jesucristo, en la expansi\u00f3n del evangelio del Reino de Dios, reciba La Prensa Cristiana, el reconocimiento de Casa de Bendici\u00f3n, Filipenses 4:13, por su perseverante esfuerzo a nivel nacional e internacional, a \u00c9l sea la gloria\u201d. Indic\u00f3. \u00a0\u00a0<\/p>\n\n\n\n<figure class=\"wp-block-image size-large\"><img decoding=\"async\" loading=\"lazy\" width=\"768\" height=\"1024\" src=\"https:\/\/laprensacristiana.com\/wp-content\/uploads\/2024\/01\/IMG_9473-768x1024.jpg\" alt=\"\" class=\"wp-image-16076\" srcset=\"https:\/\/laprensacristiana.com\/wp-content\/uploads\/2024\/01\/IMG_9473-768x1024.jpg 768w, https:\/\/laprensacristiana.com\/wp-content\/uploads\/2024\/01\/IMG_9473-225x300.jpg 225w, https:\/\/laprensacristiana.com\/wp-content\/uploads\/2024\/01\/IMG_9473-1152x1536.jpg 1152w, https:\/\/laprensacristiana.com\/wp-content\/uploads\/2024\/01\/IMG_9473-1536x2048.jpg 1536w, https:\/\/laprensacristiana.com\/wp-content\/uploads\/2024\/01\/IMG_9473-696x928.jpg 696w, https:\/\/laprensacristiana.com\/wp-content\/uploads\/2024\/01\/IMG_9473-1068x1424.jpg 1068w, https:\/\/laprensacristiana.com\/wp-content\/uploads\/2024\/01\/IMG_9473-scaled.jpg 1920w, https:\/\/laprensacristiana.com\/wp-content\/uploads\/2024\/01\/IMG_9473-600x800.jpg 600w\" sizes=\"(max-width: 768px) 100vw, 768px\" \/><\/figure>\n\n\n\n<p>Durante la celebraci\u00f3n, Luis Medina, director de La Prensa Cristiana, agradeci\u00f3 al Dr. Rodr\u00edguez por tomar a bien el premiar el trabajo que realiza esta instituci\u00f3n period\u00edstica, a la vez que enfatiz\u00f3 en la importancia que tiene el contribuir y colaborar con este tipo de trabajo para continuar anunciando buenas nuevas. &nbsp;<\/p>\n\n\n\n<p>El diploma entregado por la iglesia al peri\u00f3dico reza as\u00ed:<\/p>\n\n\n\n<p><strong><em>\u201cIglesia Cristiana Casa de Bendici\u00f3n otorga el presente diploma de reconocimiento a: La Prensa Cristiana por llevar el avance de la predicaci\u00f3n del evangelio de Jesucristo a todo lugar, su dedicaci\u00f3n, compromiso y pasi\u00f3n al compartir el mensaje de Dios, su valioso servicio y esfuerzo incansable en la fe, han contribuido significativamente al crecimiento espiritual y bienestar de los que leen las noticias del reino de Dios, glorificando el nombre de Jesucristo en nuestra naci\u00f3n El Salvador y fuera de ella.<\/em><\/strong><\/p>\n\n\n\n<p><strong><em>Porque Dios no es injusto para olvidarse de las obras y del amor que para su gloria ustedes han mostrado sirviendo a los santos como lo siguen haciendo. Hebreos 6: 10.<\/em><\/strong><\/p>\n\n\n\n<p><strong><em>Dado en San Salvador, a los 28 d\u00edas del mes de enero del 2024\u201d.<\/em><\/strong><\/p>\n\n\n\n<figure class=\"wp-block-image size-large\"><img decoding=\"async\" loading=\"lazy\" width=\"816\" height=\"1024\" src=\"https:\/\/laprensacristiana.com\/wp-content\/uploads\/2024\/01\/DIPLOMA-DE-RECONOCIMIENTO-816x1024.jpg\" alt=\"\" class=\"wp-image-16075\" srcset=\"https:\/\/laprensacristiana.com\/wp-content\/uploads\/2024\/01\/DIPLOMA-DE-RECONOCIMIENTO-816x1024.jpg 816w, https:\/\/laprensacristiana.com\/wp-content\/uploads\/2024\/01\/DIPLOMA-DE-RECONOCIMIENTO-239x300.jpg 239w, https:\/\/laprensacristiana.com\/wp-content\/uploads\/2024\/01\/DIPLOMA-DE-RECONOCIMIENTO-768x964.jpg 768w, https:\/\/laprensacristiana.com\/wp-content\/uploads\/2024\/01\/DIPLOMA-DE-RECONOCIMIENTO-1223x1536.jpg 1223w, https:\/\/laprensacristiana.com\/wp-content\/uploads\/2024\/01\/DIPLOMA-DE-RECONOCIMIENTO-1631x2048.jpg 1631w, https:\/\/laprensacristiana.com\/wp-content\/uploads\/2024\/01\/DIPLOMA-DE-RECONOCIMIENTO-696x874.jpg 696w, https:\/\/laprensacristiana.com\/wp-content\/uploads\/2024\/01\/DIPLOMA-DE-RECONOCIMIENTO-1068x1341.jpg 1068w, https:\/\/laprensacristiana.com\/wp-content\/uploads\/2024\/01\/DIPLOMA-DE-RECONOCIMIENTO-1920x2411.jpg 1920w, https:\/\/laprensacristiana.com\/wp-content\/uploads\/2024\/01\/DIPLOMA-DE-RECONOCIMIENTO-600x753.jpg 600w, https:\/\/laprensacristiana.com\/wp-content\/uploads\/2024\/01\/DIPLOMA-DE-RECONOCIMIENTO-scaled.jpg 2039w\" sizes=\"(max-width: 816px) 100vw, 816px\" \/><\/figure>\n\n\n\n<p>La Prensa Cristiana es un peri\u00f3dico digital e impreso con cobertura en El Salvador y el mundo, que impacta la vida del no creyente a trav\u00e9s de informaci\u00f3n Cristoc\u00e9ntrica y mantiene actualizado al cristiano, da a conocer la labor de la Iglesia Evang\u00e9lica, a la vez que proporciona contenido de valor para la vida diaria.<\/p>\n\n\n\n<figure class=\"wp-block-image size-large\"><img decoding=\"async\" loading=\"lazy\" width=\"768\" height=\"1024\" src=\"https:\/\/laprensacristiana.com\/wp-content\/uploads\/2024\/01\/IMG_9476-768x1024.jpg\" alt=\"\" class=\"wp-image-16077\" srcset=\"https:\/\/laprensacristiana.com\/wp-content\/uploads\/2024\/01\/IMG_9476-768x1024.jpg 768w, https:\/\/laprensacristiana.com\/wp-content\/uploads\/2024\/01\/IMG_9476-225x300.jpg 225w, https:\/\/laprensacristiana.com\/wp-content\/uploads\/2024\/01\/IMG_9476-1152x1536.jpg 1152w, https:\/\/laprensacristiana.com\/wp-content\/uploads\/2024\/01\/IMG_9476-1536x2048.jpg 1536w, https:\/\/laprensacristiana.com\/wp-content\/uploads\/2024\/01\/IMG_9476-696x928.jpg 696w, https:\/\/laprensacristiana.com\/wp-content\/uploads\/2024\/01\/IMG_9476-1068x1424.jpg 1068w, https:\/\/laprensacristiana.com\/wp-content\/uploads\/2024\/01\/IMG_9476-scaled.jpg 1920w, https:\/\/laprensacristiana.com\/wp-content\/uploads\/2024\/01\/IMG_9476-600x800.jpg 600w\" sizes=\"(max-width: 768px) 100vw, 768px\" \/><\/figure>\n","protected":false},"excerpt":{"rendered":"<p>La Iglesia Cristiana Casa de Bendici\u00f3n, Filipenses 4:13, dirigida por el Dr. Oscar Rodr\u00edguez, iglesia que tiene una proyecci\u00f3n internacional como ministerio y a su vez aportan para el avance del evangelio en El Salvador, reconoci\u00f3 la labor que desarrolla el medio de comunicaci\u00f3n La Prensa Cristiana. \u201cA veces olvidamos que hay atr\u00e1s, donde est\u00e1 [&hellip;]<\/p>\n","protected":false},"author":3,"featured_media":16074,"comment_status":"open","ping_status":"open","sticky":false,"template":"","format":"standard","meta":[],"categories":[56],"tags":[],"yoast_head":"<!-- This site is optimized with the Yoast SEO plugin v20.8 - https:\/\/yoast.com\/wordpress\/plugins\/seo\/ -->\n<title>Iglesia Casa de Bendici\u00f3n entrega reconocimiento a La Prensa Cristiana - La Prensa Cristiana<\/title>\n<meta name=\"robots\" content=\"index, follow, max-snippet:-1, max-image-preview:large, max-video-preview:-1\" \/>\n<link rel=\"canonical\" href=\"https:\/\/laprensacristiana.com\/?p=16073\" \/>\n<meta property=\"og:locale\" content=\"es_ES\" \/>\n<meta property=\"og:type\" content=\"article\" \/>\n<meta property=\"og:title\" content=\"Iglesia Casa de Bendici\u00f3n entrega reconocimiento a La Prensa Cristiana - La Prensa Cristiana\" \/>\n<meta property=\"og:description\" content=\"La Iglesia Cristiana Casa de Bendici\u00f3n, Filipenses 4:13, dirigida por el Dr. Oscar Rodr\u00edguez, iglesia que tiene una proyecci\u00f3n internacional como ministerio y a su vez aportan para el avance del evangelio en El Salvador, reconoci\u00f3 la labor que desarrolla el medio de comunicaci\u00f3n La Prensa Cristiana. \u201cA veces olvidamos que hay atr\u00e1s, donde est\u00e1 [&hellip;]\" \/>\n<meta property=\"og:url\" content=\"https:\/\/laprensacristiana.com\/?p=16073\" \/>\n<meta property=\"og:site_name\" content=\"La Prensa Cristiana\" \/>\n<meta property=\"article:published_time\" content=\"2024-01-29T03:31:35+00:00\" \/>\n<meta property=\"article:modified_time\" content=\"2024-01-29T03:31:36+00:00\" \/>\n<meta property=\"og:image\" content=\"https:\/\/laprensacristiana.com\/wp-content\/uploads\/2024\/01\/Agregar-un-subtitulo-8-1024x614.png\" \/>\n\t<meta property=\"og:image:width\" content=\"1024\" \/>\n\t<meta property=\"og:image:height\" content=\"614\" \/>\n\t<meta property=\"og:image:type\" content=\"image\/png\" \/>\n<meta name=\"author\" content=\"EDITOR\" \/>\n<meta name=\"twitter:card\" content=\"summary_large_image\" \/>\n<meta name=\"twitter:label1\" content=\"Escrito por\" \/>\n\t<meta name=\"twitter:data1\" content=\"EDITOR\" \/>\n\t<meta name=\"twitter:label2\" content=\"Tiempo de lectura\" \/>\n\t<meta name=\"twitter:data2\" content=\"3 minutos\" \/>\n<script type=\"application\/ld+json\" class=\"yoast-schema-graph\">{\"@context\":\"https:\/\/schema.org\",\"@graph\":[{\"@type\":\"WebPage\",\"@id\":\"https:\/\/laprensacristiana.com\/?p=16073\",\"url\":\"https:\/\/laprensacristiana.com\/?p=16073\",\"name\":\"Iglesia Casa de Bendici\u00f3n entrega reconocimiento a La Prensa Cristiana - La Prensa Cristiana\",\"isPartOf\":{\"@id\":\"https:\/\/laprensacristiana.com\/#website\"},\"datePublished\":\"2024-01-29T03:31:35+00:00\",\"dateModified\":\"2024-01-29T03:31:36+00:00\",\"author\":{\"@id\":\"https:\/\/laprensacristiana.com\/#\/schema\/person\/3e7d82c6bfd6b1fa67010f8f7cd5256e\"},\"breadcrumb\":{\"@id\":\"https:\/\/laprensacristiana.com\/?p=16073#breadcrumb\"},\"inLanguage\":\"es\",\"potentialAction\":[{\"@type\":\"ReadAction\",\"target\":[\"https:\/\/laprensacristiana.com\/?p=16073\"]}]},{\"@type\":\"BreadcrumbList\",\"@id\":\"https:\/\/laprensacristiana.com\/?p=16073#breadcrumb\",\"itemListElement\":[{\"@type\":\"ListItem\",\"position\":1,\"name\":\"Portada\",\"item\":\"https:\/\/laprensacristiana.com\/\"},{\"@type\":\"ListItem\",\"position\":2,\"name\":\"Iglesia Casa de Bendici\u00f3n entrega reconocimiento a La Prensa Cristiana\"}]},{\"@type\":\"WebSite\",\"@id\":\"https:\/\/laprensacristiana.com\/#website\",\"url\":\"https:\/\/laprensacristiana.com\/\",\"name\":\"La Prensa Cristiana\",\"description\":\"Anunciando Las Buenas Nuevas\",\"potentialAction\":[{\"@type\":\"SearchAction\",\"target\":{\"@type\":\"EntryPoint\",\"urlTemplate\":\"https:\/\/laprensacristiana.com\/?s={search_term_string}\"},\"query-input\":\"required name=search_term_string\"}],\"inLanguage\":\"es\"},{\"@type\":\"Person\",\"@id\":\"https:\/\/laprensacristiana.com\/#\/schema\/person\/3e7d82c6bfd6b1fa67010f8f7cd5256e\",\"name\":\"EDITOR\",\"image\":{\"@type\":\"ImageObject\",\"inLanguage\":\"es\",\"@id\":\"https:\/\/laprensacristiana.com\/#\/schema\/person\/image\/\",\"url\":\"https:\/\/secure.gravatar.com\/avatar\/72069dfb6c13772d9e8381e3638666d2?s=96&d=mm&r=g\",\"contentUrl\":\"https:\/\/secure.gravatar.com\/avatar\/72069dfb6c13772d9e8381e3638666d2?s=96&d=mm&r=g\",\"caption\":\"EDITOR\"},\"url\":\"https:\/\/laprensacristiana.com\/?author=3\"}]}<\/script>\n<!-- \/ Yoast SEO plugin. -->","yoast_head_json":{"title":"Iglesia Casa de Bendici\u00f3n entrega reconocimiento a La Prensa Cristiana - La Prensa Cristiana","robots":{"index":"index","follow":"follow","max-snippet":"max-snippet:-1","max-image-preview":"max-image-preview:large","max-video-preview":"max-video-preview:-1"},"canonical":"https:\/\/laprensacristiana.com\/?p=16073","og_locale":"es_ES","og_type":"article","og_title":"Iglesia Casa de Bendici\u00f3n entrega reconocimiento a La Prensa Cristiana - La Prensa Cristiana","og_description":"La Iglesia Cristiana Casa de Bendici\u00f3n, Filipenses 4:13, dirigida por el Dr. Oscar Rodr\u00edguez, iglesia que tiene una proyecci\u00f3n internacional como ministerio y a su vez aportan para el avance del evangelio en El Salvador, reconoci\u00f3 la labor que desarrolla el medio de comunicaci\u00f3n La Prensa Cristiana. \u201cA veces olvidamos que hay atr\u00e1s, donde est\u00e1 [&hellip;]","og_url":"https:\/\/laprensacristiana.com\/?p=16073","og_site_name":"La Prensa Cristiana","article_published_time":"2024-01-29T03:31:35+00:00","article_modified_time":"2024-01-29T03:31:36+00:00","og_image":[{"width":1024,"height":614,"url":"https:\/\/laprensacristiana.com\/wp-content\/uploads\/2024\/01\/Agregar-un-subtitulo-8-1024x614.png","type":"image\/png"}],"author":"EDITOR","twitter_card":"summary_large_image","twitter_misc":{"Escrito por":"EDITOR","Tiempo de lectura":"3 minutos"},"schema":{"@context":"https:\/\/schema.org","@graph":[{"@type":"WebPage","@id":"https:\/\/laprensacristiana.com\/?p=16073","url":"https:\/\/laprensacristiana.com\/?p=16073","name":"Iglesia Casa de Bendici\u00f3n entrega reconocimiento a La Prensa Cristiana - La Prensa Cristiana","isPartOf":{"@id":"https:\/\/laprensacristiana.com\/#website"},"datePublished":"2024-01-29T03:31:35+00:00","dateModified":"2024-01-29T03:31:36+00:00","author":{"@id":"https:\/\/laprensacristiana.com\/#\/schema\/person\/3e7d82c6bfd6b1fa67010f8f7cd5256e"},"breadcrumb":{"@id":"https:\/\/laprensacristiana.com\/?p=16073#breadcrumb"},"inLanguage":"es","potentialAction":[{"@type":"ReadAction","target":["https:\/\/laprensacristiana.com\/?p=16073"]}]},{"@type":"BreadcrumbList","@id":"https:\/\/laprensacristiana.com\/?p=16073#breadcrumb","itemListElement":[{"@type":"ListItem","position":1,"name":"Portada","item":"https:\/\/laprensacristiana.com\/"},{"@type":"ListItem","position":2,"name":"Iglesia Casa de Bendici\u00f3n entrega reconocimiento a La Prensa Cristiana"}]},{"@type":"WebSite","@id":"https:\/\/laprensacristiana.com\/#website","url":"https:\/\/laprensacristiana.com\/","name":"La Prensa Cristiana","description":"Anunciando Las Buenas Nuevas","potentialAction":[{"@type":"SearchAction","target":{"@type":"EntryPoint","urlTemplate":"https:\/\/laprensacristiana.com\/?s={search_term_string}"},"query-input":"required name=search_term_string"}],"inLanguage":"es"},{"@type":"Person","@id":"https:\/\/laprensacristiana.com\/#\/schema\/person\/3e7d82c6bfd6b1fa67010f8f7cd5256e","name":"EDITOR","image":{"@type":"ImageObject","inLanguage":"es","@id":"https:\/\/laprensacristiana.com\/#\/schema\/person\/image\/","url":"https:\/\/secure.gravatar.com\/avatar\/72069dfb6c13772d9e8381e3638666d2?s=96&d=mm&r=g","contentUrl":"https:\/\/secure.gravatar.com\/avatar\/72069dfb6c13772d9e8381e3638666d2?s=96&d=mm&r=g","caption":"EDITOR"},"url":"https:\/\/laprensacristiana.com\/?author=3"}]}},"_links":{"self":[{"href":"https:\/\/laprensacristiana.com\/index.php?rest_route=\/wp\/v2\/posts\/16073"}],"collection":[{"href":"https:\/\/laprensacristiana.com\/index.php?rest_route=\/wp\/v2\/posts"}],"about":[{"href":"https:\/\/laprensacristiana.com\/index.php?rest_route=\/wp\/v2\/types\/post"}],"author":[{"embeddable":true,"href":"https:\/\/laprensacristiana.com\/index.php?rest_route=\/wp\/v2\/users\/3"}],"replies":[{"embeddable":true,"href":"https:\/\/laprensacristiana.com\/index.php?rest_route=%2Fwp%2Fv2%2Fcomments&post=16073"}],"version-history":[{"count":1,"href":"https:\/\/laprensacristiana.com\/index.php?rest_route=\/wp\/v2\/posts\/16073\/revisions"}],"predecessor-version":[{"id":16078,"href":"https:\/\/laprensacristiana.com\/index.php?rest_route=\/wp\/v2\/posts\/16073\/revisions\/16078"}],"wp:featuredmedia":[{"embeddable":true,"href":"https:\/\/laprensacristiana.com\/index.php?rest_route=\/wp\/v2\/media\/16074"}],"wp:attachment":[{"href":"https:\/\/laprensacristiana.com\/index.php?rest_route=%2Fwp%2Fv2%2Fmedia&parent=16073"}],"wp:term":[{"taxonomy":"category","embeddable":true,"href":"https:\/\/laprensacristiana.com\/index.php?rest_route=%2Fwp%2Fv2%2Fcategories&post=16073"},{"taxonomy":"post_tag","embeddable":true,"href":"https:\/\/laprensacristiana.com\/index.php?rest_route=%2Fwp%2Fv2%2Ftags&post=16073"}],"curies":[{"name":"wp","href":"https:\/\/api.w.org\/{rel}","templated":true}]}}