{"id":16091,"date":"2024-01-31T13:57:15","date_gmt":"2024-01-31T13:57:15","guid":{"rendered":"https:\/\/laprensacristiana.com\/?p=16091"},"modified":"2024-01-31T13:57:16","modified_gmt":"2024-01-31T13:57:16","slug":"oracion-por-restauracion","status":"publish","type":"post","link":"https:\/\/laprensacristiana.com\/?p=16091","title":{"rendered":"Oraci\u00f3n por restauraci\u00f3n"},"content":{"rendered":"\n<p><em>Por: Pastor Neftal\u00ed Alvarenga |Misi\u00f3n Cristiana Shekina Internacional&nbsp;<\/em><\/p>\n\n\n\n<p>El profeta Habacuc, qui\u00e9n fue contempor\u00e1neo de Jerem\u00edas y que vivi\u00f3 un poco antes de que los jud\u00edos fueran llevados cautivos por los Caldeos a finales del siglo VI a. C. y que trat\u00f3 de evitar la verg\u00fcenza y dolor del exilio haciendo una excelente oraci\u00f3n pidiendo restauraci\u00f3n, la cual est\u00e1 registrada en el cap\u00edtulo tres de su libro y que nos deja una profunda ense\u00f1anza y nos desaf\u00eda a orar de la misma manera. En la versi\u00f3n NTV es m\u00e1s clara, porque dice:<\/p>\n\n\n\n<p><strong>\u00abHe o\u00eddo todo acerca de ti, Se\u00f1or. Estoy maravillado por tus hechos asombrosos. En este momento de profunda necesidad, ay\u00fadanos otra vez como lo hiciste en el pasado. Y en tu enojo, recuerda tu misericordia.<\/strong><\/p>\n\n\n\n<p>Notemos lo siguiente:<\/p>\n\n\n\n<ol type=\"1\">\n<li>Habacuc sab\u00eda lo que el Se\u00f1or hab\u00eda hecho con su pueblo en el pasado y estaba maravillado por eso.<\/li>\n\n\n\n<li>Reconoce que su pueblo est\u00e1 pasando por un momento de profunda necesidad.<\/li>\n\n\n\n<li>Le suplica a Dios que los ayude otra vez como lo hizo en el pasado.<\/li>\n\n\n\n<li>Apela a la misericordia de Dios.<\/li>\n<\/ol>\n\n\n\n<p>&nbsp;&nbsp;&nbsp;&nbsp;&nbsp;&nbsp;&nbsp;&nbsp;&nbsp;&nbsp;&nbsp; De la misma manera, nosotros sabemos lo que el Se\u00f1or hizo en el pasado, en la Iglesia y como manifest\u00f3 su gloria al mundo, a trav\u00e9s de ella. Y estamos conscientes que los cristianos no estamos viviendo en ese nivel de gloria del pasado. Tambi\u00e9n somos testigos de la profunda necesidad de Dios que tiene nuestro pueblo debido a la crisis espiritual, moral, social, familiar y econ\u00f3mica que enfrenta. Es momento oportuno para pedirle al Se\u00f1or con una pasi\u00f3n como la del Profeta, que vuelva a obrar ahora, como lo hizo en el pasado.&nbsp; Que Su Santo Esp\u00edritu llene a Su Iglesia otra vez, y por medio de Ella, manifieste Su poder ante el mundo. Tenemos que pedirle misericordia porque lo hemos ofendido mucho con nuestros m\u00faltiples pecados.<\/p>\n\n\n\n<p>&nbsp;&nbsp;&nbsp;&nbsp;&nbsp;&nbsp;&nbsp;&nbsp;&nbsp;&nbsp;&nbsp; Es tiempo de que los hijos de Dios volvamos a llenar los altares de nuestros templos y clamar apasionadamente porque haya una restauraci\u00f3n del accionar del Esp\u00edritu Santo en la Iglesia que nos permita ministrar con genuina unci\u00f3n, recuperar el nivel espiritual que hemos perdido y ganar para Jesucristo a nuestro pueblo. Es necesario pedirle a nuestro Dios que tenga misericordia de nosotros y nos perdone tanto pecado que los salvadore\u00f1os hemos cometido.&nbsp; &nbsp;&nbsp;&nbsp;&nbsp;&nbsp;<\/p>\n","protected":false},"excerpt":{"rendered":"<p>Por: Pastor Neftal\u00ed Alvarenga |Misi\u00f3n Cristiana Shekina Internacional&nbsp; El profeta Habacuc, qui\u00e9n fue contempor\u00e1neo de Jerem\u00edas y que vivi\u00f3 un poco antes de que los jud\u00edos fueran llevados cautivos por los Caldeos a finales del siglo VI a. C. y que trat\u00f3 de evitar la verg\u00fcenza y dolor del exilio haciendo una excelente oraci\u00f3n pidiendo [&hellip;]<\/p>\n","protected":false},"author":3,"featured_media":16092,"comment_status":"open","ping_status":"open","sticky":false,"template":"","format":"standard","meta":[],"categories":[36],"tags":[],"yoast_head":"<!-- This site is optimized with the Yoast SEO plugin v20.8 - https:\/\/yoast.com\/wordpress\/plugins\/seo\/ -->\n<title>Oraci\u00f3n por restauraci\u00f3n - La Prensa Cristiana<\/title>\n<meta name=\"robots\" content=\"index, follow, max-snippet:-1, max-image-preview:large, max-video-preview:-1\" \/>\n<link rel=\"canonical\" href=\"https:\/\/laprensacristiana.com\/?p=16091\" \/>\n<meta property=\"og:locale\" content=\"es_ES\" \/>\n<meta property=\"og:type\" content=\"article\" \/>\n<meta property=\"og:title\" content=\"Oraci\u00f3n por restauraci\u00f3n - La Prensa Cristiana\" \/>\n<meta property=\"og:description\" content=\"Por: Pastor Neftal\u00ed Alvarenga |Misi\u00f3n Cristiana Shekina Internacional&nbsp; El profeta Habacuc, qui\u00e9n fue contempor\u00e1neo de Jerem\u00edas y que vivi\u00f3 un poco antes de que los jud\u00edos fueran llevados cautivos por los Caldeos a finales del siglo VI a. C. y que trat\u00f3 de evitar la verg\u00fcenza y dolor del exilio haciendo una excelente oraci\u00f3n pidiendo [&hellip;]\" \/>\n<meta property=\"og:url\" content=\"https:\/\/laprensacristiana.com\/?p=16091\" \/>\n<meta property=\"og:site_name\" content=\"La Prensa Cristiana\" \/>\n<meta property=\"article:published_time\" content=\"2024-01-31T13:57:15+00:00\" \/>\n<meta property=\"article:modified_time\" content=\"2024-01-31T13:57:16+00:00\" \/>\n<meta property=\"og:image\" content=\"https:\/\/laprensacristiana.com\/wp-content\/uploads\/2024\/01\/WhatsApp-Image-2024-01-30-at-9.55.22-PM.jpeg\" \/>\n\t<meta property=\"og:image:width\" content=\"719\" \/>\n\t<meta property=\"og:image:height\" content=\"540\" \/>\n\t<meta property=\"og:image:type\" content=\"image\/jpeg\" \/>\n<meta name=\"author\" content=\"EDITOR\" \/>\n<meta name=\"twitter:card\" content=\"summary_large_image\" \/>\n<meta name=\"twitter:label1\" content=\"Escrito por\" \/>\n\t<meta name=\"twitter:data1\" content=\"EDITOR\" \/>\n\t<meta name=\"twitter:label2\" content=\"Tiempo de lectura\" \/>\n\t<meta name=\"twitter:data2\" content=\"2 minutos\" \/>\n<script type=\"application\/ld+json\" class=\"yoast-schema-graph\">{\"@context\":\"https:\/\/schema.org\",\"@graph\":[{\"@type\":\"WebPage\",\"@id\":\"https:\/\/laprensacristiana.com\/?p=16091\",\"url\":\"https:\/\/laprensacristiana.com\/?p=16091\",\"name\":\"Oraci\u00f3n por restauraci\u00f3n - La Prensa Cristiana\",\"isPartOf\":{\"@id\":\"https:\/\/laprensacristiana.com\/#website\"},\"datePublished\":\"2024-01-31T13:57:15+00:00\",\"dateModified\":\"2024-01-31T13:57:16+00:00\",\"author\":{\"@id\":\"https:\/\/laprensacristiana.com\/#\/schema\/person\/3e7d82c6bfd6b1fa67010f8f7cd5256e\"},\"breadcrumb\":{\"@id\":\"https:\/\/laprensacristiana.com\/?p=16091#breadcrumb\"},\"inLanguage\":\"es\",\"potentialAction\":[{\"@type\":\"ReadAction\",\"target\":[\"https:\/\/laprensacristiana.com\/?p=16091\"]}]},{\"@type\":\"BreadcrumbList\",\"@id\":\"https:\/\/laprensacristiana.com\/?p=16091#breadcrumb\",\"itemListElement\":[{\"@type\":\"ListItem\",\"position\":1,\"name\":\"Portada\",\"item\":\"https:\/\/laprensacristiana.com\/\"},{\"@type\":\"ListItem\",\"position\":2,\"name\":\"Oraci\u00f3n por restauraci\u00f3n\"}]},{\"@type\":\"WebSite\",\"@id\":\"https:\/\/laprensacristiana.com\/#website\",\"url\":\"https:\/\/laprensacristiana.com\/\",\"name\":\"La Prensa Cristiana\",\"description\":\"Anunciando Las Buenas Nuevas\",\"potentialAction\":[{\"@type\":\"SearchAction\",\"target\":{\"@type\":\"EntryPoint\",\"urlTemplate\":\"https:\/\/laprensacristiana.com\/?s={search_term_string}\"},\"query-input\":\"required name=search_term_string\"}],\"inLanguage\":\"es\"},{\"@type\":\"Person\",\"@id\":\"https:\/\/laprensacristiana.com\/#\/schema\/person\/3e7d82c6bfd6b1fa67010f8f7cd5256e\",\"name\":\"EDITOR\",\"image\":{\"@type\":\"ImageObject\",\"inLanguage\":\"es\",\"@id\":\"https:\/\/laprensacristiana.com\/#\/schema\/person\/image\/\",\"url\":\"https:\/\/secure.gravatar.com\/avatar\/72069dfb6c13772d9e8381e3638666d2?s=96&d=mm&r=g\",\"contentUrl\":\"https:\/\/secure.gravatar.com\/avatar\/72069dfb6c13772d9e8381e3638666d2?s=96&d=mm&r=g\",\"caption\":\"EDITOR\"},\"url\":\"https:\/\/laprensacristiana.com\/?author=3\"}]}<\/script>\n<!-- \/ Yoast SEO plugin. -->","yoast_head_json":{"title":"Oraci\u00f3n por restauraci\u00f3n - La Prensa Cristiana","robots":{"index":"index","follow":"follow","max-snippet":"max-snippet:-1","max-image-preview":"max-image-preview:large","max-video-preview":"max-video-preview:-1"},"canonical":"https:\/\/laprensacristiana.com\/?p=16091","og_locale":"es_ES","og_type":"article","og_title":"Oraci\u00f3n por restauraci\u00f3n - La Prensa Cristiana","og_description":"Por: Pastor Neftal\u00ed Alvarenga |Misi\u00f3n Cristiana Shekina Internacional&nbsp; El profeta Habacuc, qui\u00e9n fue contempor\u00e1neo de Jerem\u00edas y que vivi\u00f3 un poco antes de que los jud\u00edos fueran llevados cautivos por los Caldeos a finales del siglo VI a. C. y que trat\u00f3 de evitar la verg\u00fcenza y dolor del exilio haciendo una excelente oraci\u00f3n pidiendo [&hellip;]","og_url":"https:\/\/laprensacristiana.com\/?p=16091","og_site_name":"La Prensa Cristiana","article_published_time":"2024-01-31T13:57:15+00:00","article_modified_time":"2024-01-31T13:57:16+00:00","og_image":[{"width":719,"height":540,"url":"https:\/\/laprensacristiana.com\/wp-content\/uploads\/2024\/01\/WhatsApp-Image-2024-01-30-at-9.55.22-PM.jpeg","type":"image\/jpeg"}],"author":"EDITOR","twitter_card":"summary_large_image","twitter_misc":{"Escrito por":"EDITOR","Tiempo de lectura":"2 minutos"},"schema":{"@context":"https:\/\/schema.org","@graph":[{"@type":"WebPage","@id":"https:\/\/laprensacristiana.com\/?p=16091","url":"https:\/\/laprensacristiana.com\/?p=16091","name":"Oraci\u00f3n por restauraci\u00f3n - La Prensa Cristiana","isPartOf":{"@id":"https:\/\/laprensacristiana.com\/#website"},"datePublished":"2024-01-31T13:57:15+00:00","dateModified":"2024-01-31T13:57:16+00:00","author":{"@id":"https:\/\/laprensacristiana.com\/#\/schema\/person\/3e7d82c6bfd6b1fa67010f8f7cd5256e"},"breadcrumb":{"@id":"https:\/\/laprensacristiana.com\/?p=16091#breadcrumb"},"inLanguage":"es","potentialAction":[{"@type":"ReadAction","target":["https:\/\/laprensacristiana.com\/?p=16091"]}]},{"@type":"BreadcrumbList","@id":"https:\/\/laprensacristiana.com\/?p=16091#breadcrumb","itemListElement":[{"@type":"ListItem","position":1,"name":"Portada","item":"https:\/\/laprensacristiana.com\/"},{"@type":"ListItem","position":2,"name":"Oraci\u00f3n por restauraci\u00f3n"}]},{"@type":"WebSite","@id":"https:\/\/laprensacristiana.com\/#website","url":"https:\/\/laprensacristiana.com\/","name":"La Prensa Cristiana","description":"Anunciando Las Buenas Nuevas","potentialAction":[{"@type":"SearchAction","target":{"@type":"EntryPoint","urlTemplate":"https:\/\/laprensacristiana.com\/?s={search_term_string}"},"query-input":"required name=search_term_string"}],"inLanguage":"es"},{"@type":"Person","@id":"https:\/\/laprensacristiana.com\/#\/schema\/person\/3e7d82c6bfd6b1fa67010f8f7cd5256e","name":"EDITOR","image":{"@type":"ImageObject","inLanguage":"es","@id":"https:\/\/laprensacristiana.com\/#\/schema\/person\/image\/","url":"https:\/\/secure.gravatar.com\/avatar\/72069dfb6c13772d9e8381e3638666d2?s=96&d=mm&r=g","contentUrl":"https:\/\/secure.gravatar.com\/avatar\/72069dfb6c13772d9e8381e3638666d2?s=96&d=mm&r=g","caption":"EDITOR"},"url":"https:\/\/laprensacristiana.com\/?author=3"}]}},"_links":{"self":[{"href":"https:\/\/laprensacristiana.com\/index.php?rest_route=\/wp\/v2\/posts\/16091"}],"collection":[{"href":"https:\/\/laprensacristiana.com\/index.php?rest_route=\/wp\/v2\/posts"}],"about":[{"href":"https:\/\/laprensacristiana.com\/index.php?rest_route=\/wp\/v2\/types\/post"}],"author":[{"embeddable":true,"href":"https:\/\/laprensacristiana.com\/index.php?rest_route=\/wp\/v2\/users\/3"}],"replies":[{"embeddable":true,"href":"https:\/\/laprensacristiana.com\/index.php?rest_route=%2Fwp%2Fv2%2Fcomments&post=16091"}],"version-history":[{"count":1,"href":"https:\/\/laprensacristiana.com\/index.php?rest_route=\/wp\/v2\/posts\/16091\/revisions"}],"predecessor-version":[{"id":16093,"href":"https:\/\/laprensacristiana.com\/index.php?rest_route=\/wp\/v2\/posts\/16091\/revisions\/16093"}],"wp:featuredmedia":[{"embeddable":true,"href":"https:\/\/laprensacristiana.com\/index.php?rest_route=\/wp\/v2\/media\/16092"}],"wp:attachment":[{"href":"https:\/\/laprensacristiana.com\/index.php?rest_route=%2Fwp%2Fv2%2Fmedia&parent=16091"}],"wp:term":[{"taxonomy":"category","embeddable":true,"href":"https:\/\/laprensacristiana.com\/index.php?rest_route=%2Fwp%2Fv2%2Fcategories&post=16091"},{"taxonomy":"post_tag","embeddable":true,"href":"https:\/\/laprensacristiana.com\/index.php?rest_route=%2Fwp%2Fv2%2Ftags&post=16091"}],"curies":[{"name":"wp","href":"https:\/\/api.w.org\/{rel}","templated":true}]}}