{"id":16101,"date":"2024-01-31T16:18:40","date_gmt":"2024-01-31T16:18:40","guid":{"rendered":"https:\/\/laprensacristiana.com\/?p=16101"},"modified":"2024-01-31T16:18:41","modified_gmt":"2024-01-31T16:18:41","slug":"liceos-cristianos-realizaran-acto-memorial-por-su-fundador-rev-juan-bueno","status":"publish","type":"post","link":"https:\/\/laprensacristiana.com\/?p=16101","title":{"rendered":"Liceos Cristianos realizaran \u00abActo Memorial\u00bb por su fundador Rev. Juan Bueno"},"content":{"rendered":"\n<p>Por: Edwin G\u00f3ngora <\/p>\n\n\n\n<p>Este viernes 2 de febrero los 38 Liceos Cristianos Rev. Juan Bueno que funcionan en el pa\u00eds, har\u00e1n una pausa en sus actividades acad\u00e9micas con el prop\u00f3sito de rendir un homenaje a quien en vida fue su fundador.<\/p>\n\n\n\n<p>En una publicaci\u00f3n realizada en su p\u00e1gina de Facebook las autoridades de este centro educativo se\u00f1alan que en esa fecha tendr\u00e1n: \u201cD\u00eda de duelo nacional\u201d, para que les permita rendir homenaje a su fundador, quien en cada momento cumpli\u00f3 el prop\u00f3sito de Dios, sirviendo a la ni\u00f1ez, juventud y familias de El Salvador.<\/p>\n\n\n\n<p>El primer Liceo Cristiano \u201cReverendo Juan Bueno\u201d se fund\u00f3 el 4 de febrero de 1963, el que inicio operaciones con 81 alumnos y muchas limitantes, que a\u00f1os despu\u00e9s fueron superadas.<\/p>\n\n\n\n<p>El acto conmemorativo de este viernes se har\u00e1 en simultaneo donde el personal administrativo, docentes y alumnos sintonizaran una transmisi\u00f3n por medio de un enlace habilitado.<\/p>\n\n\n\n<figure class=\"wp-block-image size-large\"><img decoding=\"async\" loading=\"lazy\" width=\"1017\" height=\"1024\" src=\"https:\/\/laprensacristiana.com\/wp-content\/uploads\/2024\/01\/JUAN-BUENO-1017x1024.jpg\" alt=\"\" class=\"wp-image-16103\" srcset=\"https:\/\/laprensacristiana.com\/wp-content\/uploads\/2024\/01\/JUAN-BUENO-1017x1024.jpg 1017w, https:\/\/laprensacristiana.com\/wp-content\/uploads\/2024\/01\/JUAN-BUENO-298x300.jpg 298w, https:\/\/laprensacristiana.com\/wp-content\/uploads\/2024\/01\/JUAN-BUENO-150x150.jpg 150w, https:\/\/laprensacristiana.com\/wp-content\/uploads\/2024\/01\/JUAN-BUENO-768x774.jpg 768w, https:\/\/laprensacristiana.com\/wp-content\/uploads\/2024\/01\/JUAN-BUENO-1525x1536.jpg 1525w, https:\/\/laprensacristiana.com\/wp-content\/uploads\/2024\/01\/JUAN-BUENO-696x701.jpg 696w, https:\/\/laprensacristiana.com\/wp-content\/uploads\/2024\/01\/JUAN-BUENO-1068x1076.jpg 1068w, https:\/\/laprensacristiana.com\/wp-content\/uploads\/2024\/01\/JUAN-BUENO-1920x1934.jpg 1920w, https:\/\/laprensacristiana.com\/wp-content\/uploads\/2024\/01\/JUAN-BUENO-600x604.jpg 600w, https:\/\/laprensacristiana.com\/wp-content\/uploads\/2024\/01\/JUAN-BUENO-100x100.jpg 100w, https:\/\/laprensacristiana.com\/wp-content\/uploads\/2024\/01\/JUAN-BUENO.jpg 2033w\" sizes=\"(max-width: 1017px) 100vw, 1017px\" \/><\/figure>\n\n\n\n<p>El Reverendo Juan Bueno falleci\u00f3 el pasado 24 de enero al medio d\u00eda, luego de experimentar algunos quebrantos de salud.&nbsp; Sin embargo, su legado permiti\u00f3 transformar miles de vidas con el mensaje de salvaci\u00f3n que siempre comparti\u00f3 y su visi\u00f3n de ayudar a la ni\u00f1ez por medio de la educaci\u00f3n. Las autoridades del colegio identifican el trabajo realizado por el reverendo con el siguiente pasaje de la Biblia:&nbsp; \u2026\u201d Bien, buen siervo y fiel; sobre poco has sido fiel, sobre mucho te pondr\u00e9; entra en el gozo de tu Se\u00f1or\u201d. Mateo 25:23.<\/p>\n","protected":false},"excerpt":{"rendered":"<p>Por: Edwin G\u00f3ngora Este viernes 2 de febrero los 38 Liceos Cristianos Rev. Juan Bueno que funcionan en el pa\u00eds, har\u00e1n una pausa en sus actividades acad\u00e9micas con el prop\u00f3sito de rendir un homenaje a quien en vida fue su fundador. En una publicaci\u00f3n realizada en su p\u00e1gina de Facebook las autoridades de este centro [&hellip;]<\/p>\n","protected":false},"author":3,"featured_media":16102,"comment_status":"open","ping_status":"open","sticky":false,"template":"","format":"standard","meta":[],"categories":[56],"tags":[],"yoast_head":"<!-- This site is optimized with the Yoast SEO plugin v20.8 - https:\/\/yoast.com\/wordpress\/plugins\/seo\/ -->\n<title>Liceos Cristianos realizaran \u00abActo Memorial\u00bb por su fundador Rev. Juan Bueno - La Prensa Cristiana<\/title>\n<meta name=\"robots\" content=\"index, follow, max-snippet:-1, max-image-preview:large, max-video-preview:-1\" \/>\n<link rel=\"canonical\" href=\"https:\/\/laprensacristiana.com\/?p=16101\" \/>\n<meta property=\"og:locale\" content=\"es_ES\" \/>\n<meta property=\"og:type\" content=\"article\" \/>\n<meta property=\"og:title\" content=\"Liceos Cristianos realizaran \u00abActo Memorial\u00bb por su fundador Rev. Juan Bueno - La Prensa Cristiana\" \/>\n<meta property=\"og:description\" content=\"Por: Edwin G\u00f3ngora Este viernes 2 de febrero los 38 Liceos Cristianos Rev. Juan Bueno que funcionan en el pa\u00eds, har\u00e1n una pausa en sus actividades acad\u00e9micas con el prop\u00f3sito de rendir un homenaje a quien en vida fue su fundador. En una publicaci\u00f3n realizada en su p\u00e1gina de Facebook las autoridades de este centro [&hellip;]\" \/>\n<meta property=\"og:url\" content=\"https:\/\/laprensacristiana.com\/?p=16101\" \/>\n<meta property=\"og:site_name\" content=\"La Prensa Cristiana\" \/>\n<meta property=\"article:published_time\" content=\"2024-01-31T16:18:40+00:00\" \/>\n<meta property=\"article:modified_time\" content=\"2024-01-31T16:18:41+00:00\" \/>\n<meta property=\"og:image\" content=\"https:\/\/laprensacristiana.com\/wp-content\/uploads\/2024\/01\/WhatsApp-Image-2024-01-31-at-7.24.30-AM.jpeg\" \/>\n\t<meta property=\"og:image:width\" content=\"1080\" \/>\n\t<meta property=\"og:image:height\" content=\"608\" \/>\n\t<meta property=\"og:image:type\" content=\"image\/jpeg\" \/>\n<meta name=\"author\" content=\"EDITOR\" \/>\n<meta name=\"twitter:card\" content=\"summary_large_image\" \/>\n<meta name=\"twitter:label1\" content=\"Escrito por\" \/>\n\t<meta name=\"twitter:data1\" content=\"EDITOR\" \/>\n\t<meta name=\"twitter:label2\" content=\"Tiempo de lectura\" \/>\n\t<meta name=\"twitter:data2\" content=\"2 minutos\" \/>\n<script type=\"application\/ld+json\" class=\"yoast-schema-graph\">{\"@context\":\"https:\/\/schema.org\",\"@graph\":[{\"@type\":\"WebPage\",\"@id\":\"https:\/\/laprensacristiana.com\/?p=16101\",\"url\":\"https:\/\/laprensacristiana.com\/?p=16101\",\"name\":\"Liceos Cristianos realizaran \u00abActo Memorial\u00bb por su fundador Rev. Juan Bueno - La Prensa Cristiana\",\"isPartOf\":{\"@id\":\"https:\/\/laprensacristiana.com\/#website\"},\"datePublished\":\"2024-01-31T16:18:40+00:00\",\"dateModified\":\"2024-01-31T16:18:41+00:00\",\"author\":{\"@id\":\"https:\/\/laprensacristiana.com\/#\/schema\/person\/3e7d82c6bfd6b1fa67010f8f7cd5256e\"},\"breadcrumb\":{\"@id\":\"https:\/\/laprensacristiana.com\/?p=16101#breadcrumb\"},\"inLanguage\":\"es\",\"potentialAction\":[{\"@type\":\"ReadAction\",\"target\":[\"https:\/\/laprensacristiana.com\/?p=16101\"]}]},{\"@type\":\"BreadcrumbList\",\"@id\":\"https:\/\/laprensacristiana.com\/?p=16101#breadcrumb\",\"itemListElement\":[{\"@type\":\"ListItem\",\"position\":1,\"name\":\"Portada\",\"item\":\"https:\/\/laprensacristiana.com\/\"},{\"@type\":\"ListItem\",\"position\":2,\"name\":\"Liceos Cristianos realizaran \u00abActo Memorial\u00bb por su fundador Rev. Juan Bueno\"}]},{\"@type\":\"WebSite\",\"@id\":\"https:\/\/laprensacristiana.com\/#website\",\"url\":\"https:\/\/laprensacristiana.com\/\",\"name\":\"La Prensa Cristiana\",\"description\":\"Anunciando Las Buenas Nuevas\",\"potentialAction\":[{\"@type\":\"SearchAction\",\"target\":{\"@type\":\"EntryPoint\",\"urlTemplate\":\"https:\/\/laprensacristiana.com\/?s={search_term_string}\"},\"query-input\":\"required name=search_term_string\"}],\"inLanguage\":\"es\"},{\"@type\":\"Person\",\"@id\":\"https:\/\/laprensacristiana.com\/#\/schema\/person\/3e7d82c6bfd6b1fa67010f8f7cd5256e\",\"name\":\"EDITOR\",\"image\":{\"@type\":\"ImageObject\",\"inLanguage\":\"es\",\"@id\":\"https:\/\/laprensacristiana.com\/#\/schema\/person\/image\/\",\"url\":\"https:\/\/secure.gravatar.com\/avatar\/72069dfb6c13772d9e8381e3638666d2?s=96&d=mm&r=g\",\"contentUrl\":\"https:\/\/secure.gravatar.com\/avatar\/72069dfb6c13772d9e8381e3638666d2?s=96&d=mm&r=g\",\"caption\":\"EDITOR\"},\"url\":\"https:\/\/laprensacristiana.com\/?author=3\"}]}<\/script>\n<!-- \/ Yoast SEO plugin. -->","yoast_head_json":{"title":"Liceos Cristianos realizaran \u00abActo Memorial\u00bb por su fundador Rev. Juan Bueno - La Prensa Cristiana","robots":{"index":"index","follow":"follow","max-snippet":"max-snippet:-1","max-image-preview":"max-image-preview:large","max-video-preview":"max-video-preview:-1"},"canonical":"https:\/\/laprensacristiana.com\/?p=16101","og_locale":"es_ES","og_type":"article","og_title":"Liceos Cristianos realizaran \u00abActo Memorial\u00bb por su fundador Rev. Juan Bueno - La Prensa Cristiana","og_description":"Por: Edwin G\u00f3ngora Este viernes 2 de febrero los 38 Liceos Cristianos Rev. Juan Bueno que funcionan en el pa\u00eds, har\u00e1n una pausa en sus actividades acad\u00e9micas con el prop\u00f3sito de rendir un homenaje a quien en vida fue su fundador. En una publicaci\u00f3n realizada en su p\u00e1gina de Facebook las autoridades de este centro [&hellip;]","og_url":"https:\/\/laprensacristiana.com\/?p=16101","og_site_name":"La Prensa Cristiana","article_published_time":"2024-01-31T16:18:40+00:00","article_modified_time":"2024-01-31T16:18:41+00:00","og_image":[{"width":1080,"height":608,"url":"https:\/\/laprensacristiana.com\/wp-content\/uploads\/2024\/01\/WhatsApp-Image-2024-01-31-at-7.24.30-AM.jpeg","type":"image\/jpeg"}],"author":"EDITOR","twitter_card":"summary_large_image","twitter_misc":{"Escrito por":"EDITOR","Tiempo de lectura":"2 minutos"},"schema":{"@context":"https:\/\/schema.org","@graph":[{"@type":"WebPage","@id":"https:\/\/laprensacristiana.com\/?p=16101","url":"https:\/\/laprensacristiana.com\/?p=16101","name":"Liceos Cristianos realizaran \u00abActo Memorial\u00bb por su fundador Rev. Juan Bueno - La Prensa Cristiana","isPartOf":{"@id":"https:\/\/laprensacristiana.com\/#website"},"datePublished":"2024-01-31T16:18:40+00:00","dateModified":"2024-01-31T16:18:41+00:00","author":{"@id":"https:\/\/laprensacristiana.com\/#\/schema\/person\/3e7d82c6bfd6b1fa67010f8f7cd5256e"},"breadcrumb":{"@id":"https:\/\/laprensacristiana.com\/?p=16101#breadcrumb"},"inLanguage":"es","potentialAction":[{"@type":"ReadAction","target":["https:\/\/laprensacristiana.com\/?p=16101"]}]},{"@type":"BreadcrumbList","@id":"https:\/\/laprensacristiana.com\/?p=16101#breadcrumb","itemListElement":[{"@type":"ListItem","position":1,"name":"Portada","item":"https:\/\/laprensacristiana.com\/"},{"@type":"ListItem","position":2,"name":"Liceos Cristianos realizaran \u00abActo Memorial\u00bb por su fundador Rev. Juan Bueno"}]},{"@type":"WebSite","@id":"https:\/\/laprensacristiana.com\/#website","url":"https:\/\/laprensacristiana.com\/","name":"La Prensa Cristiana","description":"Anunciando Las Buenas Nuevas","potentialAction":[{"@type":"SearchAction","target":{"@type":"EntryPoint","urlTemplate":"https:\/\/laprensacristiana.com\/?s={search_term_string}"},"query-input":"required name=search_term_string"}],"inLanguage":"es"},{"@type":"Person","@id":"https:\/\/laprensacristiana.com\/#\/schema\/person\/3e7d82c6bfd6b1fa67010f8f7cd5256e","name":"EDITOR","image":{"@type":"ImageObject","inLanguage":"es","@id":"https:\/\/laprensacristiana.com\/#\/schema\/person\/image\/","url":"https:\/\/secure.gravatar.com\/avatar\/72069dfb6c13772d9e8381e3638666d2?s=96&d=mm&r=g","contentUrl":"https:\/\/secure.gravatar.com\/avatar\/72069dfb6c13772d9e8381e3638666d2?s=96&d=mm&r=g","caption":"EDITOR"},"url":"https:\/\/laprensacristiana.com\/?author=3"}]}},"_links":{"self":[{"href":"https:\/\/laprensacristiana.com\/index.php?rest_route=\/wp\/v2\/posts\/16101"}],"collection":[{"href":"https:\/\/laprensacristiana.com\/index.php?rest_route=\/wp\/v2\/posts"}],"about":[{"href":"https:\/\/laprensacristiana.com\/index.php?rest_route=\/wp\/v2\/types\/post"}],"author":[{"embeddable":true,"href":"https:\/\/laprensacristiana.com\/index.php?rest_route=\/wp\/v2\/users\/3"}],"replies":[{"embeddable":true,"href":"https:\/\/laprensacristiana.com\/index.php?rest_route=%2Fwp%2Fv2%2Fcomments&post=16101"}],"version-history":[{"count":1,"href":"https:\/\/laprensacristiana.com\/index.php?rest_route=\/wp\/v2\/posts\/16101\/revisions"}],"predecessor-version":[{"id":16104,"href":"https:\/\/laprensacristiana.com\/index.php?rest_route=\/wp\/v2\/posts\/16101\/revisions\/16104"}],"wp:featuredmedia":[{"embeddable":true,"href":"https:\/\/laprensacristiana.com\/index.php?rest_route=\/wp\/v2\/media\/16102"}],"wp:attachment":[{"href":"https:\/\/laprensacristiana.com\/index.php?rest_route=%2Fwp%2Fv2%2Fmedia&parent=16101"}],"wp:term":[{"taxonomy":"category","embeddable":true,"href":"https:\/\/laprensacristiana.com\/index.php?rest_route=%2Fwp%2Fv2%2Fcategories&post=16101"},{"taxonomy":"post_tag","embeddable":true,"href":"https:\/\/laprensacristiana.com\/index.php?rest_route=%2Fwp%2Fv2%2Ftags&post=16101"}],"curies":[{"name":"wp","href":"https:\/\/api.w.org\/{rel}","templated":true}]}}