{"id":16116,"date":"2024-02-01T15:20:53","date_gmt":"2024-02-01T15:20:53","guid":{"rendered":"https:\/\/laprensacristiana.com\/?p=16116"},"modified":"2024-02-01T15:20:54","modified_gmt":"2024-02-01T15:20:54","slug":"camino-y-verdad-el-nuevo-sencillo-de-cristian-morales","status":"publish","type":"post","link":"https:\/\/laprensacristiana.com\/?p=16116","title":{"rendered":"\u00abCamino y Verdad\u00bb, el nuevo sencillo de Cristian Morales"},"content":{"rendered":"\n<p>Por: Dami\u00e1n Sileo<\/p>\n\n\n\n<p><strong>El cantautor guatemalteco Cristian Morales anunci\u00f3, a trav\u00e9s de sus redes sociales, el lanzamiento de su nuevo sencillo titulado \u00abCamino y Verdad\u00bb<\/strong>.<br><br>El pr\u00f3ximo&nbsp;<strong>s\u00e1bado 3 de febrero&nbsp;<\/strong>es la fecha anunciada para que esta nueva canci\u00f3n comience a rodar en las emisoras de radio y en las distintas plataformas digitales.<br><br><em>\u00abCamino y Verdad\u00bb<\/em>&nbsp;es un tema de propia autor\u00eda de&nbsp;<strong>Morales<\/strong>, producido y dirigido musicalmente por el argentino&nbsp;<strong>Jos\u00e9 Luis Guerrisi<\/strong>, y que ha contado con la participaci\u00f3n de destacados m\u00fasicos como&nbsp;<strong>Matt Rosen, Javier Portillo<\/strong>, el propio&nbsp;<strong>Guerrisi&nbsp;<\/strong>y el reconocido guitarrista de&nbsp;<strong>Rojo<\/strong>,&nbsp;<strong>Oswaldo Burruel<\/strong>.<br><br><em>\u00ab&#8216;Camino y Verdad&#8217; es la expresi\u00f3n viva del significado de Jes\u00fas. En esta canci\u00f3n quiero poner \u00e9nfasis en esa realidad\u00bb<\/em>, dice&nbsp;<strong>Cristian<\/strong>, y agrega que&nbsp;<em>\u00abcada rinc\u00f3n de la letra de este tema refleja la convicci\u00f3n de que a cada paso \u00c9l est\u00e1 con nosotros\u00bb.<\/em><br><br><em>\u00abEstando contigo, mis pasos cada d\u00eda se afirman, T\u00fa me das libertad y tranquilidad, y mi alma tiene de tu paz al saber que conmigo est\u00e1s\u00bb<\/em>, dice la intro de este tema enmarcado en un ritmo movedizo que acompa\u00f1a perfectamente una l\u00edrica que no deja de reconocer la seguridad de estar caminando por la senda de Jes\u00fas.<\/p>\n\n\n\n<p><em>\u00abCamino y Verdad\u00bb<\/em>, de&nbsp;<strong>Cristian Morales<\/strong>, estar\u00e1 disponible este&nbsp;<strong>s\u00e1bado 3 de febrero<\/strong>.<br><br>Redes sociales de&nbsp;<strong>Cristian Morales<\/strong>:<br>Spotify:&nbsp;<a href=\"https:\/\/open.spotify.com\/intl-es\/artist\/7BD77LpBv3A1lL2zss8Pa2\" target=\"_blank\" rel=\"noreferrer noopener\">https:\/\/open.spotify.com\/intl-es\/artist\/7BD77LpBv3A1lL2zss8Pa2<\/a><br>Youtube:&nbsp;<a href=\"https:\/\/www.youtube.com\/@cristianmoralesministerios\" target=\"_blank\" rel=\"noreferrer noopener\">https:\/\/www.youtube.com\/@cristianmoralesministerios<\/a><br>Facebook:&nbsp;<a href=\"https:\/\/www.facebook.com\/cristian.morales.7399\" target=\"_blank\" rel=\"noreferrer noopener\">https:\/\/www.facebook.com\/cristian.morales.7399<\/a><br>Instagram:&nbsp;<a href=\"https:\/\/www.instagram.com\/cristianmoralesoficial\/\" target=\"_blank\" rel=\"noreferrer noopener\">https:\/\/www.instagram.com\/cristianmoralesoficial\/<\/a><\/p>\n\n\n\n<figure class=\"wp-block-image size-large\"><img decoding=\"async\" loading=\"lazy\" width=\"1024\" height=\"1024\" src=\"https:\/\/laprensacristiana.com\/wp-content\/uploads\/2024\/02\/Portada-Camino-y-Verdad-Lanzamiento-1024x1024.jpeg\" alt=\"\" class=\"wp-image-16118\" srcset=\"https:\/\/laprensacristiana.com\/wp-content\/uploads\/2024\/02\/Portada-Camino-y-Verdad-Lanzamiento-1024x1024.jpeg 1024w, https:\/\/laprensacristiana.com\/wp-content\/uploads\/2024\/02\/Portada-Camino-y-Verdad-Lanzamiento-300x300.jpeg 300w, https:\/\/laprensacristiana.com\/wp-content\/uploads\/2024\/02\/Portada-Camino-y-Verdad-Lanzamiento-150x150.jpeg 150w, https:\/\/laprensacristiana.com\/wp-content\/uploads\/2024\/02\/Portada-Camino-y-Verdad-Lanzamiento-768x768.jpeg 768w, https:\/\/laprensacristiana.com\/wp-content\/uploads\/2024\/02\/Portada-Camino-y-Verdad-Lanzamiento-696x696.jpeg 696w, https:\/\/laprensacristiana.com\/wp-content\/uploads\/2024\/02\/Portada-Camino-y-Verdad-Lanzamiento-1068x1068.jpeg 1068w, https:\/\/laprensacristiana.com\/wp-content\/uploads\/2024\/02\/Portada-Camino-y-Verdad-Lanzamiento-600x600.jpeg 600w, https:\/\/laprensacristiana.com\/wp-content\/uploads\/2024\/02\/Portada-Camino-y-Verdad-Lanzamiento-100x100.jpeg 100w, https:\/\/laprensacristiana.com\/wp-content\/uploads\/2024\/02\/Portada-Camino-y-Verdad-Lanzamiento.jpeg 1080w\" sizes=\"(max-width: 1024px) 100vw, 1024px\" \/><\/figure>\n","protected":false},"excerpt":{"rendered":"<p>Por: Dami\u00e1n Sileo El cantautor guatemalteco Cristian Morales anunci\u00f3, a trav\u00e9s de sus redes sociales, el lanzamiento de su nuevo sencillo titulado \u00abCamino y Verdad\u00bb. El pr\u00f3ximo&nbsp;s\u00e1bado 3 de febrero&nbsp;es la fecha anunciada para que esta nueva canci\u00f3n comience a rodar en las emisoras de radio y en las distintas plataformas digitales. \u00abCamino y Verdad\u00bb&nbsp;es [&hellip;]<\/p>\n","protected":false},"author":3,"featured_media":16117,"comment_status":"open","ping_status":"open","sticky":false,"template":"","format":"standard","meta":[],"categories":[114],"tags":[],"yoast_head":"<!-- This site is optimized with the Yoast SEO plugin v20.8 - https:\/\/yoast.com\/wordpress\/plugins\/seo\/ -->\n<title>&quot;Camino y Verdad&quot;, el nuevo sencillo de Cristian Morales - La Prensa Cristiana<\/title>\n<meta name=\"robots\" content=\"index, follow, max-snippet:-1, max-image-preview:large, max-video-preview:-1\" \/>\n<link rel=\"canonical\" href=\"https:\/\/laprensacristiana.com\/?p=16116\" \/>\n<meta property=\"og:locale\" content=\"es_ES\" \/>\n<meta property=\"og:type\" content=\"article\" \/>\n<meta property=\"og:title\" content=\"&quot;Camino y Verdad&quot;, el nuevo sencillo de Cristian Morales - La Prensa Cristiana\" \/>\n<meta property=\"og:description\" content=\"Por: Dami\u00e1n Sileo El cantautor guatemalteco Cristian Morales anunci\u00f3, a trav\u00e9s de sus redes sociales, el lanzamiento de su nuevo sencillo titulado \u00abCamino y Verdad\u00bb. El pr\u00f3ximo&nbsp;s\u00e1bado 3 de febrero&nbsp;es la fecha anunciada para que esta nueva canci\u00f3n comience a rodar en las emisoras de radio y en las distintas plataformas digitales. \u00abCamino y Verdad\u00bb&nbsp;es [&hellip;]\" \/>\n<meta property=\"og:url\" content=\"https:\/\/laprensacristiana.com\/?p=16116\" \/>\n<meta property=\"og:site_name\" content=\"La Prensa Cristiana\" \/>\n<meta property=\"article:published_time\" content=\"2024-02-01T15:20:53+00:00\" \/>\n<meta property=\"article:modified_time\" content=\"2024-02-01T15:20:54+00:00\" \/>\n<meta property=\"og:image\" content=\"https:\/\/laprensacristiana.com\/wp-content\/uploads\/2024\/02\/Cristian-Morales-Camino-y-Verdad-Foto.jpg\" \/>\n\t<meta property=\"og:image:width\" content=\"1140\" \/>\n\t<meta property=\"og:image:height\" content=\"760\" \/>\n\t<meta property=\"og:image:type\" content=\"image\/jpeg\" \/>\n<meta name=\"author\" content=\"EDITOR\" \/>\n<meta name=\"twitter:card\" content=\"summary_large_image\" \/>\n<meta name=\"twitter:label1\" content=\"Escrito por\" \/>\n\t<meta name=\"twitter:data1\" content=\"EDITOR\" \/>\n\t<meta name=\"twitter:label2\" content=\"Tiempo de lectura\" \/>\n\t<meta name=\"twitter:data2\" content=\"2 minutos\" \/>\n<script type=\"application\/ld+json\" class=\"yoast-schema-graph\">{\"@context\":\"https:\/\/schema.org\",\"@graph\":[{\"@type\":\"WebPage\",\"@id\":\"https:\/\/laprensacristiana.com\/?p=16116\",\"url\":\"https:\/\/laprensacristiana.com\/?p=16116\",\"name\":\"\\\"Camino y Verdad\\\", el nuevo sencillo de Cristian Morales - La Prensa Cristiana\",\"isPartOf\":{\"@id\":\"https:\/\/laprensacristiana.com\/#website\"},\"datePublished\":\"2024-02-01T15:20:53+00:00\",\"dateModified\":\"2024-02-01T15:20:54+00:00\",\"author\":{\"@id\":\"https:\/\/laprensacristiana.com\/#\/schema\/person\/3e7d82c6bfd6b1fa67010f8f7cd5256e\"},\"breadcrumb\":{\"@id\":\"https:\/\/laprensacristiana.com\/?p=16116#breadcrumb\"},\"inLanguage\":\"es\",\"potentialAction\":[{\"@type\":\"ReadAction\",\"target\":[\"https:\/\/laprensacristiana.com\/?p=16116\"]}]},{\"@type\":\"BreadcrumbList\",\"@id\":\"https:\/\/laprensacristiana.com\/?p=16116#breadcrumb\",\"itemListElement\":[{\"@type\":\"ListItem\",\"position\":1,\"name\":\"Portada\",\"item\":\"https:\/\/laprensacristiana.com\/\"},{\"@type\":\"ListItem\",\"position\":2,\"name\":\"\u00abCamino y Verdad\u00bb, el nuevo sencillo de Cristian Morales\"}]},{\"@type\":\"WebSite\",\"@id\":\"https:\/\/laprensacristiana.com\/#website\",\"url\":\"https:\/\/laprensacristiana.com\/\",\"name\":\"La Prensa Cristiana\",\"description\":\"Anunciando Las Buenas Nuevas\",\"potentialAction\":[{\"@type\":\"SearchAction\",\"target\":{\"@type\":\"EntryPoint\",\"urlTemplate\":\"https:\/\/laprensacristiana.com\/?s={search_term_string}\"},\"query-input\":\"required name=search_term_string\"}],\"inLanguage\":\"es\"},{\"@type\":\"Person\",\"@id\":\"https:\/\/laprensacristiana.com\/#\/schema\/person\/3e7d82c6bfd6b1fa67010f8f7cd5256e\",\"name\":\"EDITOR\",\"image\":{\"@type\":\"ImageObject\",\"inLanguage\":\"es\",\"@id\":\"https:\/\/laprensacristiana.com\/#\/schema\/person\/image\/\",\"url\":\"https:\/\/secure.gravatar.com\/avatar\/72069dfb6c13772d9e8381e3638666d2?s=96&d=mm&r=g\",\"contentUrl\":\"https:\/\/secure.gravatar.com\/avatar\/72069dfb6c13772d9e8381e3638666d2?s=96&d=mm&r=g\",\"caption\":\"EDITOR\"},\"url\":\"https:\/\/laprensacristiana.com\/?author=3\"}]}<\/script>\n<!-- \/ Yoast SEO plugin. -->","yoast_head_json":{"title":"\"Camino y Verdad\", el nuevo sencillo de Cristian Morales - La Prensa Cristiana","robots":{"index":"index","follow":"follow","max-snippet":"max-snippet:-1","max-image-preview":"max-image-preview:large","max-video-preview":"max-video-preview:-1"},"canonical":"https:\/\/laprensacristiana.com\/?p=16116","og_locale":"es_ES","og_type":"article","og_title":"\"Camino y Verdad\", el nuevo sencillo de Cristian Morales - La Prensa Cristiana","og_description":"Por: Dami\u00e1n Sileo El cantautor guatemalteco Cristian Morales anunci\u00f3, a trav\u00e9s de sus redes sociales, el lanzamiento de su nuevo sencillo titulado \u00abCamino y Verdad\u00bb. El pr\u00f3ximo&nbsp;s\u00e1bado 3 de febrero&nbsp;es la fecha anunciada para que esta nueva canci\u00f3n comience a rodar en las emisoras de radio y en las distintas plataformas digitales. \u00abCamino y Verdad\u00bb&nbsp;es [&hellip;]","og_url":"https:\/\/laprensacristiana.com\/?p=16116","og_site_name":"La Prensa Cristiana","article_published_time":"2024-02-01T15:20:53+00:00","article_modified_time":"2024-02-01T15:20:54+00:00","og_image":[{"width":1140,"height":760,"url":"https:\/\/laprensacristiana.com\/wp-content\/uploads\/2024\/02\/Cristian-Morales-Camino-y-Verdad-Foto.jpg","type":"image\/jpeg"}],"author":"EDITOR","twitter_card":"summary_large_image","twitter_misc":{"Escrito por":"EDITOR","Tiempo de lectura":"2 minutos"},"schema":{"@context":"https:\/\/schema.org","@graph":[{"@type":"WebPage","@id":"https:\/\/laprensacristiana.com\/?p=16116","url":"https:\/\/laprensacristiana.com\/?p=16116","name":"\"Camino y Verdad\", el nuevo sencillo de Cristian Morales - La Prensa Cristiana","isPartOf":{"@id":"https:\/\/laprensacristiana.com\/#website"},"datePublished":"2024-02-01T15:20:53+00:00","dateModified":"2024-02-01T15:20:54+00:00","author":{"@id":"https:\/\/laprensacristiana.com\/#\/schema\/person\/3e7d82c6bfd6b1fa67010f8f7cd5256e"},"breadcrumb":{"@id":"https:\/\/laprensacristiana.com\/?p=16116#breadcrumb"},"inLanguage":"es","potentialAction":[{"@type":"ReadAction","target":["https:\/\/laprensacristiana.com\/?p=16116"]}]},{"@type":"BreadcrumbList","@id":"https:\/\/laprensacristiana.com\/?p=16116#breadcrumb","itemListElement":[{"@type":"ListItem","position":1,"name":"Portada","item":"https:\/\/laprensacristiana.com\/"},{"@type":"ListItem","position":2,"name":"\u00abCamino y Verdad\u00bb, el nuevo sencillo de Cristian Morales"}]},{"@type":"WebSite","@id":"https:\/\/laprensacristiana.com\/#website","url":"https:\/\/laprensacristiana.com\/","name":"La Prensa Cristiana","description":"Anunciando Las Buenas Nuevas","potentialAction":[{"@type":"SearchAction","target":{"@type":"EntryPoint","urlTemplate":"https:\/\/laprensacristiana.com\/?s={search_term_string}"},"query-input":"required name=search_term_string"}],"inLanguage":"es"},{"@type":"Person","@id":"https:\/\/laprensacristiana.com\/#\/schema\/person\/3e7d82c6bfd6b1fa67010f8f7cd5256e","name":"EDITOR","image":{"@type":"ImageObject","inLanguage":"es","@id":"https:\/\/laprensacristiana.com\/#\/schema\/person\/image\/","url":"https:\/\/secure.gravatar.com\/avatar\/72069dfb6c13772d9e8381e3638666d2?s=96&d=mm&r=g","contentUrl":"https:\/\/secure.gravatar.com\/avatar\/72069dfb6c13772d9e8381e3638666d2?s=96&d=mm&r=g","caption":"EDITOR"},"url":"https:\/\/laprensacristiana.com\/?author=3"}]}},"_links":{"self":[{"href":"https:\/\/laprensacristiana.com\/index.php?rest_route=\/wp\/v2\/posts\/16116"}],"collection":[{"href":"https:\/\/laprensacristiana.com\/index.php?rest_route=\/wp\/v2\/posts"}],"about":[{"href":"https:\/\/laprensacristiana.com\/index.php?rest_route=\/wp\/v2\/types\/post"}],"author":[{"embeddable":true,"href":"https:\/\/laprensacristiana.com\/index.php?rest_route=\/wp\/v2\/users\/3"}],"replies":[{"embeddable":true,"href":"https:\/\/laprensacristiana.com\/index.php?rest_route=%2Fwp%2Fv2%2Fcomments&post=16116"}],"version-history":[{"count":1,"href":"https:\/\/laprensacristiana.com\/index.php?rest_route=\/wp\/v2\/posts\/16116\/revisions"}],"predecessor-version":[{"id":16119,"href":"https:\/\/laprensacristiana.com\/index.php?rest_route=\/wp\/v2\/posts\/16116\/revisions\/16119"}],"wp:featuredmedia":[{"embeddable":true,"href":"https:\/\/laprensacristiana.com\/index.php?rest_route=\/wp\/v2\/media\/16117"}],"wp:attachment":[{"href":"https:\/\/laprensacristiana.com\/index.php?rest_route=%2Fwp%2Fv2%2Fmedia&parent=16116"}],"wp:term":[{"taxonomy":"category","embeddable":true,"href":"https:\/\/laprensacristiana.com\/index.php?rest_route=%2Fwp%2Fv2%2Fcategories&post=16116"},{"taxonomy":"post_tag","embeddable":true,"href":"https:\/\/laprensacristiana.com\/index.php?rest_route=%2Fwp%2Fv2%2Ftags&post=16116"}],"curies":[{"name":"wp","href":"https:\/\/api.w.org\/{rel}","templated":true}]}}