{"id":1612,"date":"2016-10-04T22:03:43","date_gmt":"2016-10-04T22:03:43","guid":{"rendered":"https:\/\/laprensacristiana.com\/?p=1612"},"modified":"2020-07-02T01:42:48","modified_gmt":"2020-07-02T01:42:48","slug":"mentor-gestionando-el-exito-desde-el-fracaso","status":"publish","type":"post","link":"https:\/\/laprensacristiana.com\/?p=1612","title":{"rendered":"Mentor \u201cGestionando el \u00e9xito desde el fracaso\u201d"},"content":{"rendered":"<p>El d\u00eda de ayer se realiz\u00f3 el evento de Mentor, en las instalaciones de FUSAL, con el tema:<em> \u201cGestionando el \u00e9xito desde el fracaso\u201d<\/em>. Lo que se pretend\u00eda con este t\u00f3pico fue reconocer aquello que las personas necesitan para alcanzar el \u00e9xito, de igual forma se analiz\u00f3 lo que realmente proyecta el fracaso y \u00a0c\u00f3mo lidiar con el.<img decoding=\"async\" loading=\"lazy\" class=\"size-medium wp-image-1614 alignleft\" src=\"https:\/\/laprensacristiana.com\/wp-content\/uploads\/2016\/10\/EXITO1-300x225.jpg\" alt=\"EXITO1\" width=\"300\" height=\"225\" srcset=\"https:\/\/laprensacristiana.com\/wp-content\/uploads\/2016\/10\/EXITO1-300x225.jpg 300w, https:\/\/laprensacristiana.com\/wp-content\/uploads\/2016\/10\/EXITO1-600x450.jpg 600w, https:\/\/laprensacristiana.com\/wp-content\/uploads\/2016\/10\/EXITO1-768x576.jpg 768w, https:\/\/laprensacristiana.com\/wp-content\/uploads\/2016\/10\/EXITO1-1024x768.jpg 1024w, https:\/\/laprensacristiana.com\/wp-content\/uploads\/2016\/10\/EXITO1-80x60.jpg 80w, https:\/\/laprensacristiana.com\/wp-content\/uploads\/2016\/10\/EXITO1-265x198.jpg 265w, https:\/\/laprensacristiana.com\/wp-content\/uploads\/2016\/10\/EXITO1-696x522.jpg 696w, https:\/\/laprensacristiana.com\/wp-content\/uploads\/2016\/10\/EXITO1-1068x801.jpg 1068w, https:\/\/laprensacristiana.com\/wp-content\/uploads\/2016\/10\/EXITO1-560x420.jpg 560w, https:\/\/laprensacristiana.com\/wp-content\/uploads\/2016\/10\/EXITO1.jpg 2048w\" sizes=\"(max-width: 300px) 100vw, 300px\" \/><\/p>\n<p>Entre las ideas que envolvieron el tema se destac\u00f3 que solo por el hecho que las personas fracasan en algo, no significa que ser\u00e1 para toda la vida.<\/p>\n<p>Con un centenar de personas asistentes al evento, entre ellas pastores y miembros de iglesias se dieron cita para comprender que el fracaso solamente es una oportunidad que nos da la vida de tomar todas las ideas y de ponerlas en orden para volverlas a intentar.<\/p>\n","protected":false},"excerpt":{"rendered":"<p>El d\u00eda de ayer se realiz\u00f3 el evento de Mentor, en las instalaciones de FUSAL, con el tema: \u201cGestionando el \u00e9xito desde el fracaso\u201d. Lo que se pretend\u00eda con este t\u00f3pico fue reconocer aquello que las personas necesitan para alcanzar el \u00e9xito, de igual forma se analiz\u00f3 lo que realmente proyecta el fracaso y \u00a0c\u00f3mo [&hellip;]<\/p>\n","protected":false},"author":3,"featured_media":1613,"comment_status":"open","ping_status":"open","sticky":false,"template":"","format":"standard","meta":[],"categories":[56],"tags":[],"yoast_head":"<!-- This site is optimized with the Yoast SEO plugin v20.8 - https:\/\/yoast.com\/wordpress\/plugins\/seo\/ -->\n<title>Mentor \u201cGestionando el \u00e9xito desde el fracaso\u201d - La Prensa Cristiana<\/title>\n<meta name=\"robots\" content=\"index, follow, max-snippet:-1, max-image-preview:large, max-video-preview:-1\" \/>\n<link rel=\"canonical\" href=\"https:\/\/laprensacristiana.com\/?p=1612\" \/>\n<meta property=\"og:locale\" content=\"es_ES\" \/>\n<meta property=\"og:type\" content=\"article\" \/>\n<meta property=\"og:title\" content=\"Mentor \u201cGestionando el \u00e9xito desde el fracaso\u201d - La Prensa Cristiana\" \/>\n<meta property=\"og:description\" content=\"El d\u00eda de ayer se realiz\u00f3 el evento de Mentor, en las instalaciones de FUSAL, con el tema: \u201cGestionando el \u00e9xito desde el fracaso\u201d. Lo que se pretend\u00eda con este t\u00f3pico fue reconocer aquello que las personas necesitan para alcanzar el \u00e9xito, de igual forma se analiz\u00f3 lo que realmente proyecta el fracaso y \u00a0c\u00f3mo [&hellip;]\" \/>\n<meta property=\"og:url\" content=\"https:\/\/laprensacristiana.com\/?p=1612\" \/>\n<meta property=\"og:site_name\" content=\"La Prensa Cristiana\" \/>\n<meta property=\"article:published_time\" content=\"2016-10-04T22:03:43+00:00\" \/>\n<meta property=\"article:modified_time\" content=\"2020-07-02T01:42:48+00:00\" \/>\n<meta property=\"og:image\" content=\"https:\/\/laprensacristiana.com\/wp-content\/uploads\/2016\/10\/EXITO2.jpg\" \/>\n\t<meta property=\"og:image:width\" content=\"2048\" \/>\n\t<meta property=\"og:image:height\" content=\"1536\" \/>\n\t<meta property=\"og:image:type\" content=\"image\/jpeg\" \/>\n<meta name=\"author\" content=\"EDITOR\" \/>\n<meta name=\"twitter:card\" content=\"summary_large_image\" \/>\n<meta name=\"twitter:label1\" content=\"Escrito por\" \/>\n\t<meta name=\"twitter:data1\" content=\"EDITOR\" \/>\n\t<meta name=\"twitter:label2\" content=\"Tiempo de lectura\" \/>\n\t<meta name=\"twitter:data2\" content=\"1 minuto\" \/>\n<script type=\"application\/ld+json\" class=\"yoast-schema-graph\">{\"@context\":\"https:\/\/schema.org\",\"@graph\":[{\"@type\":\"WebPage\",\"@id\":\"https:\/\/laprensacristiana.com\/?p=1612\",\"url\":\"https:\/\/laprensacristiana.com\/?p=1612\",\"name\":\"Mentor \u201cGestionando el \u00e9xito desde el fracaso\u201d - La Prensa Cristiana\",\"isPartOf\":{\"@id\":\"https:\/\/laprensacristiana.com\/#website\"},\"datePublished\":\"2016-10-04T22:03:43+00:00\",\"dateModified\":\"2020-07-02T01:42:48+00:00\",\"author\":{\"@id\":\"https:\/\/laprensacristiana.com\/#\/schema\/person\/3e7d82c6bfd6b1fa67010f8f7cd5256e\"},\"breadcrumb\":{\"@id\":\"https:\/\/laprensacristiana.com\/?p=1612#breadcrumb\"},\"inLanguage\":\"es\",\"potentialAction\":[{\"@type\":\"ReadAction\",\"target\":[\"https:\/\/laprensacristiana.com\/?p=1612\"]}]},{\"@type\":\"BreadcrumbList\",\"@id\":\"https:\/\/laprensacristiana.com\/?p=1612#breadcrumb\",\"itemListElement\":[{\"@type\":\"ListItem\",\"position\":1,\"name\":\"Portada\",\"item\":\"https:\/\/laprensacristiana.com\/\"},{\"@type\":\"ListItem\",\"position\":2,\"name\":\"Mentor \u201cGestionando el \u00e9xito desde el fracaso\u201d\"}]},{\"@type\":\"WebSite\",\"@id\":\"https:\/\/laprensacristiana.com\/#website\",\"url\":\"https:\/\/laprensacristiana.com\/\",\"name\":\"La Prensa Cristiana\",\"description\":\"Anunciando Las Buenas Nuevas\",\"potentialAction\":[{\"@type\":\"SearchAction\",\"target\":{\"@type\":\"EntryPoint\",\"urlTemplate\":\"https:\/\/laprensacristiana.com\/?s={search_term_string}\"},\"query-input\":\"required name=search_term_string\"}],\"inLanguage\":\"es\"},{\"@type\":\"Person\",\"@id\":\"https:\/\/laprensacristiana.com\/#\/schema\/person\/3e7d82c6bfd6b1fa67010f8f7cd5256e\",\"name\":\"EDITOR\",\"image\":{\"@type\":\"ImageObject\",\"inLanguage\":\"es\",\"@id\":\"https:\/\/laprensacristiana.com\/#\/schema\/person\/image\/\",\"url\":\"https:\/\/secure.gravatar.com\/avatar\/72069dfb6c13772d9e8381e3638666d2?s=96&d=mm&r=g\",\"contentUrl\":\"https:\/\/secure.gravatar.com\/avatar\/72069dfb6c13772d9e8381e3638666d2?s=96&d=mm&r=g\",\"caption\":\"EDITOR\"},\"url\":\"https:\/\/laprensacristiana.com\/?author=3\"}]}<\/script>\n<!-- \/ Yoast SEO plugin. -->","yoast_head_json":{"title":"Mentor \u201cGestionando el \u00e9xito desde el fracaso\u201d - La Prensa Cristiana","robots":{"index":"index","follow":"follow","max-snippet":"max-snippet:-1","max-image-preview":"max-image-preview:large","max-video-preview":"max-video-preview:-1"},"canonical":"https:\/\/laprensacristiana.com\/?p=1612","og_locale":"es_ES","og_type":"article","og_title":"Mentor \u201cGestionando el \u00e9xito desde el fracaso\u201d - La Prensa Cristiana","og_description":"El d\u00eda de ayer se realiz\u00f3 el evento de Mentor, en las instalaciones de FUSAL, con el tema: \u201cGestionando el \u00e9xito desde el fracaso\u201d. Lo que se pretend\u00eda con este t\u00f3pico fue reconocer aquello que las personas necesitan para alcanzar el \u00e9xito, de igual forma se analiz\u00f3 lo que realmente proyecta el fracaso y \u00a0c\u00f3mo [&hellip;]","og_url":"https:\/\/laprensacristiana.com\/?p=1612","og_site_name":"La Prensa Cristiana","article_published_time":"2016-10-04T22:03:43+00:00","article_modified_time":"2020-07-02T01:42:48+00:00","og_image":[{"width":2048,"height":1536,"url":"https:\/\/laprensacristiana.com\/wp-content\/uploads\/2016\/10\/EXITO2.jpg","type":"image\/jpeg"}],"author":"EDITOR","twitter_card":"summary_large_image","twitter_misc":{"Escrito por":"EDITOR","Tiempo de lectura":"1 minuto"},"schema":{"@context":"https:\/\/schema.org","@graph":[{"@type":"WebPage","@id":"https:\/\/laprensacristiana.com\/?p=1612","url":"https:\/\/laprensacristiana.com\/?p=1612","name":"Mentor \u201cGestionando el \u00e9xito desde el fracaso\u201d - La Prensa Cristiana","isPartOf":{"@id":"https:\/\/laprensacristiana.com\/#website"},"datePublished":"2016-10-04T22:03:43+00:00","dateModified":"2020-07-02T01:42:48+00:00","author":{"@id":"https:\/\/laprensacristiana.com\/#\/schema\/person\/3e7d82c6bfd6b1fa67010f8f7cd5256e"},"breadcrumb":{"@id":"https:\/\/laprensacristiana.com\/?p=1612#breadcrumb"},"inLanguage":"es","potentialAction":[{"@type":"ReadAction","target":["https:\/\/laprensacristiana.com\/?p=1612"]}]},{"@type":"BreadcrumbList","@id":"https:\/\/laprensacristiana.com\/?p=1612#breadcrumb","itemListElement":[{"@type":"ListItem","position":1,"name":"Portada","item":"https:\/\/laprensacristiana.com\/"},{"@type":"ListItem","position":2,"name":"Mentor \u201cGestionando el \u00e9xito desde el fracaso\u201d"}]},{"@type":"WebSite","@id":"https:\/\/laprensacristiana.com\/#website","url":"https:\/\/laprensacristiana.com\/","name":"La Prensa Cristiana","description":"Anunciando Las Buenas Nuevas","potentialAction":[{"@type":"SearchAction","target":{"@type":"EntryPoint","urlTemplate":"https:\/\/laprensacristiana.com\/?s={search_term_string}"},"query-input":"required name=search_term_string"}],"inLanguage":"es"},{"@type":"Person","@id":"https:\/\/laprensacristiana.com\/#\/schema\/person\/3e7d82c6bfd6b1fa67010f8f7cd5256e","name":"EDITOR","image":{"@type":"ImageObject","inLanguage":"es","@id":"https:\/\/laprensacristiana.com\/#\/schema\/person\/image\/","url":"https:\/\/secure.gravatar.com\/avatar\/72069dfb6c13772d9e8381e3638666d2?s=96&d=mm&r=g","contentUrl":"https:\/\/secure.gravatar.com\/avatar\/72069dfb6c13772d9e8381e3638666d2?s=96&d=mm&r=g","caption":"EDITOR"},"url":"https:\/\/laprensacristiana.com\/?author=3"}]}},"_links":{"self":[{"href":"https:\/\/laprensacristiana.com\/index.php?rest_route=\/wp\/v2\/posts\/1612"}],"collection":[{"href":"https:\/\/laprensacristiana.com\/index.php?rest_route=\/wp\/v2\/posts"}],"about":[{"href":"https:\/\/laprensacristiana.com\/index.php?rest_route=\/wp\/v2\/types\/post"}],"author":[{"embeddable":true,"href":"https:\/\/laprensacristiana.com\/index.php?rest_route=\/wp\/v2\/users\/3"}],"replies":[{"embeddable":true,"href":"https:\/\/laprensacristiana.com\/index.php?rest_route=%2Fwp%2Fv2%2Fcomments&post=1612"}],"version-history":[{"count":3,"href":"https:\/\/laprensacristiana.com\/index.php?rest_route=\/wp\/v2\/posts\/1612\/revisions"}],"predecessor-version":[{"id":1617,"href":"https:\/\/laprensacristiana.com\/index.php?rest_route=\/wp\/v2\/posts\/1612\/revisions\/1617"}],"wp:featuredmedia":[{"embeddable":true,"href":"https:\/\/laprensacristiana.com\/index.php?rest_route=\/wp\/v2\/media\/1613"}],"wp:attachment":[{"href":"https:\/\/laprensacristiana.com\/index.php?rest_route=%2Fwp%2Fv2%2Fmedia&parent=1612"}],"wp:term":[{"taxonomy":"category","embeddable":true,"href":"https:\/\/laprensacristiana.com\/index.php?rest_route=%2Fwp%2Fv2%2Fcategories&post=1612"},{"taxonomy":"post_tag","embeddable":true,"href":"https:\/\/laprensacristiana.com\/index.php?rest_route=%2Fwp%2Fv2%2Ftags&post=1612"}],"curies":[{"name":"wp","href":"https:\/\/api.w.org\/{rel}","templated":true}]}}