{"id":16120,"date":"2024-02-01T15:51:42","date_gmt":"2024-02-01T15:51:42","guid":{"rendered":"https:\/\/laprensacristiana.com\/?p=16120"},"modified":"2024-02-01T15:51:43","modified_gmt":"2024-02-01T15:51:43","slug":"chanel-novas-lanzo-su-sencillo-demostracion-de-poder","status":"publish","type":"post","link":"https:\/\/laprensacristiana.com\/?p=16120","title":{"rendered":"Chanel Novas lanz\u00f3 su sencillo \u201cDemostraci\u00f3n de poder\u201d"},"content":{"rendered":"\n<p>Por: Dami\u00e1n Sileo <\/p>\n\n\n\n<p><strong>La cantante dominicana Chanel Novas lanz\u00f3 su sencillo \u201cDemostraci\u00f3n de poder\u201d como adelanto de su nuevo disco \u201cMi ofrenda live\u201d, con la producci\u00f3n ejecutiva de MDG Music Group.<\/strong><br><br>El \u00e1lbum fue grabado en Rep\u00fablica Dominicana, con canciones que escribi\u00f3\u00a0<strong>Chanel\u00a0<\/strong>junto a\u00a0<strong>\u00c1ngelo Frilop\u00a0<\/strong>y\u00a0<strong>Jos\u00e9 Miguel Castillo\u00a0<\/strong>durante un campamento de composici\u00f3n. Este primer corte de difusi\u00f3n cuenta con la colaboraci\u00f3n de\u00a0<strong>Felixis Falc\u00f3n<\/strong>; la producci\u00f3n de\u00a0<strong>Mat\u00edas De Gyldenfeldt, Eurys Gonz\u00e1lez y \u00c1ngel Fr\u00edas<\/strong>; la direcci\u00f3n creativa de\u00a0<strong>Thomas Luque<\/strong>; la direcci\u00f3n de video de\u00a0<strong>Agner Marte<\/strong>; la producci\u00f3n t\u00e9cnica de\u00a0<strong>Facundo Chiniec\u00a0<\/strong>y\u00a0<strong>Francis Castro<\/strong>\u00a0y la producci\u00f3n musical del ya mencionado\u00a0<strong>\u00c1ngelo<\/strong>, l\u00edder del\u00a0<strong>Grupo Barak<\/strong>.<br><br><em>\u201cGrabar este disco fue una experiencia inolvidable para m\u00ed. Vivimos un tiempo muy hermoso y emotivo en la presencia de Dios. Fue una grabaci\u00f3n de muy alta calidad y excelencia, que qued\u00f3 impregnada en cada coraz\u00f3n de los que vivimos esta extraordinaria experiencia\u201d<\/em>, remarc\u00f3\u00a0<strong>Chanel<\/strong>.\u00a0<em>\u201cDios me dio la oportunidad de colaborar con artistas de alto nivel en la m\u00fasica cristiana, que en su momento lo imagin\u00e9 como un sue\u00f1o y Dios lo hizo realidad. Creo fielmente que este nuevo \u00e1lbum bendecir\u00e1 millones de vidas, ese es el motivo principal de \u2018Mi ofrenda live\u2019, que cada canci\u00f3n de este \u00e1lbum acerque a las personas a Dios y a su mejor versi\u00f3n como personas\u201d.<\/em><br><br>Por su parte,\u00a0<strong>Mat\u00edas De Gyldenfeldt<\/strong>, director de\u00a0<strong>MDG Music Group<\/strong>, agreg\u00f3:\u00a0<em>\u201cTodo el equipo de MDG est\u00e1 muy emocionado por haber hecho realidad este sue\u00f1o y este objetivo de grabar la primera producci\u00f3n de Chanel Novas con un equipo de m\u00e1s de 25 personas, 10 c\u00e1maras, la presencia de Facundo Chiniec en la producci\u00f3n t\u00e9cnica general, la est\u00e9tica e identidad visual y edici\u00f3n de Thomas Luque, nuestro director creativo, y en equipo con \u00c1ngelo Frilop en la producci\u00f3n musical, Agner Marte en la direcci\u00f3n de c\u00e1mara, Jabes en la captura en vivo, Rony Galv\u00e1n en luces y todo el equipo de Chanel Novas. Sus m\u00fasicos, su ingeniero de sonido Francis, la cobertura pastoral y espiritual de Eurys Gonz\u00e1lez, esposo de Chanel\u201d.<br><br>\u201cRealmente ha sido una experiencia incre\u00edble, donde por sobre todo hemos visto el resultado de meses de oraci\u00f3n, de trabajo y sabemos que \u00e9sta producci\u00f3n va a ser de gran impacto y de mucha bendici\u00f3n para millones de personas. Tenemos muchas ganas de que ya se escuche todo el disco por completo tambi\u00e9n. Les adelantamos que tiene varias sorpresas que se van a ir conociendo a lo largo de sus lanzamientos\u201d<\/em>, complet\u00f3\u00a0<strong>Mat\u00edas<\/strong>.<br><br><strong>Chanel Novas\u00a0<\/strong>naci\u00f3 en San Francisco de Macor\u00eds, Rep\u00fablica Dominicana, y desde los 4 a\u00f1os de edad descubri\u00f3 su pasi\u00f3n musical siendo evidente el prop\u00f3sito de Dios para su vida. Como consecuencia de este llamado, en 2011 form\u00f3 su banda musical y en 2014 obtuvo el segundo puesto en los concursos televisivos \u201cArtista de mi barrio\u201d y \u201cMi voz para Cristo\u201d. En 2015 contrajo matrimonio con\u00a0<strong>Eurys Gonz\u00e1lez\u00a0<\/strong>a quien conoci\u00f3 en la escuela, y en la actualidad tiene tres hijos: Nehemias, Aar\u00f3n y Eliel. Entre sus grandes \u00e9xitos se encuentran\u00a0<em>\u201cEl Calvario a tu favor\u201d\u00a0<\/em>(2014);\u00a0<em>\u201cMe multiplicar\u00e9\u201d\u00a0<\/em>(2017) con m\u00e1s de 4,5 millones de vistas;\u00a0<em>\u201cDe la tierra del olvido\u201d\u00a0<\/em>(2018);\u00a0<em>\u201cTe equivocaste otra vez\u201d\u00a0<\/em>(2019);\u00a0<em>\u201cSe acerca un milagro\u201d\u00a0<\/em>(2020);\u00a0<em>\u201cTu Gloria\u201d, \u201cRegresa\u201d\u00a0<\/em>y\u00a0<em>\u201cEres bienvenido\u201d\u00a0<\/em>(2021) y\u00a0<em>\u201cReverdecer\u00e1s\u201d\u00a0<\/em>(2022), junto a la artista puertorrique\u00f1a\u00a0<strong>Nimsy L\u00f3pez<\/strong>, que super\u00f3 las 10 millones de visualizaciones.<br><br><em>\u201cDemostraci\u00f3n de poder\u201d\u00a0<\/em>est\u00e1 disponible en todas las plataformas digitales con el apoyo y la distribuci\u00f3n de\u00a0<strong>MDG Music Group<\/strong>.<br><br>B\u00fascanos en @chanelnovas y @mdggroupmusic<\/p>\n\n\n\n<figure class=\"wp-block-embed is-type-video is-provider-youtube wp-block-embed-youtube wp-embed-aspect-16-9 wp-has-aspect-ratio\"><div class=\"wp-block-embed__wrapper\">\n<iframe loading=\"lazy\" title=\"Chanel Novas, @felixisfalcon  - Demostraci\u00f3n De Poder (Video Oficial)\" width=\"696\" height=\"392\" src=\"https:\/\/www.youtube.com\/embed\/xQveSUsoDbo?feature=oembed\" frameborder=\"0\" allow=\"accelerometer; autoplay; clipboard-write; encrypted-media; gyroscope; picture-in-picture; web-share\" allowfullscreen><\/iframe>\n<\/div><\/figure>\n","protected":false},"excerpt":{"rendered":"<p>Por: Dami\u00e1n Sileo La cantante dominicana Chanel Novas lanz\u00f3 su sencillo \u201cDemostraci\u00f3n de poder\u201d como adelanto de su nuevo disco \u201cMi ofrenda live\u201d, con la producci\u00f3n ejecutiva de MDG Music Group. El \u00e1lbum fue grabado en Rep\u00fablica Dominicana, con canciones que escribi\u00f3\u00a0Chanel\u00a0junto a\u00a0\u00c1ngelo Frilop\u00a0y\u00a0Jos\u00e9 Miguel Castillo\u00a0durante un campamento de composici\u00f3n. Este primer corte de difusi\u00f3n [&hellip;]<\/p>\n","protected":false},"author":3,"featured_media":16122,"comment_status":"open","ping_status":"open","sticky":false,"template":"","format":"standard","meta":[],"categories":[114],"tags":[],"yoast_head":"<!-- This site is optimized with the Yoast SEO plugin v20.8 - https:\/\/yoast.com\/wordpress\/plugins\/seo\/ -->\n<title>Chanel Novas lanz\u00f3 su sencillo \u201cDemostraci\u00f3n de poder\u201d - La Prensa Cristiana<\/title>\n<meta name=\"robots\" content=\"index, follow, max-snippet:-1, max-image-preview:large, max-video-preview:-1\" \/>\n<link rel=\"canonical\" href=\"https:\/\/laprensacristiana.com\/?p=16120\" \/>\n<meta property=\"og:locale\" content=\"es_ES\" \/>\n<meta property=\"og:type\" content=\"article\" \/>\n<meta property=\"og:title\" content=\"Chanel Novas lanz\u00f3 su sencillo \u201cDemostraci\u00f3n de poder\u201d - La Prensa Cristiana\" \/>\n<meta property=\"og:description\" content=\"Por: Dami\u00e1n Sileo La cantante dominicana Chanel Novas lanz\u00f3 su sencillo \u201cDemostraci\u00f3n de poder\u201d como adelanto de su nuevo disco \u201cMi ofrenda live\u201d, con la producci\u00f3n ejecutiva de MDG Music Group. El \u00e1lbum fue grabado en Rep\u00fablica Dominicana, con canciones que escribi\u00f3\u00a0Chanel\u00a0junto a\u00a0\u00c1ngelo Frilop\u00a0y\u00a0Jos\u00e9 Miguel Castillo\u00a0durante un campamento de composici\u00f3n. Este primer corte de difusi\u00f3n [&hellip;]\" \/>\n<meta property=\"og:url\" content=\"https:\/\/laprensacristiana.com\/?p=16120\" \/>\n<meta property=\"og:site_name\" content=\"La Prensa Cristiana\" \/>\n<meta property=\"article:published_time\" content=\"2024-02-01T15:51:42+00:00\" \/>\n<meta property=\"article:modified_time\" content=\"2024-02-01T15:51:43+00:00\" \/>\n<meta property=\"og:image\" content=\"https:\/\/laprensacristiana.com\/wp-content\/uploads\/2024\/02\/WhatsApp-Image-2024-02-01-at-9.45.21-AM.jpeg\" \/>\n\t<meta property=\"og:image:width\" content=\"1600\" \/>\n\t<meta property=\"og:image:height\" content=\"923\" \/>\n\t<meta property=\"og:image:type\" content=\"image\/jpeg\" \/>\n<meta name=\"author\" content=\"EDITOR\" \/>\n<meta name=\"twitter:card\" content=\"summary_large_image\" \/>\n<meta name=\"twitter:label1\" content=\"Escrito por\" \/>\n\t<meta name=\"twitter:data1\" content=\"EDITOR\" \/>\n\t<meta name=\"twitter:label2\" content=\"Tiempo de lectura\" \/>\n\t<meta name=\"twitter:data2\" content=\"3 minutos\" \/>\n<script type=\"application\/ld+json\" class=\"yoast-schema-graph\">{\"@context\":\"https:\/\/schema.org\",\"@graph\":[{\"@type\":\"WebPage\",\"@id\":\"https:\/\/laprensacristiana.com\/?p=16120\",\"url\":\"https:\/\/laprensacristiana.com\/?p=16120\",\"name\":\"Chanel Novas lanz\u00f3 su sencillo \u201cDemostraci\u00f3n de poder\u201d - La Prensa Cristiana\",\"isPartOf\":{\"@id\":\"https:\/\/laprensacristiana.com\/#website\"},\"datePublished\":\"2024-02-01T15:51:42+00:00\",\"dateModified\":\"2024-02-01T15:51:43+00:00\",\"author\":{\"@id\":\"https:\/\/laprensacristiana.com\/#\/schema\/person\/3e7d82c6bfd6b1fa67010f8f7cd5256e\"},\"breadcrumb\":{\"@id\":\"https:\/\/laprensacristiana.com\/?p=16120#breadcrumb\"},\"inLanguage\":\"es\",\"potentialAction\":[{\"@type\":\"ReadAction\",\"target\":[\"https:\/\/laprensacristiana.com\/?p=16120\"]}]},{\"@type\":\"BreadcrumbList\",\"@id\":\"https:\/\/laprensacristiana.com\/?p=16120#breadcrumb\",\"itemListElement\":[{\"@type\":\"ListItem\",\"position\":1,\"name\":\"Portada\",\"item\":\"https:\/\/laprensacristiana.com\/\"},{\"@type\":\"ListItem\",\"position\":2,\"name\":\"Chanel Novas lanz\u00f3 su sencillo \u201cDemostraci\u00f3n de poder\u201d\"}]},{\"@type\":\"WebSite\",\"@id\":\"https:\/\/laprensacristiana.com\/#website\",\"url\":\"https:\/\/laprensacristiana.com\/\",\"name\":\"La Prensa Cristiana\",\"description\":\"Anunciando Las Buenas Nuevas\",\"potentialAction\":[{\"@type\":\"SearchAction\",\"target\":{\"@type\":\"EntryPoint\",\"urlTemplate\":\"https:\/\/laprensacristiana.com\/?s={search_term_string}\"},\"query-input\":\"required name=search_term_string\"}],\"inLanguage\":\"es\"},{\"@type\":\"Person\",\"@id\":\"https:\/\/laprensacristiana.com\/#\/schema\/person\/3e7d82c6bfd6b1fa67010f8f7cd5256e\",\"name\":\"EDITOR\",\"image\":{\"@type\":\"ImageObject\",\"inLanguage\":\"es\",\"@id\":\"https:\/\/laprensacristiana.com\/#\/schema\/person\/image\/\",\"url\":\"https:\/\/secure.gravatar.com\/avatar\/72069dfb6c13772d9e8381e3638666d2?s=96&d=mm&r=g\",\"contentUrl\":\"https:\/\/secure.gravatar.com\/avatar\/72069dfb6c13772d9e8381e3638666d2?s=96&d=mm&r=g\",\"caption\":\"EDITOR\"},\"url\":\"https:\/\/laprensacristiana.com\/?author=3\"}]}<\/script>\n<!-- \/ Yoast SEO plugin. -->","yoast_head_json":{"title":"Chanel Novas lanz\u00f3 su sencillo \u201cDemostraci\u00f3n de poder\u201d - La Prensa Cristiana","robots":{"index":"index","follow":"follow","max-snippet":"max-snippet:-1","max-image-preview":"max-image-preview:large","max-video-preview":"max-video-preview:-1"},"canonical":"https:\/\/laprensacristiana.com\/?p=16120","og_locale":"es_ES","og_type":"article","og_title":"Chanel Novas lanz\u00f3 su sencillo \u201cDemostraci\u00f3n de poder\u201d - La Prensa Cristiana","og_description":"Por: Dami\u00e1n Sileo La cantante dominicana Chanel Novas lanz\u00f3 su sencillo \u201cDemostraci\u00f3n de poder\u201d como adelanto de su nuevo disco \u201cMi ofrenda live\u201d, con la producci\u00f3n ejecutiva de MDG Music Group. El \u00e1lbum fue grabado en Rep\u00fablica Dominicana, con canciones que escribi\u00f3\u00a0Chanel\u00a0junto a\u00a0\u00c1ngelo Frilop\u00a0y\u00a0Jos\u00e9 Miguel Castillo\u00a0durante un campamento de composici\u00f3n. Este primer corte de difusi\u00f3n [&hellip;]","og_url":"https:\/\/laprensacristiana.com\/?p=16120","og_site_name":"La Prensa Cristiana","article_published_time":"2024-02-01T15:51:42+00:00","article_modified_time":"2024-02-01T15:51:43+00:00","og_image":[{"width":1600,"height":923,"url":"https:\/\/laprensacristiana.com\/wp-content\/uploads\/2024\/02\/WhatsApp-Image-2024-02-01-at-9.45.21-AM.jpeg","type":"image\/jpeg"}],"author":"EDITOR","twitter_card":"summary_large_image","twitter_misc":{"Escrito por":"EDITOR","Tiempo de lectura":"3 minutos"},"schema":{"@context":"https:\/\/schema.org","@graph":[{"@type":"WebPage","@id":"https:\/\/laprensacristiana.com\/?p=16120","url":"https:\/\/laprensacristiana.com\/?p=16120","name":"Chanel Novas lanz\u00f3 su sencillo \u201cDemostraci\u00f3n de poder\u201d - La Prensa Cristiana","isPartOf":{"@id":"https:\/\/laprensacristiana.com\/#website"},"datePublished":"2024-02-01T15:51:42+00:00","dateModified":"2024-02-01T15:51:43+00:00","author":{"@id":"https:\/\/laprensacristiana.com\/#\/schema\/person\/3e7d82c6bfd6b1fa67010f8f7cd5256e"},"breadcrumb":{"@id":"https:\/\/laprensacristiana.com\/?p=16120#breadcrumb"},"inLanguage":"es","potentialAction":[{"@type":"ReadAction","target":["https:\/\/laprensacristiana.com\/?p=16120"]}]},{"@type":"BreadcrumbList","@id":"https:\/\/laprensacristiana.com\/?p=16120#breadcrumb","itemListElement":[{"@type":"ListItem","position":1,"name":"Portada","item":"https:\/\/laprensacristiana.com\/"},{"@type":"ListItem","position":2,"name":"Chanel Novas lanz\u00f3 su sencillo \u201cDemostraci\u00f3n de poder\u201d"}]},{"@type":"WebSite","@id":"https:\/\/laprensacristiana.com\/#website","url":"https:\/\/laprensacristiana.com\/","name":"La Prensa Cristiana","description":"Anunciando Las Buenas Nuevas","potentialAction":[{"@type":"SearchAction","target":{"@type":"EntryPoint","urlTemplate":"https:\/\/laprensacristiana.com\/?s={search_term_string}"},"query-input":"required name=search_term_string"}],"inLanguage":"es"},{"@type":"Person","@id":"https:\/\/laprensacristiana.com\/#\/schema\/person\/3e7d82c6bfd6b1fa67010f8f7cd5256e","name":"EDITOR","image":{"@type":"ImageObject","inLanguage":"es","@id":"https:\/\/laprensacristiana.com\/#\/schema\/person\/image\/","url":"https:\/\/secure.gravatar.com\/avatar\/72069dfb6c13772d9e8381e3638666d2?s=96&d=mm&r=g","contentUrl":"https:\/\/secure.gravatar.com\/avatar\/72069dfb6c13772d9e8381e3638666d2?s=96&d=mm&r=g","caption":"EDITOR"},"url":"https:\/\/laprensacristiana.com\/?author=3"}]}},"_links":{"self":[{"href":"https:\/\/laprensacristiana.com\/index.php?rest_route=\/wp\/v2\/posts\/16120"}],"collection":[{"href":"https:\/\/laprensacristiana.com\/index.php?rest_route=\/wp\/v2\/posts"}],"about":[{"href":"https:\/\/laprensacristiana.com\/index.php?rest_route=\/wp\/v2\/types\/post"}],"author":[{"embeddable":true,"href":"https:\/\/laprensacristiana.com\/index.php?rest_route=\/wp\/v2\/users\/3"}],"replies":[{"embeddable":true,"href":"https:\/\/laprensacristiana.com\/index.php?rest_route=%2Fwp%2Fv2%2Fcomments&post=16120"}],"version-history":[{"count":1,"href":"https:\/\/laprensacristiana.com\/index.php?rest_route=\/wp\/v2\/posts\/16120\/revisions"}],"predecessor-version":[{"id":16123,"href":"https:\/\/laprensacristiana.com\/index.php?rest_route=\/wp\/v2\/posts\/16120\/revisions\/16123"}],"wp:featuredmedia":[{"embeddable":true,"href":"https:\/\/laprensacristiana.com\/index.php?rest_route=\/wp\/v2\/media\/16122"}],"wp:attachment":[{"href":"https:\/\/laprensacristiana.com\/index.php?rest_route=%2Fwp%2Fv2%2Fmedia&parent=16120"}],"wp:term":[{"taxonomy":"category","embeddable":true,"href":"https:\/\/laprensacristiana.com\/index.php?rest_route=%2Fwp%2Fv2%2Fcategories&post=16120"},{"taxonomy":"post_tag","embeddable":true,"href":"https:\/\/laprensacristiana.com\/index.php?rest_route=%2Fwp%2Fv2%2Ftags&post=16120"}],"curies":[{"name":"wp","href":"https:\/\/api.w.org\/{rel}","templated":true}]}}