{"id":16124,"date":"2024-02-01T17:49:04","date_gmt":"2024-02-01T17:49:04","guid":{"rendered":"https:\/\/laprensacristiana.com\/?p=16124"},"modified":"2024-02-01T17:54:09","modified_gmt":"2024-02-01T17:54:09","slug":"entrevista-con-franklin-murillo-escritor-del-libro-advenimiento-del-mesias","status":"publish","type":"post","link":"https:\/\/laprensacristiana.com\/?p=16124","title":{"rendered":"Entrevista con Franklin Murillo Escritor del libro Advenimiento del Mes\u00edas"},"content":{"rendered":"\n<p>Por: Edwin G\u00f3ngora <\/p>\n\n\n\n<p>\u00bfH\u00e1blenos un poco de quien es Franklin Murillo?<strong><em><br><\/em><\/strong>Soy originario de Chalatenango. He realizado estudios b\u00edblicos en el Instituto B\u00edblico<br>Centroamericano en la ciudad de Guatemala y en el Seminario Teol\u00f3gico Centroamericano en la misma ciudad. Continue estudios superiores en el exterior: En Canadian Theological Seminary en Saskachewan, Canad\u00e1, en MacMaster University en Hamilton, Canad\u00e1 y actualmente en la Universidad Bautista en Louisiana, USA, en el programa de doctorado en escatolog\u00eda.<br>Soy un pastor evang\u00e9lico, desde hace cincuenta y tres a\u00f1os. He ministrado como pastor<br>en diferentes pa\u00edses como Guatemala, El Salvador y Canad\u00e1. He trabajado con diferentes<br>organizaciones tales como Misi\u00f3n Centroamericana, Alianza Cristiana y Misionera y<br>Convenci\u00f3n Bautista en Canad\u00e1. Actualmente, trabajo como conferencista internacional y<br>como mentor en la Red de Iglesias Misionales de AVANT.<\/p>\n\n\n\n<p><br>\u00bfDesde cu\u00e1ndo en el evangelio? Soy cristiano nacido de nuevo desde 1,970. Esta es la historia:<br>Un s\u00e1bado por la ma\u00f1ana de 1,968, en la ciudad de San Ildefonso, en el departamento<br>de San Vicente, El Salvador, un hombre llamado Honorio Monje estaba ley\u00e9ndole la Biblia<br>a un grupo de j\u00f3venes. El texto b\u00edblico que les le\u00eda era 1Cor.6:9-11 y yo alcanc\u00e9 a o\u00edr el<br>contenido de la lectura, y de inmediato se posesion\u00f3 de m\u00ed un temor que me dominaba y<br>me aterrorizaba, porque hab\u00eda comprendido que, si yo mor\u00eda en aquel momento, entonces, ser\u00eda condenado eternamente. Sin embargo, aquel temor se fue de m\u00ed, poco a poco, con el tiempo.<\/p>\n\n\n\n<p><br>Dos a\u00f1os despu\u00e9s, en una tarde de Julio de 1,970, yo fui a visitar al se\u00f1or Miguel<br>Castro, en la ciudad de Suchitoto. Cuando entr\u00e9 a su casa, vi un libro con pasta negra y le<br>pregunt\u00e9: \u00bfQu\u00e9 clase de libro era? \u00c9l me dijo: Es la Santa Biblia. Cuando escuch\u00e9 la palabra Biblia, volvi\u00f3 de nuevo aquel temor de 1,968. Entonces me prest\u00f3 la Biblia y la comenc\u00e9 a leer en aquel momento, de inmediato me encontr\u00e9 con el mismo texto de 1Cor.6:9-11 y naci\u00f3 en mi un hambre incontrolable de leer la Biblia. En ese mismo momento me fui a la casa donde viv\u00eda y comenc\u00e9 a leer la Biblia sin cesar. Pasaba noches enteras leyendo y por las ma\u00f1anas compart\u00eda con las personas de todo lo que hab\u00eda le\u00eddo y mucha gente se acercaba para escuchar lo que yo hab\u00eda le\u00eddo.<br><\/p>\n\n\n\n<p>Un s\u00e1bado 29 de agosto de 1,970, cerca de las 4 de la tarde, me encontraba sentado<br>pensando en todo lo que le\u00eda, y de manera sorpresiva, entr\u00f3 en mi coraz\u00f3n un deseo<br>profundo de recibir a Jesucristo, pero no sab\u00eda c\u00f3mo hacerlo, ni sab\u00eda a qui\u00e9n preguntarle.<\/p>\n\n\n\n<p><br>En ese momento, se me ocurri\u00f3 buscar una iglesia evang\u00e9lica y encontr\u00e9 una congregaci\u00f3n de la Misi\u00f3n Centroamericana y a su pastor Ram\u00f3n Alvarenga. Cuando le pregunt\u00e9 por el horario de los servicios, su respuesta fue la siguiente: \u201cma\u00f1ana domingo no tendremos servicios porque viajaremos a San salvador para celebrar unos bautismos\u201d, luego me dio la direcci\u00f3n donde se iban a realizar los bautismos.<br><\/p>\n\n\n\n<p>El siguiente d\u00eda, viaj\u00e9 a San Salvador y encontr\u00e9 la direcci\u00f3n que me hab\u00edan dado de<br>la Iglesia Central Centroamericana. Cuando entr\u00e9 al templo, me sent\u00e9 como a diez bancas al frente del p\u00falpito y dije: \u201ccuando el predicador haga el llamado para recibir a Cristo<strong><em> yo ser\u00e9 el primero en hacerlo, pero si no hace el llamado, entonces, yo me pondr\u00e9 en pie y anunciar\u00e9 mi decisi\u00f3n de hacerlo<\/em><\/strong>\u201d. El predicador de esa noche era el Pastor Eliseo Hern\u00e1ndez Echegoy\u00e9n. Su predicaci\u00f3n fue sobre la Segunda Venida de Cristo al mundo y el texto usado fue Hech.1:9-11. Al terminar me dio un Nuevo Testamento de pasta caf\u00e9, el cual se llamaba: \u201cLa Palabra de vida\u201d.<\/p>\n\n\n\n<p><br>Eran las 8.30 pm. del domingo 30 de agosto de 1,970 cuando recib\u00ed al Se\u00f1or<strong><br>Jesucristo<\/strong>. Esa noche, El esp\u00edritu Santo vino a mi vida y se qued\u00f3 en mi coraz\u00f3n. <\/p>\n\n\n\n<p>Me dio la nueva vida en Cristo, por lo cual, jam\u00e1s podr\u00e9 olvidar tal experiencia. <\/p>\n\n\n\n<p>Al terminar el servicio me fui a visitar mi familia para testificarles del Evangelio y de c\u00f3mo El Se\u00f1or me hab\u00eda cambiado. Desde ese d\u00eda en adelante, hasta este mismo momento que escribo estas palabras no he perdido la sed espiritual y el hambre de la Palabra de Dios. Mi anhelo es conocerlo bien administrar adecuadamente los a\u00f1os que me faltan para militar el Evangelio de Dios.<\/p>\n\n\n\n<p>\u00bfDe d\u00f3nde surge su inter\u00e9s de escribir acerca del Advenimiento?<strong><em><br><\/em><\/strong>El Advenimiento del Mes\u00edas es el t\u00edtulo del libro. Surgi\u00f3 despu\u00e9s de un intensivo an\u00e1lisis<br>del Cap\u00edtulo 1 y 2 del Evangelio de Mateo. El libro trata del primer advenimiento de Cristo a la tierra. Despu\u00e9s de observar cantidades de buenos comentarios, pero que no explican la sustancia del texto b\u00edblico, pens\u00e9 que el cristianismo actual necesita una educaci\u00f3n s\u00f3lida que responda a las demandas de una sociedad humanista. Este fue el motivo de lanzarme a la presente aventada literaria.<\/p>\n\n\n\n<p><br>\u00bfHoy en d\u00eda se habla con insistencia del segundo advenimiento de Cristo y hay<strong><em><br>quienes aseguran que existe un tiempo para ello, ser\u00e1 que estamos en ese tiempo?<br><\/em><\/strong>El segundo advenimiento es un evento que ocurrir\u00e1 en el futuro. No se puede deducir<br>fechas, porque forma parte de la agenda divina que no se nos ha revelado. Sabemos que<br>ocurrir\u00e1, pero se desconoce el momento. Que est\u00e1 cerca el momento es un asunto<br>indiscutible, pero el tiempo est\u00e1 determinado seg\u00fan el cronometro divino.<\/p>\n\n\n\n<p><br>\u00bfHablemos un poco del contenido del libro, se trata de historias, tesis o<strong><em><br>recopilaci\u00f3n de datos que conllevan a la probaci\u00f3n o discusi\u00f3n de una teor\u00eda?<br><\/em><\/strong>El libro contiene un mensaje teol\u00f3gico para nuestro tiempo. Se concentra en la<br>cristolog\u00eda y en la escatolog\u00eda realizada, porque se documenta el cumplimiento de las<br>profec\u00edas mesi\u00e1nicas. El libro demuestra la procedencia humana del Mes\u00edas mediante la<strong> genealog\u00eda y su procedencia divina mediante el relato de la encarnaci\u00f3n<\/strong>. Adem\u00e1s, se hace una descripci\u00f3n de la infancia de Jes\u00fas, pero con un enfoque en la soberan\u00eda de Dios, quien control\u00f3 los eventos narrados en los dos primeros cap\u00edtulos del libro de Mateo.<\/p>\n\n\n\n<p><br><strong>El advenimiento est\u00e1 relacionado con la escatolog\u00eda y en varios libros de la Biblia<\/strong><strong><em><br><strong>encontramos algo relacionado con ello. Usted plantea en el libro el cumplimiento de<\/strong><br><strong>la segunda venida de Cristo.<\/strong><\/em><\/strong>No, el libro no trata del segundo advenimiento de Cristo a la tierra, sino de su primer<br>advenimiento. Mi libro no se enfoca en la escatolog\u00eda pendiente, sino que su enfoque est\u00e1<br>puesto en la escatolog\u00eda realizada.<\/p>\n\n\n\n<p><br>Existen varias se\u00f1ales que anteceden al segundo advenimiento de Cristo, pero yo<strong><em><br>he escuchado de que en medio de ellos hay algunos que ser\u00e1n determinantes,<br>aborda su libro algo de ello.<br><\/em><\/strong>No. Este libro es un estudio teol\u00f3gico y exeg\u00e9tico del texto b\u00edblico. Esta pregunta se<br>relaciona con temas sistem\u00e1ticos en el \u00e1rea de la escatolog\u00eda, pero el libro trata de la<br>exposici\u00f3n textual del primer advenimiento de Cristo en los dos primeros cap\u00edtulos de<br>Mateo.<\/p>\n\n\n\n<p><br>Agota el tema con la presentaci\u00f3n de este libro o habr\u00e1 una segunda parte.Este libro representa el volumen 1 de una serie que intento escribir. Cada volumen<br>tendr\u00e1 un t\u00edtulo diferente de conformidad al contenido de los cap\u00edtulos que se comenten.<br>No ser\u00e1n libros que traten de temas, sino vol\u00famenes que expresen el contenido original<br>que Mateo quiso comunicar a su audiencia primitiva y a la audiencia de todos los tiempos.<\/p>\n\n\n\n<p><br>Como se distribuir\u00e1 el libro, en cuales librer\u00edas se podr\u00e1 adquirirlo y si estar\u00e1 en<strong><em><br>l\u00ednea.<br><\/em><\/strong>Por ahora se puede obtener a la librer\u00eda bautista y en la librer\u00eda Enoc. En el futuro<br>tambi\u00e9n ser\u00e1 distribuido en Amazon.<\/p>\n\n\n\n<p><br>\u00bfQu\u00e9 resultados espera obtener con la publicaci\u00f3n de su libro?Yo espero que los que lean el libro detenidamente, sean edificados y motivados a la reflexi\u00f3n seria de la palabra de Dios. Tambi\u00e9n espero que contribuya a la profundizaci\u00f3n del conocimiento b\u00edblico para una correcta y sana proclamaci\u00f3n del evangelio, porque es necesario evitar el entretenimiento de las iglesias con mensajes superficiales que no convencen a los cr\u00edticos. Se requiere que los predicadores sean genuinos y que den raz\u00f3n de su fe a los que lo demanden. Por lo cual, es indispensable presentar el evangelio de una manera clara, seria y s\u00f3lida. Este es el resultado que espero del libro.<br><\/p>\n\n\n\n<figure class=\"wp-block-image size-full\"><img decoding=\"async\" loading=\"lazy\" width=\"731\" height=\"992\" src=\"https:\/\/laprensacristiana.com\/wp-content\/uploads\/2024\/02\/WhatsApp-Image-2024-02-01-at-11.38.15-AM.jpeg\" alt=\"\" class=\"wp-image-16126\" srcset=\"https:\/\/laprensacristiana.com\/wp-content\/uploads\/2024\/02\/WhatsApp-Image-2024-02-01-at-11.38.15-AM.jpeg 731w, https:\/\/laprensacristiana.com\/wp-content\/uploads\/2024\/02\/WhatsApp-Image-2024-02-01-at-11.38.15-AM-221x300.jpeg 221w, https:\/\/laprensacristiana.com\/wp-content\/uploads\/2024\/02\/WhatsApp-Image-2024-02-01-at-11.38.15-AM-696x945.jpeg 696w, https:\/\/laprensacristiana.com\/wp-content\/uploads\/2024\/02\/WhatsApp-Image-2024-02-01-at-11.38.15-AM-600x814.jpeg 600w\" sizes=\"(max-width: 731px) 100vw, 731px\" \/><\/figure>\n","protected":false},"excerpt":{"rendered":"<p>Por: Edwin G\u00f3ngora \u00bfH\u00e1blenos un poco de quien es Franklin Murillo?Soy originario de Chalatenango. He realizado estudios b\u00edblicos en el Instituto B\u00edblicoCentroamericano en la ciudad de Guatemala y en el Seminario Teol\u00f3gico Centroamericano en la misma ciudad. Continue estudios superiores en el exterior: En Canadian Theological Seminary en Saskachewan, Canad\u00e1, en MacMaster University en Hamilton, [&hellip;]<\/p>\n","protected":false},"author":3,"featured_media":16125,"comment_status":"open","ping_status":"open","sticky":false,"template":"","format":"standard","meta":[],"categories":[103],"tags":[],"yoast_head":"<!-- This site is optimized with the Yoast SEO plugin v20.8 - https:\/\/yoast.com\/wordpress\/plugins\/seo\/ -->\n<title>Entrevista con Franklin Murillo Escritor del libro Advenimiento del Mes\u00edas - La Prensa Cristiana<\/title>\n<meta name=\"robots\" content=\"index, follow, max-snippet:-1, max-image-preview:large, max-video-preview:-1\" \/>\n<link rel=\"canonical\" href=\"https:\/\/laprensacristiana.com\/?p=16124\" \/>\n<meta property=\"og:locale\" content=\"es_ES\" \/>\n<meta property=\"og:type\" content=\"article\" \/>\n<meta property=\"og:title\" content=\"Entrevista con Franklin Murillo Escritor del libro Advenimiento del Mes\u00edas - La Prensa Cristiana\" \/>\n<meta property=\"og:description\" content=\"Por: Edwin G\u00f3ngora \u00bfH\u00e1blenos un poco de quien es Franklin Murillo?Soy originario de Chalatenango. He realizado estudios b\u00edblicos en el Instituto B\u00edblicoCentroamericano en la ciudad de Guatemala y en el Seminario Teol\u00f3gico Centroamericano en la misma ciudad. Continue estudios superiores en el exterior: En Canadian Theological Seminary en Saskachewan, Canad\u00e1, en MacMaster University en Hamilton, [&hellip;]\" \/>\n<meta property=\"og:url\" content=\"https:\/\/laprensacristiana.com\/?p=16124\" \/>\n<meta property=\"og:site_name\" content=\"La Prensa Cristiana\" \/>\n<meta property=\"article:published_time\" content=\"2024-02-01T17:49:04+00:00\" \/>\n<meta property=\"article:modified_time\" content=\"2024-02-01T17:54:09+00:00\" \/>\n<meta property=\"og:image\" content=\"https:\/\/laprensacristiana.com\/wp-content\/uploads\/2024\/02\/WhatsApp-Image-2024-02-01-at-11.38.00-AM.jpeg\" \/>\n\t<meta property=\"og:image:width\" content=\"719\" \/>\n\t<meta property=\"og:image:height\" content=\"540\" \/>\n\t<meta property=\"og:image:type\" content=\"image\/jpeg\" \/>\n<meta name=\"author\" content=\"EDITOR\" \/>\n<meta name=\"twitter:card\" content=\"summary_large_image\" \/>\n<meta name=\"twitter:label1\" content=\"Escrito por\" \/>\n\t<meta name=\"twitter:data1\" content=\"EDITOR\" \/>\n\t<meta name=\"twitter:label2\" content=\"Tiempo de lectura\" \/>\n\t<meta name=\"twitter:data2\" content=\"7 minutos\" \/>\n<script type=\"application\/ld+json\" class=\"yoast-schema-graph\">{\"@context\":\"https:\/\/schema.org\",\"@graph\":[{\"@type\":\"WebPage\",\"@id\":\"https:\/\/laprensacristiana.com\/?p=16124\",\"url\":\"https:\/\/laprensacristiana.com\/?p=16124\",\"name\":\"Entrevista con Franklin Murillo Escritor del libro Advenimiento del Mes\u00edas - La Prensa Cristiana\",\"isPartOf\":{\"@id\":\"https:\/\/laprensacristiana.com\/#website\"},\"datePublished\":\"2024-02-01T17:49:04+00:00\",\"dateModified\":\"2024-02-01T17:54:09+00:00\",\"author\":{\"@id\":\"https:\/\/laprensacristiana.com\/#\/schema\/person\/3e7d82c6bfd6b1fa67010f8f7cd5256e\"},\"breadcrumb\":{\"@id\":\"https:\/\/laprensacristiana.com\/?p=16124#breadcrumb\"},\"inLanguage\":\"es\",\"potentialAction\":[{\"@type\":\"ReadAction\",\"target\":[\"https:\/\/laprensacristiana.com\/?p=16124\"]}]},{\"@type\":\"BreadcrumbList\",\"@id\":\"https:\/\/laprensacristiana.com\/?p=16124#breadcrumb\",\"itemListElement\":[{\"@type\":\"ListItem\",\"position\":1,\"name\":\"Portada\",\"item\":\"https:\/\/laprensacristiana.com\/\"},{\"@type\":\"ListItem\",\"position\":2,\"name\":\"Entrevista con Franklin Murillo Escritor del libro Advenimiento del Mes\u00edas\"}]},{\"@type\":\"WebSite\",\"@id\":\"https:\/\/laprensacristiana.com\/#website\",\"url\":\"https:\/\/laprensacristiana.com\/\",\"name\":\"La Prensa Cristiana\",\"description\":\"Anunciando Las Buenas Nuevas\",\"potentialAction\":[{\"@type\":\"SearchAction\",\"target\":{\"@type\":\"EntryPoint\",\"urlTemplate\":\"https:\/\/laprensacristiana.com\/?s={search_term_string}\"},\"query-input\":\"required name=search_term_string\"}],\"inLanguage\":\"es\"},{\"@type\":\"Person\",\"@id\":\"https:\/\/laprensacristiana.com\/#\/schema\/person\/3e7d82c6bfd6b1fa67010f8f7cd5256e\",\"name\":\"EDITOR\",\"image\":{\"@type\":\"ImageObject\",\"inLanguage\":\"es\",\"@id\":\"https:\/\/laprensacristiana.com\/#\/schema\/person\/image\/\",\"url\":\"https:\/\/secure.gravatar.com\/avatar\/72069dfb6c13772d9e8381e3638666d2?s=96&d=mm&r=g\",\"contentUrl\":\"https:\/\/secure.gravatar.com\/avatar\/72069dfb6c13772d9e8381e3638666d2?s=96&d=mm&r=g\",\"caption\":\"EDITOR\"},\"url\":\"https:\/\/laprensacristiana.com\/?author=3\"}]}<\/script>\n<!-- \/ Yoast SEO plugin. -->","yoast_head_json":{"title":"Entrevista con Franklin Murillo Escritor del libro Advenimiento del Mes\u00edas - La Prensa Cristiana","robots":{"index":"index","follow":"follow","max-snippet":"max-snippet:-1","max-image-preview":"max-image-preview:large","max-video-preview":"max-video-preview:-1"},"canonical":"https:\/\/laprensacristiana.com\/?p=16124","og_locale":"es_ES","og_type":"article","og_title":"Entrevista con Franklin Murillo Escritor del libro Advenimiento del Mes\u00edas - La Prensa Cristiana","og_description":"Por: Edwin G\u00f3ngora \u00bfH\u00e1blenos un poco de quien es Franklin Murillo?Soy originario de Chalatenango. He realizado estudios b\u00edblicos en el Instituto B\u00edblicoCentroamericano en la ciudad de Guatemala y en el Seminario Teol\u00f3gico Centroamericano en la misma ciudad. Continue estudios superiores en el exterior: En Canadian Theological Seminary en Saskachewan, Canad\u00e1, en MacMaster University en Hamilton, [&hellip;]","og_url":"https:\/\/laprensacristiana.com\/?p=16124","og_site_name":"La Prensa Cristiana","article_published_time":"2024-02-01T17:49:04+00:00","article_modified_time":"2024-02-01T17:54:09+00:00","og_image":[{"width":719,"height":540,"url":"https:\/\/laprensacristiana.com\/wp-content\/uploads\/2024\/02\/WhatsApp-Image-2024-02-01-at-11.38.00-AM.jpeg","type":"image\/jpeg"}],"author":"EDITOR","twitter_card":"summary_large_image","twitter_misc":{"Escrito por":"EDITOR","Tiempo de lectura":"7 minutos"},"schema":{"@context":"https:\/\/schema.org","@graph":[{"@type":"WebPage","@id":"https:\/\/laprensacristiana.com\/?p=16124","url":"https:\/\/laprensacristiana.com\/?p=16124","name":"Entrevista con Franklin Murillo Escritor del libro Advenimiento del Mes\u00edas - La Prensa Cristiana","isPartOf":{"@id":"https:\/\/laprensacristiana.com\/#website"},"datePublished":"2024-02-01T17:49:04+00:00","dateModified":"2024-02-01T17:54:09+00:00","author":{"@id":"https:\/\/laprensacristiana.com\/#\/schema\/person\/3e7d82c6bfd6b1fa67010f8f7cd5256e"},"breadcrumb":{"@id":"https:\/\/laprensacristiana.com\/?p=16124#breadcrumb"},"inLanguage":"es","potentialAction":[{"@type":"ReadAction","target":["https:\/\/laprensacristiana.com\/?p=16124"]}]},{"@type":"BreadcrumbList","@id":"https:\/\/laprensacristiana.com\/?p=16124#breadcrumb","itemListElement":[{"@type":"ListItem","position":1,"name":"Portada","item":"https:\/\/laprensacristiana.com\/"},{"@type":"ListItem","position":2,"name":"Entrevista con Franklin Murillo Escritor del libro Advenimiento del Mes\u00edas"}]},{"@type":"WebSite","@id":"https:\/\/laprensacristiana.com\/#website","url":"https:\/\/laprensacristiana.com\/","name":"La Prensa Cristiana","description":"Anunciando Las Buenas Nuevas","potentialAction":[{"@type":"SearchAction","target":{"@type":"EntryPoint","urlTemplate":"https:\/\/laprensacristiana.com\/?s={search_term_string}"},"query-input":"required name=search_term_string"}],"inLanguage":"es"},{"@type":"Person","@id":"https:\/\/laprensacristiana.com\/#\/schema\/person\/3e7d82c6bfd6b1fa67010f8f7cd5256e","name":"EDITOR","image":{"@type":"ImageObject","inLanguage":"es","@id":"https:\/\/laprensacristiana.com\/#\/schema\/person\/image\/","url":"https:\/\/secure.gravatar.com\/avatar\/72069dfb6c13772d9e8381e3638666d2?s=96&d=mm&r=g","contentUrl":"https:\/\/secure.gravatar.com\/avatar\/72069dfb6c13772d9e8381e3638666d2?s=96&d=mm&r=g","caption":"EDITOR"},"url":"https:\/\/laprensacristiana.com\/?author=3"}]}},"_links":{"self":[{"href":"https:\/\/laprensacristiana.com\/index.php?rest_route=\/wp\/v2\/posts\/16124"}],"collection":[{"href":"https:\/\/laprensacristiana.com\/index.php?rest_route=\/wp\/v2\/posts"}],"about":[{"href":"https:\/\/laprensacristiana.com\/index.php?rest_route=\/wp\/v2\/types\/post"}],"author":[{"embeddable":true,"href":"https:\/\/laprensacristiana.com\/index.php?rest_route=\/wp\/v2\/users\/3"}],"replies":[{"embeddable":true,"href":"https:\/\/laprensacristiana.com\/index.php?rest_route=%2Fwp%2Fv2%2Fcomments&post=16124"}],"version-history":[{"count":2,"href":"https:\/\/laprensacristiana.com\/index.php?rest_route=\/wp\/v2\/posts\/16124\/revisions"}],"predecessor-version":[{"id":16129,"href":"https:\/\/laprensacristiana.com\/index.php?rest_route=\/wp\/v2\/posts\/16124\/revisions\/16129"}],"wp:featuredmedia":[{"embeddable":true,"href":"https:\/\/laprensacristiana.com\/index.php?rest_route=\/wp\/v2\/media\/16125"}],"wp:attachment":[{"href":"https:\/\/laprensacristiana.com\/index.php?rest_route=%2Fwp%2Fv2%2Fmedia&parent=16124"}],"wp:term":[{"taxonomy":"category","embeddable":true,"href":"https:\/\/laprensacristiana.com\/index.php?rest_route=%2Fwp%2Fv2%2Fcategories&post=16124"},{"taxonomy":"post_tag","embeddable":true,"href":"https:\/\/laprensacristiana.com\/index.php?rest_route=%2Fwp%2Fv2%2Ftags&post=16124"}],"curies":[{"name":"wp","href":"https:\/\/api.w.org\/{rel}","templated":true}]}}